{"id":231593,"date":"2017-03-26T05:09:00","date_gmt":"2017-03-26T03:09:00","guid":{"rendered":"http:\/\/hudo.com\/si\/2017\/03\/26\/dars-do-konca-februarja-prodal-vec-vinjet\/"},"modified":"2017-03-26T16:43:00","modified_gmt":"2017-03-26T14:43:00","slug":"dars-do-konca-februarja-prodal-vec-vinjet","status":"publish","type":"post","link":"https:\/\/hudo.com\/si\/aktualno\/dars-do-konca-februarja-prodal-vec-vinjet\/","title":{"rendered":"Dars do konca februarja prodal ve\u010d vinjet"},"content":{"rendered":"<p>Prodaja vinjet z letnico 2017, ki so naprodaj od 1. decembra lani, se je do konca februarja glede na enako obdobje leto prej pove\u010dala za \u0161tiri odstotke, so za STA pojasnili na Darsu. Vrednost skupno nekaj ve\u010d kot 1,5 milijona vinjet, prodanih od za\u010detka decembra do konca februarja, je dosegla 83,2 milijona evrov, kar je 3,6 milijona ve\u010d.<\/p>\n","protected":false},"excerpt":{"rendered":"<p>Prodaja vinjet z letnico 2017, ki so naprodaj od 1. decembra lani, se je do konca februarja glede na enako obdobje leto prej pove\u010dala za \u0161tiri odstotke, so za STA pojasnili na Darsu. Vrednost skupno nekaj ve\u010d kot 1,5 milijona vinjet, prodanih od za\u010detka decembra do konca februarja, je dosegla 83,2 milijona evrov, kar je 3,6 milijona ve\u010d.<\/p>\n","protected":false},"author":1,"featured_media":0,"comment_status":"closed","ping_status":"closed","sticky":false,"template":"","format":"standard","meta":{"footnotes":""},"categories":[1179],"tags":[],"source":[6627],"supertag":[],"acf":[],"yoast_head":"<!-- This site is optimized with the Yoast SEO plugin v21.3 - https:\/\/yoast.com\/wordpress\/plugins\/seo\/ -->\n<title>Dars do konca februarja prodal ve\u010d vinjet - Hudo Slovenija<\/title>\n<meta name=\"robots\" content=\"index, follow, max-snippet:-1, max-image-preview:large, max-video-preview:-1\" \/>\n<link rel=\"canonical\" href=\"https:\/\/hudo.com\/si\/aktualno\/dars-do-konca-februarja-prodal-vec-vinjet\/\" \/>\n<meta property=\"og:locale\" content=\"sl_SI\" \/>\n<meta property=\"og:type\" content=\"article\" \/>\n<meta property=\"og:title\" content=\"Dars do konca februarja prodal ve\u010d vinjet - Hudo Slovenija\" \/>\n<meta property=\"og:description\" content=\"Prodaja vinjet z letnico 2017, ki so naprodaj od 1. decembra lani, se je do konca februarja glede na enako obdobje leto prej pove\u010dala za \u0161tiri odstotke, so za STA pojasnili na Darsu. Vrednost skupno nekaj ve\u010d kot 1,5 milijona vinjet, prodanih od za\u010detka decembra do konca februarja, je dosegla 83,2 milijona evrov, kar je 3,6 milijona ve\u010d.\" \/>\n<meta property=\"og:url\" content=\"https:\/\/hudo.com\/si\/aktualno\/dars-do-konca-februarja-prodal-vec-vinjet\/\" \/>\n<meta property=\"og:site_name\" content=\"Hudo Slovenija\" \/>\n<meta property=\"article:publisher\" content=\"https:\/\/www.facebook.com\/hudo.si\" \/>\n<meta property=\"article:published_time\" content=\"2017-03-26T03:09:00+00:00\" \/>\n<meta property=\"article:modified_time\" content=\"2017-03-26T14:43:00+00:00\" \/>\n<meta property=\"og:image\" content=\"https:\/\/hudo.com\/si\/wp-content\/uploads\/sites\/2\/2017\/03\/45eef0c76120647fae57.jpeg\" \/>\n\t<meta property=\"og:image:width\" content=\"950\" \/>\n\t<meta property=\"og:image:height\" content=\"529\" \/>\n\t<meta property=\"og:image:type\" content=\"image\/jpeg\" \/>\n<meta name=\"author\" content=\"hudo\" \/>\n<meta name=\"twitter:card\" content=\"summary_large_image\" \/>\n<meta name=\"twitter:creator\" content=\"@hudo_si\" \/>\n<meta name=\"twitter:site\" content=\"@hudo_si\" \/>\n<meta name=\"twitter:label1\" content=\"Written by\" \/>\n\t<meta name=\"twitter:data1\" content=\"hudo\" \/>\n<script type=\"application\/ld+json\" class=\"yoast-schema-graph\">{\"@context\":\"https:\/\/schema.org\",\"@graph\":[{\"@type\":\"Article\",\"@id\":\"https:\/\/hudo.com\/si\/aktualno\/dars-do-konca-februarja-prodal-vec-vinjet\/#article\",\"isPartOf\":{\"@id\":\"https:\/\/hudo.com\/si\/aktualno\/dars-do-konca-februarja-prodal-vec-vinjet\/\"},\"author\":{\"name\":\"hudo\",\"@id\":\"https:\/\/hudo.com\/si\/#\/schema\/person\/601cf3379633985b20f7e50f2bb47707\"},\"headline\":\"Dars do konca februarja prodal ve\u010d vinjet\",\"datePublished\":\"2017-03-26T03:09:00+00:00\",\"dateModified\":\"2017-03-26T14:43:00+00:00\",\"mainEntityOfPage\":{\"@id\":\"https:\/\/hudo.com\/si\/aktualno\/dars-do-konca-februarja-prodal-vec-vinjet\/\"},\"wordCount\":62,\"publisher\":{\"@id\":\"https:\/\/hudo.com\/si\/#organization\"},\"articleSection\":[\"Aktualno\"],\"inLanguage\":\"sl-SI\"},{\"@type\":\"WebPage\",\"@id\":\"https:\/\/hudo.com\/si\/aktualno\/dars-do-konca-februarja-prodal-vec-vinjet\/\",\"url\":\"https:\/\/hudo.com\/si\/aktualno\/dars-do-konca-februarja-prodal-vec-vinjet\/\",\"name\":\"Dars do konca februarja prodal ve\u010d vinjet - Hudo Slovenija\",\"isPartOf\":{\"@id\":\"https:\/\/hudo.com\/si\/#website\"},\"datePublished\":\"2017-03-26T03:09:00+00:00\",\"dateModified\":\"2017-03-26T14:43:00+00:00\",\"breadcrumb\":{\"@id\":\"https:\/\/hudo.com\/si\/aktualno\/dars-do-konca-februarja-prodal-vec-vinjet\/#breadcrumb\"},\"inLanguage\":\"sl-SI\",\"potentialAction\":[{\"@type\":\"ReadAction\",\"target\":[\"https:\/\/hudo.com\/si\/aktualno\/dars-do-konca-februarja-prodal-vec-vinjet\/\"]}]},{\"@type\":\"BreadcrumbList\",\"@id\":\"https:\/\/hudo.com\/si\/aktualno\/dars-do-konca-februarja-prodal-vec-vinjet\/#breadcrumb\",\"itemListElement\":[{\"@type\":\"ListItem\",\"position\":1,\"name\":\"Home\",\"item\":\"https:\/\/hudo.com\/si\/\"},{\"@type\":\"ListItem\",\"position\":2,\"name\":\"Dars do konca februarja prodal ve\u010d vinjet\"}]},{\"@type\":\"WebSite\",\"@id\":\"https:\/\/hudo.com\/si\/#website\",\"url\":\"https:\/\/hudo.com\/si\/\",\"name\":\"Hudo Slovenija\",\"description\":\"Vse novice iz Slovenije in sveta\",\"publisher\":{\"@id\":\"https:\/\/hudo.com\/si\/#organization\"},\"potentialAction\":[{\"@type\":\"SearchAction\",\"target\":{\"@type\":\"EntryPoint\",\"urlTemplate\":\"https:\/\/hudo.com\/si\/?s={search_term_string}\"},\"query-input\":\"required name=search_term_string\"}],\"inLanguage\":\"sl-SI\"},{\"@type\":\"Organization\",\"@id\":\"https:\/\/hudo.com\/si\/#organization\",\"name\":\"VSN Media\",\"url\":\"https:\/\/hudo.com\/si\/\",\"logo\":{\"@type\":\"ImageObject\",\"inLanguage\":\"sl-SI\",\"@id\":\"https:\/\/hudo.com\/si\/#\/schema\/logo\/image\/\",\"url\":\"https:\/\/hudo.com\/si\/wp-content\/uploads\/sites\/2\/2021\/03\/hudo-app-2.png\",\"contentUrl\":\"https:\/\/hudo.com\/si\/wp-content\/uploads\/sites\/2\/2021\/03\/hudo-app-2.png\",\"width\":2185,\"height\":2167,\"caption\":\"VSN Media\"},\"image\":{\"@id\":\"https:\/\/hudo.com\/si\/#\/schema\/logo\/image\/\"},\"sameAs\":[\"https:\/\/www.facebook.com\/hudo.si\",\"https:\/\/twitter.com\/hudo_si\"]},{\"@type\":\"Person\",\"@id\":\"https:\/\/hudo.com\/si\/#\/schema\/person\/601cf3379633985b20f7e50f2bb47707\",\"name\":\"hudo\",\"image\":{\"@type\":\"ImageObject\",\"inLanguage\":\"sl-SI\",\"@id\":\"https:\/\/hudo.com\/si\/#\/schema\/person\/image\/\",\"url\":\"https:\/\/secure.gravatar.com\/avatar\/c4ca25fa72cace7a696b52ff5db9e095?s=96&d=mm&r=g\",\"contentUrl\":\"https:\/\/secure.gravatar.com\/avatar\/c4ca25fa72cace7a696b52ff5db9e095?s=96&d=mm&r=g\",\"caption\":\"hudo\"},\"url\":\"https:\/\/hudo.com\/si\/author\/hudo\/\"}]}<\/script>\n<!-- \/ Yoast SEO plugin. -->","yoast_head_json":{"title":"Dars do konca februarja prodal ve\u010d vinjet - Hudo Slovenija","robots":{"index":"index","follow":"follow","max-snippet":"max-snippet:-1","max-image-preview":"max-image-preview:large","max-video-preview":"max-video-preview:-1"},"canonical":"https:\/\/hudo.com\/si\/aktualno\/dars-do-konca-februarja-prodal-vec-vinjet\/","og_locale":"sl_SI","og_type":"article","og_title":"Dars do konca februarja prodal ve\u010d vinjet - Hudo Slovenija","og_description":"Prodaja vinjet z letnico 2017, ki so naprodaj od 1. decembra lani, se je do konca februarja glede na enako obdobje leto prej pove\u010dala za \u0161tiri odstotke, so za STA pojasnili na Darsu. Vrednost skupno nekaj ve\u010d kot 1,5 milijona vinjet, prodanih od za\u010detka decembra do konca februarja, je dosegla 83,2 milijona evrov, kar je 3,6 milijona ve\u010d.","og_url":"https:\/\/hudo.com\/si\/aktualno\/dars-do-konca-februarja-prodal-vec-vinjet\/","og_site_name":"Hudo Slovenija","article_publisher":"https:\/\/www.facebook.com\/hudo.si","article_published_time":"2017-03-26T03:09:00+00:00","article_modified_time":"2017-03-26T14:43:00+00:00","og_image":[{"width":950,"height":529,"url":"https:\/\/hudo.com\/si\/wp-content\/uploads\/sites\/2\/2017\/03\/45eef0c76120647fae57.jpeg","type":"image\/jpeg"}],"author":"hudo","twitter_card":"summary_large_image","twitter_creator":"@hudo_si","twitter_site":"@hudo_si","twitter_misc":{"Written by":"hudo"},"schema":{"@context":"https:\/\/schema.org","@graph":[{"@type":"Article","@id":"https:\/\/hudo.com\/si\/aktualno\/dars-do-konca-februarja-prodal-vec-vinjet\/#article","isPartOf":{"@id":"https:\/\/hudo.com\/si\/aktualno\/dars-do-konca-februarja-prodal-vec-vinjet\/"},"author":{"name":"hudo","@id":"https:\/\/hudo.com\/si\/#\/schema\/person\/601cf3379633985b20f7e50f2bb47707"},"headline":"Dars do konca februarja prodal ve\u010d vinjet","datePublished":"2017-03-26T03:09:00+00:00","dateModified":"2017-03-26T14:43:00+00:00","mainEntityOfPage":{"@id":"https:\/\/hudo.com\/si\/aktualno\/dars-do-konca-februarja-prodal-vec-vinjet\/"},"wordCount":62,"publisher":{"@id":"https:\/\/hudo.com\/si\/#organization"},"articleSection":["Aktualno"],"inLanguage":"sl-SI"},{"@type":"WebPage","@id":"https:\/\/hudo.com\/si\/aktualno\/dars-do-konca-februarja-prodal-vec-vinjet\/","url":"https:\/\/hudo.com\/si\/aktualno\/dars-do-konca-februarja-prodal-vec-vinjet\/","name":"Dars do konca februarja prodal ve\u010d vinjet - Hudo Slovenija","isPartOf":{"@id":"https:\/\/hudo.com\/si\/#website"},"datePublished":"2017-03-26T03:09:00+00:00","dateModified":"2017-03-26T14:43:00+00:00","breadcrumb":{"@id":"https:\/\/hudo.com\/si\/aktualno\/dars-do-konca-februarja-prodal-vec-vinjet\/#breadcrumb"},"inLanguage":"sl-SI","potentialAction":[{"@type":"ReadAction","target":["https:\/\/hudo.com\/si\/aktualno\/dars-do-konca-februarja-prodal-vec-vinjet\/"]}]},{"@type":"BreadcrumbList","@id":"https:\/\/hudo.com\/si\/aktualno\/dars-do-konca-februarja-prodal-vec-vinjet\/#breadcrumb","itemListElement":[{"@type":"ListItem","position":1,"name":"Home","item":"https:\/\/hudo.com\/si\/"},{"@type":"ListItem","position":2,"name":"Dars do konca februarja prodal ve\u010d vinjet"}]},{"@type":"WebSite","@id":"https:\/\/hudo.com\/si\/#website","url":"https:\/\/hudo.com\/si\/","name":"Hudo Slovenija","description":"Vse novice iz Slovenije in sveta","publisher":{"@id":"https:\/\/hudo.com\/si\/#organization"},"potentialAction":[{"@type":"SearchAction","target":{"@type":"EntryPoint","urlTemplate":"https:\/\/hudo.com\/si\/?s={search_term_string}"},"query-input":"required name=search_term_string"}],"inLanguage":"sl-SI"},{"@type":"Organization","@id":"https:\/\/hudo.com\/si\/#organization","name":"VSN Media","url":"https:\/\/hudo.com\/si\/","logo":{"@type":"ImageObject","inLanguage":"sl-SI","@id":"https:\/\/hudo.com\/si\/#\/schema\/logo\/image\/","url":"https:\/\/hudo.com\/si\/wp-content\/uploads\/sites\/2\/2021\/03\/hudo-app-2.png","contentUrl":"https:\/\/hudo.com\/si\/wp-content\/uploads\/sites\/2\/2021\/03\/hudo-app-2.png","width":2185,"height":2167,"caption":"VSN Media"},"image":{"@id":"https:\/\/hudo.com\/si\/#\/schema\/logo\/image\/"},"sameAs":["https:\/\/www.facebook.com\/hudo.si","https:\/\/twitter.com\/hudo_si"]},{"@type":"Person","@id":"https:\/\/hudo.com\/si\/#\/schema\/person\/601cf3379633985b20f7e50f2bb47707","name":"hudo","image":{"@type":"ImageObject","inLanguage":"sl-SI","@id":"https:\/\/hudo.com\/si\/#\/schema\/person\/image\/","url":"https:\/\/secure.gravatar.com\/avatar\/c4ca25fa72cace7a696b52ff5db9e095?s=96&d=mm&r=g","contentUrl":"https:\/\/secure.gravatar.com\/avatar\/c4ca25fa72cace7a696b52ff5db9e095?s=96&d=mm&r=g","caption":"hudo"},"url":"https:\/\/hudo.com\/si\/author\/hudo\/"}]}},"amp_enabled":true,"_links":{"self":[{"href":"https:\/\/hudo.com\/si\/wp-json\/wp\/v2\/posts\/231593"}],"collection":[{"href":"https:\/\/hudo.com\/si\/wp-json\/wp\/v2\/posts"}],"about":[{"href":"https:\/\/hudo.com\/si\/wp-json\/wp\/v2\/types\/post"}],"author":[{"embeddable":true,"href":"https:\/\/hudo.com\/si\/wp-json\/wp\/v2\/users\/1"}],"replies":[{"embeddable":true,"href":"https:\/\/hudo.com\/si\/wp-json\/wp\/v2\/comments?post=231593"}],"version-history":[{"count":1,"href":"https:\/\/hudo.com\/si\/wp-json\/wp\/v2\/posts\/231593\/revisions"}],"predecessor-version":[{"id":231661,"href":"https:\/\/hudo.com\/si\/wp-json\/wp\/v2\/posts\/231593\/revisions\/231661"}],"wp:attachment":[{"href":"https:\/\/hudo.com\/si\/wp-json\/wp\/v2\/media?parent=231593"}],"wp:term":[{"taxonomy":"category","embeddable":true,"href":"https:\/\/hudo.com\/si\/wp-json\/wp\/v2\/categories?post=231593"},{"taxonomy":"post_tag","embeddable":true,"href":"https:\/\/hudo.com\/si\/wp-json\/wp\/v2\/tags?post=231593"},{"taxonomy":"source","embeddable":true,"href":"https:\/\/hudo.com\/si\/wp-json\/wp\/v2\/source?post=231593"},{"taxonomy":"supertag","embeddable":true,"href":"https:\/\/hudo.com\/si\/wp-json\/wp\/v2\/supertag?post=231593"}],"curies":[{"name":"wp","href":"https:\/\/api.w.org\/{rel}","templated":true}]}}