{"id":232182,"date":"2017-03-27T10:00:00","date_gmt":"2017-03-27T08:00:00","guid":{"rendered":"http:\/\/hudo.com\/si\/2017\/03\/27\/nepreslisane-izjave-8\/"},"modified":"2017-03-27T10:00:00","modified_gmt":"2017-03-27T08:00:00","slug":"nepreslisane-izjave-8","status":"publish","type":"post","link":"https:\/\/hudo.com\/si\/aktualno\/nepreslisane-izjave-8\/","title":{"rendered":"Nepresli\u0161ane izjave"},"content":{"rendered":"<p>Kategorija: Ozadja Mon, 27 Mar 2017 12:00:00 +0200  \u00bbZnano je, da ima porabni\u0161ka stran javnih financ velike apetite, tu so zelo mo\u010dne interesne skupine, po drugi strani pa davkopla\u010devalci vsega ne zmorejo.\u00ab Davorin Kra\u010dun, novi predsednik fiskalnega sveta, v Delu, o ogro\u017eenosti javnih financ zaradi po\u017ere\u0161nosti. \u00bbSam sem absolutno proti delu ob nedeljah. To nima zveze z vero, vendar \u010de ne\u010desa ne proda\u0161 v \u0161estih dneh, tudi v sedmih ne bo\u0161. Za trgovino je pomembno, da je blagajni\u010darka zadovoljna in spo\u010dita ob stiku s kupcem.\u00ab Drago Munjiza, nekdanji predsednik uprave Konzuma in nekdanji podpredsednik Atlantic grupe, v Svetu kapitala, o tem, zakaj je bil sedmi dan v tednu ustvarjen za po\u010ditek. \u00bbMeni si dodelila sedemnajst dolgih let tujine. Tudi zato vem, da kot vsaka domovina nosi\u0161 v sebi neprecenljivo dobro, pa tudi krivico. Sedemnajst je kot\u00a0&#8230;<\/p>\n","protected":false},"excerpt":{"rendered":"<p>Kategorija: Ozadja Mon, 27 Mar 2017 12:00:00 +0200  \u00bbZnano je, da ima porabni\u0161ka stran javnih financ velike apetite, tu so zelo mo\u010dne interesne skupine, po drugi strani pa davkopla\u010devalci vsega ne zmorejo.\u00ab Davorin Kra\u010dun, novi predsednik fiskalnega sveta, v Delu, o ogro\u017eenosti javnih financ zaradi po\u017ere\u0161nosti. \u00bbSam sem absolutno proti delu ob nedeljah. To nima zveze z vero, vendar \u010de ne\u010desa ne proda\u0161 v \u0161estih dneh, tudi v sedmih ne bo\u0161. Za trgovino je pomembno, da je blagajni\u010darka zadovoljna in spo\u010dita ob stiku s kupcem.\u00ab Drago Munjiza, nekdanji predsednik uprave Konzuma in nekdanji podpredsednik Atlantic grupe, v Svetu kapitala, o tem, zakaj je bil sedmi dan v tednu ustvarjen za po\u010ditek. \u00bbMeni si dodelila sedemnajst dolgih let tujine. Tudi zato vem, da kot vsaka domovina nosi\u0161 v sebi neprecenljivo dobro, pa tudi krivico. Sedemnajst je kot\u00a0&#8230;<\/p>\n","protected":false},"author":1,"featured_media":0,"comment_status":"closed","ping_status":"closed","sticky":false,"template":"","format":"standard","meta":{"footnotes":""},"categories":[1179],"tags":[],"source":[1703],"supertag":[],"acf":[],"yoast_head":"<!-- This site is optimized with the Yoast SEO plugin v21.3 - https:\/\/yoast.com\/wordpress\/plugins\/seo\/ -->\n<title>Nepresli\u0161ane izjave - Hudo Slovenija<\/title>\n<meta name=\"robots\" content=\"index, follow, max-snippet:-1, max-image-preview:large, max-video-preview:-1\" \/>\n<link rel=\"canonical\" href=\"https:\/\/hudo.com\/si\/aktualno\/nepreslisane-izjave-8\/\" \/>\n<meta property=\"og:locale\" content=\"sl_SI\" \/>\n<meta property=\"og:type\" content=\"article\" \/>\n<meta property=\"og:title\" content=\"Nepresli\u0161ane izjave - Hudo Slovenija\" \/>\n<meta property=\"og:description\" content=\"Kategorija: Ozadja Mon, 27 Mar 2017 12:00:00 +0200 \u00bbZnano je, da ima porabni\u0161ka stran javnih financ velike apetite, tu so zelo mo\u010dne interesne skupine, po drugi strani pa davkopla\u010devalci vsega ne zmorejo.\u00ab Davorin Kra\u010dun, novi predsednik fiskalnega sveta, v Delu, o ogro\u017eenosti javnih financ zaradi po\u017ere\u0161nosti. \u00bbSam sem absolutno proti delu ob nedeljah. To nima zveze z vero, vendar \u010de ne\u010desa ne proda\u0161 v \u0161estih dneh, tudi v sedmih ne bo\u0161. Za trgovino je pomembno, da je blagajni\u010darka zadovoljna in spo\u010dita ob stiku s kupcem.\u00ab Drago Munjiza, nekdanji predsednik uprave Konzuma in nekdanji podpredsednik Atlantic grupe, v Svetu kapitala, o tem, zakaj je bil sedmi dan v tednu ustvarjen za po\u010ditek. \u00bbMeni si dodelila sedemnajst dolgih let tujine. Tudi zato vem, da kot vsaka domovina nosi\u0161 v sebi neprecenljivo dobro, pa tudi krivico. Sedemnajst je kot\u00a0...\" \/>\n<meta property=\"og:url\" content=\"https:\/\/hudo.com\/si\/aktualno\/nepreslisane-izjave-8\/\" \/>\n<meta property=\"og:site_name\" content=\"Hudo Slovenija\" \/>\n<meta property=\"article:publisher\" content=\"https:\/\/www.facebook.com\/hudo.si\" \/>\n<meta property=\"article:published_time\" content=\"2017-03-27T08:00:00+00:00\" \/>\n<meta property=\"og:image\" content=\"https:\/\/hudo.com\/si\/wp-content\/uploads\/sites\/2\/2017\/03\/480x290_Ozadja__djvu_1329996_suhec__hires0.jpeg\" \/>\n\t<meta property=\"og:image:width\" content=\"480\" \/>\n\t<meta property=\"og:image:height\" content=\"290\" \/>\n\t<meta property=\"og:image:type\" content=\"image\/jpeg\" \/>\n<meta name=\"author\" content=\"hudo\" \/>\n<meta name=\"twitter:card\" content=\"summary_large_image\" \/>\n<meta name=\"twitter:creator\" content=\"@hudo_si\" \/>\n<meta name=\"twitter:site\" content=\"@hudo_si\" \/>\n<meta name=\"twitter:label1\" content=\"Written by\" \/>\n\t<meta name=\"twitter:data1\" content=\"hudo\" \/>\n\t<meta name=\"twitter:label2\" content=\"Est. reading time\" \/>\n\t<meta name=\"twitter:data2\" content=\"1 minuta\" \/>\n<script type=\"application\/ld+json\" class=\"yoast-schema-graph\">{\"@context\":\"https:\/\/schema.org\",\"@graph\":[{\"@type\":\"Article\",\"@id\":\"https:\/\/hudo.com\/si\/aktualno\/nepreslisane-izjave-8\/#article\",\"isPartOf\":{\"@id\":\"https:\/\/hudo.com\/si\/aktualno\/nepreslisane-izjave-8\/\"},\"author\":{\"name\":\"hudo\",\"@id\":\"https:\/\/hudo.com\/si\/#\/schema\/person\/601cf3379633985b20f7e50f2bb47707\"},\"headline\":\"Nepresli\u0161ane izjave\",\"datePublished\":\"2017-03-27T08:00:00+00:00\",\"dateModified\":\"2017-03-27T08:00:00+00:00\",\"mainEntityOfPage\":{\"@id\":\"https:\/\/hudo.com\/si\/aktualno\/nepreslisane-izjave-8\/\"},\"wordCount\":146,\"publisher\":{\"@id\":\"https:\/\/hudo.com\/si\/#organization\"},\"articleSection\":[\"Aktualno\"],\"inLanguage\":\"sl-SI\"},{\"@type\":\"WebPage\",\"@id\":\"https:\/\/hudo.com\/si\/aktualno\/nepreslisane-izjave-8\/\",\"url\":\"https:\/\/hudo.com\/si\/aktualno\/nepreslisane-izjave-8\/\",\"name\":\"Nepresli\u0161ane izjave - Hudo Slovenija\",\"isPartOf\":{\"@id\":\"https:\/\/hudo.com\/si\/#website\"},\"datePublished\":\"2017-03-27T08:00:00+00:00\",\"dateModified\":\"2017-03-27T08:00:00+00:00\",\"breadcrumb\":{\"@id\":\"https:\/\/hudo.com\/si\/aktualno\/nepreslisane-izjave-8\/#breadcrumb\"},\"inLanguage\":\"sl-SI\",\"potentialAction\":[{\"@type\":\"ReadAction\",\"target\":[\"https:\/\/hudo.com\/si\/aktualno\/nepreslisane-izjave-8\/\"]}]},{\"@type\":\"BreadcrumbList\",\"@id\":\"https:\/\/hudo.com\/si\/aktualno\/nepreslisane-izjave-8\/#breadcrumb\",\"itemListElement\":[{\"@type\":\"ListItem\",\"position\":1,\"name\":\"Home\",\"item\":\"https:\/\/hudo.com\/si\/\"},{\"@type\":\"ListItem\",\"position\":2,\"name\":\"Nepresli\u0161ane izjave\"}]},{\"@type\":\"WebSite\",\"@id\":\"https:\/\/hudo.com\/si\/#website\",\"url\":\"https:\/\/hudo.com\/si\/\",\"name\":\"Hudo Slovenija\",\"description\":\"Vse novice iz Slovenije in sveta\",\"publisher\":{\"@id\":\"https:\/\/hudo.com\/si\/#organization\"},\"potentialAction\":[{\"@type\":\"SearchAction\",\"target\":{\"@type\":\"EntryPoint\",\"urlTemplate\":\"https:\/\/hudo.com\/si\/?s={search_term_string}\"},\"query-input\":\"required name=search_term_string\"}],\"inLanguage\":\"sl-SI\"},{\"@type\":\"Organization\",\"@id\":\"https:\/\/hudo.com\/si\/#organization\",\"name\":\"VSN Media\",\"url\":\"https:\/\/hudo.com\/si\/\",\"logo\":{\"@type\":\"ImageObject\",\"inLanguage\":\"sl-SI\",\"@id\":\"https:\/\/hudo.com\/si\/#\/schema\/logo\/image\/\",\"url\":\"https:\/\/hudo.com\/si\/wp-content\/uploads\/sites\/2\/2021\/03\/hudo-app-2.png\",\"contentUrl\":\"https:\/\/hudo.com\/si\/wp-content\/uploads\/sites\/2\/2021\/03\/hudo-app-2.png\",\"width\":2185,\"height\":2167,\"caption\":\"VSN Media\"},\"image\":{\"@id\":\"https:\/\/hudo.com\/si\/#\/schema\/logo\/image\/\"},\"sameAs\":[\"https:\/\/www.facebook.com\/hudo.si\",\"https:\/\/twitter.com\/hudo_si\"]},{\"@type\":\"Person\",\"@id\":\"https:\/\/hudo.com\/si\/#\/schema\/person\/601cf3379633985b20f7e50f2bb47707\",\"name\":\"hudo\",\"image\":{\"@type\":\"ImageObject\",\"inLanguage\":\"sl-SI\",\"@id\":\"https:\/\/hudo.com\/si\/#\/schema\/person\/image\/\",\"url\":\"https:\/\/secure.gravatar.com\/avatar\/c4ca25fa72cace7a696b52ff5db9e095?s=96&d=mm&r=g\",\"contentUrl\":\"https:\/\/secure.gravatar.com\/avatar\/c4ca25fa72cace7a696b52ff5db9e095?s=96&d=mm&r=g\",\"caption\":\"hudo\"},\"url\":\"https:\/\/hudo.com\/si\/author\/hudo\/\"}]}<\/script>\n<!-- \/ Yoast SEO plugin. -->","yoast_head_json":{"title":"Nepresli\u0161ane izjave - Hudo Slovenija","robots":{"index":"index","follow":"follow","max-snippet":"max-snippet:-1","max-image-preview":"max-image-preview:large","max-video-preview":"max-video-preview:-1"},"canonical":"https:\/\/hudo.com\/si\/aktualno\/nepreslisane-izjave-8\/","og_locale":"sl_SI","og_type":"article","og_title":"Nepresli\u0161ane izjave - Hudo Slovenija","og_description":"Kategorija: Ozadja Mon, 27 Mar 2017 12:00:00 +0200 \u00bbZnano je, da ima porabni\u0161ka stran javnih financ velike apetite, tu so zelo mo\u010dne interesne skupine, po drugi strani pa davkopla\u010devalci vsega ne zmorejo.\u00ab Davorin Kra\u010dun, novi predsednik fiskalnega sveta, v Delu, o ogro\u017eenosti javnih financ zaradi po\u017ere\u0161nosti. \u00bbSam sem absolutno proti delu ob nedeljah. To nima zveze z vero, vendar \u010de ne\u010desa ne proda\u0161 v \u0161estih dneh, tudi v sedmih ne bo\u0161. Za trgovino je pomembno, da je blagajni\u010darka zadovoljna in spo\u010dita ob stiku s kupcem.\u00ab Drago Munjiza, nekdanji predsednik uprave Konzuma in nekdanji podpredsednik Atlantic grupe, v Svetu kapitala, o tem, zakaj je bil sedmi dan v tednu ustvarjen za po\u010ditek. \u00bbMeni si dodelila sedemnajst dolgih let tujine. Tudi zato vem, da kot vsaka domovina nosi\u0161 v sebi neprecenljivo dobro, pa tudi krivico. Sedemnajst je kot\u00a0...","og_url":"https:\/\/hudo.com\/si\/aktualno\/nepreslisane-izjave-8\/","og_site_name":"Hudo Slovenija","article_publisher":"https:\/\/www.facebook.com\/hudo.si","article_published_time":"2017-03-27T08:00:00+00:00","og_image":[{"width":480,"height":290,"url":"https:\/\/hudo.com\/si\/wp-content\/uploads\/sites\/2\/2017\/03\/480x290_Ozadja__djvu_1329996_suhec__hires0.jpeg","type":"image\/jpeg"}],"author":"hudo","twitter_card":"summary_large_image","twitter_creator":"@hudo_si","twitter_site":"@hudo_si","twitter_misc":{"Written by":"hudo","Est. reading time":"1 minuta"},"schema":{"@context":"https:\/\/schema.org","@graph":[{"@type":"Article","@id":"https:\/\/hudo.com\/si\/aktualno\/nepreslisane-izjave-8\/#article","isPartOf":{"@id":"https:\/\/hudo.com\/si\/aktualno\/nepreslisane-izjave-8\/"},"author":{"name":"hudo","@id":"https:\/\/hudo.com\/si\/#\/schema\/person\/601cf3379633985b20f7e50f2bb47707"},"headline":"Nepresli\u0161ane izjave","datePublished":"2017-03-27T08:00:00+00:00","dateModified":"2017-03-27T08:00:00+00:00","mainEntityOfPage":{"@id":"https:\/\/hudo.com\/si\/aktualno\/nepreslisane-izjave-8\/"},"wordCount":146,"publisher":{"@id":"https:\/\/hudo.com\/si\/#organization"},"articleSection":["Aktualno"],"inLanguage":"sl-SI"},{"@type":"WebPage","@id":"https:\/\/hudo.com\/si\/aktualno\/nepreslisane-izjave-8\/","url":"https:\/\/hudo.com\/si\/aktualno\/nepreslisane-izjave-8\/","name":"Nepresli\u0161ane izjave - Hudo Slovenija","isPartOf":{"@id":"https:\/\/hudo.com\/si\/#website"},"datePublished":"2017-03-27T08:00:00+00:00","dateModified":"2017-03-27T08:00:00+00:00","breadcrumb":{"@id":"https:\/\/hudo.com\/si\/aktualno\/nepreslisane-izjave-8\/#breadcrumb"},"inLanguage":"sl-SI","potentialAction":[{"@type":"ReadAction","target":["https:\/\/hudo.com\/si\/aktualno\/nepreslisane-izjave-8\/"]}]},{"@type":"BreadcrumbList","@id":"https:\/\/hudo.com\/si\/aktualno\/nepreslisane-izjave-8\/#breadcrumb","itemListElement":[{"@type":"ListItem","position":1,"name":"Home","item":"https:\/\/hudo.com\/si\/"},{"@type":"ListItem","position":2,"name":"Nepresli\u0161ane izjave"}]},{"@type":"WebSite","@id":"https:\/\/hudo.com\/si\/#website","url":"https:\/\/hudo.com\/si\/","name":"Hudo Slovenija","description":"Vse novice iz Slovenije in sveta","publisher":{"@id":"https:\/\/hudo.com\/si\/#organization"},"potentialAction":[{"@type":"SearchAction","target":{"@type":"EntryPoint","urlTemplate":"https:\/\/hudo.com\/si\/?s={search_term_string}"},"query-input":"required name=search_term_string"}],"inLanguage":"sl-SI"},{"@type":"Organization","@id":"https:\/\/hudo.com\/si\/#organization","name":"VSN Media","url":"https:\/\/hudo.com\/si\/","logo":{"@type":"ImageObject","inLanguage":"sl-SI","@id":"https:\/\/hudo.com\/si\/#\/schema\/logo\/image\/","url":"https:\/\/hudo.com\/si\/wp-content\/uploads\/sites\/2\/2021\/03\/hudo-app-2.png","contentUrl":"https:\/\/hudo.com\/si\/wp-content\/uploads\/sites\/2\/2021\/03\/hudo-app-2.png","width":2185,"height":2167,"caption":"VSN Media"},"image":{"@id":"https:\/\/hudo.com\/si\/#\/schema\/logo\/image\/"},"sameAs":["https:\/\/www.facebook.com\/hudo.si","https:\/\/twitter.com\/hudo_si"]},{"@type":"Person","@id":"https:\/\/hudo.com\/si\/#\/schema\/person\/601cf3379633985b20f7e50f2bb47707","name":"hudo","image":{"@type":"ImageObject","inLanguage":"sl-SI","@id":"https:\/\/hudo.com\/si\/#\/schema\/person\/image\/","url":"https:\/\/secure.gravatar.com\/avatar\/c4ca25fa72cace7a696b52ff5db9e095?s=96&d=mm&r=g","contentUrl":"https:\/\/secure.gravatar.com\/avatar\/c4ca25fa72cace7a696b52ff5db9e095?s=96&d=mm&r=g","caption":"hudo"},"url":"https:\/\/hudo.com\/si\/author\/hudo\/"}]}},"amp_enabled":true,"_links":{"self":[{"href":"https:\/\/hudo.com\/si\/wp-json\/wp\/v2\/posts\/232182"}],"collection":[{"href":"https:\/\/hudo.com\/si\/wp-json\/wp\/v2\/posts"}],"about":[{"href":"https:\/\/hudo.com\/si\/wp-json\/wp\/v2\/types\/post"}],"author":[{"embeddable":true,"href":"https:\/\/hudo.com\/si\/wp-json\/wp\/v2\/users\/1"}],"replies":[{"embeddable":true,"href":"https:\/\/hudo.com\/si\/wp-json\/wp\/v2\/comments?post=232182"}],"version-history":[{"count":0,"href":"https:\/\/hudo.com\/si\/wp-json\/wp\/v2\/posts\/232182\/revisions"}],"wp:attachment":[{"href":"https:\/\/hudo.com\/si\/wp-json\/wp\/v2\/media?parent=232182"}],"wp:term":[{"taxonomy":"category","embeddable":true,"href":"https:\/\/hudo.com\/si\/wp-json\/wp\/v2\/categories?post=232182"},{"taxonomy":"post_tag","embeddable":true,"href":"https:\/\/hudo.com\/si\/wp-json\/wp\/v2\/tags?post=232182"},{"taxonomy":"source","embeddable":true,"href":"https:\/\/hudo.com\/si\/wp-json\/wp\/v2\/source?post=232182"},{"taxonomy":"supertag","embeddable":true,"href":"https:\/\/hudo.com\/si\/wp-json\/wp\/v2\/supertag?post=232182"}],"curies":[{"name":"wp","href":"https:\/\/api.w.org\/{rel}","templated":true}]}}