{"id":232186,"date":"2017-03-27T14:55:44","date_gmt":"2017-03-27T12:55:44","guid":{"rendered":"http:\/\/hudo.com\/si\/?p=232186"},"modified":"2017-03-27T14:55:44","modified_gmt":"2017-03-27T12:55:44","slug":"merklova-optimisticna-pred-jesenskimi-volitvami","status":"publish","type":"post","link":"https:\/\/hudo.com\/si\/aktualno\/merklova-optimisticna-pred-jesenskimi-volitvami\/","title":{"rendered":"Merklova optimisti\u010dna pred jesenskimi volitvami"},"content":{"rendered":"<div class=\"text\">\n<p>&#8220;Videli smo, da moramo v prihodnjih \u0161estih mesecih narediti \u0161e veliko, ampak v\u010deraj\u0161nji dan je bil lep dan in s tem tudi opogumljajo\u010d dan,&#8221; je dejala na dana\u0161nji novinarski konferenci v Berlinu Merklova. V Berlinu se je Merklova sre\u010dala s predsednico de\u017eelne vlade Posarje Annegret Kramp-Karrenbauer (CDU), poro\u010da nem\u0161ka tiskovna agencija dpa.<\/p>\n<p>CDU je v Posarju pridobila pet odstotkov v primerjavi z zadnjimi volitvami, SPD je celo izgubila odstotek. &#8220;V\u010deraj\u0161nje glasovanje je bilo glasovanje zaupanja,&#8221; je dodala Kramp-Karrenbauerjeva.<\/p>\n<p>CDU je \u017ee pred volitvami v Posarju izrazila \u017eeljo po nadaljevanju tako imenovane velike koalicije s SPD, to pa se ni spremenilo, je danes potrdil vodja poslanske skupine CDU v Posarju Tobias Hans. Dodal je, da bodo s pogovori za\u010deli kar se da hitro in da v koalicijo zagotovo ne bodo povabili desnih populistov AfD.<\/p>\n<p>V Nem\u010diji bodo 24. septembra potekale zvezne parlamentarne volitve. Merklova se bo ponovno potegovala za kanclersko mesto. Danes je dejala, da je pomembno volivce prepri\u010dati, da je stranka sposobna re\u0161iti prihodnje te\u017eave. &#8220;Obstaja dejavnik izku\u0161enosti, ampak to ni dovolj, obstajati mora tudi dejavnik zaupanja,&#8221; je povedala.<\/p>\n<p>Socialdemokrati so upali, da bo priljubljenost novega voditelja stranke in kanclerskega kandidata Martina Schulza privedla stranko do zmage v Posarju. Kramp-Karrenbaurjeva je v Berlinu na to pripomnila, da je bil tako imenovani &#8220;Schulzev u\u010dinek&#8221; tak\u0161en, da je CDU &#8220;izstrelila na 40 odstotkov&#8221;.<\/p>\n<p>Schulz na drugi strani ne daje prevelike te\u017ee volitvam v Posarju. Kot je ocenil, so politi\u010dne razmere v Posarju posebne se jih ne da posplo\u0161iti na celotno Nem\u010dijo.<\/p>\n<p>V Posarju je tretja najve\u010dja stranka v de\u017eelnem parlamentu postala Levica z 12,9 odstotka glasov. AfD je medtem zbrala 6,2 odstotka glasov, s \u010dimer je Posarje postalo 11. zvezna de\u017eela, v kateri je stranki uspelo prese\u010di petodstotni prag za uvrstitev v parlament. Niti Zelenim niti liberalcem (FDP) ni uspelo prese\u010di 5-odstotnega volilnega praga za vstop v de\u017eelni parlament.<\/p>\n<p>Super volilno leto v Nem\u010diji se bo zdaj nadaljevalo maja v Schleswig-Holsteinu in Severnem Porenju-Vestfaliji. Veliki zaklju\u010dek bodo zvezne parlamentarne volitve 24. septembra.<\/p>\n<\/div>\n","protected":false},"excerpt":{"rendered":"<p>Nem\u0161ka kanclerka Angela Merkel iz vrst kr\u0161\u010danskih demokratov (CDU) je po izidu de\u017eelnih volitev v Posarju izrazila optimizem glede zveznih parlamentarnih volitev, ki bodo potekale septembra. Na nedeljskih volitvah v Posarju je namre\u010d z veliko ve\u010dino zmagala CDU, ki je osvojila 40,7 odstotka glasov, sledijo socialdemokrati (SPD) s 29,6 odstotka.<\/p>\n","protected":false},"author":5,"featured_media":132173,"comment_status":"closed","ping_status":"closed","sticky":false,"template":"","format":"standard","meta":{"footnotes":""},"categories":[1179],"tags":[4838,3628,4919],"source":[4511],"supertag":[6103],"acf":[],"yoast_head":"<!-- This site is optimized with the Yoast SEO plugin v21.3 - https:\/\/yoast.com\/wordpress\/plugins\/seo\/ -->\n<title>Merklova optimisti\u010dna pred jesenskimi volitvami - Hudo Slovenija<\/title>\n<meta name=\"robots\" content=\"index, follow, max-snippet:-1, max-image-preview:large, max-video-preview:-1\" \/>\n<link rel=\"canonical\" href=\"https:\/\/hudo.com\/si\/aktualno\/merklova-optimisticna-pred-jesenskimi-volitvami\/\" \/>\n<meta property=\"og:locale\" content=\"sl_SI\" \/>\n<meta property=\"og:type\" content=\"article\" \/>\n<meta property=\"og:title\" content=\"Merklova optimisti\u010dna pred jesenskimi volitvami - Hudo Slovenija\" \/>\n<meta property=\"og:description\" content=\"Nem\u0161ka kanclerka Angela Merkel iz vrst kr\u0161\u010danskih demokratov (CDU) je po izidu de\u017eelnih volitev v Posarju izrazila optimizem glede zveznih parlamentarnih volitev, ki bodo potekale septembra. Na nedeljskih volitvah v Posarju je namre\u010d z veliko ve\u010dino zmagala CDU, ki je osvojila 40,7 odstotka glasov, sledijo socialdemokrati (SPD) s 29,6 odstotka.\" \/>\n<meta property=\"og:url\" content=\"https:\/\/hudo.com\/si\/aktualno\/merklova-optimisticna-pred-jesenskimi-volitvami\/\" \/>\n<meta property=\"og:site_name\" content=\"Hudo Slovenija\" \/>\n<meta property=\"article:publisher\" content=\"https:\/\/www.facebook.com\/hudo.si\" \/>\n<meta property=\"article:published_time\" content=\"2017-03-27T12:55:44+00:00\" \/>\n<meta property=\"og:image\" content=\"https:\/\/hudo.com\/si\/wp-content\/uploads\/sites\/2\/2016\/09\/profimedia-0299085729.jpg\" \/>\n\t<meta property=\"og:image:width\" content=\"1250\" \/>\n\t<meta property=\"og:image:height\" content=\"843\" \/>\n\t<meta property=\"og:image:type\" content=\"image\/jpeg\" \/>\n<meta name=\"author\" content=\"A. G., STA\" \/>\n<meta name=\"twitter:card\" content=\"summary_large_image\" \/>\n<meta name=\"twitter:creator\" content=\"@hudo_si\" \/>\n<meta name=\"twitter:site\" content=\"@hudo_si\" \/>\n<meta name=\"twitter:label1\" content=\"Written by\" \/>\n\t<meta name=\"twitter:data1\" content=\"A. G., STA\" \/>\n\t<meta name=\"twitter:label2\" content=\"Est. reading time\" \/>\n\t<meta name=\"twitter:data2\" content=\"2 minuti\" \/>\n<script type=\"application\/ld+json\" class=\"yoast-schema-graph\">{\"@context\":\"https:\/\/schema.org\",\"@graph\":[{\"@type\":\"Article\",\"@id\":\"https:\/\/hudo.com\/si\/aktualno\/merklova-optimisticna-pred-jesenskimi-volitvami\/#article\",\"isPartOf\":{\"@id\":\"https:\/\/hudo.com\/si\/aktualno\/merklova-optimisticna-pred-jesenskimi-volitvami\/\"},\"author\":{\"name\":\"A. G., STA\",\"@id\":\"https:\/\/hudo.com\/si\/#\/schema\/person\/2391667a63ea075ba94f2f2dc6b77537\"},\"headline\":\"Merklova optimisti\u010dna pred jesenskimi volitvami\",\"datePublished\":\"2017-03-27T12:55:44+00:00\",\"dateModified\":\"2017-03-27T12:55:44+00:00\",\"mainEntityOfPage\":{\"@id\":\"https:\/\/hudo.com\/si\/aktualno\/merklova-optimisticna-pred-jesenskimi-volitvami\/\"},\"wordCount\":359,\"publisher\":{\"@id\":\"https:\/\/hudo.com\/si\/#organization\"},\"keywords\":[\"Angela Merkel\",\"nem\u010dija\",\"volitve\"],\"articleSection\":[\"Aktualno\"],\"inLanguage\":\"sl-SI\"},{\"@type\":\"WebPage\",\"@id\":\"https:\/\/hudo.com\/si\/aktualno\/merklova-optimisticna-pred-jesenskimi-volitvami\/\",\"url\":\"https:\/\/hudo.com\/si\/aktualno\/merklova-optimisticna-pred-jesenskimi-volitvami\/\",\"name\":\"Merklova optimisti\u010dna pred jesenskimi volitvami - Hudo Slovenija\",\"isPartOf\":{\"@id\":\"https:\/\/hudo.com\/si\/#website\"},\"datePublished\":\"2017-03-27T12:55:44+00:00\",\"dateModified\":\"2017-03-27T12:55:44+00:00\",\"breadcrumb\":{\"@id\":\"https:\/\/hudo.com\/si\/aktualno\/merklova-optimisticna-pred-jesenskimi-volitvami\/#breadcrumb\"},\"inLanguage\":\"sl-SI\",\"potentialAction\":[{\"@type\":\"ReadAction\",\"target\":[\"https:\/\/hudo.com\/si\/aktualno\/merklova-optimisticna-pred-jesenskimi-volitvami\/\"]}]},{\"@type\":\"BreadcrumbList\",\"@id\":\"https:\/\/hudo.com\/si\/aktualno\/merklova-optimisticna-pred-jesenskimi-volitvami\/#breadcrumb\",\"itemListElement\":[{\"@type\":\"ListItem\",\"position\":1,\"name\":\"Home\",\"item\":\"https:\/\/hudo.com\/si\/\"},{\"@type\":\"ListItem\",\"position\":2,\"name\":\"Merklova optimisti\u010dna pred jesenskimi volitvami\"}]},{\"@type\":\"WebSite\",\"@id\":\"https:\/\/hudo.com\/si\/#website\",\"url\":\"https:\/\/hudo.com\/si\/\",\"name\":\"Hudo Slovenija\",\"description\":\"Vse novice iz Slovenije in sveta\",\"publisher\":{\"@id\":\"https:\/\/hudo.com\/si\/#organization\"},\"potentialAction\":[{\"@type\":\"SearchAction\",\"target\":{\"@type\":\"EntryPoint\",\"urlTemplate\":\"https:\/\/hudo.com\/si\/?s={search_term_string}\"},\"query-input\":\"required name=search_term_string\"}],\"inLanguage\":\"sl-SI\"},{\"@type\":\"Organization\",\"@id\":\"https:\/\/hudo.com\/si\/#organization\",\"name\":\"VSN Media\",\"url\":\"https:\/\/hudo.com\/si\/\",\"logo\":{\"@type\":\"ImageObject\",\"inLanguage\":\"sl-SI\",\"@id\":\"https:\/\/hudo.com\/si\/#\/schema\/logo\/image\/\",\"url\":\"https:\/\/hudo.com\/si\/wp-content\/uploads\/sites\/2\/2021\/03\/hudo-app-2.png\",\"contentUrl\":\"https:\/\/hudo.com\/si\/wp-content\/uploads\/sites\/2\/2021\/03\/hudo-app-2.png\",\"width\":2185,\"height\":2167,\"caption\":\"VSN Media\"},\"image\":{\"@id\":\"https:\/\/hudo.com\/si\/#\/schema\/logo\/image\/\"},\"sameAs\":[\"https:\/\/www.facebook.com\/hudo.si\",\"https:\/\/twitter.com\/hudo_si\"]},{\"@type\":\"Person\",\"@id\":\"https:\/\/hudo.com\/si\/#\/schema\/person\/2391667a63ea075ba94f2f2dc6b77537\",\"name\":\"A. G., STA\",\"image\":{\"@type\":\"ImageObject\",\"inLanguage\":\"sl-SI\",\"@id\":\"https:\/\/hudo.com\/si\/#\/schema\/person\/image\/\",\"url\":\"https:\/\/secure.gravatar.com\/avatar\/e13d22ac3e442658d5025fbbe6238a79?s=96&d=mm&r=g\",\"contentUrl\":\"https:\/\/secure.gravatar.com\/avatar\/e13d22ac3e442658d5025fbbe6238a79?s=96&d=mm&r=g\",\"caption\":\"A. G., STA\"},\"url\":\"https:\/\/hudo.com\/si\/author\/alenka\/\"}]}<\/script>\n<!-- \/ Yoast SEO plugin. -->","yoast_head_json":{"title":"Merklova optimisti\u010dna pred jesenskimi volitvami - Hudo Slovenija","robots":{"index":"index","follow":"follow","max-snippet":"max-snippet:-1","max-image-preview":"max-image-preview:large","max-video-preview":"max-video-preview:-1"},"canonical":"https:\/\/hudo.com\/si\/aktualno\/merklova-optimisticna-pred-jesenskimi-volitvami\/","og_locale":"sl_SI","og_type":"article","og_title":"Merklova optimisti\u010dna pred jesenskimi volitvami - Hudo Slovenija","og_description":"Nem\u0161ka kanclerka Angela Merkel iz vrst kr\u0161\u010danskih demokratov (CDU) je po izidu de\u017eelnih volitev v Posarju izrazila optimizem glede zveznih parlamentarnih volitev, ki bodo potekale septembra. Na nedeljskih volitvah v Posarju je namre\u010d z veliko ve\u010dino zmagala CDU, ki je osvojila 40,7 odstotka glasov, sledijo socialdemokrati (SPD) s 29,6 odstotka.","og_url":"https:\/\/hudo.com\/si\/aktualno\/merklova-optimisticna-pred-jesenskimi-volitvami\/","og_site_name":"Hudo Slovenija","article_publisher":"https:\/\/www.facebook.com\/hudo.si","article_published_time":"2017-03-27T12:55:44+00:00","og_image":[{"width":1250,"height":843,"url":"https:\/\/hudo.com\/si\/wp-content\/uploads\/sites\/2\/2016\/09\/profimedia-0299085729.jpg","type":"image\/jpeg"}],"author":"A. G., STA","twitter_card":"summary_large_image","twitter_creator":"@hudo_si","twitter_site":"@hudo_si","twitter_misc":{"Written by":"A. G., STA","Est. reading time":"2 minuti"},"schema":{"@context":"https:\/\/schema.org","@graph":[{"@type":"Article","@id":"https:\/\/hudo.com\/si\/aktualno\/merklova-optimisticna-pred-jesenskimi-volitvami\/#article","isPartOf":{"@id":"https:\/\/hudo.com\/si\/aktualno\/merklova-optimisticna-pred-jesenskimi-volitvami\/"},"author":{"name":"A. G., STA","@id":"https:\/\/hudo.com\/si\/#\/schema\/person\/2391667a63ea075ba94f2f2dc6b77537"},"headline":"Merklova optimisti\u010dna pred jesenskimi volitvami","datePublished":"2017-03-27T12:55:44+00:00","dateModified":"2017-03-27T12:55:44+00:00","mainEntityOfPage":{"@id":"https:\/\/hudo.com\/si\/aktualno\/merklova-optimisticna-pred-jesenskimi-volitvami\/"},"wordCount":359,"publisher":{"@id":"https:\/\/hudo.com\/si\/#organization"},"keywords":["Angela Merkel","nem\u010dija","volitve"],"articleSection":["Aktualno"],"inLanguage":"sl-SI"},{"@type":"WebPage","@id":"https:\/\/hudo.com\/si\/aktualno\/merklova-optimisticna-pred-jesenskimi-volitvami\/","url":"https:\/\/hudo.com\/si\/aktualno\/merklova-optimisticna-pred-jesenskimi-volitvami\/","name":"Merklova optimisti\u010dna pred jesenskimi volitvami - Hudo Slovenija","isPartOf":{"@id":"https:\/\/hudo.com\/si\/#website"},"datePublished":"2017-03-27T12:55:44+00:00","dateModified":"2017-03-27T12:55:44+00:00","breadcrumb":{"@id":"https:\/\/hudo.com\/si\/aktualno\/merklova-optimisticna-pred-jesenskimi-volitvami\/#breadcrumb"},"inLanguage":"sl-SI","potentialAction":[{"@type":"ReadAction","target":["https:\/\/hudo.com\/si\/aktualno\/merklova-optimisticna-pred-jesenskimi-volitvami\/"]}]},{"@type":"BreadcrumbList","@id":"https:\/\/hudo.com\/si\/aktualno\/merklova-optimisticna-pred-jesenskimi-volitvami\/#breadcrumb","itemListElement":[{"@type":"ListItem","position":1,"name":"Home","item":"https:\/\/hudo.com\/si\/"},{"@type":"ListItem","position":2,"name":"Merklova optimisti\u010dna pred jesenskimi volitvami"}]},{"@type":"WebSite","@id":"https:\/\/hudo.com\/si\/#website","url":"https:\/\/hudo.com\/si\/","name":"Hudo Slovenija","description":"Vse novice iz Slovenije in sveta","publisher":{"@id":"https:\/\/hudo.com\/si\/#organization"},"potentialAction":[{"@type":"SearchAction","target":{"@type":"EntryPoint","urlTemplate":"https:\/\/hudo.com\/si\/?s={search_term_string}"},"query-input":"required name=search_term_string"}],"inLanguage":"sl-SI"},{"@type":"Organization","@id":"https:\/\/hudo.com\/si\/#organization","name":"VSN Media","url":"https:\/\/hudo.com\/si\/","logo":{"@type":"ImageObject","inLanguage":"sl-SI","@id":"https:\/\/hudo.com\/si\/#\/schema\/logo\/image\/","url":"https:\/\/hudo.com\/si\/wp-content\/uploads\/sites\/2\/2021\/03\/hudo-app-2.png","contentUrl":"https:\/\/hudo.com\/si\/wp-content\/uploads\/sites\/2\/2021\/03\/hudo-app-2.png","width":2185,"height":2167,"caption":"VSN Media"},"image":{"@id":"https:\/\/hudo.com\/si\/#\/schema\/logo\/image\/"},"sameAs":["https:\/\/www.facebook.com\/hudo.si","https:\/\/twitter.com\/hudo_si"]},{"@type":"Person","@id":"https:\/\/hudo.com\/si\/#\/schema\/person\/2391667a63ea075ba94f2f2dc6b77537","name":"A. G., STA","image":{"@type":"ImageObject","inLanguage":"sl-SI","@id":"https:\/\/hudo.com\/si\/#\/schema\/person\/image\/","url":"https:\/\/secure.gravatar.com\/avatar\/e13d22ac3e442658d5025fbbe6238a79?s=96&d=mm&r=g","contentUrl":"https:\/\/secure.gravatar.com\/avatar\/e13d22ac3e442658d5025fbbe6238a79?s=96&d=mm&r=g","caption":"A. G., STA"},"url":"https:\/\/hudo.com\/si\/author\/alenka\/"}]}},"amp_enabled":true,"_links":{"self":[{"href":"https:\/\/hudo.com\/si\/wp-json\/wp\/v2\/posts\/232186"}],"collection":[{"href":"https:\/\/hudo.com\/si\/wp-json\/wp\/v2\/posts"}],"about":[{"href":"https:\/\/hudo.com\/si\/wp-json\/wp\/v2\/types\/post"}],"author":[{"embeddable":true,"href":"https:\/\/hudo.com\/si\/wp-json\/wp\/v2\/users\/5"}],"replies":[{"embeddable":true,"href":"https:\/\/hudo.com\/si\/wp-json\/wp\/v2\/comments?post=232186"}],"version-history":[{"count":1,"href":"https:\/\/hudo.com\/si\/wp-json\/wp\/v2\/posts\/232186\/revisions"}],"predecessor-version":[{"id":232188,"href":"https:\/\/hudo.com\/si\/wp-json\/wp\/v2\/posts\/232186\/revisions\/232188"}],"wp:featuredmedia":[{"embeddable":true,"href":"https:\/\/hudo.com\/si\/wp-json\/wp\/v2\/media\/132173"}],"wp:attachment":[{"href":"https:\/\/hudo.com\/si\/wp-json\/wp\/v2\/media?parent=232186"}],"wp:term":[{"taxonomy":"category","embeddable":true,"href":"https:\/\/hudo.com\/si\/wp-json\/wp\/v2\/categories?post=232186"},{"taxonomy":"post_tag","embeddable":true,"href":"https:\/\/hudo.com\/si\/wp-json\/wp\/v2\/tags?post=232186"},{"taxonomy":"source","embeddable":true,"href":"https:\/\/hudo.com\/si\/wp-json\/wp\/v2\/source?post=232186"},{"taxonomy":"supertag","embeddable":true,"href":"https:\/\/hudo.com\/si\/wp-json\/wp\/v2\/supertag?post=232186"}],"curies":[{"name":"wp","href":"https:\/\/api.w.org\/{rel}","templated":true}]}}