{"id":233399,"date":"2017-03-29T12:00:00","date_gmt":"2017-03-29T10:00:00","guid":{"rendered":"http:\/\/hudo.com\/si\/2017\/03\/29\/bob-dylan-bo-konec-tedna-vendarle-prisel-po-nobelovo-nagrado\/"},"modified":"2017-03-29T12:00:00","modified_gmt":"2017-03-29T10:00:00","slug":"bob-dylan-bo-konec-tedna-vendarle-prisel-po-nobelovo-nagrado","status":"publish","type":"post","link":"https:\/\/hudo.com\/si\/aktualno\/bob-dylan-bo-konec-tedna-vendarle-prisel-po-nobelovo-nagrado\/","title":{"rendered":"Bob Dylan bo konec tedna vendarle pri\u0161el po Nobelovo nagrado"},"content":{"rendered":"<p>Kategorija: Knjiga Wed, 29 Mar 2017 14:00:00 +0200  Ameri\u0161ki rocker Bob Dylan, ki je bil oktobra lani razgla\u0161en za Nobelovega lavreata za literaturo, bo konec tedna vendarle prevzel diplomo in medaljo, ki mu na podlagi priznanja pripadata, je sporo\u010dila \u0160vedska kraljeva akademija, poro\u010dajo tuji mediji. Zahtevanega predavanja pa glasbenik ne bo izvedel v \u017eivo. Dylan bo v soboto in nedeljo koncertiral v Stockholmu in pri tem tudi prevzel Nobelovo diplomo in medaljo. Decembrske podelitve nagrad se mu namre\u010d ni uspelo udele\u017eiti zaradi drugih, \u017ee prej dogovorjenih obveznosti. Je pa poslal zahvalni govor, ki so ga tudi prebrali. Po pisanju francoske tiskovne agencije AFP je sekretarka akademije Sara Danius na blogu sporo\u010dila, da bo sre\u010danje z glasbenikom v zelo ozkem krogu ljudi. Na Dylanovo \u017eeljo bodo prisotni zgolj nobelovec in \u010dlani akademije, mediji pa mu ne bodo prisostvovali, je dodala. \u010caka ga\u00a0&#8230;<\/p>\n","protected":false},"excerpt":{"rendered":"<p>Kategorija: Knjiga Wed, 29 Mar 2017 14:00:00 +0200  Ameri\u0161ki rocker Bob Dylan, ki je bil oktobra lani razgla\u0161en za Nobelovega lavreata za literaturo, bo konec tedna vendarle prevzel diplomo in medaljo, ki mu na podlagi priznanja pripadata, je sporo\u010dila \u0160vedska kraljeva akademija, poro\u010dajo tuji mediji. Zahtevanega predavanja pa glasbenik ne bo izvedel v \u017eivo. Dylan bo v soboto in nedeljo koncertiral v Stockholmu in pri tem tudi prevzel Nobelovo diplomo in medaljo. Decembrske podelitve nagrad se mu namre\u010d ni uspelo udele\u017eiti zaradi drugih, \u017ee prej dogovorjenih obveznosti. Je pa poslal zahvalni govor, ki so ga tudi prebrali. Po pisanju francoske tiskovne agencije AFP je sekretarka akademije Sara Danius na blogu sporo\u010dila, da bo sre\u010danje z glasbenikom v zelo ozkem krogu ljudi. Na Dylanovo \u017eeljo bodo prisotni zgolj nobelovec in \u010dlani akademije, mediji pa mu ne bodo prisostvovali, je dodala. \u010caka ga\u00a0&#8230;<\/p>\n","protected":false},"author":1,"featured_media":0,"comment_status":"closed","ping_status":"closed","sticky":false,"template":"","format":"standard","meta":{"footnotes":""},"categories":[1179],"tags":[],"source":[1703],"supertag":[],"acf":[],"yoast_head":"<!-- This site is optimized with the Yoast SEO plugin v21.3 - https:\/\/yoast.com\/wordpress\/plugins\/seo\/ -->\n<title>Bob Dylan bo konec tedna vendarle pri\u0161el po Nobelovo nagrado - Hudo Slovenija<\/title>\n<meta name=\"robots\" content=\"index, follow, max-snippet:-1, max-image-preview:large, max-video-preview:-1\" \/>\n<link rel=\"canonical\" href=\"https:\/\/hudo.com\/si\/aktualno\/bob-dylan-bo-konec-tedna-vendarle-prisel-po-nobelovo-nagrado\/\" \/>\n<meta property=\"og:locale\" content=\"sl_SI\" \/>\n<meta property=\"og:type\" content=\"article\" \/>\n<meta property=\"og:title\" content=\"Bob Dylan bo konec tedna vendarle pri\u0161el po Nobelovo nagrado - Hudo Slovenija\" \/>\n<meta property=\"og:description\" content=\"Kategorija: Knjiga Wed, 29 Mar 2017 14:00:00 +0200 Ameri\u0161ki rocker Bob Dylan, ki je bil oktobra lani razgla\u0161en za Nobelovega lavreata za literaturo, bo konec tedna vendarle prevzel diplomo in medaljo, ki mu na podlagi priznanja pripadata, je sporo\u010dila \u0160vedska kraljeva akademija, poro\u010dajo tuji mediji. Zahtevanega predavanja pa glasbenik ne bo izvedel v \u017eivo. Dylan bo v soboto in nedeljo koncertiral v Stockholmu in pri tem tudi prevzel Nobelovo diplomo in medaljo. Decembrske podelitve nagrad se mu namre\u010d ni uspelo udele\u017eiti zaradi drugih, \u017ee prej dogovorjenih obveznosti. Je pa poslal zahvalni govor, ki so ga tudi prebrali. Po pisanju francoske tiskovne agencije AFP je sekretarka akademije Sara Danius na blogu sporo\u010dila, da bo sre\u010danje z glasbenikom v zelo ozkem krogu ljudi. Na Dylanovo \u017eeljo bodo prisotni zgolj nobelovec in \u010dlani akademije, mediji pa mu ne bodo prisostvovali, je dodala. \u010caka ga\u00a0...\" \/>\n<meta property=\"og:url\" content=\"https:\/\/hudo.com\/si\/aktualno\/bob-dylan-bo-konec-tedna-vendarle-prisel-po-nobelovo-nagrado\/\" \/>\n<meta property=\"og:site_name\" content=\"Hudo Slovenija\" \/>\n<meta property=\"article:publisher\" content=\"https:\/\/www.facebook.com\/hudo.si\" \/>\n<meta property=\"article:published_time\" content=\"2017-03-29T10:00:00+00:00\" \/>\n<meta property=\"og:image\" content=\"https:\/\/hudo.com\/si\/wp-content\/uploads\/sites\/2\/2017\/03\/480x290_Kultura__djvu_2409639_tanja_hires0.jpeg\" \/>\n\t<meta property=\"og:image:width\" content=\"480\" \/>\n\t<meta property=\"og:image:height\" content=\"290\" \/>\n\t<meta property=\"og:image:type\" content=\"image\/jpeg\" \/>\n<meta name=\"author\" content=\"hudo\" \/>\n<meta name=\"twitter:card\" content=\"summary_large_image\" \/>\n<meta name=\"twitter:creator\" content=\"@hudo_si\" \/>\n<meta name=\"twitter:site\" content=\"@hudo_si\" \/>\n<meta name=\"twitter:label1\" content=\"Written by\" \/>\n\t<meta name=\"twitter:data1\" content=\"hudo\" \/>\n\t<meta name=\"twitter:label2\" content=\"Est. reading time\" \/>\n\t<meta name=\"twitter:data2\" content=\"1 minuta\" \/>\n<script type=\"application\/ld+json\" class=\"yoast-schema-graph\">{\"@context\":\"https:\/\/schema.org\",\"@graph\":[{\"@type\":\"Article\",\"@id\":\"https:\/\/hudo.com\/si\/aktualno\/bob-dylan-bo-konec-tedna-vendarle-prisel-po-nobelovo-nagrado\/#article\",\"isPartOf\":{\"@id\":\"https:\/\/hudo.com\/si\/aktualno\/bob-dylan-bo-konec-tedna-vendarle-prisel-po-nobelovo-nagrado\/\"},\"author\":{\"name\":\"hudo\",\"@id\":\"https:\/\/hudo.com\/si\/#\/schema\/person\/601cf3379633985b20f7e50f2bb47707\"},\"headline\":\"Bob Dylan bo konec tedna vendarle pri\u0161el po Nobelovo nagrado\",\"datePublished\":\"2017-03-29T10:00:00+00:00\",\"dateModified\":\"2017-03-29T10:00:00+00:00\",\"mainEntityOfPage\":{\"@id\":\"https:\/\/hudo.com\/si\/aktualno\/bob-dylan-bo-konec-tedna-vendarle-prisel-po-nobelovo-nagrado\/\"},\"wordCount\":155,\"publisher\":{\"@id\":\"https:\/\/hudo.com\/si\/#organization\"},\"articleSection\":[\"Aktualno\"],\"inLanguage\":\"sl-SI\"},{\"@type\":\"WebPage\",\"@id\":\"https:\/\/hudo.com\/si\/aktualno\/bob-dylan-bo-konec-tedna-vendarle-prisel-po-nobelovo-nagrado\/\",\"url\":\"https:\/\/hudo.com\/si\/aktualno\/bob-dylan-bo-konec-tedna-vendarle-prisel-po-nobelovo-nagrado\/\",\"name\":\"Bob Dylan bo konec tedna vendarle pri\u0161el po Nobelovo nagrado - Hudo Slovenija\",\"isPartOf\":{\"@id\":\"https:\/\/hudo.com\/si\/#website\"},\"datePublished\":\"2017-03-29T10:00:00+00:00\",\"dateModified\":\"2017-03-29T10:00:00+00:00\",\"breadcrumb\":{\"@id\":\"https:\/\/hudo.com\/si\/aktualno\/bob-dylan-bo-konec-tedna-vendarle-prisel-po-nobelovo-nagrado\/#breadcrumb\"},\"inLanguage\":\"sl-SI\",\"potentialAction\":[{\"@type\":\"ReadAction\",\"target\":[\"https:\/\/hudo.com\/si\/aktualno\/bob-dylan-bo-konec-tedna-vendarle-prisel-po-nobelovo-nagrado\/\"]}]},{\"@type\":\"BreadcrumbList\",\"@id\":\"https:\/\/hudo.com\/si\/aktualno\/bob-dylan-bo-konec-tedna-vendarle-prisel-po-nobelovo-nagrado\/#breadcrumb\",\"itemListElement\":[{\"@type\":\"ListItem\",\"position\":1,\"name\":\"Home\",\"item\":\"https:\/\/hudo.com\/si\/\"},{\"@type\":\"ListItem\",\"position\":2,\"name\":\"Bob Dylan bo konec tedna vendarle pri\u0161el po Nobelovo nagrado\"}]},{\"@type\":\"WebSite\",\"@id\":\"https:\/\/hudo.com\/si\/#website\",\"url\":\"https:\/\/hudo.com\/si\/\",\"name\":\"Hudo Slovenija\",\"description\":\"Vse novice iz Slovenije in sveta\",\"publisher\":{\"@id\":\"https:\/\/hudo.com\/si\/#organization\"},\"potentialAction\":[{\"@type\":\"SearchAction\",\"target\":{\"@type\":\"EntryPoint\",\"urlTemplate\":\"https:\/\/hudo.com\/si\/?s={search_term_string}\"},\"query-input\":\"required name=search_term_string\"}],\"inLanguage\":\"sl-SI\"},{\"@type\":\"Organization\",\"@id\":\"https:\/\/hudo.com\/si\/#organization\",\"name\":\"VSN Media\",\"url\":\"https:\/\/hudo.com\/si\/\",\"logo\":{\"@type\":\"ImageObject\",\"inLanguage\":\"sl-SI\",\"@id\":\"https:\/\/hudo.com\/si\/#\/schema\/logo\/image\/\",\"url\":\"https:\/\/hudo.com\/si\/wp-content\/uploads\/sites\/2\/2021\/03\/hudo-app-2.png\",\"contentUrl\":\"https:\/\/hudo.com\/si\/wp-content\/uploads\/sites\/2\/2021\/03\/hudo-app-2.png\",\"width\":2185,\"height\":2167,\"caption\":\"VSN Media\"},\"image\":{\"@id\":\"https:\/\/hudo.com\/si\/#\/schema\/logo\/image\/\"},\"sameAs\":[\"https:\/\/www.facebook.com\/hudo.si\",\"https:\/\/twitter.com\/hudo_si\"]},{\"@type\":\"Person\",\"@id\":\"https:\/\/hudo.com\/si\/#\/schema\/person\/601cf3379633985b20f7e50f2bb47707\",\"name\":\"hudo\",\"image\":{\"@type\":\"ImageObject\",\"inLanguage\":\"sl-SI\",\"@id\":\"https:\/\/hudo.com\/si\/#\/schema\/person\/image\/\",\"url\":\"https:\/\/secure.gravatar.com\/avatar\/c4ca25fa72cace7a696b52ff5db9e095?s=96&d=mm&r=g\",\"contentUrl\":\"https:\/\/secure.gravatar.com\/avatar\/c4ca25fa72cace7a696b52ff5db9e095?s=96&d=mm&r=g\",\"caption\":\"hudo\"},\"url\":\"https:\/\/hudo.com\/si\/author\/hudo\/\"}]}<\/script>\n<!-- \/ Yoast SEO plugin. -->","yoast_head_json":{"title":"Bob Dylan bo konec tedna vendarle pri\u0161el po Nobelovo nagrado - Hudo Slovenija","robots":{"index":"index","follow":"follow","max-snippet":"max-snippet:-1","max-image-preview":"max-image-preview:large","max-video-preview":"max-video-preview:-1"},"canonical":"https:\/\/hudo.com\/si\/aktualno\/bob-dylan-bo-konec-tedna-vendarle-prisel-po-nobelovo-nagrado\/","og_locale":"sl_SI","og_type":"article","og_title":"Bob Dylan bo konec tedna vendarle pri\u0161el po Nobelovo nagrado - Hudo Slovenija","og_description":"Kategorija: Knjiga Wed, 29 Mar 2017 14:00:00 +0200 Ameri\u0161ki rocker Bob Dylan, ki je bil oktobra lani razgla\u0161en za Nobelovega lavreata za literaturo, bo konec tedna vendarle prevzel diplomo in medaljo, ki mu na podlagi priznanja pripadata, je sporo\u010dila \u0160vedska kraljeva akademija, poro\u010dajo tuji mediji. Zahtevanega predavanja pa glasbenik ne bo izvedel v \u017eivo. Dylan bo v soboto in nedeljo koncertiral v Stockholmu in pri tem tudi prevzel Nobelovo diplomo in medaljo. Decembrske podelitve nagrad se mu namre\u010d ni uspelo udele\u017eiti zaradi drugih, \u017ee prej dogovorjenih obveznosti. Je pa poslal zahvalni govor, ki so ga tudi prebrali. Po pisanju francoske tiskovne agencije AFP je sekretarka akademije Sara Danius na blogu sporo\u010dila, da bo sre\u010danje z glasbenikom v zelo ozkem krogu ljudi. Na Dylanovo \u017eeljo bodo prisotni zgolj nobelovec in \u010dlani akademije, mediji pa mu ne bodo prisostvovali, je dodala. \u010caka ga\u00a0...","og_url":"https:\/\/hudo.com\/si\/aktualno\/bob-dylan-bo-konec-tedna-vendarle-prisel-po-nobelovo-nagrado\/","og_site_name":"Hudo Slovenija","article_publisher":"https:\/\/www.facebook.com\/hudo.si","article_published_time":"2017-03-29T10:00:00+00:00","og_image":[{"width":480,"height":290,"url":"https:\/\/hudo.com\/si\/wp-content\/uploads\/sites\/2\/2017\/03\/480x290_Kultura__djvu_2409639_tanja_hires0.jpeg","type":"image\/jpeg"}],"author":"hudo","twitter_card":"summary_large_image","twitter_creator":"@hudo_si","twitter_site":"@hudo_si","twitter_misc":{"Written by":"hudo","Est. reading time":"1 minuta"},"schema":{"@context":"https:\/\/schema.org","@graph":[{"@type":"Article","@id":"https:\/\/hudo.com\/si\/aktualno\/bob-dylan-bo-konec-tedna-vendarle-prisel-po-nobelovo-nagrado\/#article","isPartOf":{"@id":"https:\/\/hudo.com\/si\/aktualno\/bob-dylan-bo-konec-tedna-vendarle-prisel-po-nobelovo-nagrado\/"},"author":{"name":"hudo","@id":"https:\/\/hudo.com\/si\/#\/schema\/person\/601cf3379633985b20f7e50f2bb47707"},"headline":"Bob Dylan bo konec tedna vendarle pri\u0161el po Nobelovo nagrado","datePublished":"2017-03-29T10:00:00+00:00","dateModified":"2017-03-29T10:00:00+00:00","mainEntityOfPage":{"@id":"https:\/\/hudo.com\/si\/aktualno\/bob-dylan-bo-konec-tedna-vendarle-prisel-po-nobelovo-nagrado\/"},"wordCount":155,"publisher":{"@id":"https:\/\/hudo.com\/si\/#organization"},"articleSection":["Aktualno"],"inLanguage":"sl-SI"},{"@type":"WebPage","@id":"https:\/\/hudo.com\/si\/aktualno\/bob-dylan-bo-konec-tedna-vendarle-prisel-po-nobelovo-nagrado\/","url":"https:\/\/hudo.com\/si\/aktualno\/bob-dylan-bo-konec-tedna-vendarle-prisel-po-nobelovo-nagrado\/","name":"Bob Dylan bo konec tedna vendarle pri\u0161el po Nobelovo nagrado - Hudo Slovenija","isPartOf":{"@id":"https:\/\/hudo.com\/si\/#website"},"datePublished":"2017-03-29T10:00:00+00:00","dateModified":"2017-03-29T10:00:00+00:00","breadcrumb":{"@id":"https:\/\/hudo.com\/si\/aktualno\/bob-dylan-bo-konec-tedna-vendarle-prisel-po-nobelovo-nagrado\/#breadcrumb"},"inLanguage":"sl-SI","potentialAction":[{"@type":"ReadAction","target":["https:\/\/hudo.com\/si\/aktualno\/bob-dylan-bo-konec-tedna-vendarle-prisel-po-nobelovo-nagrado\/"]}]},{"@type":"BreadcrumbList","@id":"https:\/\/hudo.com\/si\/aktualno\/bob-dylan-bo-konec-tedna-vendarle-prisel-po-nobelovo-nagrado\/#breadcrumb","itemListElement":[{"@type":"ListItem","position":1,"name":"Home","item":"https:\/\/hudo.com\/si\/"},{"@type":"ListItem","position":2,"name":"Bob Dylan bo konec tedna vendarle pri\u0161el po Nobelovo nagrado"}]},{"@type":"WebSite","@id":"https:\/\/hudo.com\/si\/#website","url":"https:\/\/hudo.com\/si\/","name":"Hudo Slovenija","description":"Vse novice iz Slovenije in sveta","publisher":{"@id":"https:\/\/hudo.com\/si\/#organization"},"potentialAction":[{"@type":"SearchAction","target":{"@type":"EntryPoint","urlTemplate":"https:\/\/hudo.com\/si\/?s={search_term_string}"},"query-input":"required name=search_term_string"}],"inLanguage":"sl-SI"},{"@type":"Organization","@id":"https:\/\/hudo.com\/si\/#organization","name":"VSN Media","url":"https:\/\/hudo.com\/si\/","logo":{"@type":"ImageObject","inLanguage":"sl-SI","@id":"https:\/\/hudo.com\/si\/#\/schema\/logo\/image\/","url":"https:\/\/hudo.com\/si\/wp-content\/uploads\/sites\/2\/2021\/03\/hudo-app-2.png","contentUrl":"https:\/\/hudo.com\/si\/wp-content\/uploads\/sites\/2\/2021\/03\/hudo-app-2.png","width":2185,"height":2167,"caption":"VSN Media"},"image":{"@id":"https:\/\/hudo.com\/si\/#\/schema\/logo\/image\/"},"sameAs":["https:\/\/www.facebook.com\/hudo.si","https:\/\/twitter.com\/hudo_si"]},{"@type":"Person","@id":"https:\/\/hudo.com\/si\/#\/schema\/person\/601cf3379633985b20f7e50f2bb47707","name":"hudo","image":{"@type":"ImageObject","inLanguage":"sl-SI","@id":"https:\/\/hudo.com\/si\/#\/schema\/person\/image\/","url":"https:\/\/secure.gravatar.com\/avatar\/c4ca25fa72cace7a696b52ff5db9e095?s=96&d=mm&r=g","contentUrl":"https:\/\/secure.gravatar.com\/avatar\/c4ca25fa72cace7a696b52ff5db9e095?s=96&d=mm&r=g","caption":"hudo"},"url":"https:\/\/hudo.com\/si\/author\/hudo\/"}]}},"amp_enabled":true,"_links":{"self":[{"href":"https:\/\/hudo.com\/si\/wp-json\/wp\/v2\/posts\/233399"}],"collection":[{"href":"https:\/\/hudo.com\/si\/wp-json\/wp\/v2\/posts"}],"about":[{"href":"https:\/\/hudo.com\/si\/wp-json\/wp\/v2\/types\/post"}],"author":[{"embeddable":true,"href":"https:\/\/hudo.com\/si\/wp-json\/wp\/v2\/users\/1"}],"replies":[{"embeddable":true,"href":"https:\/\/hudo.com\/si\/wp-json\/wp\/v2\/comments?post=233399"}],"version-history":[{"count":0,"href":"https:\/\/hudo.com\/si\/wp-json\/wp\/v2\/posts\/233399\/revisions"}],"wp:attachment":[{"href":"https:\/\/hudo.com\/si\/wp-json\/wp\/v2\/media?parent=233399"}],"wp:term":[{"taxonomy":"category","embeddable":true,"href":"https:\/\/hudo.com\/si\/wp-json\/wp\/v2\/categories?post=233399"},{"taxonomy":"post_tag","embeddable":true,"href":"https:\/\/hudo.com\/si\/wp-json\/wp\/v2\/tags?post=233399"},{"taxonomy":"source","embeddable":true,"href":"https:\/\/hudo.com\/si\/wp-json\/wp\/v2\/source?post=233399"},{"taxonomy":"supertag","embeddable":true,"href":"https:\/\/hudo.com\/si\/wp-json\/wp\/v2\/supertag?post=233399"}],"curies":[{"name":"wp","href":"https:\/\/api.w.org\/{rel}","templated":true}]}}