{"id":234058,"date":"2017-03-30T13:26:00","date_gmt":"2017-03-30T11:26:00","guid":{"rendered":"http:\/\/hudo.com\/si\/2017\/03\/30\/drzavno-prvenstvo-se-pricenja-v-krskem\/"},"modified":"2017-03-30T18:21:45","modified_gmt":"2017-03-30T16:21:45","slug":"drzavno-prvenstvo-se-pricenja-v-krskem","status":"publish","type":"post","link":"https:\/\/hudo.com\/si\/aktualno\/drzavno-prvenstvo-se-pricenja-v-krskem\/","title":{"rendered":"Dr\u017eavno prvenstvo se pri\u010denja v Kr\u0161kem"},"content":{"rendered":"<p>Kategorija: Avtomoto Thu, 30 Mar 2017 15:26:00 +0200  Kr\u0161ko &#8211; Po zimskem premoru se v nedeljo ob 15. uri na stadionu Matije Gubca v Kr\u0161kem, pri\u010denja leto\u0161nja sezona v speedwayu. Ob dirki v Kr\u0161kem, se bodo za naslov dr\u017eavnega prvaka, ki ga ponovno brani Matej \u017dagar, na\u0161i vozniki merili \u0161e 15. aprila v Ljubljani in 1. julija v Peti\u0161ovcih pri Lendavi. Slovenski grb bodo na tej dirki nosili \u0161tirje vozniki, saj je po lanski sezoni pri\u0161lo do precej\u0161njega osipa v dirka\u0161kih vrstah na son\u010dni strani Alp. Dokler tako ne bodo mladi vozniki, ki se trenutno vzgajajo v klubih, dovolj zreli za dirka\u0161ko licenco in nastop na \u010dlanskih dirkah, bomo pesti stiskali za Mateja \u017dagarja in Nicka \u0160korjo iz AMTK Ljubljana ter Denisa \u0160tojsa in Matica Iva\u010di\u010da iz AMD Kr\u0161ko. Da bo tudi tokratna dirka zanimiva kot si uvod v sezono\u00a0&#8230;<\/p>\n","protected":false},"excerpt":{"rendered":"<p>Kategorija: Avtomoto Thu, 30 Mar 2017 15:26:00 +0200  Kr\u0161ko &#8211; Po zimskem premoru se v nedeljo ob 15. uri na stadionu Matije Gubca v Kr\u0161kem, pri\u010denja leto\u0161nja sezona v speedwayu. Ob dirki v Kr\u0161kem, se bodo za naslov dr\u017eavnega prvaka, ki ga ponovno brani Matej \u017dagar, na\u0161i vozniki merili \u0161e 15. aprila v Ljubljani in 1. julija v Peti\u0161ovcih pri Lendavi. Slovenski grb bodo na tej dirki nosili \u0161tirje vozniki, saj je po lanski sezoni pri\u0161lo do precej\u0161njega osipa v dirka\u0161kih vrstah na son\u010dni strani Alp. Dokler tako ne bodo mladi vozniki, ki se trenutno vzgajajo v klubih, dovolj zreli za dirka\u0161ko licenco in nastop na \u010dlanskih dirkah, bomo pesti stiskali za Mateja \u017dagarja in Nicka \u0160korjo iz AMTK Ljubljana ter Denisa \u0160tojsa in Matica Iva\u010di\u010da iz AMD Kr\u0161ko. Da bo tudi tokratna dirka zanimiva kot si uvod v sezono\u00a0&#8230;<\/p>\n","protected":false},"author":1,"featured_media":0,"comment_status":"closed","ping_status":"closed","sticky":false,"template":"","format":"standard","meta":{"footnotes":""},"categories":[1179],"tags":[],"source":[1703],"supertag":[],"acf":[],"yoast_head":"<!-- This site is optimized with the Yoast SEO plugin v21.3 - https:\/\/yoast.com\/wordpress\/plugins\/seo\/ -->\n<title>Dr\u017eavno prvenstvo se pri\u010denja v Kr\u0161kem - Hudo Slovenija<\/title>\n<meta name=\"robots\" content=\"index, follow, max-snippet:-1, max-image-preview:large, max-video-preview:-1\" \/>\n<link rel=\"canonical\" href=\"https:\/\/hudo.com\/si\/aktualno\/drzavno-prvenstvo-se-pricenja-v-krskem\/\" \/>\n<meta property=\"og:locale\" content=\"sl_SI\" \/>\n<meta property=\"og:type\" content=\"article\" \/>\n<meta property=\"og:title\" content=\"Dr\u017eavno prvenstvo se pri\u010denja v Kr\u0161kem - Hudo Slovenija\" \/>\n<meta property=\"og:description\" content=\"Kategorija: Avtomoto Thu, 30 Mar 2017 15:26:00 +0200 Kr\u0161ko - Po zimskem premoru se v nedeljo ob 15. uri na stadionu Matije Gubca v Kr\u0161kem, pri\u010denja leto\u0161nja sezona v speedwayu. Ob dirki v Kr\u0161kem, se bodo za naslov dr\u017eavnega prvaka, ki ga ponovno brani Matej \u017dagar, na\u0161i vozniki merili \u0161e 15. aprila v Ljubljani in 1. julija v Peti\u0161ovcih pri Lendavi. Slovenski grb bodo na tej dirki nosili \u0161tirje vozniki, saj je po lanski sezoni pri\u0161lo do precej\u0161njega osipa v dirka\u0161kih vrstah na son\u010dni strani Alp. Dokler tako ne bodo mladi vozniki, ki se trenutno vzgajajo v klubih, dovolj zreli za dirka\u0161ko licenco in nastop na \u010dlanskih dirkah, bomo pesti stiskali za Mateja \u017dagarja in Nicka \u0160korjo iz AMTK Ljubljana ter Denisa \u0160tojsa in Matica Iva\u010di\u010da iz AMD Kr\u0161ko. Da bo tudi tokratna dirka zanimiva kot si uvod v sezono\u00a0...\" \/>\n<meta property=\"og:url\" content=\"https:\/\/hudo.com\/si\/aktualno\/drzavno-prvenstvo-se-pricenja-v-krskem\/\" \/>\n<meta property=\"og:site_name\" content=\"Hudo Slovenija\" \/>\n<meta property=\"article:publisher\" content=\"https:\/\/www.facebook.com\/hudo.si\" \/>\n<meta property=\"article:published_time\" content=\"2017-03-30T11:26:00+00:00\" \/>\n<meta property=\"article:modified_time\" content=\"2017-03-30T16:21:45+00:00\" \/>\n<meta property=\"og:image\" content=\"https:\/\/hudo.com\/si\/wp-content\/uploads\/sites\/2\/2017\/03\/480x290_Delo_Foto-20160430213835-92833500.jpeg\" \/>\n\t<meta property=\"og:image:width\" content=\"480\" \/>\n\t<meta property=\"og:image:height\" content=\"290\" \/>\n\t<meta property=\"og:image:type\" content=\"image\/jpeg\" \/>\n<meta name=\"author\" content=\"hudo\" \/>\n<meta name=\"twitter:card\" content=\"summary_large_image\" \/>\n<meta name=\"twitter:creator\" content=\"@hudo_si\" \/>\n<meta name=\"twitter:site\" content=\"@hudo_si\" \/>\n<meta name=\"twitter:label1\" content=\"Written by\" \/>\n\t<meta name=\"twitter:data1\" content=\"hudo\" \/>\n\t<meta name=\"twitter:label2\" content=\"Est. reading time\" \/>\n\t<meta name=\"twitter:data2\" content=\"1 minuta\" \/>\n<script type=\"application\/ld+json\" class=\"yoast-schema-graph\">{\"@context\":\"https:\/\/schema.org\",\"@graph\":[{\"@type\":\"Article\",\"@id\":\"https:\/\/hudo.com\/si\/aktualno\/drzavno-prvenstvo-se-pricenja-v-krskem\/#article\",\"isPartOf\":{\"@id\":\"https:\/\/hudo.com\/si\/aktualno\/drzavno-prvenstvo-se-pricenja-v-krskem\/\"},\"author\":{\"name\":\"hudo\",\"@id\":\"https:\/\/hudo.com\/si\/#\/schema\/person\/601cf3379633985b20f7e50f2bb47707\"},\"headline\":\"Dr\u017eavno prvenstvo se pri\u010denja v Kr\u0161kem\",\"datePublished\":\"2017-03-30T11:26:00+00:00\",\"dateModified\":\"2017-03-30T16:21:45+00:00\",\"mainEntityOfPage\":{\"@id\":\"https:\/\/hudo.com\/si\/aktualno\/drzavno-prvenstvo-se-pricenja-v-krskem\/\"},\"wordCount\":158,\"publisher\":{\"@id\":\"https:\/\/hudo.com\/si\/#organization\"},\"articleSection\":[\"Aktualno\"],\"inLanguage\":\"sl-SI\"},{\"@type\":\"WebPage\",\"@id\":\"https:\/\/hudo.com\/si\/aktualno\/drzavno-prvenstvo-se-pricenja-v-krskem\/\",\"url\":\"https:\/\/hudo.com\/si\/aktualno\/drzavno-prvenstvo-se-pricenja-v-krskem\/\",\"name\":\"Dr\u017eavno prvenstvo se pri\u010denja v Kr\u0161kem - Hudo Slovenija\",\"isPartOf\":{\"@id\":\"https:\/\/hudo.com\/si\/#website\"},\"datePublished\":\"2017-03-30T11:26:00+00:00\",\"dateModified\":\"2017-03-30T16:21:45+00:00\",\"breadcrumb\":{\"@id\":\"https:\/\/hudo.com\/si\/aktualno\/drzavno-prvenstvo-se-pricenja-v-krskem\/#breadcrumb\"},\"inLanguage\":\"sl-SI\",\"potentialAction\":[{\"@type\":\"ReadAction\",\"target\":[\"https:\/\/hudo.com\/si\/aktualno\/drzavno-prvenstvo-se-pricenja-v-krskem\/\"]}]},{\"@type\":\"BreadcrumbList\",\"@id\":\"https:\/\/hudo.com\/si\/aktualno\/drzavno-prvenstvo-se-pricenja-v-krskem\/#breadcrumb\",\"itemListElement\":[{\"@type\":\"ListItem\",\"position\":1,\"name\":\"Home\",\"item\":\"https:\/\/hudo.com\/si\/\"},{\"@type\":\"ListItem\",\"position\":2,\"name\":\"Dr\u017eavno prvenstvo se pri\u010denja v Kr\u0161kem\"}]},{\"@type\":\"WebSite\",\"@id\":\"https:\/\/hudo.com\/si\/#website\",\"url\":\"https:\/\/hudo.com\/si\/\",\"name\":\"Hudo Slovenija\",\"description\":\"Vse novice iz Slovenije in sveta\",\"publisher\":{\"@id\":\"https:\/\/hudo.com\/si\/#organization\"},\"potentialAction\":[{\"@type\":\"SearchAction\",\"target\":{\"@type\":\"EntryPoint\",\"urlTemplate\":\"https:\/\/hudo.com\/si\/?s={search_term_string}\"},\"query-input\":\"required name=search_term_string\"}],\"inLanguage\":\"sl-SI\"},{\"@type\":\"Organization\",\"@id\":\"https:\/\/hudo.com\/si\/#organization\",\"name\":\"VSN Media\",\"url\":\"https:\/\/hudo.com\/si\/\",\"logo\":{\"@type\":\"ImageObject\",\"inLanguage\":\"sl-SI\",\"@id\":\"https:\/\/hudo.com\/si\/#\/schema\/logo\/image\/\",\"url\":\"https:\/\/hudo.com\/si\/wp-content\/uploads\/sites\/2\/2021\/03\/hudo-app-2.png\",\"contentUrl\":\"https:\/\/hudo.com\/si\/wp-content\/uploads\/sites\/2\/2021\/03\/hudo-app-2.png\",\"width\":2185,\"height\":2167,\"caption\":\"VSN Media\"},\"image\":{\"@id\":\"https:\/\/hudo.com\/si\/#\/schema\/logo\/image\/\"},\"sameAs\":[\"https:\/\/www.facebook.com\/hudo.si\",\"https:\/\/twitter.com\/hudo_si\"]},{\"@type\":\"Person\",\"@id\":\"https:\/\/hudo.com\/si\/#\/schema\/person\/601cf3379633985b20f7e50f2bb47707\",\"name\":\"hudo\",\"image\":{\"@type\":\"ImageObject\",\"inLanguage\":\"sl-SI\",\"@id\":\"https:\/\/hudo.com\/si\/#\/schema\/person\/image\/\",\"url\":\"https:\/\/secure.gravatar.com\/avatar\/c4ca25fa72cace7a696b52ff5db9e095?s=96&d=mm&r=g\",\"contentUrl\":\"https:\/\/secure.gravatar.com\/avatar\/c4ca25fa72cace7a696b52ff5db9e095?s=96&d=mm&r=g\",\"caption\":\"hudo\"},\"url\":\"https:\/\/hudo.com\/si\/author\/hudo\/\"}]}<\/script>\n<!-- \/ Yoast SEO plugin. -->","yoast_head_json":{"title":"Dr\u017eavno prvenstvo se pri\u010denja v Kr\u0161kem - Hudo Slovenija","robots":{"index":"index","follow":"follow","max-snippet":"max-snippet:-1","max-image-preview":"max-image-preview:large","max-video-preview":"max-video-preview:-1"},"canonical":"https:\/\/hudo.com\/si\/aktualno\/drzavno-prvenstvo-se-pricenja-v-krskem\/","og_locale":"sl_SI","og_type":"article","og_title":"Dr\u017eavno prvenstvo se pri\u010denja v Kr\u0161kem - Hudo Slovenija","og_description":"Kategorija: Avtomoto Thu, 30 Mar 2017 15:26:00 +0200 Kr\u0161ko - Po zimskem premoru se v nedeljo ob 15. uri na stadionu Matije Gubca v Kr\u0161kem, pri\u010denja leto\u0161nja sezona v speedwayu. Ob dirki v Kr\u0161kem, se bodo za naslov dr\u017eavnega prvaka, ki ga ponovno brani Matej \u017dagar, na\u0161i vozniki merili \u0161e 15. aprila v Ljubljani in 1. julija v Peti\u0161ovcih pri Lendavi. Slovenski grb bodo na tej dirki nosili \u0161tirje vozniki, saj je po lanski sezoni pri\u0161lo do precej\u0161njega osipa v dirka\u0161kih vrstah na son\u010dni strani Alp. Dokler tako ne bodo mladi vozniki, ki se trenutno vzgajajo v klubih, dovolj zreli za dirka\u0161ko licenco in nastop na \u010dlanskih dirkah, bomo pesti stiskali za Mateja \u017dagarja in Nicka \u0160korjo iz AMTK Ljubljana ter Denisa \u0160tojsa in Matica Iva\u010di\u010da iz AMD Kr\u0161ko. Da bo tudi tokratna dirka zanimiva kot si uvod v sezono\u00a0...","og_url":"https:\/\/hudo.com\/si\/aktualno\/drzavno-prvenstvo-se-pricenja-v-krskem\/","og_site_name":"Hudo Slovenija","article_publisher":"https:\/\/www.facebook.com\/hudo.si","article_published_time":"2017-03-30T11:26:00+00:00","article_modified_time":"2017-03-30T16:21:45+00:00","og_image":[{"width":480,"height":290,"url":"https:\/\/hudo.com\/si\/wp-content\/uploads\/sites\/2\/2017\/03\/480x290_Delo_Foto-20160430213835-92833500.jpeg","type":"image\/jpeg"}],"author":"hudo","twitter_card":"summary_large_image","twitter_creator":"@hudo_si","twitter_site":"@hudo_si","twitter_misc":{"Written by":"hudo","Est. reading time":"1 minuta"},"schema":{"@context":"https:\/\/schema.org","@graph":[{"@type":"Article","@id":"https:\/\/hudo.com\/si\/aktualno\/drzavno-prvenstvo-se-pricenja-v-krskem\/#article","isPartOf":{"@id":"https:\/\/hudo.com\/si\/aktualno\/drzavno-prvenstvo-se-pricenja-v-krskem\/"},"author":{"name":"hudo","@id":"https:\/\/hudo.com\/si\/#\/schema\/person\/601cf3379633985b20f7e50f2bb47707"},"headline":"Dr\u017eavno prvenstvo se pri\u010denja v Kr\u0161kem","datePublished":"2017-03-30T11:26:00+00:00","dateModified":"2017-03-30T16:21:45+00:00","mainEntityOfPage":{"@id":"https:\/\/hudo.com\/si\/aktualno\/drzavno-prvenstvo-se-pricenja-v-krskem\/"},"wordCount":158,"publisher":{"@id":"https:\/\/hudo.com\/si\/#organization"},"articleSection":["Aktualno"],"inLanguage":"sl-SI"},{"@type":"WebPage","@id":"https:\/\/hudo.com\/si\/aktualno\/drzavno-prvenstvo-se-pricenja-v-krskem\/","url":"https:\/\/hudo.com\/si\/aktualno\/drzavno-prvenstvo-se-pricenja-v-krskem\/","name":"Dr\u017eavno prvenstvo se pri\u010denja v Kr\u0161kem - Hudo Slovenija","isPartOf":{"@id":"https:\/\/hudo.com\/si\/#website"},"datePublished":"2017-03-30T11:26:00+00:00","dateModified":"2017-03-30T16:21:45+00:00","breadcrumb":{"@id":"https:\/\/hudo.com\/si\/aktualno\/drzavno-prvenstvo-se-pricenja-v-krskem\/#breadcrumb"},"inLanguage":"sl-SI","potentialAction":[{"@type":"ReadAction","target":["https:\/\/hudo.com\/si\/aktualno\/drzavno-prvenstvo-se-pricenja-v-krskem\/"]}]},{"@type":"BreadcrumbList","@id":"https:\/\/hudo.com\/si\/aktualno\/drzavno-prvenstvo-se-pricenja-v-krskem\/#breadcrumb","itemListElement":[{"@type":"ListItem","position":1,"name":"Home","item":"https:\/\/hudo.com\/si\/"},{"@type":"ListItem","position":2,"name":"Dr\u017eavno prvenstvo se pri\u010denja v Kr\u0161kem"}]},{"@type":"WebSite","@id":"https:\/\/hudo.com\/si\/#website","url":"https:\/\/hudo.com\/si\/","name":"Hudo Slovenija","description":"Vse novice iz Slovenije in sveta","publisher":{"@id":"https:\/\/hudo.com\/si\/#organization"},"potentialAction":[{"@type":"SearchAction","target":{"@type":"EntryPoint","urlTemplate":"https:\/\/hudo.com\/si\/?s={search_term_string}"},"query-input":"required name=search_term_string"}],"inLanguage":"sl-SI"},{"@type":"Organization","@id":"https:\/\/hudo.com\/si\/#organization","name":"VSN Media","url":"https:\/\/hudo.com\/si\/","logo":{"@type":"ImageObject","inLanguage":"sl-SI","@id":"https:\/\/hudo.com\/si\/#\/schema\/logo\/image\/","url":"https:\/\/hudo.com\/si\/wp-content\/uploads\/sites\/2\/2021\/03\/hudo-app-2.png","contentUrl":"https:\/\/hudo.com\/si\/wp-content\/uploads\/sites\/2\/2021\/03\/hudo-app-2.png","width":2185,"height":2167,"caption":"VSN Media"},"image":{"@id":"https:\/\/hudo.com\/si\/#\/schema\/logo\/image\/"},"sameAs":["https:\/\/www.facebook.com\/hudo.si","https:\/\/twitter.com\/hudo_si"]},{"@type":"Person","@id":"https:\/\/hudo.com\/si\/#\/schema\/person\/601cf3379633985b20f7e50f2bb47707","name":"hudo","image":{"@type":"ImageObject","inLanguage":"sl-SI","@id":"https:\/\/hudo.com\/si\/#\/schema\/person\/image\/","url":"https:\/\/secure.gravatar.com\/avatar\/c4ca25fa72cace7a696b52ff5db9e095?s=96&d=mm&r=g","contentUrl":"https:\/\/secure.gravatar.com\/avatar\/c4ca25fa72cace7a696b52ff5db9e095?s=96&d=mm&r=g","caption":"hudo"},"url":"https:\/\/hudo.com\/si\/author\/hudo\/"}]}},"amp_enabled":true,"_links":{"self":[{"href":"https:\/\/hudo.com\/si\/wp-json\/wp\/v2\/posts\/234058"}],"collection":[{"href":"https:\/\/hudo.com\/si\/wp-json\/wp\/v2\/posts"}],"about":[{"href":"https:\/\/hudo.com\/si\/wp-json\/wp\/v2\/types\/post"}],"author":[{"embeddable":true,"href":"https:\/\/hudo.com\/si\/wp-json\/wp\/v2\/users\/1"}],"replies":[{"embeddable":true,"href":"https:\/\/hudo.com\/si\/wp-json\/wp\/v2\/comments?post=234058"}],"version-history":[{"count":1,"href":"https:\/\/hudo.com\/si\/wp-json\/wp\/v2\/posts\/234058\/revisions"}],"predecessor-version":[{"id":234114,"href":"https:\/\/hudo.com\/si\/wp-json\/wp\/v2\/posts\/234058\/revisions\/234114"}],"wp:attachment":[{"href":"https:\/\/hudo.com\/si\/wp-json\/wp\/v2\/media?parent=234058"}],"wp:term":[{"taxonomy":"category","embeddable":true,"href":"https:\/\/hudo.com\/si\/wp-json\/wp\/v2\/categories?post=234058"},{"taxonomy":"post_tag","embeddable":true,"href":"https:\/\/hudo.com\/si\/wp-json\/wp\/v2\/tags?post=234058"},{"taxonomy":"source","embeddable":true,"href":"https:\/\/hudo.com\/si\/wp-json\/wp\/v2\/source?post=234058"},{"taxonomy":"supertag","embeddable":true,"href":"https:\/\/hudo.com\/si\/wp-json\/wp\/v2\/supertag?post=234058"}],"curies":[{"name":"wp","href":"https:\/\/api.w.org\/{rel}","templated":true}]}}