{"id":234060,"date":"2017-03-30T13:24:00","date_gmt":"2017-03-30T11:24:00","guid":{"rendered":"http:\/\/hudo.com\/si\/2017\/03\/30\/vladni-predlog-zakona-o-drugem-tiru-pri-poslancih\/"},"modified":"2017-03-30T13:24:00","modified_gmt":"2017-03-30T11:24:00","slug":"vladni-predlog-zakona-o-drugem-tiru-pri-poslancih","status":"publish","type":"post","link":"https:\/\/hudo.com\/si\/aktualno\/vladni-predlog-zakona-o-drugem-tiru-pri-poslancih\/","title":{"rendered":"Vladni predlog zakona o drugem tiru pri poslancih"},"content":{"rendered":"<p>Kategorija: Infrastruktura Thu, 30 Mar 2017 15:24:00 +0200  Ljubljana \u2212 Vlada je na dana\u0161nji seji sprejela predlog zakona o drugem tiru, ki ureja temeljna vpra\u0161anja v zvezi z njegovim financiranjem, gradnjo, upravljanjem in gospodarjenjem. Predlog so \u017ee posredovali DZ v obravnavo in sprejetje po nujnem postopku. Vlada mora namre\u010d projekt prijaviti na razpis za evropska sredstva, ki se izte\u010de julija. Poleg vlade je sicer svoj predlog zakona o istem tiru vlo\u017eil tudi nepovezani poslanec Andrej \u010cu\u0161. Gre za identi\u010den zakon, kot ga je predlagala civilna iniciativa sveta za civilni nadzor projekta Drugi tir. Z vlo\u017eitvijo je tako \u010cu\u0161 pomagal civilni iniciativi in prehitel vladni predlog. \u010cu\u0161 je predlog zakona vlo\u017eil, ker je bolj strokoven od vladnega predloga, kjer je mnogo \u00bbv zraku\u00ab, je dejal na novinarski konferenci. \u00bbVladni predlog ima podobne nastavke kot pri Te\u0161u\u00a0&#8230;<\/p>\n","protected":false},"excerpt":{"rendered":"<p>Kategorija: Infrastruktura Thu, 30 Mar 2017 15:24:00 +0200  Ljubljana \u2212 Vlada je na dana\u0161nji seji sprejela predlog zakona o drugem tiru, ki ureja temeljna vpra\u0161anja v zvezi z njegovim financiranjem, gradnjo, upravljanjem in gospodarjenjem. Predlog so \u017ee posredovali DZ v obravnavo in sprejetje po nujnem postopku. Vlada mora namre\u010d projekt prijaviti na razpis za evropska sredstva, ki se izte\u010de julija. Poleg vlade je sicer svoj predlog zakona o istem tiru vlo\u017eil tudi nepovezani poslanec Andrej \u010cu\u0161. Gre za identi\u010den zakon, kot ga je predlagala civilna iniciativa sveta za civilni nadzor projekta Drugi tir. Z vlo\u017eitvijo je tako \u010cu\u0161 pomagal civilni iniciativi in prehitel vladni predlog. \u010cu\u0161 je predlog zakona vlo\u017eil, ker je bolj strokoven od vladnega predloga, kjer je mnogo \u00bbv zraku\u00ab, je dejal na novinarski konferenci. \u00bbVladni predlog ima podobne nastavke kot pri Te\u0161u\u00a0&#8230;<\/p>\n","protected":false},"author":1,"featured_media":0,"comment_status":"closed","ping_status":"closed","sticky":false,"template":"","format":"standard","meta":{"footnotes":""},"categories":[1179],"tags":[],"source":[1703],"supertag":[],"acf":[],"yoast_head":"<!-- This site is optimized with the Yoast SEO plugin v21.3 - https:\/\/yoast.com\/wordpress\/plugins\/seo\/ -->\n<title>Vladni predlog zakona o drugem tiru pri poslancih - Hudo Slovenija<\/title>\n<meta name=\"robots\" content=\"index, follow, max-snippet:-1, max-image-preview:large, max-video-preview:-1\" \/>\n<link rel=\"canonical\" href=\"https:\/\/hudo.com\/si\/aktualno\/vladni-predlog-zakona-o-drugem-tiru-pri-poslancih\/\" \/>\n<meta property=\"og:locale\" content=\"sl_SI\" \/>\n<meta property=\"og:type\" content=\"article\" \/>\n<meta property=\"og:title\" content=\"Vladni predlog zakona o drugem tiru pri poslancih - Hudo Slovenija\" \/>\n<meta property=\"og:description\" content=\"Kategorija: Infrastruktura Thu, 30 Mar 2017 15:24:00 +0200 Ljubljana \u2212 Vlada je na dana\u0161nji seji sprejela predlog zakona o drugem tiru, ki ureja temeljna vpra\u0161anja v zvezi z njegovim financiranjem, gradnjo, upravljanjem in gospodarjenjem. Predlog so \u017ee posredovali DZ v obravnavo in sprejetje po nujnem postopku. Vlada mora namre\u010d projekt prijaviti na razpis za evropska sredstva, ki se izte\u010de julija. Poleg vlade je sicer svoj predlog zakona o istem tiru vlo\u017eil tudi nepovezani poslanec Andrej \u010cu\u0161. Gre za identi\u010den zakon, kot ga je predlagala civilna iniciativa sveta za civilni nadzor projekta Drugi tir. Z vlo\u017eitvijo je tako \u010cu\u0161 pomagal civilni iniciativi in prehitel vladni predlog. \u010cu\u0161 je predlog zakona vlo\u017eil, ker je bolj strokoven od vladnega predloga, kjer je mnogo \u00bbv zraku\u00ab, je dejal na novinarski konferenci. \u00bbVladni predlog ima podobne nastavke kot pri Te\u0161u\u00a0...\" \/>\n<meta property=\"og:url\" content=\"https:\/\/hudo.com\/si\/aktualno\/vladni-predlog-zakona-o-drugem-tiru-pri-poslancih\/\" \/>\n<meta property=\"og:site_name\" content=\"Hudo Slovenija\" \/>\n<meta property=\"article:publisher\" content=\"https:\/\/www.facebook.com\/hudo.si\" \/>\n<meta property=\"article:published_time\" content=\"2017-03-30T11:24:00+00:00\" \/>\n<meta property=\"og:image\" content=\"https:\/\/hudo.com\/si\/wp-content\/uploads\/sites\/2\/2017\/03\/480x290_djvu_2036543_cvetop_iza-koper-1.jpeg\" \/>\n\t<meta property=\"og:image:width\" content=\"480\" \/>\n\t<meta property=\"og:image:height\" content=\"290\" \/>\n\t<meta property=\"og:image:type\" content=\"image\/jpeg\" \/>\n<meta name=\"author\" content=\"hudo\" \/>\n<meta name=\"twitter:card\" content=\"summary_large_image\" \/>\n<meta name=\"twitter:creator\" content=\"@hudo_si\" \/>\n<meta name=\"twitter:site\" content=\"@hudo_si\" \/>\n<meta name=\"twitter:label1\" content=\"Written by\" \/>\n\t<meta name=\"twitter:data1\" content=\"hudo\" \/>\n\t<meta name=\"twitter:label2\" content=\"Est. reading time\" \/>\n\t<meta name=\"twitter:data2\" content=\"1 minuta\" \/>\n<script type=\"application\/ld+json\" class=\"yoast-schema-graph\">{\"@context\":\"https:\/\/schema.org\",\"@graph\":[{\"@type\":\"Article\",\"@id\":\"https:\/\/hudo.com\/si\/aktualno\/vladni-predlog-zakona-o-drugem-tiru-pri-poslancih\/#article\",\"isPartOf\":{\"@id\":\"https:\/\/hudo.com\/si\/aktualno\/vladni-predlog-zakona-o-drugem-tiru-pri-poslancih\/\"},\"author\":{\"name\":\"hudo\",\"@id\":\"https:\/\/hudo.com\/si\/#\/schema\/person\/601cf3379633985b20f7e50f2bb47707\"},\"headline\":\"Vladni predlog zakona o drugem tiru pri poslancih\",\"datePublished\":\"2017-03-30T11:24:00+00:00\",\"dateModified\":\"2017-03-30T11:24:00+00:00\",\"mainEntityOfPage\":{\"@id\":\"https:\/\/hudo.com\/si\/aktualno\/vladni-predlog-zakona-o-drugem-tiru-pri-poslancih\/\"},\"wordCount\":146,\"publisher\":{\"@id\":\"https:\/\/hudo.com\/si\/#organization\"},\"articleSection\":[\"Aktualno\"],\"inLanguage\":\"sl-SI\"},{\"@type\":\"WebPage\",\"@id\":\"https:\/\/hudo.com\/si\/aktualno\/vladni-predlog-zakona-o-drugem-tiru-pri-poslancih\/\",\"url\":\"https:\/\/hudo.com\/si\/aktualno\/vladni-predlog-zakona-o-drugem-tiru-pri-poslancih\/\",\"name\":\"Vladni predlog zakona o drugem tiru pri poslancih - Hudo Slovenija\",\"isPartOf\":{\"@id\":\"https:\/\/hudo.com\/si\/#website\"},\"datePublished\":\"2017-03-30T11:24:00+00:00\",\"dateModified\":\"2017-03-30T11:24:00+00:00\",\"breadcrumb\":{\"@id\":\"https:\/\/hudo.com\/si\/aktualno\/vladni-predlog-zakona-o-drugem-tiru-pri-poslancih\/#breadcrumb\"},\"inLanguage\":\"sl-SI\",\"potentialAction\":[{\"@type\":\"ReadAction\",\"target\":[\"https:\/\/hudo.com\/si\/aktualno\/vladni-predlog-zakona-o-drugem-tiru-pri-poslancih\/\"]}]},{\"@type\":\"BreadcrumbList\",\"@id\":\"https:\/\/hudo.com\/si\/aktualno\/vladni-predlog-zakona-o-drugem-tiru-pri-poslancih\/#breadcrumb\",\"itemListElement\":[{\"@type\":\"ListItem\",\"position\":1,\"name\":\"Home\",\"item\":\"https:\/\/hudo.com\/si\/\"},{\"@type\":\"ListItem\",\"position\":2,\"name\":\"Vladni predlog zakona o drugem tiru pri poslancih\"}]},{\"@type\":\"WebSite\",\"@id\":\"https:\/\/hudo.com\/si\/#website\",\"url\":\"https:\/\/hudo.com\/si\/\",\"name\":\"Hudo Slovenija\",\"description\":\"Vse novice iz Slovenije in sveta\",\"publisher\":{\"@id\":\"https:\/\/hudo.com\/si\/#organization\"},\"potentialAction\":[{\"@type\":\"SearchAction\",\"target\":{\"@type\":\"EntryPoint\",\"urlTemplate\":\"https:\/\/hudo.com\/si\/?s={search_term_string}\"},\"query-input\":\"required name=search_term_string\"}],\"inLanguage\":\"sl-SI\"},{\"@type\":\"Organization\",\"@id\":\"https:\/\/hudo.com\/si\/#organization\",\"name\":\"VSN Media\",\"url\":\"https:\/\/hudo.com\/si\/\",\"logo\":{\"@type\":\"ImageObject\",\"inLanguage\":\"sl-SI\",\"@id\":\"https:\/\/hudo.com\/si\/#\/schema\/logo\/image\/\",\"url\":\"https:\/\/hudo.com\/si\/wp-content\/uploads\/sites\/2\/2021\/03\/hudo-app-2.png\",\"contentUrl\":\"https:\/\/hudo.com\/si\/wp-content\/uploads\/sites\/2\/2021\/03\/hudo-app-2.png\",\"width\":2185,\"height\":2167,\"caption\":\"VSN Media\"},\"image\":{\"@id\":\"https:\/\/hudo.com\/si\/#\/schema\/logo\/image\/\"},\"sameAs\":[\"https:\/\/www.facebook.com\/hudo.si\",\"https:\/\/twitter.com\/hudo_si\"]},{\"@type\":\"Person\",\"@id\":\"https:\/\/hudo.com\/si\/#\/schema\/person\/601cf3379633985b20f7e50f2bb47707\",\"name\":\"hudo\",\"image\":{\"@type\":\"ImageObject\",\"inLanguage\":\"sl-SI\",\"@id\":\"https:\/\/hudo.com\/si\/#\/schema\/person\/image\/\",\"url\":\"https:\/\/secure.gravatar.com\/avatar\/c4ca25fa72cace7a696b52ff5db9e095?s=96&d=mm&r=g\",\"contentUrl\":\"https:\/\/secure.gravatar.com\/avatar\/c4ca25fa72cace7a696b52ff5db9e095?s=96&d=mm&r=g\",\"caption\":\"hudo\"},\"url\":\"https:\/\/hudo.com\/si\/author\/hudo\/\"}]}<\/script>\n<!-- \/ Yoast SEO plugin. -->","yoast_head_json":{"title":"Vladni predlog zakona o drugem tiru pri poslancih - Hudo Slovenija","robots":{"index":"index","follow":"follow","max-snippet":"max-snippet:-1","max-image-preview":"max-image-preview:large","max-video-preview":"max-video-preview:-1"},"canonical":"https:\/\/hudo.com\/si\/aktualno\/vladni-predlog-zakona-o-drugem-tiru-pri-poslancih\/","og_locale":"sl_SI","og_type":"article","og_title":"Vladni predlog zakona o drugem tiru pri poslancih - Hudo Slovenija","og_description":"Kategorija: Infrastruktura Thu, 30 Mar 2017 15:24:00 +0200 Ljubljana \u2212 Vlada je na dana\u0161nji seji sprejela predlog zakona o drugem tiru, ki ureja temeljna vpra\u0161anja v zvezi z njegovim financiranjem, gradnjo, upravljanjem in gospodarjenjem. Predlog so \u017ee posredovali DZ v obravnavo in sprejetje po nujnem postopku. Vlada mora namre\u010d projekt prijaviti na razpis za evropska sredstva, ki se izte\u010de julija. Poleg vlade je sicer svoj predlog zakona o istem tiru vlo\u017eil tudi nepovezani poslanec Andrej \u010cu\u0161. Gre za identi\u010den zakon, kot ga je predlagala civilna iniciativa sveta za civilni nadzor projekta Drugi tir. Z vlo\u017eitvijo je tako \u010cu\u0161 pomagal civilni iniciativi in prehitel vladni predlog. \u010cu\u0161 je predlog zakona vlo\u017eil, ker je bolj strokoven od vladnega predloga, kjer je mnogo \u00bbv zraku\u00ab, je dejal na novinarski konferenci. \u00bbVladni predlog ima podobne nastavke kot pri Te\u0161u\u00a0...","og_url":"https:\/\/hudo.com\/si\/aktualno\/vladni-predlog-zakona-o-drugem-tiru-pri-poslancih\/","og_site_name":"Hudo Slovenija","article_publisher":"https:\/\/www.facebook.com\/hudo.si","article_published_time":"2017-03-30T11:24:00+00:00","og_image":[{"width":480,"height":290,"url":"https:\/\/hudo.com\/si\/wp-content\/uploads\/sites\/2\/2017\/03\/480x290_djvu_2036543_cvetop_iza-koper-1.jpeg","type":"image\/jpeg"}],"author":"hudo","twitter_card":"summary_large_image","twitter_creator":"@hudo_si","twitter_site":"@hudo_si","twitter_misc":{"Written by":"hudo","Est. reading time":"1 minuta"},"schema":{"@context":"https:\/\/schema.org","@graph":[{"@type":"Article","@id":"https:\/\/hudo.com\/si\/aktualno\/vladni-predlog-zakona-o-drugem-tiru-pri-poslancih\/#article","isPartOf":{"@id":"https:\/\/hudo.com\/si\/aktualno\/vladni-predlog-zakona-o-drugem-tiru-pri-poslancih\/"},"author":{"name":"hudo","@id":"https:\/\/hudo.com\/si\/#\/schema\/person\/601cf3379633985b20f7e50f2bb47707"},"headline":"Vladni predlog zakona o drugem tiru pri poslancih","datePublished":"2017-03-30T11:24:00+00:00","dateModified":"2017-03-30T11:24:00+00:00","mainEntityOfPage":{"@id":"https:\/\/hudo.com\/si\/aktualno\/vladni-predlog-zakona-o-drugem-tiru-pri-poslancih\/"},"wordCount":146,"publisher":{"@id":"https:\/\/hudo.com\/si\/#organization"},"articleSection":["Aktualno"],"inLanguage":"sl-SI"},{"@type":"WebPage","@id":"https:\/\/hudo.com\/si\/aktualno\/vladni-predlog-zakona-o-drugem-tiru-pri-poslancih\/","url":"https:\/\/hudo.com\/si\/aktualno\/vladni-predlog-zakona-o-drugem-tiru-pri-poslancih\/","name":"Vladni predlog zakona o drugem tiru pri poslancih - Hudo Slovenija","isPartOf":{"@id":"https:\/\/hudo.com\/si\/#website"},"datePublished":"2017-03-30T11:24:00+00:00","dateModified":"2017-03-30T11:24:00+00:00","breadcrumb":{"@id":"https:\/\/hudo.com\/si\/aktualno\/vladni-predlog-zakona-o-drugem-tiru-pri-poslancih\/#breadcrumb"},"inLanguage":"sl-SI","potentialAction":[{"@type":"ReadAction","target":["https:\/\/hudo.com\/si\/aktualno\/vladni-predlog-zakona-o-drugem-tiru-pri-poslancih\/"]}]},{"@type":"BreadcrumbList","@id":"https:\/\/hudo.com\/si\/aktualno\/vladni-predlog-zakona-o-drugem-tiru-pri-poslancih\/#breadcrumb","itemListElement":[{"@type":"ListItem","position":1,"name":"Home","item":"https:\/\/hudo.com\/si\/"},{"@type":"ListItem","position":2,"name":"Vladni predlog zakona o drugem tiru pri poslancih"}]},{"@type":"WebSite","@id":"https:\/\/hudo.com\/si\/#website","url":"https:\/\/hudo.com\/si\/","name":"Hudo Slovenija","description":"Vse novice iz Slovenije in sveta","publisher":{"@id":"https:\/\/hudo.com\/si\/#organization"},"potentialAction":[{"@type":"SearchAction","target":{"@type":"EntryPoint","urlTemplate":"https:\/\/hudo.com\/si\/?s={search_term_string}"},"query-input":"required name=search_term_string"}],"inLanguage":"sl-SI"},{"@type":"Organization","@id":"https:\/\/hudo.com\/si\/#organization","name":"VSN Media","url":"https:\/\/hudo.com\/si\/","logo":{"@type":"ImageObject","inLanguage":"sl-SI","@id":"https:\/\/hudo.com\/si\/#\/schema\/logo\/image\/","url":"https:\/\/hudo.com\/si\/wp-content\/uploads\/sites\/2\/2021\/03\/hudo-app-2.png","contentUrl":"https:\/\/hudo.com\/si\/wp-content\/uploads\/sites\/2\/2021\/03\/hudo-app-2.png","width":2185,"height":2167,"caption":"VSN Media"},"image":{"@id":"https:\/\/hudo.com\/si\/#\/schema\/logo\/image\/"},"sameAs":["https:\/\/www.facebook.com\/hudo.si","https:\/\/twitter.com\/hudo_si"]},{"@type":"Person","@id":"https:\/\/hudo.com\/si\/#\/schema\/person\/601cf3379633985b20f7e50f2bb47707","name":"hudo","image":{"@type":"ImageObject","inLanguage":"sl-SI","@id":"https:\/\/hudo.com\/si\/#\/schema\/person\/image\/","url":"https:\/\/secure.gravatar.com\/avatar\/c4ca25fa72cace7a696b52ff5db9e095?s=96&d=mm&r=g","contentUrl":"https:\/\/secure.gravatar.com\/avatar\/c4ca25fa72cace7a696b52ff5db9e095?s=96&d=mm&r=g","caption":"hudo"},"url":"https:\/\/hudo.com\/si\/author\/hudo\/"}]}},"amp_enabled":true,"_links":{"self":[{"href":"https:\/\/hudo.com\/si\/wp-json\/wp\/v2\/posts\/234060"}],"collection":[{"href":"https:\/\/hudo.com\/si\/wp-json\/wp\/v2\/posts"}],"about":[{"href":"https:\/\/hudo.com\/si\/wp-json\/wp\/v2\/types\/post"}],"author":[{"embeddable":true,"href":"https:\/\/hudo.com\/si\/wp-json\/wp\/v2\/users\/1"}],"replies":[{"embeddable":true,"href":"https:\/\/hudo.com\/si\/wp-json\/wp\/v2\/comments?post=234060"}],"version-history":[{"count":0,"href":"https:\/\/hudo.com\/si\/wp-json\/wp\/v2\/posts\/234060\/revisions"}],"wp:attachment":[{"href":"https:\/\/hudo.com\/si\/wp-json\/wp\/v2\/media?parent=234060"}],"wp:term":[{"taxonomy":"category","embeddable":true,"href":"https:\/\/hudo.com\/si\/wp-json\/wp\/v2\/categories?post=234060"},{"taxonomy":"post_tag","embeddable":true,"href":"https:\/\/hudo.com\/si\/wp-json\/wp\/v2\/tags?post=234060"},{"taxonomy":"source","embeddable":true,"href":"https:\/\/hudo.com\/si\/wp-json\/wp\/v2\/source?post=234060"},{"taxonomy":"supertag","embeddable":true,"href":"https:\/\/hudo.com\/si\/wp-json\/wp\/v2\/supertag?post=234060"}],"curies":[{"name":"wp","href":"https:\/\/api.w.org\/{rel}","templated":true}]}}