{"id":234103,"date":"2017-03-30T14:09:32","date_gmt":"2017-03-30T12:09:32","guid":{"rendered":"http:\/\/hudo.com\/si\/2017\/03\/30\/civilna-iniciativa-s-skofij-z-netocnimi-informacijami-zavaja-javnost\/"},"modified":"2017-03-31T06:12:25","modified_gmt":"2017-03-31T04:12:25","slug":"civilna-iniciativa-s-skofij-z-netocnimi-informacijami-zavaja-javnost","status":"publish","type":"post","link":"https:\/\/hudo.com\/si\/aktualno\/civilna-iniciativa-s-skofij-z-netocnimi-informacijami-zavaja-javnost\/","title":{"rendered":"Civilna iniciativa s \u0160kofij z neto\u010dnimi informacijami zavaja javnost"},"content":{"rendered":"<p>V \u010dlanku z naslovom \u201c\u0160kofjoti bi sprejeli najve\u010d dve dru\u017eini\u201d, objavljenem v Primorskih novicah 13. 3. 2017, je novinarka med drugim zapisala, da Vlasta Ve\u017enaver od ministrstva za notranje zadeve terja pojasnila, na podlagi katerih kriterijev je dr\u017eava izbrala prav hostel na \u0160kofijah, saj po vedenju civilne iniciative objekt nima urejene po\u017earne varnosti, da so nejasnosti pri solastni\u0161tvu terase, da kanalizacijski sistem ni projektiran za tako veliko \u0161tevilo ljudi, in da bi se na\u0161lo \u0161e kaj. Zapisano ne dr\u017ei.<\/p>\n","protected":false},"excerpt":{"rendered":"<p>V \u010dlanku z naslovom \u201c\u0160kofjoti bi sprejeli najve\u010d dve dru\u017eini\u201d, objavljenem v Primorskih novicah 13. 3. 2017, je novinarka med drugim zapisala, da Vlasta Ve\u017enaver od ministrstva za notranje zadeve terja pojasnila, na podlagi katerih kriterijev je dr\u017eava izbrala prav hostel na \u0160kofijah, saj po vedenju civilne iniciative objekt nima urejene po\u017earne varnosti, da so nejasnosti pri solastni\u0161tvu terase, da kanalizacijski sistem ni projektiran za tako veliko \u0161tevilo ljudi, in da bi se na\u0161lo \u0161e kaj. Zapisano ne dr\u017ei.<\/p>\n","protected":false},"author":1,"featured_media":0,"comment_status":"closed","ping_status":"closed","sticky":false,"template":"","format":"standard","meta":{"footnotes":""},"categories":[1179],"tags":[],"source":[1707],"supertag":[],"acf":[],"yoast_head":"<!-- This site is optimized with the Yoast SEO plugin v21.3 - https:\/\/yoast.com\/wordpress\/plugins\/seo\/ -->\n<title>Civilna iniciativa s \u0160kofij z neto\u010dnimi informacijami zavaja javnost - Hudo Slovenija<\/title>\n<meta name=\"robots\" content=\"index, follow, max-snippet:-1, max-image-preview:large, max-video-preview:-1\" \/>\n<link rel=\"canonical\" href=\"https:\/\/hudo.com\/si\/aktualno\/civilna-iniciativa-s-skofij-z-netocnimi-informacijami-zavaja-javnost\/\" \/>\n<meta property=\"og:locale\" content=\"sl_SI\" \/>\n<meta property=\"og:type\" content=\"article\" \/>\n<meta property=\"og:title\" content=\"Civilna iniciativa s \u0160kofij z neto\u010dnimi informacijami zavaja javnost - Hudo Slovenija\" \/>\n<meta property=\"og:description\" content=\"V \u010dlanku z naslovom \u201c\u0160kofjoti bi sprejeli najve\u010d dve dru\u017eini\u201d, objavljenem v Primorskih novicah 13. 3. 2017, je novinarka med drugim zapisala, da Vlasta Ve\u017enaver od ministrstva za notranje zadeve terja pojasnila, na podlagi katerih kriterijev je dr\u017eava izbrala prav hostel na \u0160kofijah, saj po vedenju civilne iniciative objekt nima urejene po\u017earne varnosti, da so nejasnosti pri solastni\u0161tvu terase, da kanalizacijski sistem ni projektiran za tako veliko \u0161tevilo ljudi, in da bi se na\u0161lo \u0161e kaj. Zapisano ne dr\u017ei.\" \/>\n<meta property=\"og:url\" content=\"https:\/\/hudo.com\/si\/aktualno\/civilna-iniciativa-s-skofij-z-netocnimi-informacijami-zavaja-javnost\/\" \/>\n<meta property=\"og:site_name\" content=\"Hudo Slovenija\" \/>\n<meta property=\"article:publisher\" content=\"https:\/\/www.facebook.com\/hudo.si\" \/>\n<meta property=\"article:published_time\" content=\"2017-03-30T12:09:32+00:00\" \/>\n<meta property=\"article:modified_time\" content=\"2017-03-31T04:12:25+00:00\" \/>\n<meta property=\"og:image\" content=\"https:\/\/hudo.com\/si\/wp-content\/uploads\/sites\/2\/2017\/03\/55_-_skof_1.jpg\" \/>\n\t<meta property=\"og:image:width\" content=\"620\" \/>\n\t<meta property=\"og:image:height\" content=\"465\" \/>\n\t<meta property=\"og:image:type\" content=\"image\/jpeg\" \/>\n<meta name=\"author\" content=\"hudo\" \/>\n<meta name=\"twitter:card\" content=\"summary_large_image\" \/>\n<meta name=\"twitter:creator\" content=\"@hudo_si\" \/>\n<meta name=\"twitter:site\" content=\"@hudo_si\" \/>\n<meta name=\"twitter:label1\" content=\"Written by\" \/>\n\t<meta name=\"twitter:data1\" content=\"hudo\" \/>\n<script type=\"application\/ld+json\" class=\"yoast-schema-graph\">{\"@context\":\"https:\/\/schema.org\",\"@graph\":[{\"@type\":\"Article\",\"@id\":\"https:\/\/hudo.com\/si\/aktualno\/civilna-iniciativa-s-skofij-z-netocnimi-informacijami-zavaja-javnost\/#article\",\"isPartOf\":{\"@id\":\"https:\/\/hudo.com\/si\/aktualno\/civilna-iniciativa-s-skofij-z-netocnimi-informacijami-zavaja-javnost\/\"},\"author\":{\"name\":\"hudo\",\"@id\":\"https:\/\/hudo.com\/si\/#\/schema\/person\/601cf3379633985b20f7e50f2bb47707\"},\"headline\":\"Civilna iniciativa s \u0160kofij z neto\u010dnimi informacijami zavaja javnost\",\"datePublished\":\"2017-03-30T12:09:32+00:00\",\"dateModified\":\"2017-03-31T04:12:25+00:00\",\"mainEntityOfPage\":{\"@id\":\"https:\/\/hudo.com\/si\/aktualno\/civilna-iniciativa-s-skofij-z-netocnimi-informacijami-zavaja-javnost\/\"},\"wordCount\":93,\"publisher\":{\"@id\":\"https:\/\/hudo.com\/si\/#organization\"},\"articleSection\":[\"Aktualno\"],\"inLanguage\":\"sl-SI\"},{\"@type\":\"WebPage\",\"@id\":\"https:\/\/hudo.com\/si\/aktualno\/civilna-iniciativa-s-skofij-z-netocnimi-informacijami-zavaja-javnost\/\",\"url\":\"https:\/\/hudo.com\/si\/aktualno\/civilna-iniciativa-s-skofij-z-netocnimi-informacijami-zavaja-javnost\/\",\"name\":\"Civilna iniciativa s \u0160kofij z neto\u010dnimi informacijami zavaja javnost - Hudo Slovenija\",\"isPartOf\":{\"@id\":\"https:\/\/hudo.com\/si\/#website\"},\"datePublished\":\"2017-03-30T12:09:32+00:00\",\"dateModified\":\"2017-03-31T04:12:25+00:00\",\"breadcrumb\":{\"@id\":\"https:\/\/hudo.com\/si\/aktualno\/civilna-iniciativa-s-skofij-z-netocnimi-informacijami-zavaja-javnost\/#breadcrumb\"},\"inLanguage\":\"sl-SI\",\"potentialAction\":[{\"@type\":\"ReadAction\",\"target\":[\"https:\/\/hudo.com\/si\/aktualno\/civilna-iniciativa-s-skofij-z-netocnimi-informacijami-zavaja-javnost\/\"]}]},{\"@type\":\"BreadcrumbList\",\"@id\":\"https:\/\/hudo.com\/si\/aktualno\/civilna-iniciativa-s-skofij-z-netocnimi-informacijami-zavaja-javnost\/#breadcrumb\",\"itemListElement\":[{\"@type\":\"ListItem\",\"position\":1,\"name\":\"Home\",\"item\":\"https:\/\/hudo.com\/si\/\"},{\"@type\":\"ListItem\",\"position\":2,\"name\":\"Civilna iniciativa s \u0160kofij z neto\u010dnimi informacijami zavaja javnost\"}]},{\"@type\":\"WebSite\",\"@id\":\"https:\/\/hudo.com\/si\/#website\",\"url\":\"https:\/\/hudo.com\/si\/\",\"name\":\"Hudo Slovenija\",\"description\":\"Vse novice iz Slovenije in sveta\",\"publisher\":{\"@id\":\"https:\/\/hudo.com\/si\/#organization\"},\"potentialAction\":[{\"@type\":\"SearchAction\",\"target\":{\"@type\":\"EntryPoint\",\"urlTemplate\":\"https:\/\/hudo.com\/si\/?s={search_term_string}\"},\"query-input\":\"required name=search_term_string\"}],\"inLanguage\":\"sl-SI\"},{\"@type\":\"Organization\",\"@id\":\"https:\/\/hudo.com\/si\/#organization\",\"name\":\"VSN Media\",\"url\":\"https:\/\/hudo.com\/si\/\",\"logo\":{\"@type\":\"ImageObject\",\"inLanguage\":\"sl-SI\",\"@id\":\"https:\/\/hudo.com\/si\/#\/schema\/logo\/image\/\",\"url\":\"https:\/\/hudo.com\/si\/wp-content\/uploads\/sites\/2\/2021\/03\/hudo-app-2.png\",\"contentUrl\":\"https:\/\/hudo.com\/si\/wp-content\/uploads\/sites\/2\/2021\/03\/hudo-app-2.png\",\"width\":2185,\"height\":2167,\"caption\":\"VSN Media\"},\"image\":{\"@id\":\"https:\/\/hudo.com\/si\/#\/schema\/logo\/image\/\"},\"sameAs\":[\"https:\/\/www.facebook.com\/hudo.si\",\"https:\/\/twitter.com\/hudo_si\"]},{\"@type\":\"Person\",\"@id\":\"https:\/\/hudo.com\/si\/#\/schema\/person\/601cf3379633985b20f7e50f2bb47707\",\"name\":\"hudo\",\"image\":{\"@type\":\"ImageObject\",\"inLanguage\":\"sl-SI\",\"@id\":\"https:\/\/hudo.com\/si\/#\/schema\/person\/image\/\",\"url\":\"https:\/\/secure.gravatar.com\/avatar\/c4ca25fa72cace7a696b52ff5db9e095?s=96&d=mm&r=g\",\"contentUrl\":\"https:\/\/secure.gravatar.com\/avatar\/c4ca25fa72cace7a696b52ff5db9e095?s=96&d=mm&r=g\",\"caption\":\"hudo\"},\"url\":\"https:\/\/hudo.com\/si\/author\/hudo\/\"}]}<\/script>\n<!-- \/ Yoast SEO plugin. -->","yoast_head_json":{"title":"Civilna iniciativa s \u0160kofij z neto\u010dnimi informacijami zavaja javnost - Hudo Slovenija","robots":{"index":"index","follow":"follow","max-snippet":"max-snippet:-1","max-image-preview":"max-image-preview:large","max-video-preview":"max-video-preview:-1"},"canonical":"https:\/\/hudo.com\/si\/aktualno\/civilna-iniciativa-s-skofij-z-netocnimi-informacijami-zavaja-javnost\/","og_locale":"sl_SI","og_type":"article","og_title":"Civilna iniciativa s \u0160kofij z neto\u010dnimi informacijami zavaja javnost - Hudo Slovenija","og_description":"V \u010dlanku z naslovom \u201c\u0160kofjoti bi sprejeli najve\u010d dve dru\u017eini\u201d, objavljenem v Primorskih novicah 13. 3. 2017, je novinarka med drugim zapisala, da Vlasta Ve\u017enaver od ministrstva za notranje zadeve terja pojasnila, na podlagi katerih kriterijev je dr\u017eava izbrala prav hostel na \u0160kofijah, saj po vedenju civilne iniciative objekt nima urejene po\u017earne varnosti, da so nejasnosti pri solastni\u0161tvu terase, da kanalizacijski sistem ni projektiran za tako veliko \u0161tevilo ljudi, in da bi se na\u0161lo \u0161e kaj. Zapisano ne dr\u017ei.","og_url":"https:\/\/hudo.com\/si\/aktualno\/civilna-iniciativa-s-skofij-z-netocnimi-informacijami-zavaja-javnost\/","og_site_name":"Hudo Slovenija","article_publisher":"https:\/\/www.facebook.com\/hudo.si","article_published_time":"2017-03-30T12:09:32+00:00","article_modified_time":"2017-03-31T04:12:25+00:00","og_image":[{"width":620,"height":465,"url":"https:\/\/hudo.com\/si\/wp-content\/uploads\/sites\/2\/2017\/03\/55_-_skof_1.jpg","type":"image\/jpeg"}],"author":"hudo","twitter_card":"summary_large_image","twitter_creator":"@hudo_si","twitter_site":"@hudo_si","twitter_misc":{"Written by":"hudo"},"schema":{"@context":"https:\/\/schema.org","@graph":[{"@type":"Article","@id":"https:\/\/hudo.com\/si\/aktualno\/civilna-iniciativa-s-skofij-z-netocnimi-informacijami-zavaja-javnost\/#article","isPartOf":{"@id":"https:\/\/hudo.com\/si\/aktualno\/civilna-iniciativa-s-skofij-z-netocnimi-informacijami-zavaja-javnost\/"},"author":{"name":"hudo","@id":"https:\/\/hudo.com\/si\/#\/schema\/person\/601cf3379633985b20f7e50f2bb47707"},"headline":"Civilna iniciativa s \u0160kofij z neto\u010dnimi informacijami zavaja javnost","datePublished":"2017-03-30T12:09:32+00:00","dateModified":"2017-03-31T04:12:25+00:00","mainEntityOfPage":{"@id":"https:\/\/hudo.com\/si\/aktualno\/civilna-iniciativa-s-skofij-z-netocnimi-informacijami-zavaja-javnost\/"},"wordCount":93,"publisher":{"@id":"https:\/\/hudo.com\/si\/#organization"},"articleSection":["Aktualno"],"inLanguage":"sl-SI"},{"@type":"WebPage","@id":"https:\/\/hudo.com\/si\/aktualno\/civilna-iniciativa-s-skofij-z-netocnimi-informacijami-zavaja-javnost\/","url":"https:\/\/hudo.com\/si\/aktualno\/civilna-iniciativa-s-skofij-z-netocnimi-informacijami-zavaja-javnost\/","name":"Civilna iniciativa s \u0160kofij z neto\u010dnimi informacijami zavaja javnost - Hudo Slovenija","isPartOf":{"@id":"https:\/\/hudo.com\/si\/#website"},"datePublished":"2017-03-30T12:09:32+00:00","dateModified":"2017-03-31T04:12:25+00:00","breadcrumb":{"@id":"https:\/\/hudo.com\/si\/aktualno\/civilna-iniciativa-s-skofij-z-netocnimi-informacijami-zavaja-javnost\/#breadcrumb"},"inLanguage":"sl-SI","potentialAction":[{"@type":"ReadAction","target":["https:\/\/hudo.com\/si\/aktualno\/civilna-iniciativa-s-skofij-z-netocnimi-informacijami-zavaja-javnost\/"]}]},{"@type":"BreadcrumbList","@id":"https:\/\/hudo.com\/si\/aktualno\/civilna-iniciativa-s-skofij-z-netocnimi-informacijami-zavaja-javnost\/#breadcrumb","itemListElement":[{"@type":"ListItem","position":1,"name":"Home","item":"https:\/\/hudo.com\/si\/"},{"@type":"ListItem","position":2,"name":"Civilna iniciativa s \u0160kofij z neto\u010dnimi informacijami zavaja javnost"}]},{"@type":"WebSite","@id":"https:\/\/hudo.com\/si\/#website","url":"https:\/\/hudo.com\/si\/","name":"Hudo Slovenija","description":"Vse novice iz Slovenije in sveta","publisher":{"@id":"https:\/\/hudo.com\/si\/#organization"},"potentialAction":[{"@type":"SearchAction","target":{"@type":"EntryPoint","urlTemplate":"https:\/\/hudo.com\/si\/?s={search_term_string}"},"query-input":"required name=search_term_string"}],"inLanguage":"sl-SI"},{"@type":"Organization","@id":"https:\/\/hudo.com\/si\/#organization","name":"VSN Media","url":"https:\/\/hudo.com\/si\/","logo":{"@type":"ImageObject","inLanguage":"sl-SI","@id":"https:\/\/hudo.com\/si\/#\/schema\/logo\/image\/","url":"https:\/\/hudo.com\/si\/wp-content\/uploads\/sites\/2\/2021\/03\/hudo-app-2.png","contentUrl":"https:\/\/hudo.com\/si\/wp-content\/uploads\/sites\/2\/2021\/03\/hudo-app-2.png","width":2185,"height":2167,"caption":"VSN Media"},"image":{"@id":"https:\/\/hudo.com\/si\/#\/schema\/logo\/image\/"},"sameAs":["https:\/\/www.facebook.com\/hudo.si","https:\/\/twitter.com\/hudo_si"]},{"@type":"Person","@id":"https:\/\/hudo.com\/si\/#\/schema\/person\/601cf3379633985b20f7e50f2bb47707","name":"hudo","image":{"@type":"ImageObject","inLanguage":"sl-SI","@id":"https:\/\/hudo.com\/si\/#\/schema\/person\/image\/","url":"https:\/\/secure.gravatar.com\/avatar\/c4ca25fa72cace7a696b52ff5db9e095?s=96&d=mm&r=g","contentUrl":"https:\/\/secure.gravatar.com\/avatar\/c4ca25fa72cace7a696b52ff5db9e095?s=96&d=mm&r=g","caption":"hudo"},"url":"https:\/\/hudo.com\/si\/author\/hudo\/"}]}},"amp_enabled":true,"_links":{"self":[{"href":"https:\/\/hudo.com\/si\/wp-json\/wp\/v2\/posts\/234103"}],"collection":[{"href":"https:\/\/hudo.com\/si\/wp-json\/wp\/v2\/posts"}],"about":[{"href":"https:\/\/hudo.com\/si\/wp-json\/wp\/v2\/types\/post"}],"author":[{"embeddable":true,"href":"https:\/\/hudo.com\/si\/wp-json\/wp\/v2\/users\/1"}],"replies":[{"embeddable":true,"href":"https:\/\/hudo.com\/si\/wp-json\/wp\/v2\/comments?post=234103"}],"version-history":[{"count":1,"href":"https:\/\/hudo.com\/si\/wp-json\/wp\/v2\/posts\/234103\/revisions"}],"predecessor-version":[{"id":234151,"href":"https:\/\/hudo.com\/si\/wp-json\/wp\/v2\/posts\/234103\/revisions\/234151"}],"wp:attachment":[{"href":"https:\/\/hudo.com\/si\/wp-json\/wp\/v2\/media?parent=234103"}],"wp:term":[{"taxonomy":"category","embeddable":true,"href":"https:\/\/hudo.com\/si\/wp-json\/wp\/v2\/categories?post=234103"},{"taxonomy":"post_tag","embeddable":true,"href":"https:\/\/hudo.com\/si\/wp-json\/wp\/v2\/tags?post=234103"},{"taxonomy":"source","embeddable":true,"href":"https:\/\/hudo.com\/si\/wp-json\/wp\/v2\/source?post=234103"},{"taxonomy":"supertag","embeddable":true,"href":"https:\/\/hudo.com\/si\/wp-json\/wp\/v2\/supertag?post=234103"}],"curies":[{"name":"wp","href":"https:\/\/api.w.org\/{rel}","templated":true}]}}