{"id":234112,"date":"2017-03-30T13:35:00","date_gmt":"2017-03-30T11:35:00","guid":{"rendered":"http:\/\/hudo.com\/si\/2017\/03\/30\/italijanska-policija-razbila-teroristicno-celico-v-srediscu-benetk-2\/"},"modified":"2017-03-31T05:12:30","modified_gmt":"2017-03-31T03:12:30","slug":"italijanska-policija-razbila-teroristicno-celico-v-srediscu-benetk-2","status":"publish","type":"post","link":"https:\/\/hudo.com\/si\/aktualno\/italijanska-policija-razbila-teroristicno-celico-v-srediscu-benetk-2\/","title":{"rendered":"Italijanska policija razbila teroristi\u010dno celico v sredi\u0161\u010du Benetk"},"content":{"rendered":"<p>Protiteroristi\u010dna enota italijanske policije je razbila aktivno d\u017eihadisti\u010dno teroristi\u010dno celico v zgodovinskem jedru Benetk. Kot je sporo\u010dila policija, so v operaciji davi aretirali tri odrasle in pridr\u017eali mladoletnika. Vsi odrasli prihajajo s Kosova in imajo veljavna dovoljenja za bivanje v Italiji. Osumljeni naj bi se po navedbah policije v zadnjih letih radikalizirali in naj bi na\u010drtovali napad na znameniti most Rialto v Benetkah. Kot je policija ugotovila s prislu\u0161kovanjem telefonskim pogovorom, so na\u010drtovali samomorilski napad, v katerem bi umrlo ve\u010d deset ljudi. Dva od aretiranih naj bi bila zaposlena kot natakarja v enem od bene\u0161kih lokalov. Policija je med operacijo, ki so jo izvedli minulo no\u010d, preiskala 12 lokacij v sredi\u0161\u010du Benetk ter bli\u017enjih mestih Mestre in Treviso. Operacija je rezultat zapletenih preiskav, v katerih so sodelovali strokovnjaki za boj proti terorizmu in mafiji. &#8220;Z vsemi neverniki v Benetkah, postavi\u0161 bombo pod Rialto in gre\u0161 naravnost v nebesa,&#8221; je izjavil eden od domnevnih na\u010drtovalcev napada, je na novinarski konferenci danes razkril bene\u0161ki to\u017eilec Adelchi d\u2018Ippolito. Dodal je, da je to bila ena od najbolj zaskrbljujo\u010dih izjav med prislu\u0161kovanjem. Skupino naj bi pristojne oblasti nadzorovale od lani. To\u017eilec je \u0161e pojasnil, da naj bi osumljenci prou\u010devali, kako izdelati eksploziv, a niso imeli potrebnih sestavin za izdelavo bombe. &#8220;Veliko je bilo govora o brezpogojni podpori skupini Islamska dr\u017eava. To ni bila samo teorija in dogma,&#8221; je \u0161e dejal to\u017eilec. Italijanski notranji minister Marco Minniti je pohvalil operacijo policije in dejal, da gre za pomemben uspeh v boju proti terorizmu. Most Rialto je ena od najve\u010djih bene\u0161kih turisti\u010dnih znamenitosti in najstarej\u0161i most od \u0161tirih mostov na Canale Grande. Zgradili so ga v 16. stoletju.<\/p>\n","protected":false},"excerpt":{"rendered":"<p>Protiteroristi\u010dna enota italijanske policije je razbila aktivno d\u017eihadisti\u010dno teroristi\u010dno celico v zgodovinskem jedru Benetk. Kot je sporo\u010dila policija, so v operaciji davi aretirali tri odrasle in pridr\u017eali mladoletnika. Vsi odrasli prihajajo s Kosova in imajo veljavna dovoljenja za bivanje v Italiji. Osumljeni naj bi se po navedbah policije v zadnjih letih radikalizirali in naj bi na\u010drtovali napad na znameniti most Rialto v Benetkah. Kot je policija ugotovila s prislu\u0161kovanjem telefonskim pogovorom, so na\u010drtovali samomorilski napad, v katerem bi umrlo ve\u010d deset ljudi. Dva od aretiranih naj bi bila zaposlena kot natakarja v enem od bene\u0161kih lokalov. Policija je med operacijo, ki so jo izvedli minulo no\u010d, preiskala 12 lokacij v sredi\u0161\u010du Benetk ter bli\u017enjih mestih Mestre in Treviso. Operacija je rezultat zapletenih preiskav, v katerih so sodelovali strokovnjaki za boj proti terorizmu in mafiji. &#8220;Z vsemi neverniki v Benetkah, postavi\u0161 bombo pod Rialto in gre\u0161 naravnost v nebesa,&#8221; je izjavil eden od domnevnih na\u010drtovalcev napada, je na novinarski konferenci danes razkril bene\u0161ki to\u017eilec Adelchi d\u2018Ippolito. Dodal je, da je to bila ena od najbolj zaskrbljujo\u010dih izjav med prislu\u0161kovanjem. Skupino naj bi pristojne oblasti nadzorovale od lani. To\u017eilec je \u0161e pojasnil, da naj bi osumljenci prou\u010devali, kako izdelati eksploziv, a niso imeli potrebnih sestavin za izdelavo bombe. &#8220;Veliko je bilo govora o brezpogojni podpori skupini Islamska dr\u017eava. To ni bila samo teorija in dogma,&#8221; je \u0161e dejal to\u017eilec. Italijanski notranji minister Marco Minniti je pohvalil operacijo policije in dejal, da gre za pomemben uspeh v boju proti terorizmu. Most Rialto je ena od najve\u010djih bene\u0161kih turisti\u010dnih znamenitosti in najstarej\u0161i most od \u0161tirih mostov na Canale Grande. Zgradili so ga v 16. stoletju.<\/p>\n","protected":false},"author":1,"featured_media":0,"comment_status":"closed","ping_status":"closed","sticky":false,"template":"","format":"standard","meta":{"footnotes":""},"categories":[1179],"tags":[],"source":[1711],"supertag":[],"acf":[],"yoast_head":"<!-- This site is optimized with the Yoast SEO plugin v21.3 - https:\/\/yoast.com\/wordpress\/plugins\/seo\/ -->\n<title>Italijanska policija razbila teroristi\u010dno celico v sredi\u0161\u010du Benetk - Hudo Slovenija<\/title>\n<meta name=\"robots\" content=\"index, follow, max-snippet:-1, max-image-preview:large, max-video-preview:-1\" \/>\n<link rel=\"canonical\" href=\"https:\/\/hudo.com\/si\/aktualno\/italijanska-policija-razbila-teroristicno-celico-v-srediscu-benetk-2\/\" \/>\n<meta property=\"og:locale\" content=\"sl_SI\" \/>\n<meta property=\"og:type\" content=\"article\" \/>\n<meta property=\"og:title\" content=\"Italijanska policija razbila teroristi\u010dno celico v sredi\u0161\u010du Benetk - Hudo Slovenija\" \/>\n<meta property=\"og:description\" content=\"Protiteroristi\u010dna enota italijanske policije je razbila aktivno d\u017eihadisti\u010dno teroristi\u010dno celico v zgodovinskem jedru Benetk. Kot je sporo\u010dila policija, so v operaciji davi aretirali tri odrasle in pridr\u017eali mladoletnika. Vsi odrasli prihajajo s Kosova in imajo veljavna dovoljenja za bivanje v Italiji. Osumljeni naj bi se po navedbah policije v zadnjih letih radikalizirali in naj bi na\u010drtovali napad na znameniti most Rialto v Benetkah. Kot je policija ugotovila s prislu\u0161kovanjem telefonskim pogovorom, so na\u010drtovali samomorilski napad, v katerem bi umrlo ve\u010d deset ljudi. Dva od aretiranih naj bi bila zaposlena kot natakarja v enem od bene\u0161kih lokalov. Policija je med operacijo, ki so jo izvedli minulo no\u010d, preiskala 12 lokacij v sredi\u0161\u010du Benetk ter bli\u017enjih mestih Mestre in Treviso. Operacija je rezultat zapletenih preiskav, v katerih so sodelovali strokovnjaki za boj proti terorizmu in mafiji. &quot;Z vsemi neverniki v Benetkah, postavi\u0161 bombo pod Rialto in gre\u0161 naravnost v nebesa,&quot; je izjavil eden od domnevnih na\u010drtovalcev napada, je na novinarski konferenci danes razkril bene\u0161ki to\u017eilec Adelchi d\u2018Ippolito. Dodal je, da je to bila ena od najbolj zaskrbljujo\u010dih izjav med prislu\u0161kovanjem. Skupino naj bi pristojne oblasti nadzorovale od lani. To\u017eilec je \u0161e pojasnil, da naj bi osumljenci prou\u010devali, kako izdelati eksploziv, a niso imeli potrebnih sestavin za izdelavo bombe. &quot;Veliko je bilo govora o brezpogojni podpori skupini Islamska dr\u017eava. To ni bila samo teorija in dogma,&quot; je \u0161e dejal to\u017eilec. Italijanski notranji minister Marco Minniti je pohvalil operacijo policije in dejal, da gre za pomemben uspeh v boju proti terorizmu. Most Rialto je ena od najve\u010djih bene\u0161kih turisti\u010dnih znamenitosti in najstarej\u0161i most od \u0161tirih mostov na Canale Grande. Zgradili so ga v 16. stoletju.\" \/>\n<meta property=\"og:url\" content=\"https:\/\/hudo.com\/si\/aktualno\/italijanska-policija-razbila-teroristicno-celico-v-srediscu-benetk-2\/\" \/>\n<meta property=\"og:site_name\" content=\"Hudo Slovenija\" \/>\n<meta property=\"article:publisher\" content=\"https:\/\/www.facebook.com\/hudo.si\" \/>\n<meta property=\"article:published_time\" content=\"2017-03-30T11:35:00+00:00\" \/>\n<meta property=\"article:modified_time\" content=\"2017-03-31T03:12:30+00:00\" \/>\n<meta property=\"og:image\" content=\"https:\/\/hudo.com\/si\/wp-content\/uploads\/sites\/2\/2017\/03\/MDF57395-300.jpg\" \/>\n\t<meta property=\"og:image:width\" content=\"450\" \/>\n\t<meta property=\"og:image:height\" content=\"306\" \/>\n\t<meta property=\"og:image:type\" content=\"image\/jpeg\" \/>\n<meta name=\"author\" content=\"hudo\" \/>\n<meta name=\"twitter:card\" content=\"summary_large_image\" \/>\n<meta name=\"twitter:creator\" content=\"@hudo_si\" \/>\n<meta name=\"twitter:site\" content=\"@hudo_si\" \/>\n<meta name=\"twitter:label1\" content=\"Written by\" \/>\n\t<meta name=\"twitter:data1\" content=\"hudo\" \/>\n\t<meta name=\"twitter:label2\" content=\"Est. reading time\" \/>\n\t<meta name=\"twitter:data2\" content=\"1 minuta\" \/>\n<script type=\"application\/ld+json\" class=\"yoast-schema-graph\">{\"@context\":\"https:\/\/schema.org\",\"@graph\":[{\"@type\":\"Article\",\"@id\":\"https:\/\/hudo.com\/si\/aktualno\/italijanska-policija-razbila-teroristicno-celico-v-srediscu-benetk-2\/#article\",\"isPartOf\":{\"@id\":\"https:\/\/hudo.com\/si\/aktualno\/italijanska-policija-razbila-teroristicno-celico-v-srediscu-benetk-2\/\"},\"author\":{\"name\":\"hudo\",\"@id\":\"https:\/\/hudo.com\/si\/#\/schema\/person\/601cf3379633985b20f7e50f2bb47707\"},\"headline\":\"Italijanska policija razbila teroristi\u010dno celico v sredi\u0161\u010du Benetk\",\"datePublished\":\"2017-03-30T11:35:00+00:00\",\"dateModified\":\"2017-03-31T03:12:30+00:00\",\"mainEntityOfPage\":{\"@id\":\"https:\/\/hudo.com\/si\/aktualno\/italijanska-policija-razbila-teroristicno-celico-v-srediscu-benetk-2\/\"},\"wordCount\":305,\"publisher\":{\"@id\":\"https:\/\/hudo.com\/si\/#organization\"},\"articleSection\":[\"Aktualno\"],\"inLanguage\":\"sl-SI\"},{\"@type\":\"WebPage\",\"@id\":\"https:\/\/hudo.com\/si\/aktualno\/italijanska-policija-razbila-teroristicno-celico-v-srediscu-benetk-2\/\",\"url\":\"https:\/\/hudo.com\/si\/aktualno\/italijanska-policija-razbila-teroristicno-celico-v-srediscu-benetk-2\/\",\"name\":\"Italijanska policija razbila teroristi\u010dno celico v sredi\u0161\u010du Benetk - Hudo Slovenija\",\"isPartOf\":{\"@id\":\"https:\/\/hudo.com\/si\/#website\"},\"datePublished\":\"2017-03-30T11:35:00+00:00\",\"dateModified\":\"2017-03-31T03:12:30+00:00\",\"breadcrumb\":{\"@id\":\"https:\/\/hudo.com\/si\/aktualno\/italijanska-policija-razbila-teroristicno-celico-v-srediscu-benetk-2\/#breadcrumb\"},\"inLanguage\":\"sl-SI\",\"potentialAction\":[{\"@type\":\"ReadAction\",\"target\":[\"https:\/\/hudo.com\/si\/aktualno\/italijanska-policija-razbila-teroristicno-celico-v-srediscu-benetk-2\/\"]}]},{\"@type\":\"BreadcrumbList\",\"@id\":\"https:\/\/hudo.com\/si\/aktualno\/italijanska-policija-razbila-teroristicno-celico-v-srediscu-benetk-2\/#breadcrumb\",\"itemListElement\":[{\"@type\":\"ListItem\",\"position\":1,\"name\":\"Home\",\"item\":\"https:\/\/hudo.com\/si\/\"},{\"@type\":\"ListItem\",\"position\":2,\"name\":\"Italijanska policija razbila teroristi\u010dno celico v sredi\u0161\u010du Benetk\"}]},{\"@type\":\"WebSite\",\"@id\":\"https:\/\/hudo.com\/si\/#website\",\"url\":\"https:\/\/hudo.com\/si\/\",\"name\":\"Hudo Slovenija\",\"description\":\"Vse novice iz Slovenije in sveta\",\"publisher\":{\"@id\":\"https:\/\/hudo.com\/si\/#organization\"},\"potentialAction\":[{\"@type\":\"SearchAction\",\"target\":{\"@type\":\"EntryPoint\",\"urlTemplate\":\"https:\/\/hudo.com\/si\/?s={search_term_string}\"},\"query-input\":\"required name=search_term_string\"}],\"inLanguage\":\"sl-SI\"},{\"@type\":\"Organization\",\"@id\":\"https:\/\/hudo.com\/si\/#organization\",\"name\":\"VSN Media\",\"url\":\"https:\/\/hudo.com\/si\/\",\"logo\":{\"@type\":\"ImageObject\",\"inLanguage\":\"sl-SI\",\"@id\":\"https:\/\/hudo.com\/si\/#\/schema\/logo\/image\/\",\"url\":\"https:\/\/hudo.com\/si\/wp-content\/uploads\/sites\/2\/2021\/03\/hudo-app-2.png\",\"contentUrl\":\"https:\/\/hudo.com\/si\/wp-content\/uploads\/sites\/2\/2021\/03\/hudo-app-2.png\",\"width\":2185,\"height\":2167,\"caption\":\"VSN Media\"},\"image\":{\"@id\":\"https:\/\/hudo.com\/si\/#\/schema\/logo\/image\/\"},\"sameAs\":[\"https:\/\/www.facebook.com\/hudo.si\",\"https:\/\/twitter.com\/hudo_si\"]},{\"@type\":\"Person\",\"@id\":\"https:\/\/hudo.com\/si\/#\/schema\/person\/601cf3379633985b20f7e50f2bb47707\",\"name\":\"hudo\",\"image\":{\"@type\":\"ImageObject\",\"inLanguage\":\"sl-SI\",\"@id\":\"https:\/\/hudo.com\/si\/#\/schema\/person\/image\/\",\"url\":\"https:\/\/secure.gravatar.com\/avatar\/c4ca25fa72cace7a696b52ff5db9e095?s=96&d=mm&r=g\",\"contentUrl\":\"https:\/\/secure.gravatar.com\/avatar\/c4ca25fa72cace7a696b52ff5db9e095?s=96&d=mm&r=g\",\"caption\":\"hudo\"},\"url\":\"https:\/\/hudo.com\/si\/author\/hudo\/\"}]}<\/script>\n<!-- \/ Yoast SEO plugin. -->","yoast_head_json":{"title":"Italijanska policija razbila teroristi\u010dno celico v sredi\u0161\u010du Benetk - Hudo Slovenija","robots":{"index":"index","follow":"follow","max-snippet":"max-snippet:-1","max-image-preview":"max-image-preview:large","max-video-preview":"max-video-preview:-1"},"canonical":"https:\/\/hudo.com\/si\/aktualno\/italijanska-policija-razbila-teroristicno-celico-v-srediscu-benetk-2\/","og_locale":"sl_SI","og_type":"article","og_title":"Italijanska policija razbila teroristi\u010dno celico v sredi\u0161\u010du Benetk - Hudo Slovenija","og_description":"Protiteroristi\u010dna enota italijanske policije je razbila aktivno d\u017eihadisti\u010dno teroristi\u010dno celico v zgodovinskem jedru Benetk. Kot je sporo\u010dila policija, so v operaciji davi aretirali tri odrasle in pridr\u017eali mladoletnika. Vsi odrasli prihajajo s Kosova in imajo veljavna dovoljenja za bivanje v Italiji. Osumljeni naj bi se po navedbah policije v zadnjih letih radikalizirali in naj bi na\u010drtovali napad na znameniti most Rialto v Benetkah. Kot je policija ugotovila s prislu\u0161kovanjem telefonskim pogovorom, so na\u010drtovali samomorilski napad, v katerem bi umrlo ve\u010d deset ljudi. Dva od aretiranih naj bi bila zaposlena kot natakarja v enem od bene\u0161kih lokalov. Policija je med operacijo, ki so jo izvedli minulo no\u010d, preiskala 12 lokacij v sredi\u0161\u010du Benetk ter bli\u017enjih mestih Mestre in Treviso. Operacija je rezultat zapletenih preiskav, v katerih so sodelovali strokovnjaki za boj proti terorizmu in mafiji. \"Z vsemi neverniki v Benetkah, postavi\u0161 bombo pod Rialto in gre\u0161 naravnost v nebesa,\" je izjavil eden od domnevnih na\u010drtovalcev napada, je na novinarski konferenci danes razkril bene\u0161ki to\u017eilec Adelchi d\u2018Ippolito. Dodal je, da je to bila ena od najbolj zaskrbljujo\u010dih izjav med prislu\u0161kovanjem. Skupino naj bi pristojne oblasti nadzorovale od lani. To\u017eilec je \u0161e pojasnil, da naj bi osumljenci prou\u010devali, kako izdelati eksploziv, a niso imeli potrebnih sestavin za izdelavo bombe. \"Veliko je bilo govora o brezpogojni podpori skupini Islamska dr\u017eava. To ni bila samo teorija in dogma,\" je \u0161e dejal to\u017eilec. Italijanski notranji minister Marco Minniti je pohvalil operacijo policije in dejal, da gre za pomemben uspeh v boju proti terorizmu. Most Rialto je ena od najve\u010djih bene\u0161kih turisti\u010dnih znamenitosti in najstarej\u0161i most od \u0161tirih mostov na Canale Grande. Zgradili so ga v 16. stoletju.","og_url":"https:\/\/hudo.com\/si\/aktualno\/italijanska-policija-razbila-teroristicno-celico-v-srediscu-benetk-2\/","og_site_name":"Hudo Slovenija","article_publisher":"https:\/\/www.facebook.com\/hudo.si","article_published_time":"2017-03-30T11:35:00+00:00","article_modified_time":"2017-03-31T03:12:30+00:00","og_image":[{"width":450,"height":306,"url":"https:\/\/hudo.com\/si\/wp-content\/uploads\/sites\/2\/2017\/03\/MDF57395-300.jpg","type":"image\/jpeg"}],"author":"hudo","twitter_card":"summary_large_image","twitter_creator":"@hudo_si","twitter_site":"@hudo_si","twitter_misc":{"Written by":"hudo","Est. reading time":"1 minuta"},"schema":{"@context":"https:\/\/schema.org","@graph":[{"@type":"Article","@id":"https:\/\/hudo.com\/si\/aktualno\/italijanska-policija-razbila-teroristicno-celico-v-srediscu-benetk-2\/#article","isPartOf":{"@id":"https:\/\/hudo.com\/si\/aktualno\/italijanska-policija-razbila-teroristicno-celico-v-srediscu-benetk-2\/"},"author":{"name":"hudo","@id":"https:\/\/hudo.com\/si\/#\/schema\/person\/601cf3379633985b20f7e50f2bb47707"},"headline":"Italijanska policija razbila teroristi\u010dno celico v sredi\u0161\u010du Benetk","datePublished":"2017-03-30T11:35:00+00:00","dateModified":"2017-03-31T03:12:30+00:00","mainEntityOfPage":{"@id":"https:\/\/hudo.com\/si\/aktualno\/italijanska-policija-razbila-teroristicno-celico-v-srediscu-benetk-2\/"},"wordCount":305,"publisher":{"@id":"https:\/\/hudo.com\/si\/#organization"},"articleSection":["Aktualno"],"inLanguage":"sl-SI"},{"@type":"WebPage","@id":"https:\/\/hudo.com\/si\/aktualno\/italijanska-policija-razbila-teroristicno-celico-v-srediscu-benetk-2\/","url":"https:\/\/hudo.com\/si\/aktualno\/italijanska-policija-razbila-teroristicno-celico-v-srediscu-benetk-2\/","name":"Italijanska policija razbila teroristi\u010dno celico v sredi\u0161\u010du Benetk - Hudo Slovenija","isPartOf":{"@id":"https:\/\/hudo.com\/si\/#website"},"datePublished":"2017-03-30T11:35:00+00:00","dateModified":"2017-03-31T03:12:30+00:00","breadcrumb":{"@id":"https:\/\/hudo.com\/si\/aktualno\/italijanska-policija-razbila-teroristicno-celico-v-srediscu-benetk-2\/#breadcrumb"},"inLanguage":"sl-SI","potentialAction":[{"@type":"ReadAction","target":["https:\/\/hudo.com\/si\/aktualno\/italijanska-policija-razbila-teroristicno-celico-v-srediscu-benetk-2\/"]}]},{"@type":"BreadcrumbList","@id":"https:\/\/hudo.com\/si\/aktualno\/italijanska-policija-razbila-teroristicno-celico-v-srediscu-benetk-2\/#breadcrumb","itemListElement":[{"@type":"ListItem","position":1,"name":"Home","item":"https:\/\/hudo.com\/si\/"},{"@type":"ListItem","position":2,"name":"Italijanska policija razbila teroristi\u010dno celico v sredi\u0161\u010du Benetk"}]},{"@type":"WebSite","@id":"https:\/\/hudo.com\/si\/#website","url":"https:\/\/hudo.com\/si\/","name":"Hudo Slovenija","description":"Vse novice iz Slovenije in sveta","publisher":{"@id":"https:\/\/hudo.com\/si\/#organization"},"potentialAction":[{"@type":"SearchAction","target":{"@type":"EntryPoint","urlTemplate":"https:\/\/hudo.com\/si\/?s={search_term_string}"},"query-input":"required name=search_term_string"}],"inLanguage":"sl-SI"},{"@type":"Organization","@id":"https:\/\/hudo.com\/si\/#organization","name":"VSN Media","url":"https:\/\/hudo.com\/si\/","logo":{"@type":"ImageObject","inLanguage":"sl-SI","@id":"https:\/\/hudo.com\/si\/#\/schema\/logo\/image\/","url":"https:\/\/hudo.com\/si\/wp-content\/uploads\/sites\/2\/2021\/03\/hudo-app-2.png","contentUrl":"https:\/\/hudo.com\/si\/wp-content\/uploads\/sites\/2\/2021\/03\/hudo-app-2.png","width":2185,"height":2167,"caption":"VSN Media"},"image":{"@id":"https:\/\/hudo.com\/si\/#\/schema\/logo\/image\/"},"sameAs":["https:\/\/www.facebook.com\/hudo.si","https:\/\/twitter.com\/hudo_si"]},{"@type":"Person","@id":"https:\/\/hudo.com\/si\/#\/schema\/person\/601cf3379633985b20f7e50f2bb47707","name":"hudo","image":{"@type":"ImageObject","inLanguage":"sl-SI","@id":"https:\/\/hudo.com\/si\/#\/schema\/person\/image\/","url":"https:\/\/secure.gravatar.com\/avatar\/c4ca25fa72cace7a696b52ff5db9e095?s=96&d=mm&r=g","contentUrl":"https:\/\/secure.gravatar.com\/avatar\/c4ca25fa72cace7a696b52ff5db9e095?s=96&d=mm&r=g","caption":"hudo"},"url":"https:\/\/hudo.com\/si\/author\/hudo\/"}]}},"amp_enabled":true,"_links":{"self":[{"href":"https:\/\/hudo.com\/si\/wp-json\/wp\/v2\/posts\/234112"}],"collection":[{"href":"https:\/\/hudo.com\/si\/wp-json\/wp\/v2\/posts"}],"about":[{"href":"https:\/\/hudo.com\/si\/wp-json\/wp\/v2\/types\/post"}],"author":[{"embeddable":true,"href":"https:\/\/hudo.com\/si\/wp-json\/wp\/v2\/users\/1"}],"replies":[{"embeddable":true,"href":"https:\/\/hudo.com\/si\/wp-json\/wp\/v2\/comments?post=234112"}],"version-history":[{"count":1,"href":"https:\/\/hudo.com\/si\/wp-json\/wp\/v2\/posts\/234112\/revisions"}],"predecessor-version":[{"id":234154,"href":"https:\/\/hudo.com\/si\/wp-json\/wp\/v2\/posts\/234112\/revisions\/234154"}],"wp:attachment":[{"href":"https:\/\/hudo.com\/si\/wp-json\/wp\/v2\/media?parent=234112"}],"wp:term":[{"taxonomy":"category","embeddable":true,"href":"https:\/\/hudo.com\/si\/wp-json\/wp\/v2\/categories?post=234112"},{"taxonomy":"post_tag","embeddable":true,"href":"https:\/\/hudo.com\/si\/wp-json\/wp\/v2\/tags?post=234112"},{"taxonomy":"source","embeddable":true,"href":"https:\/\/hudo.com\/si\/wp-json\/wp\/v2\/source?post=234112"},{"taxonomy":"supertag","embeddable":true,"href":"https:\/\/hudo.com\/si\/wp-json\/wp\/v2\/supertag?post=234112"}],"curies":[{"name":"wp","href":"https:\/\/api.w.org\/{rel}","templated":true}]}}