{"id":234136,"date":"2017-03-30T15:40:00","date_gmt":"2017-03-30T13:40:00","guid":{"rendered":"http:\/\/hudo.com\/si\/2017\/03\/30\/direktorat-za-socialne-zadeve-dobil-novo-direktorico\/"},"modified":"2017-03-30T19:21:23","modified_gmt":"2017-03-30T17:21:23","slug":"direktorat-za-socialne-zadeve-dobil-novo-direktorico","status":"publish","type":"post","link":"https:\/\/hudo.com\/si\/aktualno\/direktorat-za-socialne-zadeve-dobil-novo-direktorico\/","title":{"rendered":"Direktorat za socialne zadeve dobil novo direktorico"},"content":{"rendered":"<p>Kategorija: Politika Thu, 30 Mar 2017 17:40:00 +0200  Amonova na \u010delu direktorata za socialne zadeve Ljubljana &#8211; Vlada je danes Tanjo Amon imenovala na polo\u017eaj generalne direktorice direktorata za socialne zadeve na ministrstvu za delo. Petletni mandat bo za\u010dela v petek, so sporo\u010dili iz urada za komuniciranje. Poleg tega je Ireno Kuntari\u010d Hribar pooblastila za opravljanje funkcije direktorja \u0161tipendijskega, razvojnega, invalidskega in pre\u017eivninskega sklada. Po izobrazni je Amonova univerzitetna diplomirana pravnica, direktorat za socialne zadeve pa je za\u010dela voditi \u017ee decembra kot vr\u0161ilka dol\u017enosti. Na omenjenem direktoratu je bila zaposlena tudi v letih 2002-2012. Med leti 2012-2015 je bila direktorica dom\u017ealskega centra za socialno delo, zadnji dve leti pa \u0161e \u0161i\u0161enskega v Ljubljani. Kuntari\u010d Hribarjevo pa je vlada na dana\u0161nji seji pooblastila, da kot predsednica nadzornega sveta Javnega \u0161tipendijskega, razvojnega, invalidskega in pre\u017eivninskega sklada RS, opravlja funkcijo direktorice od 1. aprila,\u00a0&#8230;<\/p>\n","protected":false},"excerpt":{"rendered":"<p>Kategorija: Politika Thu, 30 Mar 2017 17:40:00 +0200  Amonova na \u010delu direktorata za socialne zadeve Ljubljana &#8211; Vlada je danes Tanjo Amon imenovala na polo\u017eaj generalne direktorice direktorata za socialne zadeve na ministrstvu za delo. Petletni mandat bo za\u010dela v petek, so sporo\u010dili iz urada za komuniciranje. Poleg tega je Ireno Kuntari\u010d Hribar pooblastila za opravljanje funkcije direktorja \u0161tipendijskega, razvojnega, invalidskega in pre\u017eivninskega sklada. Po izobrazni je Amonova univerzitetna diplomirana pravnica, direktorat za socialne zadeve pa je za\u010dela voditi \u017ee decembra kot vr\u0161ilka dol\u017enosti. Na omenjenem direktoratu je bila zaposlena tudi v letih 2002-2012. Med leti 2012-2015 je bila direktorica dom\u017ealskega centra za socialno delo, zadnji dve leti pa \u0161e \u0161i\u0161enskega v Ljubljani. Kuntari\u010d Hribarjevo pa je vlada na dana\u0161nji seji pooblastila, da kot predsednica nadzornega sveta Javnega \u0161tipendijskega, razvojnega, invalidskega in pre\u017eivninskega sklada RS, opravlja funkcijo direktorice od 1. aprila,\u00a0&#8230;<\/p>\n","protected":false},"author":1,"featured_media":0,"comment_status":"closed","ping_status":"closed","sticky":false,"template":"","format":"standard","meta":{"footnotes":""},"categories":[1179],"tags":[],"source":[1703],"supertag":[],"acf":[],"yoast_head":"<!-- This site is optimized with the Yoast SEO plugin v21.3 - https:\/\/yoast.com\/wordpress\/plugins\/seo\/ -->\n<title>Direktorat za socialne zadeve dobil novo direktorico - Hudo Slovenija<\/title>\n<meta name=\"robots\" content=\"index, follow, max-snippet:-1, max-image-preview:large, max-video-preview:-1\" \/>\n<link rel=\"canonical\" href=\"https:\/\/hudo.com\/si\/aktualno\/direktorat-za-socialne-zadeve-dobil-novo-direktorico\/\" \/>\n<meta property=\"og:locale\" content=\"sl_SI\" \/>\n<meta property=\"og:type\" content=\"article\" \/>\n<meta property=\"og:title\" content=\"Direktorat za socialne zadeve dobil novo direktorico - Hudo Slovenija\" \/>\n<meta property=\"og:description\" content=\"Kategorija: Politika Thu, 30 Mar 2017 17:40:00 +0200 Amonova na \u010delu direktorata za socialne zadeve Ljubljana - Vlada je danes Tanjo Amon imenovala na polo\u017eaj generalne direktorice direktorata za socialne zadeve na ministrstvu za delo. Petletni mandat bo za\u010dela v petek, so sporo\u010dili iz urada za komuniciranje. Poleg tega je Ireno Kuntari\u010d Hribar pooblastila za opravljanje funkcije direktorja \u0161tipendijskega, razvojnega, invalidskega in pre\u017eivninskega sklada. Po izobrazni je Amonova univerzitetna diplomirana pravnica, direktorat za socialne zadeve pa je za\u010dela voditi \u017ee decembra kot vr\u0161ilka dol\u017enosti. Na omenjenem direktoratu je bila zaposlena tudi v letih 2002-2012. Med leti 2012-2015 je bila direktorica dom\u017ealskega centra za socialno delo, zadnji dve leti pa \u0161e \u0161i\u0161enskega v Ljubljani. Kuntari\u010d Hribarjevo pa je vlada na dana\u0161nji seji pooblastila, da kot predsednica nadzornega sveta Javnega \u0161tipendijskega, razvojnega, invalidskega in pre\u017eivninskega sklada RS, opravlja funkcijo direktorice od 1. aprila,\u00a0...\" \/>\n<meta property=\"og:url\" content=\"https:\/\/hudo.com\/si\/aktualno\/direktorat-za-socialne-zadeve-dobil-novo-direktorico\/\" \/>\n<meta property=\"og:site_name\" content=\"Hudo Slovenija\" \/>\n<meta property=\"article:publisher\" content=\"https:\/\/www.facebook.com\/hudo.si\" \/>\n<meta property=\"article:published_time\" content=\"2017-03-30T13:40:00+00:00\" \/>\n<meta property=\"article:modified_time\" content=\"2017-03-30T17:21:23+00:00\" \/>\n<meta property=\"og:image\" content=\"https:\/\/hudo.com\/si\/wp-content\/uploads\/sites\/2\/2017\/03\/480x290_djvu_873605_cakaricn_-ipi-TISKOVNA-VLADA.jpeg\" \/>\n\t<meta property=\"og:image:width\" content=\"480\" \/>\n\t<meta property=\"og:image:height\" content=\"290\" \/>\n\t<meta property=\"og:image:type\" content=\"image\/jpeg\" \/>\n<meta name=\"author\" content=\"hudo\" \/>\n<meta name=\"twitter:card\" content=\"summary_large_image\" \/>\n<meta name=\"twitter:creator\" content=\"@hudo_si\" \/>\n<meta name=\"twitter:site\" content=\"@hudo_si\" \/>\n<meta name=\"twitter:label1\" content=\"Written by\" \/>\n\t<meta name=\"twitter:data1\" content=\"hudo\" \/>\n\t<meta name=\"twitter:label2\" content=\"Est. reading time\" \/>\n\t<meta name=\"twitter:data2\" content=\"1 minuta\" \/>\n<script type=\"application\/ld+json\" class=\"yoast-schema-graph\">{\"@context\":\"https:\/\/schema.org\",\"@graph\":[{\"@type\":\"Article\",\"@id\":\"https:\/\/hudo.com\/si\/aktualno\/direktorat-za-socialne-zadeve-dobil-novo-direktorico\/#article\",\"isPartOf\":{\"@id\":\"https:\/\/hudo.com\/si\/aktualno\/direktorat-za-socialne-zadeve-dobil-novo-direktorico\/\"},\"author\":{\"name\":\"hudo\",\"@id\":\"https:\/\/hudo.com\/si\/#\/schema\/person\/601cf3379633985b20f7e50f2bb47707\"},\"headline\":\"Direktorat za socialne zadeve dobil novo direktorico\",\"datePublished\":\"2017-03-30T13:40:00+00:00\",\"dateModified\":\"2017-03-30T17:21:23+00:00\",\"mainEntityOfPage\":{\"@id\":\"https:\/\/hudo.com\/si\/aktualno\/direktorat-za-socialne-zadeve-dobil-novo-direktorico\/\"},\"wordCount\":154,\"publisher\":{\"@id\":\"https:\/\/hudo.com\/si\/#organization\"},\"articleSection\":[\"Aktualno\"],\"inLanguage\":\"sl-SI\"},{\"@type\":\"WebPage\",\"@id\":\"https:\/\/hudo.com\/si\/aktualno\/direktorat-za-socialne-zadeve-dobil-novo-direktorico\/\",\"url\":\"https:\/\/hudo.com\/si\/aktualno\/direktorat-za-socialne-zadeve-dobil-novo-direktorico\/\",\"name\":\"Direktorat za socialne zadeve dobil novo direktorico - Hudo Slovenija\",\"isPartOf\":{\"@id\":\"https:\/\/hudo.com\/si\/#website\"},\"datePublished\":\"2017-03-30T13:40:00+00:00\",\"dateModified\":\"2017-03-30T17:21:23+00:00\",\"breadcrumb\":{\"@id\":\"https:\/\/hudo.com\/si\/aktualno\/direktorat-za-socialne-zadeve-dobil-novo-direktorico\/#breadcrumb\"},\"inLanguage\":\"sl-SI\",\"potentialAction\":[{\"@type\":\"ReadAction\",\"target\":[\"https:\/\/hudo.com\/si\/aktualno\/direktorat-za-socialne-zadeve-dobil-novo-direktorico\/\"]}]},{\"@type\":\"BreadcrumbList\",\"@id\":\"https:\/\/hudo.com\/si\/aktualno\/direktorat-za-socialne-zadeve-dobil-novo-direktorico\/#breadcrumb\",\"itemListElement\":[{\"@type\":\"ListItem\",\"position\":1,\"name\":\"Home\",\"item\":\"https:\/\/hudo.com\/si\/\"},{\"@type\":\"ListItem\",\"position\":2,\"name\":\"Direktorat za socialne zadeve dobil novo direktorico\"}]},{\"@type\":\"WebSite\",\"@id\":\"https:\/\/hudo.com\/si\/#website\",\"url\":\"https:\/\/hudo.com\/si\/\",\"name\":\"Hudo Slovenija\",\"description\":\"Vse novice iz Slovenije in sveta\",\"publisher\":{\"@id\":\"https:\/\/hudo.com\/si\/#organization\"},\"potentialAction\":[{\"@type\":\"SearchAction\",\"target\":{\"@type\":\"EntryPoint\",\"urlTemplate\":\"https:\/\/hudo.com\/si\/?s={search_term_string}\"},\"query-input\":\"required name=search_term_string\"}],\"inLanguage\":\"sl-SI\"},{\"@type\":\"Organization\",\"@id\":\"https:\/\/hudo.com\/si\/#organization\",\"name\":\"VSN Media\",\"url\":\"https:\/\/hudo.com\/si\/\",\"logo\":{\"@type\":\"ImageObject\",\"inLanguage\":\"sl-SI\",\"@id\":\"https:\/\/hudo.com\/si\/#\/schema\/logo\/image\/\",\"url\":\"https:\/\/hudo.com\/si\/wp-content\/uploads\/sites\/2\/2021\/03\/hudo-app-2.png\",\"contentUrl\":\"https:\/\/hudo.com\/si\/wp-content\/uploads\/sites\/2\/2021\/03\/hudo-app-2.png\",\"width\":2185,\"height\":2167,\"caption\":\"VSN Media\"},\"image\":{\"@id\":\"https:\/\/hudo.com\/si\/#\/schema\/logo\/image\/\"},\"sameAs\":[\"https:\/\/www.facebook.com\/hudo.si\",\"https:\/\/twitter.com\/hudo_si\"]},{\"@type\":\"Person\",\"@id\":\"https:\/\/hudo.com\/si\/#\/schema\/person\/601cf3379633985b20f7e50f2bb47707\",\"name\":\"hudo\",\"image\":{\"@type\":\"ImageObject\",\"inLanguage\":\"sl-SI\",\"@id\":\"https:\/\/hudo.com\/si\/#\/schema\/person\/image\/\",\"url\":\"https:\/\/secure.gravatar.com\/avatar\/c4ca25fa72cace7a696b52ff5db9e095?s=96&d=mm&r=g\",\"contentUrl\":\"https:\/\/secure.gravatar.com\/avatar\/c4ca25fa72cace7a696b52ff5db9e095?s=96&d=mm&r=g\",\"caption\":\"hudo\"},\"url\":\"https:\/\/hudo.com\/si\/author\/hudo\/\"}]}<\/script>\n<!-- \/ Yoast SEO plugin. -->","yoast_head_json":{"title":"Direktorat za socialne zadeve dobil novo direktorico - Hudo Slovenija","robots":{"index":"index","follow":"follow","max-snippet":"max-snippet:-1","max-image-preview":"max-image-preview:large","max-video-preview":"max-video-preview:-1"},"canonical":"https:\/\/hudo.com\/si\/aktualno\/direktorat-za-socialne-zadeve-dobil-novo-direktorico\/","og_locale":"sl_SI","og_type":"article","og_title":"Direktorat za socialne zadeve dobil novo direktorico - Hudo Slovenija","og_description":"Kategorija: Politika Thu, 30 Mar 2017 17:40:00 +0200 Amonova na \u010delu direktorata za socialne zadeve Ljubljana - Vlada je danes Tanjo Amon imenovala na polo\u017eaj generalne direktorice direktorata za socialne zadeve na ministrstvu za delo. Petletni mandat bo za\u010dela v petek, so sporo\u010dili iz urada za komuniciranje. Poleg tega je Ireno Kuntari\u010d Hribar pooblastila za opravljanje funkcije direktorja \u0161tipendijskega, razvojnega, invalidskega in pre\u017eivninskega sklada. Po izobrazni je Amonova univerzitetna diplomirana pravnica, direktorat za socialne zadeve pa je za\u010dela voditi \u017ee decembra kot vr\u0161ilka dol\u017enosti. Na omenjenem direktoratu je bila zaposlena tudi v letih 2002-2012. Med leti 2012-2015 je bila direktorica dom\u017ealskega centra za socialno delo, zadnji dve leti pa \u0161e \u0161i\u0161enskega v Ljubljani. Kuntari\u010d Hribarjevo pa je vlada na dana\u0161nji seji pooblastila, da kot predsednica nadzornega sveta Javnega \u0161tipendijskega, razvojnega, invalidskega in pre\u017eivninskega sklada RS, opravlja funkcijo direktorice od 1. aprila,\u00a0...","og_url":"https:\/\/hudo.com\/si\/aktualno\/direktorat-za-socialne-zadeve-dobil-novo-direktorico\/","og_site_name":"Hudo Slovenija","article_publisher":"https:\/\/www.facebook.com\/hudo.si","article_published_time":"2017-03-30T13:40:00+00:00","article_modified_time":"2017-03-30T17:21:23+00:00","og_image":[{"width":480,"height":290,"url":"https:\/\/hudo.com\/si\/wp-content\/uploads\/sites\/2\/2017\/03\/480x290_djvu_873605_cakaricn_-ipi-TISKOVNA-VLADA.jpeg","type":"image\/jpeg"}],"author":"hudo","twitter_card":"summary_large_image","twitter_creator":"@hudo_si","twitter_site":"@hudo_si","twitter_misc":{"Written by":"hudo","Est. reading time":"1 minuta"},"schema":{"@context":"https:\/\/schema.org","@graph":[{"@type":"Article","@id":"https:\/\/hudo.com\/si\/aktualno\/direktorat-za-socialne-zadeve-dobil-novo-direktorico\/#article","isPartOf":{"@id":"https:\/\/hudo.com\/si\/aktualno\/direktorat-za-socialne-zadeve-dobil-novo-direktorico\/"},"author":{"name":"hudo","@id":"https:\/\/hudo.com\/si\/#\/schema\/person\/601cf3379633985b20f7e50f2bb47707"},"headline":"Direktorat za socialne zadeve dobil novo direktorico","datePublished":"2017-03-30T13:40:00+00:00","dateModified":"2017-03-30T17:21:23+00:00","mainEntityOfPage":{"@id":"https:\/\/hudo.com\/si\/aktualno\/direktorat-za-socialne-zadeve-dobil-novo-direktorico\/"},"wordCount":154,"publisher":{"@id":"https:\/\/hudo.com\/si\/#organization"},"articleSection":["Aktualno"],"inLanguage":"sl-SI"},{"@type":"WebPage","@id":"https:\/\/hudo.com\/si\/aktualno\/direktorat-za-socialne-zadeve-dobil-novo-direktorico\/","url":"https:\/\/hudo.com\/si\/aktualno\/direktorat-za-socialne-zadeve-dobil-novo-direktorico\/","name":"Direktorat za socialne zadeve dobil novo direktorico - Hudo Slovenija","isPartOf":{"@id":"https:\/\/hudo.com\/si\/#website"},"datePublished":"2017-03-30T13:40:00+00:00","dateModified":"2017-03-30T17:21:23+00:00","breadcrumb":{"@id":"https:\/\/hudo.com\/si\/aktualno\/direktorat-za-socialne-zadeve-dobil-novo-direktorico\/#breadcrumb"},"inLanguage":"sl-SI","potentialAction":[{"@type":"ReadAction","target":["https:\/\/hudo.com\/si\/aktualno\/direktorat-za-socialne-zadeve-dobil-novo-direktorico\/"]}]},{"@type":"BreadcrumbList","@id":"https:\/\/hudo.com\/si\/aktualno\/direktorat-za-socialne-zadeve-dobil-novo-direktorico\/#breadcrumb","itemListElement":[{"@type":"ListItem","position":1,"name":"Home","item":"https:\/\/hudo.com\/si\/"},{"@type":"ListItem","position":2,"name":"Direktorat za socialne zadeve dobil novo direktorico"}]},{"@type":"WebSite","@id":"https:\/\/hudo.com\/si\/#website","url":"https:\/\/hudo.com\/si\/","name":"Hudo Slovenija","description":"Vse novice iz Slovenije in sveta","publisher":{"@id":"https:\/\/hudo.com\/si\/#organization"},"potentialAction":[{"@type":"SearchAction","target":{"@type":"EntryPoint","urlTemplate":"https:\/\/hudo.com\/si\/?s={search_term_string}"},"query-input":"required name=search_term_string"}],"inLanguage":"sl-SI"},{"@type":"Organization","@id":"https:\/\/hudo.com\/si\/#organization","name":"VSN Media","url":"https:\/\/hudo.com\/si\/","logo":{"@type":"ImageObject","inLanguage":"sl-SI","@id":"https:\/\/hudo.com\/si\/#\/schema\/logo\/image\/","url":"https:\/\/hudo.com\/si\/wp-content\/uploads\/sites\/2\/2021\/03\/hudo-app-2.png","contentUrl":"https:\/\/hudo.com\/si\/wp-content\/uploads\/sites\/2\/2021\/03\/hudo-app-2.png","width":2185,"height":2167,"caption":"VSN Media"},"image":{"@id":"https:\/\/hudo.com\/si\/#\/schema\/logo\/image\/"},"sameAs":["https:\/\/www.facebook.com\/hudo.si","https:\/\/twitter.com\/hudo_si"]},{"@type":"Person","@id":"https:\/\/hudo.com\/si\/#\/schema\/person\/601cf3379633985b20f7e50f2bb47707","name":"hudo","image":{"@type":"ImageObject","inLanguage":"sl-SI","@id":"https:\/\/hudo.com\/si\/#\/schema\/person\/image\/","url":"https:\/\/secure.gravatar.com\/avatar\/c4ca25fa72cace7a696b52ff5db9e095?s=96&d=mm&r=g","contentUrl":"https:\/\/secure.gravatar.com\/avatar\/c4ca25fa72cace7a696b52ff5db9e095?s=96&d=mm&r=g","caption":"hudo"},"url":"https:\/\/hudo.com\/si\/author\/hudo\/"}]}},"amp_enabled":true,"_links":{"self":[{"href":"https:\/\/hudo.com\/si\/wp-json\/wp\/v2\/posts\/234136"}],"collection":[{"href":"https:\/\/hudo.com\/si\/wp-json\/wp\/v2\/posts"}],"about":[{"href":"https:\/\/hudo.com\/si\/wp-json\/wp\/v2\/types\/post"}],"author":[{"embeddable":true,"href":"https:\/\/hudo.com\/si\/wp-json\/wp\/v2\/users\/1"}],"replies":[{"embeddable":true,"href":"https:\/\/hudo.com\/si\/wp-json\/wp\/v2\/comments?post=234136"}],"version-history":[{"count":1,"href":"https:\/\/hudo.com\/si\/wp-json\/wp\/v2\/posts\/234136\/revisions"}],"predecessor-version":[{"id":234166,"href":"https:\/\/hudo.com\/si\/wp-json\/wp\/v2\/posts\/234136\/revisions\/234166"}],"wp:attachment":[{"href":"https:\/\/hudo.com\/si\/wp-json\/wp\/v2\/media?parent=234136"}],"wp:term":[{"taxonomy":"category","embeddable":true,"href":"https:\/\/hudo.com\/si\/wp-json\/wp\/v2\/categories?post=234136"},{"taxonomy":"post_tag","embeddable":true,"href":"https:\/\/hudo.com\/si\/wp-json\/wp\/v2\/tags?post=234136"},{"taxonomy":"source","embeddable":true,"href":"https:\/\/hudo.com\/si\/wp-json\/wp\/v2\/source?post=234136"},{"taxonomy":"supertag","embeddable":true,"href":"https:\/\/hudo.com\/si\/wp-json\/wp\/v2\/supertag?post=234136"}],"curies":[{"name":"wp","href":"https:\/\/api.w.org\/{rel}","templated":true}]}}