{"id":234206,"date":"2017-03-30T17:19:00","date_gmt":"2017-03-30T15:19:00","guid":{"rendered":"http:\/\/hudo.com\/si\/2017\/03\/30\/enkrat-direktor-vecno-direktor\/"},"modified":"2017-03-31T07:12:52","modified_gmt":"2017-03-31T05:12:52","slug":"enkrat-direktor-vecno-direktor","status":"publish","type":"post","link":"https:\/\/hudo.com\/si\/aktualno\/enkrat-direktor-vecno-direktor\/","title":{"rendered":"Enkrat direktor, ve\u010dno direktor?"},"content":{"rendered":"<p>Kar \u0161tirim direktorjem mariborskih kulturnih zavodov &#8211; Umetnostne galerije Maribor, javnega zavoda Center kulturne dedi\u0161\u010dine Sinagoga Maribor, Kulturno-prireditvenega centra Narodni dom in Pokrajinskega muzeja Maribor &#8211; se letos iztekajo mandati, zato so v mariborski ob\u010dini \u017ee spro\u017eili postopke za izbiro. V zadnjih dveh primerih dilem ne bo, saj sta prijavljena le po en kandidat oziroma kandidatka. Za direktorja Narodnega doma se znova poteguje le sedanji direktor Vladimir Rukavina, enako za vodenje Pokrajinskega muzeja Maribor le direktorica Mirjana Koren. Tako ka\u017ee, da bosta dolgoletno direktorovanje nadaljevala. \u017de 25 let direktor Absolutni rekorder pri tem je Rukavina, ki bo letos sklenil \u017ee 25 let na \u010delu Narodnega doma, kjer je torej vse od ustanovitve zavoda, ki ima domicil v nekdanjem domu JNA. Pred petimi leti je nekaj &#8220;izzivalcev&#8221; imel, tokrat torej nikogar. Rukavina pravi, da \u017eeli nadaljevati delo, v tem \u0161e vidi izzive. Izpostavlja \u0161e, da ne glede na te\u017eko situacijo v kulturi niso nikoli zabele\u017eili negativnega stanja. Korenova je ta teden odsotna, zato za komentar ni bila dosegljiva. Za direktorja UGM in Sinagoge se, kakor je potrdil tudi vodja komisije mariborskega mestnega sveta za volitve in imenovanja Sa\u0161a Pelko, potegujejo po trije kandidati. Tudi v teh obeh primerih \u017eelita ustanovi voditi sedanji direktorici, to sta Breda Sluga Kolar, ki je direktorica UGM od leta 2007, in Marjetka Bedra\u010d, ki Sinagogo sedaj vodi kot vr\u0161ilka dol\u017enosti. Spomnimo, da je Bedra\u010deva vr\u0161ilka dol\u017enosti \u017ee nekaj let, saj sta bila med tem \u017ee dva razpisa razveljavljena oziroma ponovljena. Kakor so namre\u010d opozarjali v svetu zavoda in v Kviazu, je bilo smiselno prej spremeniti statut zavoda. Ne le zaradi korekcij pogojev, ki jih mora kandidat izpolnjevati (sedaj je bilo zahtevanih pet let delovnih izku\u0161enj na vodstvenem polo\u017eaju, po uveljavljeni spremembi statuta tega pogoja ni ve\u010d, temve\u010d zgolj delovne izku\u0161nje), ampak tudi zaradi drugih dilem. Denimo, kdo bo predstavnik zaposl<\/p>\n","protected":false},"excerpt":{"rendered":"<p>Kar \u0161tirim direktorjem mariborskih kulturnih zavodov &#8211; Umetnostne galerije Maribor, javnega zavoda Center kulturne dedi\u0161\u010dine Sinagoga Maribor, Kulturno-prireditvenega centra Narodni dom in Pokrajinskega muzeja Maribor &#8211; se letos iztekajo mandati, zato so v mariborski ob\u010dini \u017ee spro\u017eili postopke za izbiro. V zadnjih dveh primerih dilem ne bo, saj sta prijavljena le po en kandidat oziroma kandidatka. Za direktorja Narodnega doma se znova poteguje le sedanji direktor Vladimir Rukavina, enako za vodenje Pokrajinskega muzeja Maribor le direktorica Mirjana Koren. Tako ka\u017ee, da bosta dolgoletno direktorovanje nadaljevala. \u017de 25 let direktor Absolutni rekorder pri tem je Rukavina, ki bo letos sklenil \u017ee 25 let na \u010delu Narodnega doma, kjer je torej vse od ustanovitve zavoda, ki ima domicil v nekdanjem domu JNA. Pred petimi leti je nekaj &#8220;izzivalcev&#8221; imel, tokrat torej nikogar. Rukavina pravi, da \u017eeli nadaljevati delo, v tem \u0161e vidi izzive. Izpostavlja \u0161e, da ne glede na te\u017eko situacijo v kulturi niso nikoli zabele\u017eili negativnega stanja. Korenova je ta teden odsotna, zato za komentar ni bila dosegljiva. Za direktorja UGM in Sinagoge se, kakor je potrdil tudi vodja komisije mariborskega mestnega sveta za volitve in imenovanja Sa\u0161a Pelko, potegujejo po trije kandidati. Tudi v teh obeh primerih \u017eelita ustanovi voditi sedanji direktorici, to sta Breda Sluga Kolar, ki je direktorica UGM od leta 2007, in Marjetka Bedra\u010d, ki Sinagogo sedaj vodi kot vr\u0161ilka dol\u017enosti. Spomnimo, da je Bedra\u010deva vr\u0161ilka dol\u017enosti \u017ee nekaj let, saj sta bila med tem \u017ee dva razpisa razveljavljena oziroma ponovljena. Kakor so namre\u010d opozarjali v svetu zavoda in v Kviazu, je bilo smiselno prej spremeniti statut zavoda. Ne le zaradi korekcij pogojev, ki jih mora kandidat izpolnjevati (sedaj je bilo zahtevanih pet let delovnih izku\u0161enj na vodstvenem polo\u017eaju, po uveljavljeni spremembi statuta tega pogoja ni ve\u010d, temve\u010d zgolj delovne izku\u0161nje), ampak tudi zaradi drugih dilem. Denimo, kdo bo predstavnik zaposl<\/p>\n","protected":false},"author":1,"featured_media":0,"comment_status":"closed","ping_status":"closed","sticky":false,"template":"","format":"standard","meta":{"footnotes":""},"categories":[1179],"tags":[],"source":[1711],"supertag":[],"acf":[],"yoast_head":"<!-- This site is optimized with the Yoast SEO plugin v21.3 - https:\/\/yoast.com\/wordpress\/plugins\/seo\/ -->\n<title>Enkrat direktor, ve\u010dno direktor? - Hudo Slovenija<\/title>\n<meta name=\"robots\" content=\"index, follow, max-snippet:-1, max-image-preview:large, max-video-preview:-1\" \/>\n<link rel=\"canonical\" href=\"https:\/\/hudo.com\/si\/aktualno\/enkrat-direktor-vecno-direktor\/\" \/>\n<meta property=\"og:locale\" content=\"sl_SI\" \/>\n<meta property=\"og:type\" content=\"article\" \/>\n<meta property=\"og:title\" content=\"Enkrat direktor, ve\u010dno direktor? - Hudo Slovenija\" \/>\n<meta property=\"og:description\" content=\"Kar \u0161tirim direktorjem mariborskih kulturnih zavodov - Umetnostne galerije Maribor, javnega zavoda Center kulturne dedi\u0161\u010dine Sinagoga Maribor, Kulturno-prireditvenega centra Narodni dom in Pokrajinskega muzeja Maribor - se letos iztekajo mandati, zato so v mariborski ob\u010dini \u017ee spro\u017eili postopke za izbiro. V zadnjih dveh primerih dilem ne bo, saj sta prijavljena le po en kandidat oziroma kandidatka. Za direktorja Narodnega doma se znova poteguje le sedanji direktor Vladimir Rukavina, enako za vodenje Pokrajinskega muzeja Maribor le direktorica Mirjana Koren. Tako ka\u017ee, da bosta dolgoletno direktorovanje nadaljevala. \u017de 25 let direktor Absolutni rekorder pri tem je Rukavina, ki bo letos sklenil \u017ee 25 let na \u010delu Narodnega doma, kjer je torej vse od ustanovitve zavoda, ki ima domicil v nekdanjem domu JNA. Pred petimi leti je nekaj &quot;izzivalcev&quot; imel, tokrat torej nikogar. Rukavina pravi, da \u017eeli nadaljevati delo, v tem \u0161e vidi izzive. Izpostavlja \u0161e, da ne glede na te\u017eko situacijo v kulturi niso nikoli zabele\u017eili negativnega stanja. Korenova je ta teden odsotna, zato za komentar ni bila dosegljiva. Za direktorja UGM in Sinagoge se, kakor je potrdil tudi vodja komisije mariborskega mestnega sveta za volitve in imenovanja Sa\u0161a Pelko, potegujejo po trije kandidati. Tudi v teh obeh primerih \u017eelita ustanovi voditi sedanji direktorici, to sta Breda Sluga Kolar, ki je direktorica UGM od leta 2007, in Marjetka Bedra\u010d, ki Sinagogo sedaj vodi kot vr\u0161ilka dol\u017enosti. Spomnimo, da je Bedra\u010deva vr\u0161ilka dol\u017enosti \u017ee nekaj let, saj sta bila med tem \u017ee dva razpisa razveljavljena oziroma ponovljena. Kakor so namre\u010d opozarjali v svetu zavoda in v Kviazu, je bilo smiselno prej spremeniti statut zavoda. Ne le zaradi korekcij pogojev, ki jih mora kandidat izpolnjevati (sedaj je bilo zahtevanih pet let delovnih izku\u0161enj na vodstvenem polo\u017eaju, po uveljavljeni spremembi statuta tega pogoja ni ve\u010d, temve\u010d zgolj delovne izku\u0161nje), ampak tudi zaradi drugih dilem. Denimo, kdo bo predstavnik zaposl\" \/>\n<meta property=\"og:url\" content=\"https:\/\/hudo.com\/si\/aktualno\/enkrat-direktor-vecno-direktor\/\" \/>\n<meta property=\"og:site_name\" content=\"Hudo Slovenija\" \/>\n<meta property=\"article:publisher\" content=\"https:\/\/www.facebook.com\/hudo.si\" \/>\n<meta property=\"article:published_time\" content=\"2017-03-30T15:19:00+00:00\" \/>\n<meta property=\"article:modified_time\" content=\"2017-03-31T05:12:52+00:00\" \/>\n<meta property=\"og:image\" content=\"https:\/\/hudo.com\/si\/wp-content\/uploads\/sites\/2\/2017\/03\/00168726F-300.jpg\" \/>\n\t<meta property=\"og:image:width\" content=\"450\" \/>\n\t<meta property=\"og:image:height\" content=\"692\" \/>\n\t<meta property=\"og:image:type\" content=\"image\/jpeg\" \/>\n<meta name=\"author\" content=\"hudo\" \/>\n<meta name=\"twitter:card\" content=\"summary_large_image\" \/>\n<meta name=\"twitter:creator\" content=\"@hudo_si\" \/>\n<meta name=\"twitter:site\" content=\"@hudo_si\" \/>\n<meta name=\"twitter:label1\" content=\"Written by\" \/>\n\t<meta name=\"twitter:data1\" content=\"hudo\" \/>\n\t<meta name=\"twitter:label2\" content=\"Est. reading time\" \/>\n\t<meta name=\"twitter:data2\" content=\"2 minuti\" \/>\n<script type=\"application\/ld+json\" class=\"yoast-schema-graph\">{\"@context\":\"https:\/\/schema.org\",\"@graph\":[{\"@type\":\"Article\",\"@id\":\"https:\/\/hudo.com\/si\/aktualno\/enkrat-direktor-vecno-direktor\/#article\",\"isPartOf\":{\"@id\":\"https:\/\/hudo.com\/si\/aktualno\/enkrat-direktor-vecno-direktor\/\"},\"author\":{\"name\":\"hudo\",\"@id\":\"https:\/\/hudo.com\/si\/#\/schema\/person\/601cf3379633985b20f7e50f2bb47707\"},\"headline\":\"Enkrat direktor, ve\u010dno direktor?\",\"datePublished\":\"2017-03-30T15:19:00+00:00\",\"dateModified\":\"2017-03-31T05:12:52+00:00\",\"mainEntityOfPage\":{\"@id\":\"https:\/\/hudo.com\/si\/aktualno\/enkrat-direktor-vecno-direktor\/\"},\"wordCount\":321,\"publisher\":{\"@id\":\"https:\/\/hudo.com\/si\/#organization\"},\"articleSection\":[\"Aktualno\"],\"inLanguage\":\"sl-SI\"},{\"@type\":\"WebPage\",\"@id\":\"https:\/\/hudo.com\/si\/aktualno\/enkrat-direktor-vecno-direktor\/\",\"url\":\"https:\/\/hudo.com\/si\/aktualno\/enkrat-direktor-vecno-direktor\/\",\"name\":\"Enkrat direktor, ve\u010dno direktor? - Hudo Slovenija\",\"isPartOf\":{\"@id\":\"https:\/\/hudo.com\/si\/#website\"},\"datePublished\":\"2017-03-30T15:19:00+00:00\",\"dateModified\":\"2017-03-31T05:12:52+00:00\",\"breadcrumb\":{\"@id\":\"https:\/\/hudo.com\/si\/aktualno\/enkrat-direktor-vecno-direktor\/#breadcrumb\"},\"inLanguage\":\"sl-SI\",\"potentialAction\":[{\"@type\":\"ReadAction\",\"target\":[\"https:\/\/hudo.com\/si\/aktualno\/enkrat-direktor-vecno-direktor\/\"]}]},{\"@type\":\"BreadcrumbList\",\"@id\":\"https:\/\/hudo.com\/si\/aktualno\/enkrat-direktor-vecno-direktor\/#breadcrumb\",\"itemListElement\":[{\"@type\":\"ListItem\",\"position\":1,\"name\":\"Home\",\"item\":\"https:\/\/hudo.com\/si\/\"},{\"@type\":\"ListItem\",\"position\":2,\"name\":\"Enkrat direktor, ve\u010dno direktor?\"}]},{\"@type\":\"WebSite\",\"@id\":\"https:\/\/hudo.com\/si\/#website\",\"url\":\"https:\/\/hudo.com\/si\/\",\"name\":\"Hudo Slovenija\",\"description\":\"Vse novice iz Slovenije in sveta\",\"publisher\":{\"@id\":\"https:\/\/hudo.com\/si\/#organization\"},\"potentialAction\":[{\"@type\":\"SearchAction\",\"target\":{\"@type\":\"EntryPoint\",\"urlTemplate\":\"https:\/\/hudo.com\/si\/?s={search_term_string}\"},\"query-input\":\"required name=search_term_string\"}],\"inLanguage\":\"sl-SI\"},{\"@type\":\"Organization\",\"@id\":\"https:\/\/hudo.com\/si\/#organization\",\"name\":\"VSN Media\",\"url\":\"https:\/\/hudo.com\/si\/\",\"logo\":{\"@type\":\"ImageObject\",\"inLanguage\":\"sl-SI\",\"@id\":\"https:\/\/hudo.com\/si\/#\/schema\/logo\/image\/\",\"url\":\"https:\/\/hudo.com\/si\/wp-content\/uploads\/sites\/2\/2021\/03\/hudo-app-2.png\",\"contentUrl\":\"https:\/\/hudo.com\/si\/wp-content\/uploads\/sites\/2\/2021\/03\/hudo-app-2.png\",\"width\":2185,\"height\":2167,\"caption\":\"VSN Media\"},\"image\":{\"@id\":\"https:\/\/hudo.com\/si\/#\/schema\/logo\/image\/\"},\"sameAs\":[\"https:\/\/www.facebook.com\/hudo.si\",\"https:\/\/twitter.com\/hudo_si\"]},{\"@type\":\"Person\",\"@id\":\"https:\/\/hudo.com\/si\/#\/schema\/person\/601cf3379633985b20f7e50f2bb47707\",\"name\":\"hudo\",\"image\":{\"@type\":\"ImageObject\",\"inLanguage\":\"sl-SI\",\"@id\":\"https:\/\/hudo.com\/si\/#\/schema\/person\/image\/\",\"url\":\"https:\/\/secure.gravatar.com\/avatar\/c4ca25fa72cace7a696b52ff5db9e095?s=96&d=mm&r=g\",\"contentUrl\":\"https:\/\/secure.gravatar.com\/avatar\/c4ca25fa72cace7a696b52ff5db9e095?s=96&d=mm&r=g\",\"caption\":\"hudo\"},\"url\":\"https:\/\/hudo.com\/si\/author\/hudo\/\"}]}<\/script>\n<!-- \/ Yoast SEO plugin. -->","yoast_head_json":{"title":"Enkrat direktor, ve\u010dno direktor? - Hudo Slovenija","robots":{"index":"index","follow":"follow","max-snippet":"max-snippet:-1","max-image-preview":"max-image-preview:large","max-video-preview":"max-video-preview:-1"},"canonical":"https:\/\/hudo.com\/si\/aktualno\/enkrat-direktor-vecno-direktor\/","og_locale":"sl_SI","og_type":"article","og_title":"Enkrat direktor, ve\u010dno direktor? - Hudo Slovenija","og_description":"Kar \u0161tirim direktorjem mariborskih kulturnih zavodov - Umetnostne galerije Maribor, javnega zavoda Center kulturne dedi\u0161\u010dine Sinagoga Maribor, Kulturno-prireditvenega centra Narodni dom in Pokrajinskega muzeja Maribor - se letos iztekajo mandati, zato so v mariborski ob\u010dini \u017ee spro\u017eili postopke za izbiro. V zadnjih dveh primerih dilem ne bo, saj sta prijavljena le po en kandidat oziroma kandidatka. Za direktorja Narodnega doma se znova poteguje le sedanji direktor Vladimir Rukavina, enako za vodenje Pokrajinskega muzeja Maribor le direktorica Mirjana Koren. Tako ka\u017ee, da bosta dolgoletno direktorovanje nadaljevala. \u017de 25 let direktor Absolutni rekorder pri tem je Rukavina, ki bo letos sklenil \u017ee 25 let na \u010delu Narodnega doma, kjer je torej vse od ustanovitve zavoda, ki ima domicil v nekdanjem domu JNA. Pred petimi leti je nekaj \"izzivalcev\" imel, tokrat torej nikogar. Rukavina pravi, da \u017eeli nadaljevati delo, v tem \u0161e vidi izzive. Izpostavlja \u0161e, da ne glede na te\u017eko situacijo v kulturi niso nikoli zabele\u017eili negativnega stanja. Korenova je ta teden odsotna, zato za komentar ni bila dosegljiva. Za direktorja UGM in Sinagoge se, kakor je potrdil tudi vodja komisije mariborskega mestnega sveta za volitve in imenovanja Sa\u0161a Pelko, potegujejo po trije kandidati. Tudi v teh obeh primerih \u017eelita ustanovi voditi sedanji direktorici, to sta Breda Sluga Kolar, ki je direktorica UGM od leta 2007, in Marjetka Bedra\u010d, ki Sinagogo sedaj vodi kot vr\u0161ilka dol\u017enosti. Spomnimo, da je Bedra\u010deva vr\u0161ilka dol\u017enosti \u017ee nekaj let, saj sta bila med tem \u017ee dva razpisa razveljavljena oziroma ponovljena. Kakor so namre\u010d opozarjali v svetu zavoda in v Kviazu, je bilo smiselno prej spremeniti statut zavoda. Ne le zaradi korekcij pogojev, ki jih mora kandidat izpolnjevati (sedaj je bilo zahtevanih pet let delovnih izku\u0161enj na vodstvenem polo\u017eaju, po uveljavljeni spremembi statuta tega pogoja ni ve\u010d, temve\u010d zgolj delovne izku\u0161nje), ampak tudi zaradi drugih dilem. Denimo, kdo bo predstavnik zaposl","og_url":"https:\/\/hudo.com\/si\/aktualno\/enkrat-direktor-vecno-direktor\/","og_site_name":"Hudo Slovenija","article_publisher":"https:\/\/www.facebook.com\/hudo.si","article_published_time":"2017-03-30T15:19:00+00:00","article_modified_time":"2017-03-31T05:12:52+00:00","og_image":[{"width":450,"height":692,"url":"https:\/\/hudo.com\/si\/wp-content\/uploads\/sites\/2\/2017\/03\/00168726F-300.jpg","type":"image\/jpeg"}],"author":"hudo","twitter_card":"summary_large_image","twitter_creator":"@hudo_si","twitter_site":"@hudo_si","twitter_misc":{"Written by":"hudo","Est. reading time":"2 minuti"},"schema":{"@context":"https:\/\/schema.org","@graph":[{"@type":"Article","@id":"https:\/\/hudo.com\/si\/aktualno\/enkrat-direktor-vecno-direktor\/#article","isPartOf":{"@id":"https:\/\/hudo.com\/si\/aktualno\/enkrat-direktor-vecno-direktor\/"},"author":{"name":"hudo","@id":"https:\/\/hudo.com\/si\/#\/schema\/person\/601cf3379633985b20f7e50f2bb47707"},"headline":"Enkrat direktor, ve\u010dno direktor?","datePublished":"2017-03-30T15:19:00+00:00","dateModified":"2017-03-31T05:12:52+00:00","mainEntityOfPage":{"@id":"https:\/\/hudo.com\/si\/aktualno\/enkrat-direktor-vecno-direktor\/"},"wordCount":321,"publisher":{"@id":"https:\/\/hudo.com\/si\/#organization"},"articleSection":["Aktualno"],"inLanguage":"sl-SI"},{"@type":"WebPage","@id":"https:\/\/hudo.com\/si\/aktualno\/enkrat-direktor-vecno-direktor\/","url":"https:\/\/hudo.com\/si\/aktualno\/enkrat-direktor-vecno-direktor\/","name":"Enkrat direktor, ve\u010dno direktor? - Hudo Slovenija","isPartOf":{"@id":"https:\/\/hudo.com\/si\/#website"},"datePublished":"2017-03-30T15:19:00+00:00","dateModified":"2017-03-31T05:12:52+00:00","breadcrumb":{"@id":"https:\/\/hudo.com\/si\/aktualno\/enkrat-direktor-vecno-direktor\/#breadcrumb"},"inLanguage":"sl-SI","potentialAction":[{"@type":"ReadAction","target":["https:\/\/hudo.com\/si\/aktualno\/enkrat-direktor-vecno-direktor\/"]}]},{"@type":"BreadcrumbList","@id":"https:\/\/hudo.com\/si\/aktualno\/enkrat-direktor-vecno-direktor\/#breadcrumb","itemListElement":[{"@type":"ListItem","position":1,"name":"Home","item":"https:\/\/hudo.com\/si\/"},{"@type":"ListItem","position":2,"name":"Enkrat direktor, ve\u010dno direktor?"}]},{"@type":"WebSite","@id":"https:\/\/hudo.com\/si\/#website","url":"https:\/\/hudo.com\/si\/","name":"Hudo Slovenija","description":"Vse novice iz Slovenije in sveta","publisher":{"@id":"https:\/\/hudo.com\/si\/#organization"},"potentialAction":[{"@type":"SearchAction","target":{"@type":"EntryPoint","urlTemplate":"https:\/\/hudo.com\/si\/?s={search_term_string}"},"query-input":"required name=search_term_string"}],"inLanguage":"sl-SI"},{"@type":"Organization","@id":"https:\/\/hudo.com\/si\/#organization","name":"VSN Media","url":"https:\/\/hudo.com\/si\/","logo":{"@type":"ImageObject","inLanguage":"sl-SI","@id":"https:\/\/hudo.com\/si\/#\/schema\/logo\/image\/","url":"https:\/\/hudo.com\/si\/wp-content\/uploads\/sites\/2\/2021\/03\/hudo-app-2.png","contentUrl":"https:\/\/hudo.com\/si\/wp-content\/uploads\/sites\/2\/2021\/03\/hudo-app-2.png","width":2185,"height":2167,"caption":"VSN Media"},"image":{"@id":"https:\/\/hudo.com\/si\/#\/schema\/logo\/image\/"},"sameAs":["https:\/\/www.facebook.com\/hudo.si","https:\/\/twitter.com\/hudo_si"]},{"@type":"Person","@id":"https:\/\/hudo.com\/si\/#\/schema\/person\/601cf3379633985b20f7e50f2bb47707","name":"hudo","image":{"@type":"ImageObject","inLanguage":"sl-SI","@id":"https:\/\/hudo.com\/si\/#\/schema\/person\/image\/","url":"https:\/\/secure.gravatar.com\/avatar\/c4ca25fa72cace7a696b52ff5db9e095?s=96&d=mm&r=g","contentUrl":"https:\/\/secure.gravatar.com\/avatar\/c4ca25fa72cace7a696b52ff5db9e095?s=96&d=mm&r=g","caption":"hudo"},"url":"https:\/\/hudo.com\/si\/author\/hudo\/"}]}},"amp_enabled":true,"_links":{"self":[{"href":"https:\/\/hudo.com\/si\/wp-json\/wp\/v2\/posts\/234206"}],"collection":[{"href":"https:\/\/hudo.com\/si\/wp-json\/wp\/v2\/posts"}],"about":[{"href":"https:\/\/hudo.com\/si\/wp-json\/wp\/v2\/types\/post"}],"author":[{"embeddable":true,"href":"https:\/\/hudo.com\/si\/wp-json\/wp\/v2\/users\/1"}],"replies":[{"embeddable":true,"href":"https:\/\/hudo.com\/si\/wp-json\/wp\/v2\/comments?post=234206"}],"version-history":[{"count":1,"href":"https:\/\/hudo.com\/si\/wp-json\/wp\/v2\/posts\/234206\/revisions"}],"predecessor-version":[{"id":234252,"href":"https:\/\/hudo.com\/si\/wp-json\/wp\/v2\/posts\/234206\/revisions\/234252"}],"wp:attachment":[{"href":"https:\/\/hudo.com\/si\/wp-json\/wp\/v2\/media?parent=234206"}],"wp:term":[{"taxonomy":"category","embeddable":true,"href":"https:\/\/hudo.com\/si\/wp-json\/wp\/v2\/categories?post=234206"},{"taxonomy":"post_tag","embeddable":true,"href":"https:\/\/hudo.com\/si\/wp-json\/wp\/v2\/tags?post=234206"},{"taxonomy":"source","embeddable":true,"href":"https:\/\/hudo.com\/si\/wp-json\/wp\/v2\/source?post=234206"},{"taxonomy":"supertag","embeddable":true,"href":"https:\/\/hudo.com\/si\/wp-json\/wp\/v2\/supertag?post=234206"}],"curies":[{"name":"wp","href":"https:\/\/api.w.org\/{rel}","templated":true}]}}