{"id":234212,"date":"2017-03-30T16:57:03","date_gmt":"2017-03-30T14:57:03","guid":{"rendered":"http:\/\/hudo.com\/si\/2017\/03\/30\/junakinja-zime-ilka-stuhec-pokazala-globusa\/"},"modified":"2017-03-31T07:12:56","modified_gmt":"2017-03-31T05:12:56","slug":"junakinja-zime-ilka-stuhec-pokazala-globusa","status":"publish","type":"post","link":"https:\/\/hudo.com\/si\/aktualno\/junakinja-zime-ilka-stuhec-pokazala-globusa\/","title":{"rendered":"Junakinja zime Ilka \u0160tuhec pokazala globusa"},"content":{"rendered":"<p>Junakinja pravkar kon\u010dane sezone v zimskih \u0161portih Ilka \u0160tuhec je danes prispela v Ljubljano in na Kongresnem trgu pozdravila Ljubljan\u010danke in Ljubljan\u010danke, ki so se zbrali, da bi proslavili njene uspehe in dose\u017eke ter uspehe preostalih \u010dlanov slovenskih reprezentanc pod okriljem Smu\u010darske zveze Slovenije. S seboj je prinesla tudi dva kristala.<\/p>\n","protected":false},"excerpt":{"rendered":"<p>Junakinja pravkar kon\u010dane sezone v zimskih \u0161portih Ilka \u0160tuhec je danes prispela v Ljubljano in na Kongresnem trgu pozdravila Ljubljan\u010danke in Ljubljan\u010danke, ki so se zbrali, da bi proslavili njene uspehe in dose\u017eke ter uspehe preostalih \u010dlanov slovenskih reprezentanc pod okriljem Smu\u010darske zveze Slovenije. S seboj je prinesla tudi dva kristala.<\/p>\n","protected":false},"author":1,"featured_media":0,"comment_status":"closed","ping_status":"closed","sticky":false,"template":"","format":"standard","meta":{"footnotes":""},"categories":[1179],"tags":[],"source":[1707],"supertag":[],"acf":[],"yoast_head":"<!-- This site is optimized with the Yoast SEO plugin v21.3 - https:\/\/yoast.com\/wordpress\/plugins\/seo\/ -->\n<title>Junakinja zime Ilka \u0160tuhec pokazala globusa - Hudo Slovenija<\/title>\n<meta name=\"robots\" content=\"index, follow, max-snippet:-1, max-image-preview:large, max-video-preview:-1\" \/>\n<link rel=\"canonical\" href=\"https:\/\/hudo.com\/si\/aktualno\/junakinja-zime-ilka-stuhec-pokazala-globusa\/\" \/>\n<meta property=\"og:locale\" content=\"sl_SI\" \/>\n<meta property=\"og:type\" content=\"article\" \/>\n<meta property=\"og:title\" content=\"Junakinja zime Ilka \u0160tuhec pokazala globusa - Hudo Slovenija\" \/>\n<meta property=\"og:description\" content=\"Junakinja pravkar kon\u010dane sezone v zimskih \u0161portih Ilka \u0160tuhec je danes prispela v Ljubljano in na Kongresnem trgu pozdravila Ljubljan\u010danke in Ljubljan\u010danke, ki so se zbrali, da bi proslavili njene uspehe in dose\u017eke ter uspehe preostalih \u010dlanov slovenskih reprezentanc pod okriljem Smu\u010darske zveze Slovenije. S seboj je prinesla tudi dva kristala.\" \/>\n<meta property=\"og:url\" content=\"https:\/\/hudo.com\/si\/aktualno\/junakinja-zime-ilka-stuhec-pokazala-globusa\/\" \/>\n<meta property=\"og:site_name\" content=\"Hudo Slovenija\" \/>\n<meta property=\"article:publisher\" content=\"https:\/\/www.facebook.com\/hudo.si\" \/>\n<meta property=\"article:published_time\" content=\"2017-03-30T14:57:03+00:00\" \/>\n<meta property=\"article:modified_time\" content=\"2017-03-31T05:12:56+00:00\" \/>\n<meta property=\"og:image\" content=\"https:\/\/hudo.com\/si\/wp-content\/uploads\/sites\/2\/2017\/03\/20170330-00770172.jpg\" \/>\n\t<meta property=\"og:image:width\" content=\"620\" \/>\n\t<meta property=\"og:image:height\" content=\"413\" \/>\n\t<meta property=\"og:image:type\" content=\"image\/jpeg\" \/>\n<meta name=\"author\" content=\"hudo\" \/>\n<meta name=\"twitter:card\" content=\"summary_large_image\" \/>\n<meta name=\"twitter:creator\" content=\"@hudo_si\" \/>\n<meta name=\"twitter:site\" content=\"@hudo_si\" \/>\n<meta name=\"twitter:label1\" content=\"Written by\" \/>\n\t<meta name=\"twitter:data1\" content=\"hudo\" \/>\n<script type=\"application\/ld+json\" class=\"yoast-schema-graph\">{\"@context\":\"https:\/\/schema.org\",\"@graph\":[{\"@type\":\"Article\",\"@id\":\"https:\/\/hudo.com\/si\/aktualno\/junakinja-zime-ilka-stuhec-pokazala-globusa\/#article\",\"isPartOf\":{\"@id\":\"https:\/\/hudo.com\/si\/aktualno\/junakinja-zime-ilka-stuhec-pokazala-globusa\/\"},\"author\":{\"name\":\"hudo\",\"@id\":\"https:\/\/hudo.com\/si\/#\/schema\/person\/601cf3379633985b20f7e50f2bb47707\"},\"headline\":\"Junakinja zime Ilka \u0160tuhec pokazala globusa\",\"datePublished\":\"2017-03-30T14:57:03+00:00\",\"dateModified\":\"2017-03-31T05:12:56+00:00\",\"mainEntityOfPage\":{\"@id\":\"https:\/\/hudo.com\/si\/aktualno\/junakinja-zime-ilka-stuhec-pokazala-globusa\/\"},\"wordCount\":62,\"publisher\":{\"@id\":\"https:\/\/hudo.com\/si\/#organization\"},\"articleSection\":[\"Aktualno\"],\"inLanguage\":\"sl-SI\"},{\"@type\":\"WebPage\",\"@id\":\"https:\/\/hudo.com\/si\/aktualno\/junakinja-zime-ilka-stuhec-pokazala-globusa\/\",\"url\":\"https:\/\/hudo.com\/si\/aktualno\/junakinja-zime-ilka-stuhec-pokazala-globusa\/\",\"name\":\"Junakinja zime Ilka \u0160tuhec pokazala globusa - Hudo Slovenija\",\"isPartOf\":{\"@id\":\"https:\/\/hudo.com\/si\/#website\"},\"datePublished\":\"2017-03-30T14:57:03+00:00\",\"dateModified\":\"2017-03-31T05:12:56+00:00\",\"breadcrumb\":{\"@id\":\"https:\/\/hudo.com\/si\/aktualno\/junakinja-zime-ilka-stuhec-pokazala-globusa\/#breadcrumb\"},\"inLanguage\":\"sl-SI\",\"potentialAction\":[{\"@type\":\"ReadAction\",\"target\":[\"https:\/\/hudo.com\/si\/aktualno\/junakinja-zime-ilka-stuhec-pokazala-globusa\/\"]}]},{\"@type\":\"BreadcrumbList\",\"@id\":\"https:\/\/hudo.com\/si\/aktualno\/junakinja-zime-ilka-stuhec-pokazala-globusa\/#breadcrumb\",\"itemListElement\":[{\"@type\":\"ListItem\",\"position\":1,\"name\":\"Home\",\"item\":\"https:\/\/hudo.com\/si\/\"},{\"@type\":\"ListItem\",\"position\":2,\"name\":\"Junakinja zime Ilka \u0160tuhec pokazala globusa\"}]},{\"@type\":\"WebSite\",\"@id\":\"https:\/\/hudo.com\/si\/#website\",\"url\":\"https:\/\/hudo.com\/si\/\",\"name\":\"Hudo Slovenija\",\"description\":\"Vse novice iz Slovenije in sveta\",\"publisher\":{\"@id\":\"https:\/\/hudo.com\/si\/#organization\"},\"potentialAction\":[{\"@type\":\"SearchAction\",\"target\":{\"@type\":\"EntryPoint\",\"urlTemplate\":\"https:\/\/hudo.com\/si\/?s={search_term_string}\"},\"query-input\":\"required name=search_term_string\"}],\"inLanguage\":\"sl-SI\"},{\"@type\":\"Organization\",\"@id\":\"https:\/\/hudo.com\/si\/#organization\",\"name\":\"VSN Media\",\"url\":\"https:\/\/hudo.com\/si\/\",\"logo\":{\"@type\":\"ImageObject\",\"inLanguage\":\"sl-SI\",\"@id\":\"https:\/\/hudo.com\/si\/#\/schema\/logo\/image\/\",\"url\":\"https:\/\/hudo.com\/si\/wp-content\/uploads\/sites\/2\/2021\/03\/hudo-app-2.png\",\"contentUrl\":\"https:\/\/hudo.com\/si\/wp-content\/uploads\/sites\/2\/2021\/03\/hudo-app-2.png\",\"width\":2185,\"height\":2167,\"caption\":\"VSN Media\"},\"image\":{\"@id\":\"https:\/\/hudo.com\/si\/#\/schema\/logo\/image\/\"},\"sameAs\":[\"https:\/\/www.facebook.com\/hudo.si\",\"https:\/\/twitter.com\/hudo_si\"]},{\"@type\":\"Person\",\"@id\":\"https:\/\/hudo.com\/si\/#\/schema\/person\/601cf3379633985b20f7e50f2bb47707\",\"name\":\"hudo\",\"image\":{\"@type\":\"ImageObject\",\"inLanguage\":\"sl-SI\",\"@id\":\"https:\/\/hudo.com\/si\/#\/schema\/person\/image\/\",\"url\":\"https:\/\/secure.gravatar.com\/avatar\/c4ca25fa72cace7a696b52ff5db9e095?s=96&d=mm&r=g\",\"contentUrl\":\"https:\/\/secure.gravatar.com\/avatar\/c4ca25fa72cace7a696b52ff5db9e095?s=96&d=mm&r=g\",\"caption\":\"hudo\"},\"url\":\"https:\/\/hudo.com\/si\/author\/hudo\/\"}]}<\/script>\n<!-- \/ Yoast SEO plugin. -->","yoast_head_json":{"title":"Junakinja zime Ilka \u0160tuhec pokazala globusa - Hudo Slovenija","robots":{"index":"index","follow":"follow","max-snippet":"max-snippet:-1","max-image-preview":"max-image-preview:large","max-video-preview":"max-video-preview:-1"},"canonical":"https:\/\/hudo.com\/si\/aktualno\/junakinja-zime-ilka-stuhec-pokazala-globusa\/","og_locale":"sl_SI","og_type":"article","og_title":"Junakinja zime Ilka \u0160tuhec pokazala globusa - Hudo Slovenija","og_description":"Junakinja pravkar kon\u010dane sezone v zimskih \u0161portih Ilka \u0160tuhec je danes prispela v Ljubljano in na Kongresnem trgu pozdravila Ljubljan\u010danke in Ljubljan\u010danke, ki so se zbrali, da bi proslavili njene uspehe in dose\u017eke ter uspehe preostalih \u010dlanov slovenskih reprezentanc pod okriljem Smu\u010darske zveze Slovenije. S seboj je prinesla tudi dva kristala.","og_url":"https:\/\/hudo.com\/si\/aktualno\/junakinja-zime-ilka-stuhec-pokazala-globusa\/","og_site_name":"Hudo Slovenija","article_publisher":"https:\/\/www.facebook.com\/hudo.si","article_published_time":"2017-03-30T14:57:03+00:00","article_modified_time":"2017-03-31T05:12:56+00:00","og_image":[{"width":620,"height":413,"url":"https:\/\/hudo.com\/si\/wp-content\/uploads\/sites\/2\/2017\/03\/20170330-00770172.jpg","type":"image\/jpeg"}],"author":"hudo","twitter_card":"summary_large_image","twitter_creator":"@hudo_si","twitter_site":"@hudo_si","twitter_misc":{"Written by":"hudo"},"schema":{"@context":"https:\/\/schema.org","@graph":[{"@type":"Article","@id":"https:\/\/hudo.com\/si\/aktualno\/junakinja-zime-ilka-stuhec-pokazala-globusa\/#article","isPartOf":{"@id":"https:\/\/hudo.com\/si\/aktualno\/junakinja-zime-ilka-stuhec-pokazala-globusa\/"},"author":{"name":"hudo","@id":"https:\/\/hudo.com\/si\/#\/schema\/person\/601cf3379633985b20f7e50f2bb47707"},"headline":"Junakinja zime Ilka \u0160tuhec pokazala globusa","datePublished":"2017-03-30T14:57:03+00:00","dateModified":"2017-03-31T05:12:56+00:00","mainEntityOfPage":{"@id":"https:\/\/hudo.com\/si\/aktualno\/junakinja-zime-ilka-stuhec-pokazala-globusa\/"},"wordCount":62,"publisher":{"@id":"https:\/\/hudo.com\/si\/#organization"},"articleSection":["Aktualno"],"inLanguage":"sl-SI"},{"@type":"WebPage","@id":"https:\/\/hudo.com\/si\/aktualno\/junakinja-zime-ilka-stuhec-pokazala-globusa\/","url":"https:\/\/hudo.com\/si\/aktualno\/junakinja-zime-ilka-stuhec-pokazala-globusa\/","name":"Junakinja zime Ilka \u0160tuhec pokazala globusa - Hudo Slovenija","isPartOf":{"@id":"https:\/\/hudo.com\/si\/#website"},"datePublished":"2017-03-30T14:57:03+00:00","dateModified":"2017-03-31T05:12:56+00:00","breadcrumb":{"@id":"https:\/\/hudo.com\/si\/aktualno\/junakinja-zime-ilka-stuhec-pokazala-globusa\/#breadcrumb"},"inLanguage":"sl-SI","potentialAction":[{"@type":"ReadAction","target":["https:\/\/hudo.com\/si\/aktualno\/junakinja-zime-ilka-stuhec-pokazala-globusa\/"]}]},{"@type":"BreadcrumbList","@id":"https:\/\/hudo.com\/si\/aktualno\/junakinja-zime-ilka-stuhec-pokazala-globusa\/#breadcrumb","itemListElement":[{"@type":"ListItem","position":1,"name":"Home","item":"https:\/\/hudo.com\/si\/"},{"@type":"ListItem","position":2,"name":"Junakinja zime Ilka \u0160tuhec pokazala globusa"}]},{"@type":"WebSite","@id":"https:\/\/hudo.com\/si\/#website","url":"https:\/\/hudo.com\/si\/","name":"Hudo Slovenija","description":"Vse novice iz Slovenije in sveta","publisher":{"@id":"https:\/\/hudo.com\/si\/#organization"},"potentialAction":[{"@type":"SearchAction","target":{"@type":"EntryPoint","urlTemplate":"https:\/\/hudo.com\/si\/?s={search_term_string}"},"query-input":"required name=search_term_string"}],"inLanguage":"sl-SI"},{"@type":"Organization","@id":"https:\/\/hudo.com\/si\/#organization","name":"VSN Media","url":"https:\/\/hudo.com\/si\/","logo":{"@type":"ImageObject","inLanguage":"sl-SI","@id":"https:\/\/hudo.com\/si\/#\/schema\/logo\/image\/","url":"https:\/\/hudo.com\/si\/wp-content\/uploads\/sites\/2\/2021\/03\/hudo-app-2.png","contentUrl":"https:\/\/hudo.com\/si\/wp-content\/uploads\/sites\/2\/2021\/03\/hudo-app-2.png","width":2185,"height":2167,"caption":"VSN Media"},"image":{"@id":"https:\/\/hudo.com\/si\/#\/schema\/logo\/image\/"},"sameAs":["https:\/\/www.facebook.com\/hudo.si","https:\/\/twitter.com\/hudo_si"]},{"@type":"Person","@id":"https:\/\/hudo.com\/si\/#\/schema\/person\/601cf3379633985b20f7e50f2bb47707","name":"hudo","image":{"@type":"ImageObject","inLanguage":"sl-SI","@id":"https:\/\/hudo.com\/si\/#\/schema\/person\/image\/","url":"https:\/\/secure.gravatar.com\/avatar\/c4ca25fa72cace7a696b52ff5db9e095?s=96&d=mm&r=g","contentUrl":"https:\/\/secure.gravatar.com\/avatar\/c4ca25fa72cace7a696b52ff5db9e095?s=96&d=mm&r=g","caption":"hudo"},"url":"https:\/\/hudo.com\/si\/author\/hudo\/"}]}},"amp_enabled":true,"_links":{"self":[{"href":"https:\/\/hudo.com\/si\/wp-json\/wp\/v2\/posts\/234212"}],"collection":[{"href":"https:\/\/hudo.com\/si\/wp-json\/wp\/v2\/posts"}],"about":[{"href":"https:\/\/hudo.com\/si\/wp-json\/wp\/v2\/types\/post"}],"author":[{"embeddable":true,"href":"https:\/\/hudo.com\/si\/wp-json\/wp\/v2\/users\/1"}],"replies":[{"embeddable":true,"href":"https:\/\/hudo.com\/si\/wp-json\/wp\/v2\/comments?post=234212"}],"version-history":[{"count":1,"href":"https:\/\/hudo.com\/si\/wp-json\/wp\/v2\/posts\/234212\/revisions"}],"predecessor-version":[{"id":234254,"href":"https:\/\/hudo.com\/si\/wp-json\/wp\/v2\/posts\/234212\/revisions\/234254"}],"wp:attachment":[{"href":"https:\/\/hudo.com\/si\/wp-json\/wp\/v2\/media?parent=234212"}],"wp:term":[{"taxonomy":"category","embeddable":true,"href":"https:\/\/hudo.com\/si\/wp-json\/wp\/v2\/categories?post=234212"},{"taxonomy":"post_tag","embeddable":true,"href":"https:\/\/hudo.com\/si\/wp-json\/wp\/v2\/tags?post=234212"},{"taxonomy":"source","embeddable":true,"href":"https:\/\/hudo.com\/si\/wp-json\/wp\/v2\/source?post=234212"},{"taxonomy":"supertag","embeddable":true,"href":"https:\/\/hudo.com\/si\/wp-json\/wp\/v2\/supertag?post=234212"}],"curies":[{"name":"wp","href":"https:\/\/api.w.org\/{rel}","templated":true}]}}