{"id":234775,"date":"2017-03-31T14:15:00","date_gmt":"2017-03-31T12:15:00","guid":{"rendered":"http:\/\/hudo.com\/si\/2017\/03\/31\/kaksna-pregretost-imamo-sto-tisoc-brezposelnih\/"},"modified":"2017-04-01T03:22:29","modified_gmt":"2017-04-01T01:22:29","slug":"kaksna-pregretost-imamo-sto-tisoc-brezposelnih","status":"publish","type":"post","link":"https:\/\/hudo.com\/si\/aktualno\/kaksna-pregretost-imamo-sto-tisoc-brezposelnih\/","title":{"rendered":"Kak\u0161na pregretost, imamo sto tiso\u010d brezposelnih"},"content":{"rendered":"<p>Predsednik fiskalnega sveta dr. Davorin Kra\u010dun, 66-letni Maribor\u010dan, katerega znanje cenijo generacije \u0161tudentov ekonomije, Slovenci pa pomnijo, da je bil tudi trikratni minister, veleposlanik v ZDA in nadzornik v podjetjih, se lahko deseti dan po imenovanju pohvali. A \u0161e ne z uspe\u0161nim delom fiskalnega sveta, zato je za Ve\u010der spregovoril le kot njegov predsednik, na kar nas je posebej opozoril, ko je nizal za zdaj \u0161e lastne fiskalne ocene in sodbe. Prostore v drugem nadstropju ra\u010dunskega sodi\u0161\u010da urejajo, aprila bodo \u017ee sodelovali pri pripravi programa stabilnosti. &#8220;Za zdaj sicer \u0161e ne s polnimi mo\u010dmi,&#8221; doda, &#8220;saj se nama bo \u010dlanica Alenka Jerki\u010d pridru\u017eila, ko bo kon\u010dala misijo v Bruslju, s Toma\u017eem Per\u0161etom pa sva vzpostavila odli\u010dno sodelovanje.&#8221; Strokovnih sodelavcev svet \u0161e nima. Izbrali jih bodo premi\u0161ljeno, saj lahko zaposlijo \u0161tiri, kot predsednik sveta pa si Kra\u010dun \u017eeli, da bi z razli\u010dnimi znanji delovanje sveta vsestransko podpirali. O imenih zmeraj diplomatski Kra\u010dun \u0161e mol\u010di. Ve\u010d kot odlo\u010den pa je, da bo fiskalni svet bdel nad vzdr\u017enostjo javnih financ. Nadzirali jih bodo neodvisno od kogarkoli. Tak trden polo\u017eaj svetu zagotavljajo tako z dvotretjinsko ve\u010dino sprejeti zakon kot 73 glasov poslancev ob imenovanju sveta. Dovolj bi jih bilo 60, javnost pa \u0161e ni pozabila, koliko \u010dasa je trajalo, da smo fiskalni svet sploh dobili. Kra\u010dun pravi, da s kandidaturami ni odnehal, &#8220;ker sem akademski ekonomist z nekaj izku\u0161njami v vladi, diplomaciji, gospodarstvu in sem imel ob\u010dutek, da je to tak\u0161na dol\u017enost, ki bi jo lahko dobro opravljal&#8221;. Fiskalni svetniki torej ne boste politiki? &#8220;Ne, ne bomo politiki. Politi\u010dne sku\u0161njave moramo na dale\u010d obiti, budno pa moramo spremljati gospodarsko stanje in vzdr\u017enost javnih financ. Analizirali bomo stanje v gospodarstvu, javne prihodke in porabo, pripravo prora\u010dunov in stabilizacijskih programov in z makroekonomskim pristopom ocenjevali, ali vlada, parlament in drugi sledijo na\u010delu fiskalne vzdr\u017enosti. V zadnjih letih se je namre<\/p>\n","protected":false},"excerpt":{"rendered":"<p>Predsednik fiskalnega sveta dr. Davorin Kra\u010dun, 66-letni Maribor\u010dan, katerega znanje cenijo generacije \u0161tudentov ekonomije, Slovenci pa pomnijo, da je bil tudi trikratni minister, veleposlanik v ZDA in nadzornik v podjetjih, se lahko deseti dan po imenovanju pohvali. A \u0161e ne z uspe\u0161nim delom fiskalnega sveta, zato je za Ve\u010der spregovoril le kot njegov predsednik, na kar nas je posebej opozoril, ko je nizal za zdaj \u0161e lastne fiskalne ocene in sodbe. Prostore v drugem nadstropju ra\u010dunskega sodi\u0161\u010da urejajo, aprila bodo \u017ee sodelovali pri pripravi programa stabilnosti. &#8220;Za zdaj sicer \u0161e ne s polnimi mo\u010dmi,&#8221; doda, &#8220;saj se nama bo \u010dlanica Alenka Jerki\u010d pridru\u017eila, ko bo kon\u010dala misijo v Bruslju, s Toma\u017eem Per\u0161etom pa sva vzpostavila odli\u010dno sodelovanje.&#8221; Strokovnih sodelavcev svet \u0161e nima. Izbrali jih bodo premi\u0161ljeno, saj lahko zaposlijo \u0161tiri, kot predsednik sveta pa si Kra\u010dun \u017eeli, da bi z razli\u010dnimi znanji delovanje sveta vsestransko podpirali. O imenih zmeraj diplomatski Kra\u010dun \u0161e mol\u010di. Ve\u010d kot odlo\u010den pa je, da bo fiskalni svet bdel nad vzdr\u017enostjo javnih financ. Nadzirali jih bodo neodvisno od kogarkoli. Tak trden polo\u017eaj svetu zagotavljajo tako z dvotretjinsko ve\u010dino sprejeti zakon kot 73 glasov poslancev ob imenovanju sveta. Dovolj bi jih bilo 60, javnost pa \u0161e ni pozabila, koliko \u010dasa je trajalo, da smo fiskalni svet sploh dobili. Kra\u010dun pravi, da s kandidaturami ni odnehal, &#8220;ker sem akademski ekonomist z nekaj izku\u0161njami v vladi, diplomaciji, gospodarstvu in sem imel ob\u010dutek, da je to tak\u0161na dol\u017enost, ki bi jo lahko dobro opravljal&#8221;. Fiskalni svetniki torej ne boste politiki? &#8220;Ne, ne bomo politiki. Politi\u010dne sku\u0161njave moramo na dale\u010d obiti, budno pa moramo spremljati gospodarsko stanje in vzdr\u017enost javnih financ. Analizirali bomo stanje v gospodarstvu, javne prihodke in porabo, pripravo prora\u010dunov in stabilizacijskih programov in z makroekonomskim pristopom ocenjevali, ali vlada, parlament in drugi sledijo na\u010delu fiskalne vzdr\u017enosti. V zadnjih letih se je namre<\/p>\n","protected":false},"author":1,"featured_media":0,"comment_status":"closed","ping_status":"closed","sticky":false,"template":"","format":"standard","meta":{"footnotes":""},"categories":[1179],"tags":[],"source":[1711],"supertag":[],"acf":[],"yoast_head":"<!-- This site is optimized with the Yoast SEO plugin v21.3 - https:\/\/yoast.com\/wordpress\/plugins\/seo\/ -->\n<title>Kak\u0161na pregretost, imamo sto tiso\u010d brezposelnih - Hudo Slovenija<\/title>\n<meta name=\"robots\" content=\"index, follow, max-snippet:-1, max-image-preview:large, max-video-preview:-1\" \/>\n<link rel=\"canonical\" href=\"https:\/\/hudo.com\/si\/aktualno\/kaksna-pregretost-imamo-sto-tisoc-brezposelnih\/\" \/>\n<meta property=\"og:locale\" content=\"sl_SI\" \/>\n<meta property=\"og:type\" content=\"article\" \/>\n<meta property=\"og:title\" content=\"Kak\u0161na pregretost, imamo sto tiso\u010d brezposelnih - Hudo Slovenija\" \/>\n<meta property=\"og:description\" content=\"Predsednik fiskalnega sveta dr. Davorin Kra\u010dun, 66-letni Maribor\u010dan, katerega znanje cenijo generacije \u0161tudentov ekonomije, Slovenci pa pomnijo, da je bil tudi trikratni minister, veleposlanik v ZDA in nadzornik v podjetjih, se lahko deseti dan po imenovanju pohvali. A \u0161e ne z uspe\u0161nim delom fiskalnega sveta, zato je za Ve\u010der spregovoril le kot njegov predsednik, na kar nas je posebej opozoril, ko je nizal za zdaj \u0161e lastne fiskalne ocene in sodbe. Prostore v drugem nadstropju ra\u010dunskega sodi\u0161\u010da urejajo, aprila bodo \u017ee sodelovali pri pripravi programa stabilnosti. &quot;Za zdaj sicer \u0161e ne s polnimi mo\u010dmi,&quot; doda, &quot;saj se nama bo \u010dlanica Alenka Jerki\u010d pridru\u017eila, ko bo kon\u010dala misijo v Bruslju, s Toma\u017eem Per\u0161etom pa sva vzpostavila odli\u010dno sodelovanje.&quot; Strokovnih sodelavcev svet \u0161e nima. Izbrali jih bodo premi\u0161ljeno, saj lahko zaposlijo \u0161tiri, kot predsednik sveta pa si Kra\u010dun \u017eeli, da bi z razli\u010dnimi znanji delovanje sveta vsestransko podpirali. O imenih zmeraj diplomatski Kra\u010dun \u0161e mol\u010di. Ve\u010d kot odlo\u010den pa je, da bo fiskalni svet bdel nad vzdr\u017enostjo javnih financ. Nadzirali jih bodo neodvisno od kogarkoli. Tak trden polo\u017eaj svetu zagotavljajo tako z dvotretjinsko ve\u010dino sprejeti zakon kot 73 glasov poslancev ob imenovanju sveta. Dovolj bi jih bilo 60, javnost pa \u0161e ni pozabila, koliko \u010dasa je trajalo, da smo fiskalni svet sploh dobili. Kra\u010dun pravi, da s kandidaturami ni odnehal, &quot;ker sem akademski ekonomist z nekaj izku\u0161njami v vladi, diplomaciji, gospodarstvu in sem imel ob\u010dutek, da je to tak\u0161na dol\u017enost, ki bi jo lahko dobro opravljal&quot;. Fiskalni svetniki torej ne boste politiki? &quot;Ne, ne bomo politiki. Politi\u010dne sku\u0161njave moramo na dale\u010d obiti, budno pa moramo spremljati gospodarsko stanje in vzdr\u017enost javnih financ. Analizirali bomo stanje v gospodarstvu, javne prihodke in porabo, pripravo prora\u010dunov in stabilizacijskih programov in z makroekonomskim pristopom ocenjevali, ali vlada, parlament in drugi sledijo na\u010delu fiskalne vzdr\u017enosti. V zadnjih letih se je namre\" \/>\n<meta property=\"og:url\" content=\"https:\/\/hudo.com\/si\/aktualno\/kaksna-pregretost-imamo-sto-tisoc-brezposelnih\/\" \/>\n<meta property=\"og:site_name\" content=\"Hudo Slovenija\" \/>\n<meta property=\"article:publisher\" content=\"https:\/\/www.facebook.com\/hudo.si\" \/>\n<meta property=\"article:published_time\" content=\"2017-03-31T12:15:00+00:00\" \/>\n<meta property=\"article:modified_time\" content=\"2017-04-01T01:22:29+00:00\" \/>\n<meta property=\"og:image\" content=\"https:\/\/hudo.com\/si\/wp-content\/uploads\/sites\/2\/2017\/03\/kra1-300.jpg\" \/>\n\t<meta property=\"og:image:width\" content=\"450\" \/>\n\t<meta property=\"og:image:height\" content=\"300\" \/>\n\t<meta property=\"og:image:type\" content=\"image\/jpeg\" \/>\n<meta name=\"author\" content=\"hudo\" \/>\n<meta name=\"twitter:card\" content=\"summary_large_image\" \/>\n<meta name=\"twitter:creator\" content=\"@hudo_si\" \/>\n<meta name=\"twitter:site\" content=\"@hudo_si\" \/>\n<meta name=\"twitter:label1\" content=\"Written by\" \/>\n\t<meta name=\"twitter:data1\" content=\"hudo\" \/>\n\t<meta name=\"twitter:label2\" content=\"Est. reading time\" \/>\n\t<meta name=\"twitter:data2\" content=\"2 minuti\" \/>\n<script type=\"application\/ld+json\" class=\"yoast-schema-graph\">{\"@context\":\"https:\/\/schema.org\",\"@graph\":[{\"@type\":\"Article\",\"@id\":\"https:\/\/hudo.com\/si\/aktualno\/kaksna-pregretost-imamo-sto-tisoc-brezposelnih\/#article\",\"isPartOf\":{\"@id\":\"https:\/\/hudo.com\/si\/aktualno\/kaksna-pregretost-imamo-sto-tisoc-brezposelnih\/\"},\"author\":{\"name\":\"hudo\",\"@id\":\"https:\/\/hudo.com\/si\/#\/schema\/person\/601cf3379633985b20f7e50f2bb47707\"},\"headline\":\"Kak\u0161na pregretost, imamo sto tiso\u010d brezposelnih\",\"datePublished\":\"2017-03-31T12:15:00+00:00\",\"dateModified\":\"2017-04-01T01:22:29+00:00\",\"mainEntityOfPage\":{\"@id\":\"https:\/\/hudo.com\/si\/aktualno\/kaksna-pregretost-imamo-sto-tisoc-brezposelnih\/\"},\"wordCount\":341,\"publisher\":{\"@id\":\"https:\/\/hudo.com\/si\/#organization\"},\"articleSection\":[\"Aktualno\"],\"inLanguage\":\"sl-SI\"},{\"@type\":\"WebPage\",\"@id\":\"https:\/\/hudo.com\/si\/aktualno\/kaksna-pregretost-imamo-sto-tisoc-brezposelnih\/\",\"url\":\"https:\/\/hudo.com\/si\/aktualno\/kaksna-pregretost-imamo-sto-tisoc-brezposelnih\/\",\"name\":\"Kak\u0161na pregretost, imamo sto tiso\u010d brezposelnih - Hudo Slovenija\",\"isPartOf\":{\"@id\":\"https:\/\/hudo.com\/si\/#website\"},\"datePublished\":\"2017-03-31T12:15:00+00:00\",\"dateModified\":\"2017-04-01T01:22:29+00:00\",\"breadcrumb\":{\"@id\":\"https:\/\/hudo.com\/si\/aktualno\/kaksna-pregretost-imamo-sto-tisoc-brezposelnih\/#breadcrumb\"},\"inLanguage\":\"sl-SI\",\"potentialAction\":[{\"@type\":\"ReadAction\",\"target\":[\"https:\/\/hudo.com\/si\/aktualno\/kaksna-pregretost-imamo-sto-tisoc-brezposelnih\/\"]}]},{\"@type\":\"BreadcrumbList\",\"@id\":\"https:\/\/hudo.com\/si\/aktualno\/kaksna-pregretost-imamo-sto-tisoc-brezposelnih\/#breadcrumb\",\"itemListElement\":[{\"@type\":\"ListItem\",\"position\":1,\"name\":\"Home\",\"item\":\"https:\/\/hudo.com\/si\/\"},{\"@type\":\"ListItem\",\"position\":2,\"name\":\"Kak\u0161na pregretost, imamo sto tiso\u010d brezposelnih\"}]},{\"@type\":\"WebSite\",\"@id\":\"https:\/\/hudo.com\/si\/#website\",\"url\":\"https:\/\/hudo.com\/si\/\",\"name\":\"Hudo Slovenija\",\"description\":\"Vse novice iz Slovenije in sveta\",\"publisher\":{\"@id\":\"https:\/\/hudo.com\/si\/#organization\"},\"potentialAction\":[{\"@type\":\"SearchAction\",\"target\":{\"@type\":\"EntryPoint\",\"urlTemplate\":\"https:\/\/hudo.com\/si\/?s={search_term_string}\"},\"query-input\":\"required name=search_term_string\"}],\"inLanguage\":\"sl-SI\"},{\"@type\":\"Organization\",\"@id\":\"https:\/\/hudo.com\/si\/#organization\",\"name\":\"VSN Media\",\"url\":\"https:\/\/hudo.com\/si\/\",\"logo\":{\"@type\":\"ImageObject\",\"inLanguage\":\"sl-SI\",\"@id\":\"https:\/\/hudo.com\/si\/#\/schema\/logo\/image\/\",\"url\":\"https:\/\/hudo.com\/si\/wp-content\/uploads\/sites\/2\/2021\/03\/hudo-app-2.png\",\"contentUrl\":\"https:\/\/hudo.com\/si\/wp-content\/uploads\/sites\/2\/2021\/03\/hudo-app-2.png\",\"width\":2185,\"height\":2167,\"caption\":\"VSN Media\"},\"image\":{\"@id\":\"https:\/\/hudo.com\/si\/#\/schema\/logo\/image\/\"},\"sameAs\":[\"https:\/\/www.facebook.com\/hudo.si\",\"https:\/\/twitter.com\/hudo_si\"]},{\"@type\":\"Person\",\"@id\":\"https:\/\/hudo.com\/si\/#\/schema\/person\/601cf3379633985b20f7e50f2bb47707\",\"name\":\"hudo\",\"image\":{\"@type\":\"ImageObject\",\"inLanguage\":\"sl-SI\",\"@id\":\"https:\/\/hudo.com\/si\/#\/schema\/person\/image\/\",\"url\":\"https:\/\/secure.gravatar.com\/avatar\/c4ca25fa72cace7a696b52ff5db9e095?s=96&d=mm&r=g\",\"contentUrl\":\"https:\/\/secure.gravatar.com\/avatar\/c4ca25fa72cace7a696b52ff5db9e095?s=96&d=mm&r=g\",\"caption\":\"hudo\"},\"url\":\"https:\/\/hudo.com\/si\/author\/hudo\/\"}]}<\/script>\n<!-- \/ Yoast SEO plugin. -->","yoast_head_json":{"title":"Kak\u0161na pregretost, imamo sto tiso\u010d brezposelnih - Hudo Slovenija","robots":{"index":"index","follow":"follow","max-snippet":"max-snippet:-1","max-image-preview":"max-image-preview:large","max-video-preview":"max-video-preview:-1"},"canonical":"https:\/\/hudo.com\/si\/aktualno\/kaksna-pregretost-imamo-sto-tisoc-brezposelnih\/","og_locale":"sl_SI","og_type":"article","og_title":"Kak\u0161na pregretost, imamo sto tiso\u010d brezposelnih - Hudo Slovenija","og_description":"Predsednik fiskalnega sveta dr. Davorin Kra\u010dun, 66-letni Maribor\u010dan, katerega znanje cenijo generacije \u0161tudentov ekonomije, Slovenci pa pomnijo, da je bil tudi trikratni minister, veleposlanik v ZDA in nadzornik v podjetjih, se lahko deseti dan po imenovanju pohvali. A \u0161e ne z uspe\u0161nim delom fiskalnega sveta, zato je za Ve\u010der spregovoril le kot njegov predsednik, na kar nas je posebej opozoril, ko je nizal za zdaj \u0161e lastne fiskalne ocene in sodbe. Prostore v drugem nadstropju ra\u010dunskega sodi\u0161\u010da urejajo, aprila bodo \u017ee sodelovali pri pripravi programa stabilnosti. \"Za zdaj sicer \u0161e ne s polnimi mo\u010dmi,\" doda, \"saj se nama bo \u010dlanica Alenka Jerki\u010d pridru\u017eila, ko bo kon\u010dala misijo v Bruslju, s Toma\u017eem Per\u0161etom pa sva vzpostavila odli\u010dno sodelovanje.\" Strokovnih sodelavcev svet \u0161e nima. Izbrali jih bodo premi\u0161ljeno, saj lahko zaposlijo \u0161tiri, kot predsednik sveta pa si Kra\u010dun \u017eeli, da bi z razli\u010dnimi znanji delovanje sveta vsestransko podpirali. O imenih zmeraj diplomatski Kra\u010dun \u0161e mol\u010di. Ve\u010d kot odlo\u010den pa je, da bo fiskalni svet bdel nad vzdr\u017enostjo javnih financ. Nadzirali jih bodo neodvisno od kogarkoli. Tak trden polo\u017eaj svetu zagotavljajo tako z dvotretjinsko ve\u010dino sprejeti zakon kot 73 glasov poslancev ob imenovanju sveta. Dovolj bi jih bilo 60, javnost pa \u0161e ni pozabila, koliko \u010dasa je trajalo, da smo fiskalni svet sploh dobili. Kra\u010dun pravi, da s kandidaturami ni odnehal, \"ker sem akademski ekonomist z nekaj izku\u0161njami v vladi, diplomaciji, gospodarstvu in sem imel ob\u010dutek, da je to tak\u0161na dol\u017enost, ki bi jo lahko dobro opravljal\". Fiskalni svetniki torej ne boste politiki? \"Ne, ne bomo politiki. Politi\u010dne sku\u0161njave moramo na dale\u010d obiti, budno pa moramo spremljati gospodarsko stanje in vzdr\u017enost javnih financ. Analizirali bomo stanje v gospodarstvu, javne prihodke in porabo, pripravo prora\u010dunov in stabilizacijskih programov in z makroekonomskim pristopom ocenjevali, ali vlada, parlament in drugi sledijo na\u010delu fiskalne vzdr\u017enosti. V zadnjih letih se je namre","og_url":"https:\/\/hudo.com\/si\/aktualno\/kaksna-pregretost-imamo-sto-tisoc-brezposelnih\/","og_site_name":"Hudo Slovenija","article_publisher":"https:\/\/www.facebook.com\/hudo.si","article_published_time":"2017-03-31T12:15:00+00:00","article_modified_time":"2017-04-01T01:22:29+00:00","og_image":[{"width":450,"height":300,"url":"https:\/\/hudo.com\/si\/wp-content\/uploads\/sites\/2\/2017\/03\/kra1-300.jpg","type":"image\/jpeg"}],"author":"hudo","twitter_card":"summary_large_image","twitter_creator":"@hudo_si","twitter_site":"@hudo_si","twitter_misc":{"Written by":"hudo","Est. reading time":"2 minuti"},"schema":{"@context":"https:\/\/schema.org","@graph":[{"@type":"Article","@id":"https:\/\/hudo.com\/si\/aktualno\/kaksna-pregretost-imamo-sto-tisoc-brezposelnih\/#article","isPartOf":{"@id":"https:\/\/hudo.com\/si\/aktualno\/kaksna-pregretost-imamo-sto-tisoc-brezposelnih\/"},"author":{"name":"hudo","@id":"https:\/\/hudo.com\/si\/#\/schema\/person\/601cf3379633985b20f7e50f2bb47707"},"headline":"Kak\u0161na pregretost, imamo sto tiso\u010d brezposelnih","datePublished":"2017-03-31T12:15:00+00:00","dateModified":"2017-04-01T01:22:29+00:00","mainEntityOfPage":{"@id":"https:\/\/hudo.com\/si\/aktualno\/kaksna-pregretost-imamo-sto-tisoc-brezposelnih\/"},"wordCount":341,"publisher":{"@id":"https:\/\/hudo.com\/si\/#organization"},"articleSection":["Aktualno"],"inLanguage":"sl-SI"},{"@type":"WebPage","@id":"https:\/\/hudo.com\/si\/aktualno\/kaksna-pregretost-imamo-sto-tisoc-brezposelnih\/","url":"https:\/\/hudo.com\/si\/aktualno\/kaksna-pregretost-imamo-sto-tisoc-brezposelnih\/","name":"Kak\u0161na pregretost, imamo sto tiso\u010d brezposelnih - Hudo Slovenija","isPartOf":{"@id":"https:\/\/hudo.com\/si\/#website"},"datePublished":"2017-03-31T12:15:00+00:00","dateModified":"2017-04-01T01:22:29+00:00","breadcrumb":{"@id":"https:\/\/hudo.com\/si\/aktualno\/kaksna-pregretost-imamo-sto-tisoc-brezposelnih\/#breadcrumb"},"inLanguage":"sl-SI","potentialAction":[{"@type":"ReadAction","target":["https:\/\/hudo.com\/si\/aktualno\/kaksna-pregretost-imamo-sto-tisoc-brezposelnih\/"]}]},{"@type":"BreadcrumbList","@id":"https:\/\/hudo.com\/si\/aktualno\/kaksna-pregretost-imamo-sto-tisoc-brezposelnih\/#breadcrumb","itemListElement":[{"@type":"ListItem","position":1,"name":"Home","item":"https:\/\/hudo.com\/si\/"},{"@type":"ListItem","position":2,"name":"Kak\u0161na pregretost, imamo sto tiso\u010d brezposelnih"}]},{"@type":"WebSite","@id":"https:\/\/hudo.com\/si\/#website","url":"https:\/\/hudo.com\/si\/","name":"Hudo Slovenija","description":"Vse novice iz Slovenije in sveta","publisher":{"@id":"https:\/\/hudo.com\/si\/#organization"},"potentialAction":[{"@type":"SearchAction","target":{"@type":"EntryPoint","urlTemplate":"https:\/\/hudo.com\/si\/?s={search_term_string}"},"query-input":"required name=search_term_string"}],"inLanguage":"sl-SI"},{"@type":"Organization","@id":"https:\/\/hudo.com\/si\/#organization","name":"VSN Media","url":"https:\/\/hudo.com\/si\/","logo":{"@type":"ImageObject","inLanguage":"sl-SI","@id":"https:\/\/hudo.com\/si\/#\/schema\/logo\/image\/","url":"https:\/\/hudo.com\/si\/wp-content\/uploads\/sites\/2\/2021\/03\/hudo-app-2.png","contentUrl":"https:\/\/hudo.com\/si\/wp-content\/uploads\/sites\/2\/2021\/03\/hudo-app-2.png","width":2185,"height":2167,"caption":"VSN Media"},"image":{"@id":"https:\/\/hudo.com\/si\/#\/schema\/logo\/image\/"},"sameAs":["https:\/\/www.facebook.com\/hudo.si","https:\/\/twitter.com\/hudo_si"]},{"@type":"Person","@id":"https:\/\/hudo.com\/si\/#\/schema\/person\/601cf3379633985b20f7e50f2bb47707","name":"hudo","image":{"@type":"ImageObject","inLanguage":"sl-SI","@id":"https:\/\/hudo.com\/si\/#\/schema\/person\/image\/","url":"https:\/\/secure.gravatar.com\/avatar\/c4ca25fa72cace7a696b52ff5db9e095?s=96&d=mm&r=g","contentUrl":"https:\/\/secure.gravatar.com\/avatar\/c4ca25fa72cace7a696b52ff5db9e095?s=96&d=mm&r=g","caption":"hudo"},"url":"https:\/\/hudo.com\/si\/author\/hudo\/"}]}},"amp_enabled":true,"_links":{"self":[{"href":"https:\/\/hudo.com\/si\/wp-json\/wp\/v2\/posts\/234775"}],"collection":[{"href":"https:\/\/hudo.com\/si\/wp-json\/wp\/v2\/posts"}],"about":[{"href":"https:\/\/hudo.com\/si\/wp-json\/wp\/v2\/types\/post"}],"author":[{"embeddable":true,"href":"https:\/\/hudo.com\/si\/wp-json\/wp\/v2\/users\/1"}],"replies":[{"embeddable":true,"href":"https:\/\/hudo.com\/si\/wp-json\/wp\/v2\/comments?post=234775"}],"version-history":[{"count":1,"href":"https:\/\/hudo.com\/si\/wp-json\/wp\/v2\/posts\/234775\/revisions"}],"predecessor-version":[{"id":234824,"href":"https:\/\/hudo.com\/si\/wp-json\/wp\/v2\/posts\/234775\/revisions\/234824"}],"wp:attachment":[{"href":"https:\/\/hudo.com\/si\/wp-json\/wp\/v2\/media?parent=234775"}],"wp:term":[{"taxonomy":"category","embeddable":true,"href":"https:\/\/hudo.com\/si\/wp-json\/wp\/v2\/categories?post=234775"},{"taxonomy":"post_tag","embeddable":true,"href":"https:\/\/hudo.com\/si\/wp-json\/wp\/v2\/tags?post=234775"},{"taxonomy":"source","embeddable":true,"href":"https:\/\/hudo.com\/si\/wp-json\/wp\/v2\/source?post=234775"},{"taxonomy":"supertag","embeddable":true,"href":"https:\/\/hudo.com\/si\/wp-json\/wp\/v2\/supertag?post=234775"}],"curies":[{"name":"wp","href":"https:\/\/api.w.org\/{rel}","templated":true}]}}