{"id":236281,"date":"2017-04-04T13:29:23","date_gmt":"2017-04-04T11:29:23","guid":{"rendered":"http:\/\/hudo.com\/si\/?p=236281"},"modified":"2017-04-04T13:29:23","modified_gmt":"2017-04-04T11:29:23","slug":"fotografija-melanie-trump-je-na-druzbenih-omrezjih-zanetila-pozar","status":"publish","type":"post","link":"https:\/\/hudo.com\/si\/vip\/fotografija-melanie-trump-je-na-druzbenih-omrezjih-zanetila-pozar\/","title":{"rendered":"Fotografija Melanie Trump je na dru\u017ebenih omre\u017ejih zanetila po\u017ear"},"content":{"rendered":"<p>Melania Trump se je zopet zna\u0161la v sredi\u0161\u010du pozornosti. In to le zaradi svojega portreta. Glamurozna fotografija prve dame je bila posneta v Beli hi\u0161i in je delo Regine Mahaux, priljubljene fotografinje, ki je znana po odli\u010dnih portretih slavnih oseb, pi\u0161e CNN.<\/p>\n<p>\u0160tevilne uporabnike Twitterja pa zmotilo dejstvo, da je fotografija preve\u010d obdelana s foto\u0161opom, zato je Melania videti kot lutka. \u0160tevilni so na roki prve dame opazili tudi velik prstan in obujali spomine, kako je Donald Trump leta 2005 zaprosil nekdanjo manekenko in se hvalil, da je prstan, vreden milijon in pol dolarjev, uspel kupiti po polovi\u010dni ceni.<\/p>\n<blockquote class=\"twitter-tweet\" data-lang=\"en-gb\">\n<p dir=\"ltr\" lang=\"en\">Nice ring <a href=\"https:\/\/twitter.com\/MELANIATRUMP\">@MELANIATRUMP<\/a>, pls show it off to everyone that is losing health care, education, meals. How is the bullying campaign going btw? <a href=\"https:\/\/t.co\/MLpy2j3y0L\">pic.twitter.com\/MLpy2j3y0L<\/a><\/p>\n<p>\u2014 Long Beach Chica (@BohemianxChica) <a href=\"https:\/\/twitter.com\/BohemianxChica\/status\/848982125474795520\">3 April 2017<\/a><\/p><\/blockquote>\n<p><div class=\"embed-notice\">Za ogled vstavljene vsebine morate omogo\u010diti <a href=\"#\" onclick=\"Optanon.ToggleInfoDisplay()\">shranjevanje pi\u0161kotkov v napravi<\/a><\/div><script async type=\"text\/plain\" class=\"optanon-category-C0002-C0003-C0004\" optanon-src=\"\/\/platform.twitter.com\/widgets.js\" charset=\"utf-8\"><\/script><\/p>\n<p>&#8220;Lep prstan, Melania Trump. Prosim poka\u017eite ga tistim, ki so ostali brez zdravstvenega zavarovanja, izobra\u017eevanja in dnevnih obrokov,&#8221; je napisala zgro\u017eena uporabnica Twitterja.<\/p>\n<p>Seveda pa je bilo veliko tudi tistih, ki so vse obrnili na \u0161alo.<\/p>\n<blockquote class=\"twitter-tweet\" data-lang=\"en-gb\">\n<p dir=\"ltr\" lang=\"en\">Anyone know why Melania Trump&#8217;s portrait was taken in front of the Muppet Babies Window? <a href=\"https:\/\/t.co\/EOLfwfBggE\">pic.twitter.com\/EOLfwfBggE<\/a><\/p>\n<p>\u2014 Sasha Stewart (@ArtfulStew) <a href=\"https:\/\/twitter.com\/ArtfulStew\/status\/848985685579231232\">3 April 2017<\/a><\/p><\/blockquote>\n<p><div class=\"embed-notice\">Za ogled vstavljene vsebine morate omogo\u010diti <a href=\"#\" onclick=\"Optanon.ToggleInfoDisplay()\">shranjevanje pi\u0161kotkov v napravi<\/a><\/div><script async type=\"text\/plain\" class=\"optanon-category-C0002-C0003-C0004\" optanon-src=\"\/\/platform.twitter.com\/widgets.js\" charset=\"utf-8\"><\/script><\/p>\n<blockquote class=\"twitter-tweet\" data-lang=\"en-gb\">\n<p dir=\"ltr\" lang=\"en\">yo why the official portrait of the first lady look like that super airbrushed pic of adam sandler from click <a href=\"https:\/\/t.co\/xHPcGPGJso\">pic.twitter.com\/xHPcGPGJso<\/a><\/p>\n<p>\u2014 big dead guy (@mrdaddymanphd) <a href=\"https:\/\/twitter.com\/mrdaddymanphd\/status\/849003521764732928\">3 April 2017<\/a><\/p><\/blockquote>\n<p><div class=\"embed-notice\">Za ogled vstavljene vsebine morate omogo\u010diti <a href=\"#\" onclick=\"Optanon.ToggleInfoDisplay()\">shranjevanje pi\u0161kotkov v napravi<\/a><\/div><script async type=\"text\/plain\" class=\"optanon-category-C0002-C0003-C0004\" optanon-src=\"\/\/platform.twitter.com\/widgets.js\" charset=\"utf-8\"><\/script><\/p>\n<blockquote class=\"twitter-tweet\" data-lang=\"en-gb\">\n<p dir=\"ltr\" lang=\"en\">Congrats to Melania on her official portrait <a href=\"https:\/\/t.co\/SuTfebTtTI\">pic.twitter.com\/SuTfebTtTI<\/a><\/p>\n<p>\u2014 Luke O&#8217;Neil (@lukeoneil47) <a href=\"https:\/\/twitter.com\/lukeoneil47\/status\/848936984420790276\">3 April 2017<\/a><\/p><\/blockquote>\n<p><div class=\"embed-notice\">Za ogled vstavljene vsebine morate omogo\u010diti <a href=\"#\" onclick=\"Optanon.ToggleInfoDisplay()\">shranjevanje pi\u0161kotkov v napravi<\/a><\/div><script async type=\"text\/plain\" class=\"optanon-category-C0002-C0003-C0004\" optanon-src=\"\/\/platform.twitter.com\/widgets.js\" charset=\"utf-8\"><\/script><\/p>\n<blockquote class=\"twitter-tweet\" data-lang=\"en-gb\">\n<p dir=\"ltr\" lang=\"en\">Melania&#8217;s portrait reminds me of Season 1 of Drag Race. The amount of Vaseline they spread on the lens to film Ru. Still kills me. <a href=\"https:\/\/t.co\/LTVtVgSu9M\">pic.twitter.com\/LTVtVgSu9M<\/a><\/p>\n<p>\u2014 Calvin (@calvinstowell) <a href=\"https:\/\/twitter.com\/calvinstowell\/status\/849046413929574401\">3 April 2017<\/a><\/p><\/blockquote>\n<p><div class=\"embed-notice\">Za ogled vstavljene vsebine morate omogo\u010diti <a href=\"#\" onclick=\"Optanon.ToggleInfoDisplay()\">shranjevanje pi\u0161kotkov v napravi<\/a><\/div><script async type=\"text\/plain\" class=\"optanon-category-C0002-C0003-C0004\" optanon-src=\"\/\/platform.twitter.com\/widgets.js\" charset=\"utf-8\"><\/script><\/p>\n<blockquote class=\"twitter-tweet\" data-lang=\"en-gb\">\n<p dir=\"ltr\" lang=\"en\">The official White House portrait of the First Lady is amazing! <a href=\"https:\/\/t.co\/lifl718YBs\">pic.twitter.com\/lifl718YBs<\/a><\/p>\n<p>\u2014 Jake Fogelnest (@jakefogelnest) <a href=\"https:\/\/twitter.com\/jakefogelnest\/status\/849071677032067073\">4 April 2017<\/a><\/p><\/blockquote>\n<p><div class=\"embed-notice\">Za ogled vstavljene vsebine morate omogo\u010diti <a href=\"#\" onclick=\"Optanon.ToggleInfoDisplay()\">shranjevanje pi\u0161kotkov v napravi<\/a><\/div><script async type=\"text\/plain\" class=\"optanon-category-C0002-C0003-C0004\" optanon-src=\"\/\/platform.twitter.com\/widgets.js\" charset=\"utf-8\"><\/script><\/p>\n","protected":false},"excerpt":{"rendered":"<p>Bela hi\u0161a je objavila uradno fotografijo prve dame Melanie Trump, ki je na dru\u017ebenih omre\u017ejih takoj spro\u017eila plaz komentarjev.<\/p>\n","protected":false},"author":6,"featured_media":223357,"comment_status":"closed","ping_status":"closed","sticky":false,"template":"","format":"standard","meta":{"footnotes":""},"categories":[1093],"tags":[1681],"source":[4511],"supertag":[],"acf":[],"yoast_head":"<!-- This site is optimized with the Yoast SEO plugin v21.3 - https:\/\/yoast.com\/wordpress\/plugins\/seo\/ -->\n<title>Fotografija Melanie Trump je na dru\u017ebenih omre\u017ejih zanetila po\u017ear - Hudo Slovenija<\/title>\n<meta name=\"robots\" content=\"index, follow, max-snippet:-1, max-image-preview:large, max-video-preview:-1\" \/>\n<link rel=\"canonical\" href=\"https:\/\/hudo.com\/si\/vip\/fotografija-melanie-trump-je-na-druzbenih-omrezjih-zanetila-pozar\/\" \/>\n<meta property=\"og:locale\" content=\"sl_SI\" \/>\n<meta property=\"og:type\" content=\"article\" \/>\n<meta property=\"og:title\" content=\"Fotografija Melanie Trump je na dru\u017ebenih omre\u017ejih zanetila po\u017ear - Hudo Slovenija\" \/>\n<meta property=\"og:description\" content=\"Bela hi\u0161a je objavila uradno fotografijo prve dame Melanie Trump, ki je na dru\u017ebenih omre\u017ejih takoj spro\u017eila plaz komentarjev.\" \/>\n<meta property=\"og:url\" content=\"https:\/\/hudo.com\/si\/vip\/fotografija-melanie-trump-je-na-druzbenih-omrezjih-zanetila-pozar\/\" \/>\n<meta property=\"og:site_name\" content=\"Hudo Slovenija\" \/>\n<meta property=\"article:publisher\" content=\"https:\/\/www.facebook.com\/hudo.si\" \/>\n<meta property=\"article:published_time\" content=\"2017-04-04T11:29:23+00:00\" \/>\n<meta property=\"og:image\" content=\"https:\/\/hudo.com\/si\/wp-content\/uploads\/sites\/2\/2017\/03\/profimedia-0322174989.jpg\" \/>\n\t<meta property=\"og:image:width\" content=\"1250\" \/>\n\t<meta property=\"og:image:height\" content=\"841\" \/>\n\t<meta property=\"og:image:type\" content=\"image\/jpeg\" \/>\n<meta name=\"author\" content=\"A. G.\" \/>\n<meta name=\"twitter:card\" content=\"summary_large_image\" \/>\n<meta name=\"twitter:creator\" content=\"@hudo_si\" \/>\n<meta name=\"twitter:site\" content=\"@hudo_si\" \/>\n<meta name=\"twitter:label1\" content=\"Written by\" \/>\n\t<meta name=\"twitter:data1\" content=\"A. G.\" \/>\n\t<meta name=\"twitter:label2\" content=\"Est. reading time\" \/>\n\t<meta name=\"twitter:data2\" content=\"1 minuta\" \/>\n<script type=\"application\/ld+json\" class=\"yoast-schema-graph\">{\"@context\":\"https:\/\/schema.org\",\"@graph\":[{\"@type\":\"Article\",\"@id\":\"https:\/\/hudo.com\/si\/vip\/fotografija-melanie-trump-je-na-druzbenih-omrezjih-zanetila-pozar\/#article\",\"isPartOf\":{\"@id\":\"https:\/\/hudo.com\/si\/vip\/fotografija-melanie-trump-je-na-druzbenih-omrezjih-zanetila-pozar\/\"},\"author\":{\"name\":\"A. G.\",\"@id\":\"https:\/\/hudo.com\/si\/#\/schema\/person\/f95639a66e0dd2c682b0568634e85b8b\"},\"headline\":\"Fotografija Melanie Trump je na dru\u017ebenih omre\u017ejih zanetila po\u017ear\",\"datePublished\":\"2017-04-04T11:29:23+00:00\",\"dateModified\":\"2017-04-04T11:29:23+00:00\",\"mainEntityOfPage\":{\"@id\":\"https:\/\/hudo.com\/si\/vip\/fotografija-melanie-trump-je-na-druzbenih-omrezjih-zanetila-pozar\/\"},\"wordCount\":310,\"publisher\":{\"@id\":\"https:\/\/hudo.com\/si\/#organization\"},\"keywords\":[\"Melania Trump\"],\"articleSection\":[\"VIP\"],\"inLanguage\":\"sl-SI\"},{\"@type\":\"WebPage\",\"@id\":\"https:\/\/hudo.com\/si\/vip\/fotografija-melanie-trump-je-na-druzbenih-omrezjih-zanetila-pozar\/\",\"url\":\"https:\/\/hudo.com\/si\/vip\/fotografija-melanie-trump-je-na-druzbenih-omrezjih-zanetila-pozar\/\",\"name\":\"Fotografija Melanie Trump je na dru\u017ebenih omre\u017ejih zanetila po\u017ear - Hudo Slovenija\",\"isPartOf\":{\"@id\":\"https:\/\/hudo.com\/si\/#website\"},\"datePublished\":\"2017-04-04T11:29:23+00:00\",\"dateModified\":\"2017-04-04T11:29:23+00:00\",\"breadcrumb\":{\"@id\":\"https:\/\/hudo.com\/si\/vip\/fotografija-melanie-trump-je-na-druzbenih-omrezjih-zanetila-pozar\/#breadcrumb\"},\"inLanguage\":\"sl-SI\",\"potentialAction\":[{\"@type\":\"ReadAction\",\"target\":[\"https:\/\/hudo.com\/si\/vip\/fotografija-melanie-trump-je-na-druzbenih-omrezjih-zanetila-pozar\/\"]}]},{\"@type\":\"BreadcrumbList\",\"@id\":\"https:\/\/hudo.com\/si\/vip\/fotografija-melanie-trump-je-na-druzbenih-omrezjih-zanetila-pozar\/#breadcrumb\",\"itemListElement\":[{\"@type\":\"ListItem\",\"position\":1,\"name\":\"Home\",\"item\":\"https:\/\/hudo.com\/si\/\"},{\"@type\":\"ListItem\",\"position\":2,\"name\":\"Fotografija Melanie Trump je na dru\u017ebenih omre\u017ejih zanetila po\u017ear\"}]},{\"@type\":\"WebSite\",\"@id\":\"https:\/\/hudo.com\/si\/#website\",\"url\":\"https:\/\/hudo.com\/si\/\",\"name\":\"Hudo Slovenija\",\"description\":\"Vse novice iz Slovenije in sveta\",\"publisher\":{\"@id\":\"https:\/\/hudo.com\/si\/#organization\"},\"potentialAction\":[{\"@type\":\"SearchAction\",\"target\":{\"@type\":\"EntryPoint\",\"urlTemplate\":\"https:\/\/hudo.com\/si\/?s={search_term_string}\"},\"query-input\":\"required name=search_term_string\"}],\"inLanguage\":\"sl-SI\"},{\"@type\":\"Organization\",\"@id\":\"https:\/\/hudo.com\/si\/#organization\",\"name\":\"VSN Media\",\"url\":\"https:\/\/hudo.com\/si\/\",\"logo\":{\"@type\":\"ImageObject\",\"inLanguage\":\"sl-SI\",\"@id\":\"https:\/\/hudo.com\/si\/#\/schema\/logo\/image\/\",\"url\":\"https:\/\/hudo.com\/si\/wp-content\/uploads\/sites\/2\/2021\/03\/hudo-app-2.png\",\"contentUrl\":\"https:\/\/hudo.com\/si\/wp-content\/uploads\/sites\/2\/2021\/03\/hudo-app-2.png\",\"width\":2185,\"height\":2167,\"caption\":\"VSN Media\"},\"image\":{\"@id\":\"https:\/\/hudo.com\/si\/#\/schema\/logo\/image\/\"},\"sameAs\":[\"https:\/\/www.facebook.com\/hudo.si\",\"https:\/\/twitter.com\/hudo_si\"]},{\"@type\":\"Person\",\"@id\":\"https:\/\/hudo.com\/si\/#\/schema\/person\/f95639a66e0dd2c682b0568634e85b8b\",\"name\":\"A. G.\",\"image\":{\"@type\":\"ImageObject\",\"inLanguage\":\"sl-SI\",\"@id\":\"https:\/\/hudo.com\/si\/#\/schema\/person\/image\/\",\"url\":\"https:\/\/secure.gravatar.com\/avatar\/9f44de561c70d5d80348d3ed0f4b142d?s=96&d=mm&r=g\",\"contentUrl\":\"https:\/\/secure.gravatar.com\/avatar\/9f44de561c70d5d80348d3ed0f4b142d?s=96&d=mm&r=g\",\"caption\":\"A. G.\"},\"url\":\"https:\/\/hudo.com\/si\/author\/alenkagrmek\/\"}]}<\/script>\n<!-- \/ Yoast SEO plugin. -->","yoast_head_json":{"title":"Fotografija Melanie Trump je na dru\u017ebenih omre\u017ejih zanetila po\u017ear - Hudo Slovenija","robots":{"index":"index","follow":"follow","max-snippet":"max-snippet:-1","max-image-preview":"max-image-preview:large","max-video-preview":"max-video-preview:-1"},"canonical":"https:\/\/hudo.com\/si\/vip\/fotografija-melanie-trump-je-na-druzbenih-omrezjih-zanetila-pozar\/","og_locale":"sl_SI","og_type":"article","og_title":"Fotografija Melanie Trump je na dru\u017ebenih omre\u017ejih zanetila po\u017ear - Hudo Slovenija","og_description":"Bela hi\u0161a je objavila uradno fotografijo prve dame Melanie Trump, ki je na dru\u017ebenih omre\u017ejih takoj spro\u017eila plaz komentarjev.","og_url":"https:\/\/hudo.com\/si\/vip\/fotografija-melanie-trump-je-na-druzbenih-omrezjih-zanetila-pozar\/","og_site_name":"Hudo Slovenija","article_publisher":"https:\/\/www.facebook.com\/hudo.si","article_published_time":"2017-04-04T11:29:23+00:00","og_image":[{"width":1250,"height":841,"url":"https:\/\/hudo.com\/si\/wp-content\/uploads\/sites\/2\/2017\/03\/profimedia-0322174989.jpg","type":"image\/jpeg"}],"author":"A. G.","twitter_card":"summary_large_image","twitter_creator":"@hudo_si","twitter_site":"@hudo_si","twitter_misc":{"Written by":"A. G.","Est. reading time":"1 minuta"},"schema":{"@context":"https:\/\/schema.org","@graph":[{"@type":"Article","@id":"https:\/\/hudo.com\/si\/vip\/fotografija-melanie-trump-je-na-druzbenih-omrezjih-zanetila-pozar\/#article","isPartOf":{"@id":"https:\/\/hudo.com\/si\/vip\/fotografija-melanie-trump-je-na-druzbenih-omrezjih-zanetila-pozar\/"},"author":{"name":"A. G.","@id":"https:\/\/hudo.com\/si\/#\/schema\/person\/f95639a66e0dd2c682b0568634e85b8b"},"headline":"Fotografija Melanie Trump je na dru\u017ebenih omre\u017ejih zanetila po\u017ear","datePublished":"2017-04-04T11:29:23+00:00","dateModified":"2017-04-04T11:29:23+00:00","mainEntityOfPage":{"@id":"https:\/\/hudo.com\/si\/vip\/fotografija-melanie-trump-je-na-druzbenih-omrezjih-zanetila-pozar\/"},"wordCount":310,"publisher":{"@id":"https:\/\/hudo.com\/si\/#organization"},"keywords":["Melania Trump"],"articleSection":["VIP"],"inLanguage":"sl-SI"},{"@type":"WebPage","@id":"https:\/\/hudo.com\/si\/vip\/fotografija-melanie-trump-je-na-druzbenih-omrezjih-zanetila-pozar\/","url":"https:\/\/hudo.com\/si\/vip\/fotografija-melanie-trump-je-na-druzbenih-omrezjih-zanetila-pozar\/","name":"Fotografija Melanie Trump je na dru\u017ebenih omre\u017ejih zanetila po\u017ear - Hudo Slovenija","isPartOf":{"@id":"https:\/\/hudo.com\/si\/#website"},"datePublished":"2017-04-04T11:29:23+00:00","dateModified":"2017-04-04T11:29:23+00:00","breadcrumb":{"@id":"https:\/\/hudo.com\/si\/vip\/fotografija-melanie-trump-je-na-druzbenih-omrezjih-zanetila-pozar\/#breadcrumb"},"inLanguage":"sl-SI","potentialAction":[{"@type":"ReadAction","target":["https:\/\/hudo.com\/si\/vip\/fotografija-melanie-trump-je-na-druzbenih-omrezjih-zanetila-pozar\/"]}]},{"@type":"BreadcrumbList","@id":"https:\/\/hudo.com\/si\/vip\/fotografija-melanie-trump-je-na-druzbenih-omrezjih-zanetila-pozar\/#breadcrumb","itemListElement":[{"@type":"ListItem","position":1,"name":"Home","item":"https:\/\/hudo.com\/si\/"},{"@type":"ListItem","position":2,"name":"Fotografija Melanie Trump je na dru\u017ebenih omre\u017ejih zanetila po\u017ear"}]},{"@type":"WebSite","@id":"https:\/\/hudo.com\/si\/#website","url":"https:\/\/hudo.com\/si\/","name":"Hudo Slovenija","description":"Vse novice iz Slovenije in sveta","publisher":{"@id":"https:\/\/hudo.com\/si\/#organization"},"potentialAction":[{"@type":"SearchAction","target":{"@type":"EntryPoint","urlTemplate":"https:\/\/hudo.com\/si\/?s={search_term_string}"},"query-input":"required name=search_term_string"}],"inLanguage":"sl-SI"},{"@type":"Organization","@id":"https:\/\/hudo.com\/si\/#organization","name":"VSN Media","url":"https:\/\/hudo.com\/si\/","logo":{"@type":"ImageObject","inLanguage":"sl-SI","@id":"https:\/\/hudo.com\/si\/#\/schema\/logo\/image\/","url":"https:\/\/hudo.com\/si\/wp-content\/uploads\/sites\/2\/2021\/03\/hudo-app-2.png","contentUrl":"https:\/\/hudo.com\/si\/wp-content\/uploads\/sites\/2\/2021\/03\/hudo-app-2.png","width":2185,"height":2167,"caption":"VSN Media"},"image":{"@id":"https:\/\/hudo.com\/si\/#\/schema\/logo\/image\/"},"sameAs":["https:\/\/www.facebook.com\/hudo.si","https:\/\/twitter.com\/hudo_si"]},{"@type":"Person","@id":"https:\/\/hudo.com\/si\/#\/schema\/person\/f95639a66e0dd2c682b0568634e85b8b","name":"A. G.","image":{"@type":"ImageObject","inLanguage":"sl-SI","@id":"https:\/\/hudo.com\/si\/#\/schema\/person\/image\/","url":"https:\/\/secure.gravatar.com\/avatar\/9f44de561c70d5d80348d3ed0f4b142d?s=96&d=mm&r=g","contentUrl":"https:\/\/secure.gravatar.com\/avatar\/9f44de561c70d5d80348d3ed0f4b142d?s=96&d=mm&r=g","caption":"A. G."},"url":"https:\/\/hudo.com\/si\/author\/alenkagrmek\/"}]}},"amp_enabled":true,"_links":{"self":[{"href":"https:\/\/hudo.com\/si\/wp-json\/wp\/v2\/posts\/236281"}],"collection":[{"href":"https:\/\/hudo.com\/si\/wp-json\/wp\/v2\/posts"}],"about":[{"href":"https:\/\/hudo.com\/si\/wp-json\/wp\/v2\/types\/post"}],"author":[{"embeddable":true,"href":"https:\/\/hudo.com\/si\/wp-json\/wp\/v2\/users\/6"}],"replies":[{"embeddable":true,"href":"https:\/\/hudo.com\/si\/wp-json\/wp\/v2\/comments?post=236281"}],"version-history":[{"count":2,"href":"https:\/\/hudo.com\/si\/wp-json\/wp\/v2\/posts\/236281\/revisions"}],"predecessor-version":[{"id":236369,"href":"https:\/\/hudo.com\/si\/wp-json\/wp\/v2\/posts\/236281\/revisions\/236369"}],"wp:featuredmedia":[{"embeddable":true,"href":"https:\/\/hudo.com\/si\/wp-json\/wp\/v2\/media\/223357"}],"wp:attachment":[{"href":"https:\/\/hudo.com\/si\/wp-json\/wp\/v2\/media?parent=236281"}],"wp:term":[{"taxonomy":"category","embeddable":true,"href":"https:\/\/hudo.com\/si\/wp-json\/wp\/v2\/categories?post=236281"},{"taxonomy":"post_tag","embeddable":true,"href":"https:\/\/hudo.com\/si\/wp-json\/wp\/v2\/tags?post=236281"},{"taxonomy":"source","embeddable":true,"href":"https:\/\/hudo.com\/si\/wp-json\/wp\/v2\/source?post=236281"},{"taxonomy":"supertag","embeddable":true,"href":"https:\/\/hudo.com\/si\/wp-json\/wp\/v2\/supertag?post=236281"}],"curies":[{"name":"wp","href":"https:\/\/api.w.org\/{rel}","templated":true}]}}