{"id":237118,"date":"2017-04-05T13:00:26","date_gmt":"2017-04-05T11:00:26","guid":{"rendered":"http:\/\/hudo.com\/si\/?p=237118"},"modified":"2017-04-05T13:00:26","modified_gmt":"2017-04-05T11:00:26","slug":"ivanka-trump-se-ne-strinja-s-svojim-ocetom","status":"publish","type":"post","link":"https:\/\/hudo.com\/si\/aktualno\/ivanka-trump-se-ne-strinja-s-svojim-ocetom\/","title":{"rendered":"Ivanka Trump se ne strinja s svojim o\u010detom"},"content":{"rendered":"<p>&#8220;Torej, ko se ne strinjam s svojim o\u010detom, to on ve, in mu povem popolnoma odkrito,&#8221; je dejala v svojem prvem pogovoru po imenovanju na polo\u017eaj pomo\u010dnice Trumpa v Beli hi\u0161i.<\/p>\n<p>&#8220;Ko se strinjam, se popolnoma zavzamem in podpiram agendo. Upam, da bom zanj pridobitev in da bom pustila pozitiven vtis. Spo\u0161tujem dejstvo, da vedno poslu\u0161a. Tak\u0161en je bil \u017ee kot poslovne\u017e in tak\u0161en je kot predsednik,&#8221; je dodala.<\/p>\n<p>V pogovoru je zavrnila kritike, da sta s soprogom Jaredom Kushnerjem sokriva za sporno politiko Bele hi\u0161e, ker se nista oglasila glede klju\u010dnih vpra\u0161anj, kot so pravice istospolnih, podnebne spremembe in pravica do umetne prekinitve nose\u010dnosti. \u010ce je sokriva zato, &#8220;ker \u017eeli biti sila za dobro in imeti pozitiven vpliv&#8221;, potem je sokriva, je dejala.<\/p>\n<p>Trumpova je prej\u0161nji teden potrdila, da bo tako kot njen soprog, ki je vi\u0161ji svetovalec v Beli hi\u0161i, uradno zaposlena v Beli hi\u0161i kot pomo\u010dnica svojega o\u010deta. Kot je pojasnila, bodo zanjo veljala enaka pravila kot za druge zaposlene, le da za svoje delo ne bo prejemala pla\u010de. Ker je to prvi primer, da bo odrasel otrok predsednika ZDA aktivno vklju\u010den v delo administracije, je bila dele\u017ena kar nekaj kritik, tudi zato, ker nima izku\u0161enj v diplomaciji.<\/p>\n<p>&#8220;Ne vem, \u010de ne bi kritiki, ki to govorijo o meni, ravnali enako kot jaz, \u010de bi se zna\u0161li v teh edinstvenih in brez primera razmerah,&#8221; je \u0161e povedala.<\/p>\n","protected":false},"excerpt":{"rendered":"<p>H\u010di ameri\u0161kega predsednika Donalda Trumpa, Ivanka Trump, se ve\u010dkrat ne strinja z o\u010detom, kar pa mu tudi jasno pove, je dejala v pogovoru za ameri\u0161ko televizijo CBS, ki bo predvajan danes. Kot nova pomo\u010dnica predsednika upa, da bo dobra pridobitev za o\u010deta in da bo pozitivno vplivala nanj, povzema del pogovora nem\u0161ka tiskovna agencija dpa.<\/p>\n","protected":false},"author":8,"featured_media":237121,"comment_status":"closed","ping_status":"closed","sticky":false,"template":"","format":"standard","meta":{"footnotes":""},"categories":[1179],"tags":[1680,7046,1682],"source":[4511],"supertag":[6103],"acf":[],"yoast_head":"<!-- This site is optimized with the Yoast SEO plugin v21.3 - https:\/\/yoast.com\/wordpress\/plugins\/seo\/ -->\n<title>Ivanka Trump se ne strinja s svojim o\u010detom - Hudo Slovenija<\/title>\n<meta name=\"robots\" content=\"index, follow, max-snippet:-1, max-image-preview:large, max-video-preview:-1\" \/>\n<link rel=\"canonical\" href=\"https:\/\/hudo.com\/si\/aktualno\/ivanka-trump-se-ne-strinja-s-svojim-ocetom\/\" \/>\n<meta property=\"og:locale\" content=\"sl_SI\" \/>\n<meta property=\"og:type\" content=\"article\" \/>\n<meta property=\"og:title\" content=\"Ivanka Trump se ne strinja s svojim o\u010detom - Hudo Slovenija\" \/>\n<meta property=\"og:description\" content=\"H\u010di ameri\u0161kega predsednika Donalda Trumpa, Ivanka Trump, se ve\u010dkrat ne strinja z o\u010detom, kar pa mu tudi jasno pove, je dejala v pogovoru za ameri\u0161ko televizijo CBS, ki bo predvajan danes. Kot nova pomo\u010dnica predsednika upa, da bo dobra pridobitev za o\u010deta in da bo pozitivno vplivala nanj, povzema del pogovora nem\u0161ka tiskovna agencija dpa.\" \/>\n<meta property=\"og:url\" content=\"https:\/\/hudo.com\/si\/aktualno\/ivanka-trump-se-ne-strinja-s-svojim-ocetom\/\" \/>\n<meta property=\"og:site_name\" content=\"Hudo Slovenija\" \/>\n<meta property=\"article:publisher\" content=\"https:\/\/www.facebook.com\/hudo.si\" \/>\n<meta property=\"article:published_time\" content=\"2017-04-05T11:00:26+00:00\" \/>\n<meta property=\"og:image\" content=\"https:\/\/hudo.com\/si\/wp-content\/uploads\/sites\/2\/2017\/04\/profimedia-0326720646.jpg\" \/>\n\t<meta property=\"og:image:width\" content=\"1250\" \/>\n\t<meta property=\"og:image:height\" content=\"833\" \/>\n\t<meta property=\"og:image:type\" content=\"image\/jpeg\" \/>\n<meta name=\"author\" content=\"M. N., STA\" \/>\n<meta name=\"twitter:card\" content=\"summary_large_image\" \/>\n<meta name=\"twitter:creator\" content=\"@hudo_si\" \/>\n<meta name=\"twitter:site\" content=\"@hudo_si\" \/>\n<meta name=\"twitter:label1\" content=\"Written by\" \/>\n\t<meta name=\"twitter:data1\" content=\"M. N., STA\" \/>\n\t<meta name=\"twitter:label2\" content=\"Est. reading time\" \/>\n\t<meta name=\"twitter:data2\" content=\"1 minuta\" \/>\n<script type=\"application\/ld+json\" class=\"yoast-schema-graph\">{\"@context\":\"https:\/\/schema.org\",\"@graph\":[{\"@type\":\"Article\",\"@id\":\"https:\/\/hudo.com\/si\/aktualno\/ivanka-trump-se-ne-strinja-s-svojim-ocetom\/#article\",\"isPartOf\":{\"@id\":\"https:\/\/hudo.com\/si\/aktualno\/ivanka-trump-se-ne-strinja-s-svojim-ocetom\/\"},\"author\":{\"name\":\"M. N., STA\",\"@id\":\"https:\/\/hudo.com\/si\/#\/schema\/person\/c2f10ce65d2e6ede2aeda5be2a0611fa\"},\"headline\":\"Ivanka Trump se ne strinja s svojim o\u010detom\",\"datePublished\":\"2017-04-05T11:00:26+00:00\",\"dateModified\":\"2017-04-05T11:00:26+00:00\",\"mainEntityOfPage\":{\"@id\":\"https:\/\/hudo.com\/si\/aktualno\/ivanka-trump-se-ne-strinja-s-svojim-ocetom\/\"},\"wordCount\":262,\"publisher\":{\"@id\":\"https:\/\/hudo.com\/si\/#organization\"},\"keywords\":[\"Donald Trump\",\"ivanka trump\",\"ZDA\"],\"articleSection\":[\"Aktualno\"],\"inLanguage\":\"sl-SI\"},{\"@type\":\"WebPage\",\"@id\":\"https:\/\/hudo.com\/si\/aktualno\/ivanka-trump-se-ne-strinja-s-svojim-ocetom\/\",\"url\":\"https:\/\/hudo.com\/si\/aktualno\/ivanka-trump-se-ne-strinja-s-svojim-ocetom\/\",\"name\":\"Ivanka Trump se ne strinja s svojim o\u010detom - Hudo Slovenija\",\"isPartOf\":{\"@id\":\"https:\/\/hudo.com\/si\/#website\"},\"datePublished\":\"2017-04-05T11:00:26+00:00\",\"dateModified\":\"2017-04-05T11:00:26+00:00\",\"breadcrumb\":{\"@id\":\"https:\/\/hudo.com\/si\/aktualno\/ivanka-trump-se-ne-strinja-s-svojim-ocetom\/#breadcrumb\"},\"inLanguage\":\"sl-SI\",\"potentialAction\":[{\"@type\":\"ReadAction\",\"target\":[\"https:\/\/hudo.com\/si\/aktualno\/ivanka-trump-se-ne-strinja-s-svojim-ocetom\/\"]}]},{\"@type\":\"BreadcrumbList\",\"@id\":\"https:\/\/hudo.com\/si\/aktualno\/ivanka-trump-se-ne-strinja-s-svojim-ocetom\/#breadcrumb\",\"itemListElement\":[{\"@type\":\"ListItem\",\"position\":1,\"name\":\"Home\",\"item\":\"https:\/\/hudo.com\/si\/\"},{\"@type\":\"ListItem\",\"position\":2,\"name\":\"Ivanka Trump se ne strinja s svojim o\u010detom\"}]},{\"@type\":\"WebSite\",\"@id\":\"https:\/\/hudo.com\/si\/#website\",\"url\":\"https:\/\/hudo.com\/si\/\",\"name\":\"Hudo Slovenija\",\"description\":\"Vse novice iz Slovenije in sveta\",\"publisher\":{\"@id\":\"https:\/\/hudo.com\/si\/#organization\"},\"potentialAction\":[{\"@type\":\"SearchAction\",\"target\":{\"@type\":\"EntryPoint\",\"urlTemplate\":\"https:\/\/hudo.com\/si\/?s={search_term_string}\"},\"query-input\":\"required name=search_term_string\"}],\"inLanguage\":\"sl-SI\"},{\"@type\":\"Organization\",\"@id\":\"https:\/\/hudo.com\/si\/#organization\",\"name\":\"VSN Media\",\"url\":\"https:\/\/hudo.com\/si\/\",\"logo\":{\"@type\":\"ImageObject\",\"inLanguage\":\"sl-SI\",\"@id\":\"https:\/\/hudo.com\/si\/#\/schema\/logo\/image\/\",\"url\":\"https:\/\/hudo.com\/si\/wp-content\/uploads\/sites\/2\/2021\/03\/hudo-app-2.png\",\"contentUrl\":\"https:\/\/hudo.com\/si\/wp-content\/uploads\/sites\/2\/2021\/03\/hudo-app-2.png\",\"width\":2185,\"height\":2167,\"caption\":\"VSN Media\"},\"image\":{\"@id\":\"https:\/\/hudo.com\/si\/#\/schema\/logo\/image\/\"},\"sameAs\":[\"https:\/\/www.facebook.com\/hudo.si\",\"https:\/\/twitter.com\/hudo_si\"]},{\"@type\":\"Person\",\"@id\":\"https:\/\/hudo.com\/si\/#\/schema\/person\/c2f10ce65d2e6ede2aeda5be2a0611fa\",\"name\":\"M. N., STA\",\"image\":{\"@type\":\"ImageObject\",\"inLanguage\":\"sl-SI\",\"@id\":\"https:\/\/hudo.com\/si\/#\/schema\/person\/image\/\",\"url\":\"https:\/\/secure.gravatar.com\/avatar\/f370d38daa10467f755c5c766a4cac20?s=96&d=mm&r=g\",\"contentUrl\":\"https:\/\/secure.gravatar.com\/avatar\/f370d38daa10467f755c5c766a4cac20?s=96&d=mm&r=g\",\"caption\":\"M. N., STA\"},\"url\":\"https:\/\/hudo.com\/si\/author\/mana\/\"}]}<\/script>\n<!-- \/ Yoast SEO plugin. -->","yoast_head_json":{"title":"Ivanka Trump se ne strinja s svojim o\u010detom - Hudo Slovenija","robots":{"index":"index","follow":"follow","max-snippet":"max-snippet:-1","max-image-preview":"max-image-preview:large","max-video-preview":"max-video-preview:-1"},"canonical":"https:\/\/hudo.com\/si\/aktualno\/ivanka-trump-se-ne-strinja-s-svojim-ocetom\/","og_locale":"sl_SI","og_type":"article","og_title":"Ivanka Trump se ne strinja s svojim o\u010detom - Hudo Slovenija","og_description":"H\u010di ameri\u0161kega predsednika Donalda Trumpa, Ivanka Trump, se ve\u010dkrat ne strinja z o\u010detom, kar pa mu tudi jasno pove, je dejala v pogovoru za ameri\u0161ko televizijo CBS, ki bo predvajan danes. Kot nova pomo\u010dnica predsednika upa, da bo dobra pridobitev za o\u010deta in da bo pozitivno vplivala nanj, povzema del pogovora nem\u0161ka tiskovna agencija dpa.","og_url":"https:\/\/hudo.com\/si\/aktualno\/ivanka-trump-se-ne-strinja-s-svojim-ocetom\/","og_site_name":"Hudo Slovenija","article_publisher":"https:\/\/www.facebook.com\/hudo.si","article_published_time":"2017-04-05T11:00:26+00:00","og_image":[{"width":1250,"height":833,"url":"https:\/\/hudo.com\/si\/wp-content\/uploads\/sites\/2\/2017\/04\/profimedia-0326720646.jpg","type":"image\/jpeg"}],"author":"M. N., STA","twitter_card":"summary_large_image","twitter_creator":"@hudo_si","twitter_site":"@hudo_si","twitter_misc":{"Written by":"M. N., STA","Est. reading time":"1 minuta"},"schema":{"@context":"https:\/\/schema.org","@graph":[{"@type":"Article","@id":"https:\/\/hudo.com\/si\/aktualno\/ivanka-trump-se-ne-strinja-s-svojim-ocetom\/#article","isPartOf":{"@id":"https:\/\/hudo.com\/si\/aktualno\/ivanka-trump-se-ne-strinja-s-svojim-ocetom\/"},"author":{"name":"M. N., STA","@id":"https:\/\/hudo.com\/si\/#\/schema\/person\/c2f10ce65d2e6ede2aeda5be2a0611fa"},"headline":"Ivanka Trump se ne strinja s svojim o\u010detom","datePublished":"2017-04-05T11:00:26+00:00","dateModified":"2017-04-05T11:00:26+00:00","mainEntityOfPage":{"@id":"https:\/\/hudo.com\/si\/aktualno\/ivanka-trump-se-ne-strinja-s-svojim-ocetom\/"},"wordCount":262,"publisher":{"@id":"https:\/\/hudo.com\/si\/#organization"},"keywords":["Donald Trump","ivanka trump","ZDA"],"articleSection":["Aktualno"],"inLanguage":"sl-SI"},{"@type":"WebPage","@id":"https:\/\/hudo.com\/si\/aktualno\/ivanka-trump-se-ne-strinja-s-svojim-ocetom\/","url":"https:\/\/hudo.com\/si\/aktualno\/ivanka-trump-se-ne-strinja-s-svojim-ocetom\/","name":"Ivanka Trump se ne strinja s svojim o\u010detom - Hudo Slovenija","isPartOf":{"@id":"https:\/\/hudo.com\/si\/#website"},"datePublished":"2017-04-05T11:00:26+00:00","dateModified":"2017-04-05T11:00:26+00:00","breadcrumb":{"@id":"https:\/\/hudo.com\/si\/aktualno\/ivanka-trump-se-ne-strinja-s-svojim-ocetom\/#breadcrumb"},"inLanguage":"sl-SI","potentialAction":[{"@type":"ReadAction","target":["https:\/\/hudo.com\/si\/aktualno\/ivanka-trump-se-ne-strinja-s-svojim-ocetom\/"]}]},{"@type":"BreadcrumbList","@id":"https:\/\/hudo.com\/si\/aktualno\/ivanka-trump-se-ne-strinja-s-svojim-ocetom\/#breadcrumb","itemListElement":[{"@type":"ListItem","position":1,"name":"Home","item":"https:\/\/hudo.com\/si\/"},{"@type":"ListItem","position":2,"name":"Ivanka Trump se ne strinja s svojim o\u010detom"}]},{"@type":"WebSite","@id":"https:\/\/hudo.com\/si\/#website","url":"https:\/\/hudo.com\/si\/","name":"Hudo Slovenija","description":"Vse novice iz Slovenije in sveta","publisher":{"@id":"https:\/\/hudo.com\/si\/#organization"},"potentialAction":[{"@type":"SearchAction","target":{"@type":"EntryPoint","urlTemplate":"https:\/\/hudo.com\/si\/?s={search_term_string}"},"query-input":"required name=search_term_string"}],"inLanguage":"sl-SI"},{"@type":"Organization","@id":"https:\/\/hudo.com\/si\/#organization","name":"VSN Media","url":"https:\/\/hudo.com\/si\/","logo":{"@type":"ImageObject","inLanguage":"sl-SI","@id":"https:\/\/hudo.com\/si\/#\/schema\/logo\/image\/","url":"https:\/\/hudo.com\/si\/wp-content\/uploads\/sites\/2\/2021\/03\/hudo-app-2.png","contentUrl":"https:\/\/hudo.com\/si\/wp-content\/uploads\/sites\/2\/2021\/03\/hudo-app-2.png","width":2185,"height":2167,"caption":"VSN Media"},"image":{"@id":"https:\/\/hudo.com\/si\/#\/schema\/logo\/image\/"},"sameAs":["https:\/\/www.facebook.com\/hudo.si","https:\/\/twitter.com\/hudo_si"]},{"@type":"Person","@id":"https:\/\/hudo.com\/si\/#\/schema\/person\/c2f10ce65d2e6ede2aeda5be2a0611fa","name":"M. N., STA","image":{"@type":"ImageObject","inLanguage":"sl-SI","@id":"https:\/\/hudo.com\/si\/#\/schema\/person\/image\/","url":"https:\/\/secure.gravatar.com\/avatar\/f370d38daa10467f755c5c766a4cac20?s=96&d=mm&r=g","contentUrl":"https:\/\/secure.gravatar.com\/avatar\/f370d38daa10467f755c5c766a4cac20?s=96&d=mm&r=g","caption":"M. N., STA"},"url":"https:\/\/hudo.com\/si\/author\/mana\/"}]}},"amp_enabled":true,"_links":{"self":[{"href":"https:\/\/hudo.com\/si\/wp-json\/wp\/v2\/posts\/237118"}],"collection":[{"href":"https:\/\/hudo.com\/si\/wp-json\/wp\/v2\/posts"}],"about":[{"href":"https:\/\/hudo.com\/si\/wp-json\/wp\/v2\/types\/post"}],"author":[{"embeddable":true,"href":"https:\/\/hudo.com\/si\/wp-json\/wp\/v2\/users\/8"}],"replies":[{"embeddable":true,"href":"https:\/\/hudo.com\/si\/wp-json\/wp\/v2\/comments?post=237118"}],"version-history":[{"count":1,"href":"https:\/\/hudo.com\/si\/wp-json\/wp\/v2\/posts\/237118\/revisions"}],"predecessor-version":[{"id":237123,"href":"https:\/\/hudo.com\/si\/wp-json\/wp\/v2\/posts\/237118\/revisions\/237123"}],"wp:featuredmedia":[{"embeddable":true,"href":"https:\/\/hudo.com\/si\/wp-json\/wp\/v2\/media\/237121"}],"wp:attachment":[{"href":"https:\/\/hudo.com\/si\/wp-json\/wp\/v2\/media?parent=237118"}],"wp:term":[{"taxonomy":"category","embeddable":true,"href":"https:\/\/hudo.com\/si\/wp-json\/wp\/v2\/categories?post=237118"},{"taxonomy":"post_tag","embeddable":true,"href":"https:\/\/hudo.com\/si\/wp-json\/wp\/v2\/tags?post=237118"},{"taxonomy":"source","embeddable":true,"href":"https:\/\/hudo.com\/si\/wp-json\/wp\/v2\/source?post=237118"},{"taxonomy":"supertag","embeddable":true,"href":"https:\/\/hudo.com\/si\/wp-json\/wp\/v2\/supertag?post=237118"}],"curies":[{"name":"wp","href":"https:\/\/api.w.org\/{rel}","templated":true}]}}