{"id":237850,"date":"2017-04-06T13:58:00","date_gmt":"2017-04-06T11:58:00","guid":{"rendered":"http:\/\/hudo.com\/si\/2017\/04\/06\/cizmic-mercatorjevim-delavcem-obljublja-dialog-in-spostovanje-pravic\/"},"modified":"2017-04-07T04:12:20","modified_gmt":"2017-04-07T02:12:20","slug":"cizmic-mercatorjevim-delavcem-obljublja-dialog-in-spostovanje-pravic","status":"publish","type":"post","link":"https:\/\/hudo.com\/si\/aktualno\/cizmic-mercatorjevim-delavcem-obljublja-dialog-in-spostovanje-pravic\/","title":{"rendered":"\u010cizmi\u0107 Mercatorjevim delavcem obljublja dialog in spo\u0161tovanje pravic"},"content":{"rendered":"<p>Novi predsednik uprave Mercatorja Tomislav \u010cizmi\u0107 se je danes sestal s sindikati. Zagotovil je, da bo ohranil dozdaj\u0161nji dialog ter spo\u0161toval kolektivno pogodbo in delovno zakonodajo, je dejala predsednica Sindikata delavcev trgovine Slovenije Vesna Stojanovi\u010d. Bojazni pred odpu\u0161\u010danji ni, je dodal sekretar sindikata Ladislav Ro\u017ei\u010d. Sredin odstop Tonija Bala\u017ei\u010da z mesta prvega mo\u017ea najve\u010djega slovenskega trgovca je sindikaliste mo\u010dno presenetil. Stojanovi\u010deva, ki je tudi \u010dlanica nadzornega sveta Mercatorja, o tem ni imela prav nobenih informacij, prav tako ne Ro\u017ei\u010d. Ta je prepri\u010dan, da je sporazumen odhod s funkcije neodgovoren. Po njegovem mnenju je lastnik hrva\u0161kega \u017eivilskega koncerna Agrokor Ivica Todori\u0107 s tem Bala\u017ei\u010du naredil uslugo, &#8220;ker mu je ta pomagal v prodajnih postopkih Mercatorja&#8221;. Dogodki v Mercatorju skrbijo veliko zaposlenih, ki se zato obra\u010dajo na sindikat z razli\u010dnimi vpra\u0161anji. Po besedah Stojanovi\u010deve se delavci bojijo, kaj se bo zgodilo. &#8220;Med ljudmi se \u010duti kar precej napetosti, negotovosti, seveda to vpliva tudi na motivacijo. Situacija ni ro\u017enata,&#8221; je dodala. Ve\u010djih sprememb ne pri\u010dakujejo S \u010cizmi\u0107em, ki se je skupini Mercator pridru\u017eil leta 2013, v sindikatu delavcev trgovine, ki sodi pod okrilje Zveze svobodnih sindikatov Slovenije, nimajo izku\u0161enj, saj \u0161e niso sodelovali. Ne glede na to pa ve\u010djih sprememb v prihodnje ne pri\u010dakujejo. \u010cizmi\u0107 je danes tudi uradno prevzel vajeti v slovenskem trgovcu, na dnevnem redu pa je \u017ee imel sre\u010danje s predstavniki sindikatov. Kot je povedala Stojanovi\u010deva, je bil socialni dialog pod Bala\u017ei\u010devim vodstvom na zelo visoki ravni, zato je sama na sestanku izrazila \u017eeljo, da bi tak tudi ostal. Novi prvi mo\u017e Mercatorja je po njenih besedah obljubil, da na tem podro\u010dju ne bo sprememb ter ve\u010dkrat zagotovil, da bo spo\u0161toval kolektivno pogodbo in delovno zakonodajo. Poleg tega je napovedal, da bodo obveznosti do zaposlenih in dobaviteljev naprej tekle brez sprememb.        Igor Napast \u010cizmi\u0107 je danes tudi uradno prev<\/p>\n","protected":false},"excerpt":{"rendered":"<p>Novi predsednik uprave Mercatorja Tomislav \u010cizmi\u0107 se je danes sestal s sindikati. Zagotovil je, da bo ohranil dozdaj\u0161nji dialog ter spo\u0161toval kolektivno pogodbo in delovno zakonodajo, je dejala predsednica Sindikata delavcev trgovine Slovenije Vesna Stojanovi\u010d. Bojazni pred odpu\u0161\u010danji ni, je dodal sekretar sindikata Ladislav Ro\u017ei\u010d. Sredin odstop Tonija Bala\u017ei\u010da z mesta prvega mo\u017ea najve\u010djega slovenskega trgovca je sindikaliste mo\u010dno presenetil. Stojanovi\u010deva, ki je tudi \u010dlanica nadzornega sveta Mercatorja, o tem ni imela prav nobenih informacij, prav tako ne Ro\u017ei\u010d. Ta je prepri\u010dan, da je sporazumen odhod s funkcije neodgovoren. Po njegovem mnenju je lastnik hrva\u0161kega \u017eivilskega koncerna Agrokor Ivica Todori\u0107 s tem Bala\u017ei\u010du naredil uslugo, &#8220;ker mu je ta pomagal v prodajnih postopkih Mercatorja&#8221;. Dogodki v Mercatorju skrbijo veliko zaposlenih, ki se zato obra\u010dajo na sindikat z razli\u010dnimi vpra\u0161anji. Po besedah Stojanovi\u010deve se delavci bojijo, kaj se bo zgodilo. &#8220;Med ljudmi se \u010duti kar precej napetosti, negotovosti, seveda to vpliva tudi na motivacijo. Situacija ni ro\u017enata,&#8221; je dodala. Ve\u010djih sprememb ne pri\u010dakujejo S \u010cizmi\u0107em, ki se je skupini Mercator pridru\u017eil leta 2013, v sindikatu delavcev trgovine, ki sodi pod okrilje Zveze svobodnih sindikatov Slovenije, nimajo izku\u0161enj, saj \u0161e niso sodelovali. Ne glede na to pa ve\u010djih sprememb v prihodnje ne pri\u010dakujejo. \u010cizmi\u0107 je danes tudi uradno prevzel vajeti v slovenskem trgovcu, na dnevnem redu pa je \u017ee imel sre\u010danje s predstavniki sindikatov. Kot je povedala Stojanovi\u010deva, je bil socialni dialog pod Bala\u017ei\u010devim vodstvom na zelo visoki ravni, zato je sama na sestanku izrazila \u017eeljo, da bi tak tudi ostal. Novi prvi mo\u017e Mercatorja je po njenih besedah obljubil, da na tem podro\u010dju ne bo sprememb ter ve\u010dkrat zagotovil, da bo spo\u0161toval kolektivno pogodbo in delovno zakonodajo. Poleg tega je napovedal, da bodo obveznosti do zaposlenih in dobaviteljev naprej tekle brez sprememb.        Igor Napast \u010cizmi\u0107 je danes tudi uradno prev<\/p>\n","protected":false},"author":1,"featured_media":0,"comment_status":"closed","ping_status":"closed","sticky":false,"template":"","format":"standard","meta":{"footnotes":""},"categories":[1179],"tags":[],"source":[1711],"supertag":[],"acf":[],"yoast_head":"<!-- This site is optimized with the Yoast SEO plugin v21.3 - https:\/\/yoast.com\/wordpress\/plugins\/seo\/ -->\n<title>\u010cizmi\u0107 Mercatorjevim delavcem obljublja dialog in spo\u0161tovanje pravic - Hudo Slovenija<\/title>\n<meta name=\"robots\" content=\"index, follow, max-snippet:-1, max-image-preview:large, max-video-preview:-1\" \/>\n<link rel=\"canonical\" href=\"https:\/\/hudo.com\/si\/aktualno\/cizmic-mercatorjevim-delavcem-obljublja-dialog-in-spostovanje-pravic\/\" \/>\n<meta property=\"og:locale\" content=\"sl_SI\" \/>\n<meta property=\"og:type\" content=\"article\" \/>\n<meta property=\"og:title\" content=\"\u010cizmi\u0107 Mercatorjevim delavcem obljublja dialog in spo\u0161tovanje pravic - Hudo Slovenija\" \/>\n<meta property=\"og:description\" content=\"Novi predsednik uprave Mercatorja Tomislav \u010cizmi\u0107 se je danes sestal s sindikati. Zagotovil je, da bo ohranil dozdaj\u0161nji dialog ter spo\u0161toval kolektivno pogodbo in delovno zakonodajo, je dejala predsednica Sindikata delavcev trgovine Slovenije Vesna Stojanovi\u010d. Bojazni pred odpu\u0161\u010danji ni, je dodal sekretar sindikata Ladislav Ro\u017ei\u010d. Sredin odstop Tonija Bala\u017ei\u010da z mesta prvega mo\u017ea najve\u010djega slovenskega trgovca je sindikaliste mo\u010dno presenetil. Stojanovi\u010deva, ki je tudi \u010dlanica nadzornega sveta Mercatorja, o tem ni imela prav nobenih informacij, prav tako ne Ro\u017ei\u010d. Ta je prepri\u010dan, da je sporazumen odhod s funkcije neodgovoren. Po njegovem mnenju je lastnik hrva\u0161kega \u017eivilskega koncerna Agrokor Ivica Todori\u0107 s tem Bala\u017ei\u010du naredil uslugo, &quot;ker mu je ta pomagal v prodajnih postopkih Mercatorja&quot;. Dogodki v Mercatorju skrbijo veliko zaposlenih, ki se zato obra\u010dajo na sindikat z razli\u010dnimi vpra\u0161anji. Po besedah Stojanovi\u010deve se delavci bojijo, kaj se bo zgodilo. &quot;Med ljudmi se \u010duti kar precej napetosti, negotovosti, seveda to vpliva tudi na motivacijo. Situacija ni ro\u017enata,&quot; je dodala. Ve\u010djih sprememb ne pri\u010dakujejo S \u010cizmi\u0107em, ki se je skupini Mercator pridru\u017eil leta 2013, v sindikatu delavcev trgovine, ki sodi pod okrilje Zveze svobodnih sindikatov Slovenije, nimajo izku\u0161enj, saj \u0161e niso sodelovali. Ne glede na to pa ve\u010djih sprememb v prihodnje ne pri\u010dakujejo. \u010cizmi\u0107 je danes tudi uradno prevzel vajeti v slovenskem trgovcu, na dnevnem redu pa je \u017ee imel sre\u010danje s predstavniki sindikatov. Kot je povedala Stojanovi\u010deva, je bil socialni dialog pod Bala\u017ei\u010devim vodstvom na zelo visoki ravni, zato je sama na sestanku izrazila \u017eeljo, da bi tak tudi ostal. Novi prvi mo\u017e Mercatorja je po njenih besedah obljubil, da na tem podro\u010dju ne bo sprememb ter ve\u010dkrat zagotovil, da bo spo\u0161toval kolektivno pogodbo in delovno zakonodajo. Poleg tega je napovedal, da bodo obveznosti do zaposlenih in dobaviteljev naprej tekle brez sprememb.    Igor Napast \u010cizmi\u0107 je danes tudi uradno prev\" \/>\n<meta property=\"og:url\" content=\"https:\/\/hudo.com\/si\/aktualno\/cizmic-mercatorjevim-delavcem-obljublja-dialog-in-spostovanje-pravic\/\" \/>\n<meta property=\"og:site_name\" content=\"Hudo Slovenija\" \/>\n<meta property=\"article:publisher\" content=\"https:\/\/www.facebook.com\/hudo.si\" \/>\n<meta property=\"article:published_time\" content=\"2017-04-06T11:58:00+00:00\" \/>\n<meta property=\"article:modified_time\" content=\"2017-04-07T02:12:20+00:00\" \/>\n<meta property=\"og:image\" content=\"https:\/\/hudo.com\/si\/wp-content\/uploads\/sites\/2\/2017\/04\/mer2-300.jpg\" \/>\n\t<meta property=\"og:image:width\" content=\"450\" \/>\n\t<meta property=\"og:image:height\" content=\"300\" \/>\n\t<meta property=\"og:image:type\" content=\"image\/jpeg\" \/>\n<meta name=\"author\" content=\"hudo\" \/>\n<meta name=\"twitter:card\" content=\"summary_large_image\" \/>\n<meta name=\"twitter:creator\" content=\"@hudo_si\" \/>\n<meta name=\"twitter:site\" content=\"@hudo_si\" \/>\n<meta name=\"twitter:label1\" content=\"Written by\" \/>\n\t<meta name=\"twitter:data1\" content=\"hudo\" \/>\n\t<meta name=\"twitter:label2\" content=\"Est. reading time\" \/>\n\t<meta name=\"twitter:data2\" content=\"2 minuti\" \/>\n<script type=\"application\/ld+json\" class=\"yoast-schema-graph\">{\"@context\":\"https:\/\/schema.org\",\"@graph\":[{\"@type\":\"Article\",\"@id\":\"https:\/\/hudo.com\/si\/aktualno\/cizmic-mercatorjevim-delavcem-obljublja-dialog-in-spostovanje-pravic\/#article\",\"isPartOf\":{\"@id\":\"https:\/\/hudo.com\/si\/aktualno\/cizmic-mercatorjevim-delavcem-obljublja-dialog-in-spostovanje-pravic\/\"},\"author\":{\"name\":\"hudo\",\"@id\":\"https:\/\/hudo.com\/si\/#\/schema\/person\/601cf3379633985b20f7e50f2bb47707\"},\"headline\":\"\u010cizmi\u0107 Mercatorjevim delavcem obljublja dialog in spo\u0161tovanje pravic\",\"datePublished\":\"2017-04-06T11:58:00+00:00\",\"dateModified\":\"2017-04-07T02:12:20+00:00\",\"mainEntityOfPage\":{\"@id\":\"https:\/\/hudo.com\/si\/aktualno\/cizmic-mercatorjevim-delavcem-obljublja-dialog-in-spostovanje-pravic\/\"},\"wordCount\":341,\"publisher\":{\"@id\":\"https:\/\/hudo.com\/si\/#organization\"},\"articleSection\":[\"Aktualno\"],\"inLanguage\":\"sl-SI\"},{\"@type\":\"WebPage\",\"@id\":\"https:\/\/hudo.com\/si\/aktualno\/cizmic-mercatorjevim-delavcem-obljublja-dialog-in-spostovanje-pravic\/\",\"url\":\"https:\/\/hudo.com\/si\/aktualno\/cizmic-mercatorjevim-delavcem-obljublja-dialog-in-spostovanje-pravic\/\",\"name\":\"\u010cizmi\u0107 Mercatorjevim delavcem obljublja dialog in spo\u0161tovanje pravic - Hudo Slovenija\",\"isPartOf\":{\"@id\":\"https:\/\/hudo.com\/si\/#website\"},\"datePublished\":\"2017-04-06T11:58:00+00:00\",\"dateModified\":\"2017-04-07T02:12:20+00:00\",\"breadcrumb\":{\"@id\":\"https:\/\/hudo.com\/si\/aktualno\/cizmic-mercatorjevim-delavcem-obljublja-dialog-in-spostovanje-pravic\/#breadcrumb\"},\"inLanguage\":\"sl-SI\",\"potentialAction\":[{\"@type\":\"ReadAction\",\"target\":[\"https:\/\/hudo.com\/si\/aktualno\/cizmic-mercatorjevim-delavcem-obljublja-dialog-in-spostovanje-pravic\/\"]}]},{\"@type\":\"BreadcrumbList\",\"@id\":\"https:\/\/hudo.com\/si\/aktualno\/cizmic-mercatorjevim-delavcem-obljublja-dialog-in-spostovanje-pravic\/#breadcrumb\",\"itemListElement\":[{\"@type\":\"ListItem\",\"position\":1,\"name\":\"Home\",\"item\":\"https:\/\/hudo.com\/si\/\"},{\"@type\":\"ListItem\",\"position\":2,\"name\":\"\u010cizmi\u0107 Mercatorjevim delavcem obljublja dialog in spo\u0161tovanje pravic\"}]},{\"@type\":\"WebSite\",\"@id\":\"https:\/\/hudo.com\/si\/#website\",\"url\":\"https:\/\/hudo.com\/si\/\",\"name\":\"Hudo Slovenija\",\"description\":\"Vse novice iz Slovenije in sveta\",\"publisher\":{\"@id\":\"https:\/\/hudo.com\/si\/#organization\"},\"potentialAction\":[{\"@type\":\"SearchAction\",\"target\":{\"@type\":\"EntryPoint\",\"urlTemplate\":\"https:\/\/hudo.com\/si\/?s={search_term_string}\"},\"query-input\":\"required name=search_term_string\"}],\"inLanguage\":\"sl-SI\"},{\"@type\":\"Organization\",\"@id\":\"https:\/\/hudo.com\/si\/#organization\",\"name\":\"VSN Media\",\"url\":\"https:\/\/hudo.com\/si\/\",\"logo\":{\"@type\":\"ImageObject\",\"inLanguage\":\"sl-SI\",\"@id\":\"https:\/\/hudo.com\/si\/#\/schema\/logo\/image\/\",\"url\":\"https:\/\/hudo.com\/si\/wp-content\/uploads\/sites\/2\/2021\/03\/hudo-app-2.png\",\"contentUrl\":\"https:\/\/hudo.com\/si\/wp-content\/uploads\/sites\/2\/2021\/03\/hudo-app-2.png\",\"width\":2185,\"height\":2167,\"caption\":\"VSN Media\"},\"image\":{\"@id\":\"https:\/\/hudo.com\/si\/#\/schema\/logo\/image\/\"},\"sameAs\":[\"https:\/\/www.facebook.com\/hudo.si\",\"https:\/\/twitter.com\/hudo_si\"]},{\"@type\":\"Person\",\"@id\":\"https:\/\/hudo.com\/si\/#\/schema\/person\/601cf3379633985b20f7e50f2bb47707\",\"name\":\"hudo\",\"image\":{\"@type\":\"ImageObject\",\"inLanguage\":\"sl-SI\",\"@id\":\"https:\/\/hudo.com\/si\/#\/schema\/person\/image\/\",\"url\":\"https:\/\/secure.gravatar.com\/avatar\/c4ca25fa72cace7a696b52ff5db9e095?s=96&d=mm&r=g\",\"contentUrl\":\"https:\/\/secure.gravatar.com\/avatar\/c4ca25fa72cace7a696b52ff5db9e095?s=96&d=mm&r=g\",\"caption\":\"hudo\"},\"url\":\"https:\/\/hudo.com\/si\/author\/hudo\/\"}]}<\/script>\n<!-- \/ Yoast SEO plugin. -->","yoast_head_json":{"title":"\u010cizmi\u0107 Mercatorjevim delavcem obljublja dialog in spo\u0161tovanje pravic - Hudo Slovenija","robots":{"index":"index","follow":"follow","max-snippet":"max-snippet:-1","max-image-preview":"max-image-preview:large","max-video-preview":"max-video-preview:-1"},"canonical":"https:\/\/hudo.com\/si\/aktualno\/cizmic-mercatorjevim-delavcem-obljublja-dialog-in-spostovanje-pravic\/","og_locale":"sl_SI","og_type":"article","og_title":"\u010cizmi\u0107 Mercatorjevim delavcem obljublja dialog in spo\u0161tovanje pravic - Hudo Slovenija","og_description":"Novi predsednik uprave Mercatorja Tomislav \u010cizmi\u0107 se je danes sestal s sindikati. Zagotovil je, da bo ohranil dozdaj\u0161nji dialog ter spo\u0161toval kolektivno pogodbo in delovno zakonodajo, je dejala predsednica Sindikata delavcev trgovine Slovenije Vesna Stojanovi\u010d. Bojazni pred odpu\u0161\u010danji ni, je dodal sekretar sindikata Ladislav Ro\u017ei\u010d. Sredin odstop Tonija Bala\u017ei\u010da z mesta prvega mo\u017ea najve\u010djega slovenskega trgovca je sindikaliste mo\u010dno presenetil. Stojanovi\u010deva, ki je tudi \u010dlanica nadzornega sveta Mercatorja, o tem ni imela prav nobenih informacij, prav tako ne Ro\u017ei\u010d. Ta je prepri\u010dan, da je sporazumen odhod s funkcije neodgovoren. Po njegovem mnenju je lastnik hrva\u0161kega \u017eivilskega koncerna Agrokor Ivica Todori\u0107 s tem Bala\u017ei\u010du naredil uslugo, \"ker mu je ta pomagal v prodajnih postopkih Mercatorja\". Dogodki v Mercatorju skrbijo veliko zaposlenih, ki se zato obra\u010dajo na sindikat z razli\u010dnimi vpra\u0161anji. Po besedah Stojanovi\u010deve se delavci bojijo, kaj se bo zgodilo. \"Med ljudmi se \u010duti kar precej napetosti, negotovosti, seveda to vpliva tudi na motivacijo. Situacija ni ro\u017enata,\" je dodala. Ve\u010djih sprememb ne pri\u010dakujejo S \u010cizmi\u0107em, ki se je skupini Mercator pridru\u017eil leta 2013, v sindikatu delavcev trgovine, ki sodi pod okrilje Zveze svobodnih sindikatov Slovenije, nimajo izku\u0161enj, saj \u0161e niso sodelovali. Ne glede na to pa ve\u010djih sprememb v prihodnje ne pri\u010dakujejo. \u010cizmi\u0107 je danes tudi uradno prevzel vajeti v slovenskem trgovcu, na dnevnem redu pa je \u017ee imel sre\u010danje s predstavniki sindikatov. Kot je povedala Stojanovi\u010deva, je bil socialni dialog pod Bala\u017ei\u010devim vodstvom na zelo visoki ravni, zato je sama na sestanku izrazila \u017eeljo, da bi tak tudi ostal. Novi prvi mo\u017e Mercatorja je po njenih besedah obljubil, da na tem podro\u010dju ne bo sprememb ter ve\u010dkrat zagotovil, da bo spo\u0161toval kolektivno pogodbo in delovno zakonodajo. Poleg tega je napovedal, da bodo obveznosti do zaposlenih in dobaviteljev naprej tekle brez sprememb.    Igor Napast \u010cizmi\u0107 je danes tudi uradno prev","og_url":"https:\/\/hudo.com\/si\/aktualno\/cizmic-mercatorjevim-delavcem-obljublja-dialog-in-spostovanje-pravic\/","og_site_name":"Hudo Slovenija","article_publisher":"https:\/\/www.facebook.com\/hudo.si","article_published_time":"2017-04-06T11:58:00+00:00","article_modified_time":"2017-04-07T02:12:20+00:00","og_image":[{"width":450,"height":300,"url":"https:\/\/hudo.com\/si\/wp-content\/uploads\/sites\/2\/2017\/04\/mer2-300.jpg","type":"image\/jpeg"}],"author":"hudo","twitter_card":"summary_large_image","twitter_creator":"@hudo_si","twitter_site":"@hudo_si","twitter_misc":{"Written by":"hudo","Est. reading time":"2 minuti"},"schema":{"@context":"https:\/\/schema.org","@graph":[{"@type":"Article","@id":"https:\/\/hudo.com\/si\/aktualno\/cizmic-mercatorjevim-delavcem-obljublja-dialog-in-spostovanje-pravic\/#article","isPartOf":{"@id":"https:\/\/hudo.com\/si\/aktualno\/cizmic-mercatorjevim-delavcem-obljublja-dialog-in-spostovanje-pravic\/"},"author":{"name":"hudo","@id":"https:\/\/hudo.com\/si\/#\/schema\/person\/601cf3379633985b20f7e50f2bb47707"},"headline":"\u010cizmi\u0107 Mercatorjevim delavcem obljublja dialog in spo\u0161tovanje pravic","datePublished":"2017-04-06T11:58:00+00:00","dateModified":"2017-04-07T02:12:20+00:00","mainEntityOfPage":{"@id":"https:\/\/hudo.com\/si\/aktualno\/cizmic-mercatorjevim-delavcem-obljublja-dialog-in-spostovanje-pravic\/"},"wordCount":341,"publisher":{"@id":"https:\/\/hudo.com\/si\/#organization"},"articleSection":["Aktualno"],"inLanguage":"sl-SI"},{"@type":"WebPage","@id":"https:\/\/hudo.com\/si\/aktualno\/cizmic-mercatorjevim-delavcem-obljublja-dialog-in-spostovanje-pravic\/","url":"https:\/\/hudo.com\/si\/aktualno\/cizmic-mercatorjevim-delavcem-obljublja-dialog-in-spostovanje-pravic\/","name":"\u010cizmi\u0107 Mercatorjevim delavcem obljublja dialog in spo\u0161tovanje pravic - Hudo Slovenija","isPartOf":{"@id":"https:\/\/hudo.com\/si\/#website"},"datePublished":"2017-04-06T11:58:00+00:00","dateModified":"2017-04-07T02:12:20+00:00","breadcrumb":{"@id":"https:\/\/hudo.com\/si\/aktualno\/cizmic-mercatorjevim-delavcem-obljublja-dialog-in-spostovanje-pravic\/#breadcrumb"},"inLanguage":"sl-SI","potentialAction":[{"@type":"ReadAction","target":["https:\/\/hudo.com\/si\/aktualno\/cizmic-mercatorjevim-delavcem-obljublja-dialog-in-spostovanje-pravic\/"]}]},{"@type":"BreadcrumbList","@id":"https:\/\/hudo.com\/si\/aktualno\/cizmic-mercatorjevim-delavcem-obljublja-dialog-in-spostovanje-pravic\/#breadcrumb","itemListElement":[{"@type":"ListItem","position":1,"name":"Home","item":"https:\/\/hudo.com\/si\/"},{"@type":"ListItem","position":2,"name":"\u010cizmi\u0107 Mercatorjevim delavcem obljublja dialog in spo\u0161tovanje pravic"}]},{"@type":"WebSite","@id":"https:\/\/hudo.com\/si\/#website","url":"https:\/\/hudo.com\/si\/","name":"Hudo Slovenija","description":"Vse novice iz Slovenije in sveta","publisher":{"@id":"https:\/\/hudo.com\/si\/#organization"},"potentialAction":[{"@type":"SearchAction","target":{"@type":"EntryPoint","urlTemplate":"https:\/\/hudo.com\/si\/?s={search_term_string}"},"query-input":"required name=search_term_string"}],"inLanguage":"sl-SI"},{"@type":"Organization","@id":"https:\/\/hudo.com\/si\/#organization","name":"VSN Media","url":"https:\/\/hudo.com\/si\/","logo":{"@type":"ImageObject","inLanguage":"sl-SI","@id":"https:\/\/hudo.com\/si\/#\/schema\/logo\/image\/","url":"https:\/\/hudo.com\/si\/wp-content\/uploads\/sites\/2\/2021\/03\/hudo-app-2.png","contentUrl":"https:\/\/hudo.com\/si\/wp-content\/uploads\/sites\/2\/2021\/03\/hudo-app-2.png","width":2185,"height":2167,"caption":"VSN Media"},"image":{"@id":"https:\/\/hudo.com\/si\/#\/schema\/logo\/image\/"},"sameAs":["https:\/\/www.facebook.com\/hudo.si","https:\/\/twitter.com\/hudo_si"]},{"@type":"Person","@id":"https:\/\/hudo.com\/si\/#\/schema\/person\/601cf3379633985b20f7e50f2bb47707","name":"hudo","image":{"@type":"ImageObject","inLanguage":"sl-SI","@id":"https:\/\/hudo.com\/si\/#\/schema\/person\/image\/","url":"https:\/\/secure.gravatar.com\/avatar\/c4ca25fa72cace7a696b52ff5db9e095?s=96&d=mm&r=g","contentUrl":"https:\/\/secure.gravatar.com\/avatar\/c4ca25fa72cace7a696b52ff5db9e095?s=96&d=mm&r=g","caption":"hudo"},"url":"https:\/\/hudo.com\/si\/author\/hudo\/"}]}},"amp_enabled":true,"_links":{"self":[{"href":"https:\/\/hudo.com\/si\/wp-json\/wp\/v2\/posts\/237850"}],"collection":[{"href":"https:\/\/hudo.com\/si\/wp-json\/wp\/v2\/posts"}],"about":[{"href":"https:\/\/hudo.com\/si\/wp-json\/wp\/v2\/types\/post"}],"author":[{"embeddable":true,"href":"https:\/\/hudo.com\/si\/wp-json\/wp\/v2\/users\/1"}],"replies":[{"embeddable":true,"href":"https:\/\/hudo.com\/si\/wp-json\/wp\/v2\/comments?post=237850"}],"version-history":[{"count":1,"href":"https:\/\/hudo.com\/si\/wp-json\/wp\/v2\/posts\/237850\/revisions"}],"predecessor-version":[{"id":237890,"href":"https:\/\/hudo.com\/si\/wp-json\/wp\/v2\/posts\/237850\/revisions\/237890"}],"wp:attachment":[{"href":"https:\/\/hudo.com\/si\/wp-json\/wp\/v2\/media?parent=237850"}],"wp:term":[{"taxonomy":"category","embeddable":true,"href":"https:\/\/hudo.com\/si\/wp-json\/wp\/v2\/categories?post=237850"},{"taxonomy":"post_tag","embeddable":true,"href":"https:\/\/hudo.com\/si\/wp-json\/wp\/v2\/tags?post=237850"},{"taxonomy":"source","embeddable":true,"href":"https:\/\/hudo.com\/si\/wp-json\/wp\/v2\/source?post=237850"},{"taxonomy":"supertag","embeddable":true,"href":"https:\/\/hudo.com\/si\/wp-json\/wp\/v2\/supertag?post=237850"}],"curies":[{"name":"wp","href":"https:\/\/api.w.org\/{rel}","templated":true}]}}