{"id":237869,"date":"2017-04-06T17:00:00","date_gmt":"2017-04-06T15:00:00","guid":{"rendered":"http:\/\/hudo.com\/si\/2017\/04\/06\/ni-enacaja-med-javnim-in-zasebnim-solstvom\/"},"modified":"2017-04-06T17:00:00","modified_gmt":"2017-04-06T15:00:00","slug":"ni-enacaja-med-javnim-in-zasebnim-solstvom","status":"publish","type":"post","link":"https:\/\/hudo.com\/si\/aktualno\/ni-enacaja-med-javnim-in-zasebnim-solstvom\/","title":{"rendered":"Ni ena\u010daja med javnim in zasebnim \u0161olstvom"},"content":{"rendered":"<p>Kategorija: Slovenija Thu, 06 Apr 2017 19:00:00 +0200  Ljubljana \u2013 Dobro leto dni po poteku roka, ki ga je dolo\u010dilo ustavno sodi\u0161\u010de za razre\u0161itev problema financiranja zasebnih osnovnih \u0161ol, je vlada, natan\u010dneje SMC in Desus, ponudila odgovor na pomisleke najvi\u0161je ustavnosodne instance. Da se s predlo\u017eenimi re\u0161itvami na seji vlade niso strinjali vsi trije ministri SD, je potrdila ministrica za izobra\u017eevanje, znanost in \u0161port Maja Makovec Bren\u010di\u010d. Tak\u0161en razplet ni bil presene\u010denje, saj najmanj\u0161a koalicijska stranka da \u017ee ves \u010das vedeti, da jo ustavna odlo\u010dba ne prepri\u010da, zato si je prizadevala, da bi jo na nek na\u010din zaob\u0161li z ustavnimi spremembami. Toda ta pot ni bila uspe\u0161na. Po sestanku koalicije, ki je bil pred sejo vlade, je vodja poslanske skupine SD Matja\u017e Han dejal, da \u010detudi bo premier Miro Cerar vztrajal pri spreminjanju zakona, mu stranka ne more\u00a0&#8230;<\/p>\n","protected":false},"excerpt":{"rendered":"<p>Kategorija: Slovenija Thu, 06 Apr 2017 19:00:00 +0200  Ljubljana \u2013 Dobro leto dni po poteku roka, ki ga je dolo\u010dilo ustavno sodi\u0161\u010de za razre\u0161itev problema financiranja zasebnih osnovnih \u0161ol, je vlada, natan\u010dneje SMC in Desus, ponudila odgovor na pomisleke najvi\u0161je ustavnosodne instance. Da se s predlo\u017eenimi re\u0161itvami na seji vlade niso strinjali vsi trije ministri SD, je potrdila ministrica za izobra\u017eevanje, znanost in \u0161port Maja Makovec Bren\u010di\u010d. Tak\u0161en razplet ni bil presene\u010denje, saj najmanj\u0161a koalicijska stranka da \u017ee ves \u010das vedeti, da jo ustavna odlo\u010dba ne prepri\u010da, zato si je prizadevala, da bi jo na nek na\u010din zaob\u0161li z ustavnimi spremembami. Toda ta pot ni bila uspe\u0161na. Po sestanku koalicije, ki je bil pred sejo vlade, je vodja poslanske skupine SD Matja\u017e Han dejal, da \u010detudi bo premier Miro Cerar vztrajal pri spreminjanju zakona, mu stranka ne more\u00a0&#8230;<\/p>\n","protected":false},"author":1,"featured_media":0,"comment_status":"closed","ping_status":"closed","sticky":false,"template":"","format":"standard","meta":{"footnotes":""},"categories":[1179],"tags":[],"source":[1703],"supertag":[],"acf":[],"yoast_head":"<!-- This site is optimized with the Yoast SEO plugin v21.3 - https:\/\/yoast.com\/wordpress\/plugins\/seo\/ -->\n<title>Ni ena\u010daja med javnim in zasebnim \u0161olstvom - Hudo Slovenija<\/title>\n<meta name=\"robots\" content=\"index, follow, max-snippet:-1, max-image-preview:large, max-video-preview:-1\" \/>\n<link rel=\"canonical\" href=\"https:\/\/hudo.com\/si\/aktualno\/ni-enacaja-med-javnim-in-zasebnim-solstvom\/\" \/>\n<meta property=\"og:locale\" content=\"sl_SI\" \/>\n<meta property=\"og:type\" content=\"article\" \/>\n<meta property=\"og:title\" content=\"Ni ena\u010daja med javnim in zasebnim \u0161olstvom - Hudo Slovenija\" \/>\n<meta property=\"og:description\" content=\"Kategorija: Slovenija Thu, 06 Apr 2017 19:00:00 +0200 Ljubljana \u2013 Dobro leto dni po poteku roka, ki ga je dolo\u010dilo ustavno sodi\u0161\u010de za razre\u0161itev problema financiranja zasebnih osnovnih \u0161ol, je vlada, natan\u010dneje SMC in Desus, ponudila odgovor na pomisleke najvi\u0161je ustavnosodne instance. Da se s predlo\u017eenimi re\u0161itvami na seji vlade niso strinjali vsi trije ministri SD, je potrdila ministrica za izobra\u017eevanje, znanost in \u0161port Maja Makovec Bren\u010di\u010d. Tak\u0161en razplet ni bil presene\u010denje, saj najmanj\u0161a koalicijska stranka da \u017ee ves \u010das vedeti, da jo ustavna odlo\u010dba ne prepri\u010da, zato si je prizadevala, da bi jo na nek na\u010din zaob\u0161li z ustavnimi spremembami. Toda ta pot ni bila uspe\u0161na. Po sestanku koalicije, ki je bil pred sejo vlade, je vodja poslanske skupine SD Matja\u017e Han dejal, da \u010detudi bo premier Miro Cerar vztrajal pri spreminjanju zakona, mu stranka ne more\u00a0...\" \/>\n<meta property=\"og:url\" content=\"https:\/\/hudo.com\/si\/aktualno\/ni-enacaja-med-javnim-in-zasebnim-solstvom\/\" \/>\n<meta property=\"og:site_name\" content=\"Hudo Slovenija\" \/>\n<meta property=\"article:publisher\" content=\"https:\/\/www.facebook.com\/hudo.si\" \/>\n<meta property=\"article:published_time\" content=\"2017-04-06T15:00:00+00:00\" \/>\n<meta property=\"og:image\" content=\"https:\/\/hudo.com\/si\/wp-content\/uploads\/sites\/2\/2017\/04\/480x290_2_stran__djvu_956483_mdr__b_hires1.jpeg\" \/>\n\t<meta property=\"og:image:width\" content=\"480\" \/>\n\t<meta property=\"og:image:height\" content=\"290\" \/>\n\t<meta property=\"og:image:type\" content=\"image\/jpeg\" \/>\n<meta name=\"author\" content=\"hudo\" \/>\n<meta name=\"twitter:card\" content=\"summary_large_image\" \/>\n<meta name=\"twitter:creator\" content=\"@hudo_si\" \/>\n<meta name=\"twitter:site\" content=\"@hudo_si\" \/>\n<meta name=\"twitter:label1\" content=\"Written by\" \/>\n\t<meta name=\"twitter:data1\" content=\"hudo\" \/>\n\t<meta name=\"twitter:label2\" content=\"Est. reading time\" \/>\n\t<meta name=\"twitter:data2\" content=\"1 minuta\" \/>\n<script type=\"application\/ld+json\" class=\"yoast-schema-graph\">{\"@context\":\"https:\/\/schema.org\",\"@graph\":[{\"@type\":\"Article\",\"@id\":\"https:\/\/hudo.com\/si\/aktualno\/ni-enacaja-med-javnim-in-zasebnim-solstvom\/#article\",\"isPartOf\":{\"@id\":\"https:\/\/hudo.com\/si\/aktualno\/ni-enacaja-med-javnim-in-zasebnim-solstvom\/\"},\"author\":{\"name\":\"hudo\",\"@id\":\"https:\/\/hudo.com\/si\/#\/schema\/person\/601cf3379633985b20f7e50f2bb47707\"},\"headline\":\"Ni ena\u010daja med javnim in zasebnim \u0161olstvom\",\"datePublished\":\"2017-04-06T15:00:00+00:00\",\"dateModified\":\"2017-04-06T15:00:00+00:00\",\"mainEntityOfPage\":{\"@id\":\"https:\/\/hudo.com\/si\/aktualno\/ni-enacaja-med-javnim-in-zasebnim-solstvom\/\"},\"wordCount\":158,\"publisher\":{\"@id\":\"https:\/\/hudo.com\/si\/#organization\"},\"articleSection\":[\"Aktualno\"],\"inLanguage\":\"sl-SI\"},{\"@type\":\"WebPage\",\"@id\":\"https:\/\/hudo.com\/si\/aktualno\/ni-enacaja-med-javnim-in-zasebnim-solstvom\/\",\"url\":\"https:\/\/hudo.com\/si\/aktualno\/ni-enacaja-med-javnim-in-zasebnim-solstvom\/\",\"name\":\"Ni ena\u010daja med javnim in zasebnim \u0161olstvom - Hudo Slovenija\",\"isPartOf\":{\"@id\":\"https:\/\/hudo.com\/si\/#website\"},\"datePublished\":\"2017-04-06T15:00:00+00:00\",\"dateModified\":\"2017-04-06T15:00:00+00:00\",\"breadcrumb\":{\"@id\":\"https:\/\/hudo.com\/si\/aktualno\/ni-enacaja-med-javnim-in-zasebnim-solstvom\/#breadcrumb\"},\"inLanguage\":\"sl-SI\",\"potentialAction\":[{\"@type\":\"ReadAction\",\"target\":[\"https:\/\/hudo.com\/si\/aktualno\/ni-enacaja-med-javnim-in-zasebnim-solstvom\/\"]}]},{\"@type\":\"BreadcrumbList\",\"@id\":\"https:\/\/hudo.com\/si\/aktualno\/ni-enacaja-med-javnim-in-zasebnim-solstvom\/#breadcrumb\",\"itemListElement\":[{\"@type\":\"ListItem\",\"position\":1,\"name\":\"Home\",\"item\":\"https:\/\/hudo.com\/si\/\"},{\"@type\":\"ListItem\",\"position\":2,\"name\":\"Ni ena\u010daja med javnim in zasebnim \u0161olstvom\"}]},{\"@type\":\"WebSite\",\"@id\":\"https:\/\/hudo.com\/si\/#website\",\"url\":\"https:\/\/hudo.com\/si\/\",\"name\":\"Hudo Slovenija\",\"description\":\"Vse novice iz Slovenije in sveta\",\"publisher\":{\"@id\":\"https:\/\/hudo.com\/si\/#organization\"},\"potentialAction\":[{\"@type\":\"SearchAction\",\"target\":{\"@type\":\"EntryPoint\",\"urlTemplate\":\"https:\/\/hudo.com\/si\/?s={search_term_string}\"},\"query-input\":\"required name=search_term_string\"}],\"inLanguage\":\"sl-SI\"},{\"@type\":\"Organization\",\"@id\":\"https:\/\/hudo.com\/si\/#organization\",\"name\":\"VSN Media\",\"url\":\"https:\/\/hudo.com\/si\/\",\"logo\":{\"@type\":\"ImageObject\",\"inLanguage\":\"sl-SI\",\"@id\":\"https:\/\/hudo.com\/si\/#\/schema\/logo\/image\/\",\"url\":\"https:\/\/hudo.com\/si\/wp-content\/uploads\/sites\/2\/2021\/03\/hudo-app-2.png\",\"contentUrl\":\"https:\/\/hudo.com\/si\/wp-content\/uploads\/sites\/2\/2021\/03\/hudo-app-2.png\",\"width\":2185,\"height\":2167,\"caption\":\"VSN Media\"},\"image\":{\"@id\":\"https:\/\/hudo.com\/si\/#\/schema\/logo\/image\/\"},\"sameAs\":[\"https:\/\/www.facebook.com\/hudo.si\",\"https:\/\/twitter.com\/hudo_si\"]},{\"@type\":\"Person\",\"@id\":\"https:\/\/hudo.com\/si\/#\/schema\/person\/601cf3379633985b20f7e50f2bb47707\",\"name\":\"hudo\",\"image\":{\"@type\":\"ImageObject\",\"inLanguage\":\"sl-SI\",\"@id\":\"https:\/\/hudo.com\/si\/#\/schema\/person\/image\/\",\"url\":\"https:\/\/secure.gravatar.com\/avatar\/c4ca25fa72cace7a696b52ff5db9e095?s=96&d=mm&r=g\",\"contentUrl\":\"https:\/\/secure.gravatar.com\/avatar\/c4ca25fa72cace7a696b52ff5db9e095?s=96&d=mm&r=g\",\"caption\":\"hudo\"},\"url\":\"https:\/\/hudo.com\/si\/author\/hudo\/\"}]}<\/script>\n<!-- \/ Yoast SEO plugin. -->","yoast_head_json":{"title":"Ni ena\u010daja med javnim in zasebnim \u0161olstvom - Hudo Slovenija","robots":{"index":"index","follow":"follow","max-snippet":"max-snippet:-1","max-image-preview":"max-image-preview:large","max-video-preview":"max-video-preview:-1"},"canonical":"https:\/\/hudo.com\/si\/aktualno\/ni-enacaja-med-javnim-in-zasebnim-solstvom\/","og_locale":"sl_SI","og_type":"article","og_title":"Ni ena\u010daja med javnim in zasebnim \u0161olstvom - Hudo Slovenija","og_description":"Kategorija: Slovenija Thu, 06 Apr 2017 19:00:00 +0200 Ljubljana \u2013 Dobro leto dni po poteku roka, ki ga je dolo\u010dilo ustavno sodi\u0161\u010de za razre\u0161itev problema financiranja zasebnih osnovnih \u0161ol, je vlada, natan\u010dneje SMC in Desus, ponudila odgovor na pomisleke najvi\u0161je ustavnosodne instance. Da se s predlo\u017eenimi re\u0161itvami na seji vlade niso strinjali vsi trije ministri SD, je potrdila ministrica za izobra\u017eevanje, znanost in \u0161port Maja Makovec Bren\u010di\u010d. Tak\u0161en razplet ni bil presene\u010denje, saj najmanj\u0161a koalicijska stranka da \u017ee ves \u010das vedeti, da jo ustavna odlo\u010dba ne prepri\u010da, zato si je prizadevala, da bi jo na nek na\u010din zaob\u0161li z ustavnimi spremembami. Toda ta pot ni bila uspe\u0161na. Po sestanku koalicije, ki je bil pred sejo vlade, je vodja poslanske skupine SD Matja\u017e Han dejal, da \u010detudi bo premier Miro Cerar vztrajal pri spreminjanju zakona, mu stranka ne more\u00a0...","og_url":"https:\/\/hudo.com\/si\/aktualno\/ni-enacaja-med-javnim-in-zasebnim-solstvom\/","og_site_name":"Hudo Slovenija","article_publisher":"https:\/\/www.facebook.com\/hudo.si","article_published_time":"2017-04-06T15:00:00+00:00","og_image":[{"width":480,"height":290,"url":"https:\/\/hudo.com\/si\/wp-content\/uploads\/sites\/2\/2017\/04\/480x290_2_stran__djvu_956483_mdr__b_hires1.jpeg","type":"image\/jpeg"}],"author":"hudo","twitter_card":"summary_large_image","twitter_creator":"@hudo_si","twitter_site":"@hudo_si","twitter_misc":{"Written by":"hudo","Est. reading time":"1 minuta"},"schema":{"@context":"https:\/\/schema.org","@graph":[{"@type":"Article","@id":"https:\/\/hudo.com\/si\/aktualno\/ni-enacaja-med-javnim-in-zasebnim-solstvom\/#article","isPartOf":{"@id":"https:\/\/hudo.com\/si\/aktualno\/ni-enacaja-med-javnim-in-zasebnim-solstvom\/"},"author":{"name":"hudo","@id":"https:\/\/hudo.com\/si\/#\/schema\/person\/601cf3379633985b20f7e50f2bb47707"},"headline":"Ni ena\u010daja med javnim in zasebnim \u0161olstvom","datePublished":"2017-04-06T15:00:00+00:00","dateModified":"2017-04-06T15:00:00+00:00","mainEntityOfPage":{"@id":"https:\/\/hudo.com\/si\/aktualno\/ni-enacaja-med-javnim-in-zasebnim-solstvom\/"},"wordCount":158,"publisher":{"@id":"https:\/\/hudo.com\/si\/#organization"},"articleSection":["Aktualno"],"inLanguage":"sl-SI"},{"@type":"WebPage","@id":"https:\/\/hudo.com\/si\/aktualno\/ni-enacaja-med-javnim-in-zasebnim-solstvom\/","url":"https:\/\/hudo.com\/si\/aktualno\/ni-enacaja-med-javnim-in-zasebnim-solstvom\/","name":"Ni ena\u010daja med javnim in zasebnim \u0161olstvom - Hudo Slovenija","isPartOf":{"@id":"https:\/\/hudo.com\/si\/#website"},"datePublished":"2017-04-06T15:00:00+00:00","dateModified":"2017-04-06T15:00:00+00:00","breadcrumb":{"@id":"https:\/\/hudo.com\/si\/aktualno\/ni-enacaja-med-javnim-in-zasebnim-solstvom\/#breadcrumb"},"inLanguage":"sl-SI","potentialAction":[{"@type":"ReadAction","target":["https:\/\/hudo.com\/si\/aktualno\/ni-enacaja-med-javnim-in-zasebnim-solstvom\/"]}]},{"@type":"BreadcrumbList","@id":"https:\/\/hudo.com\/si\/aktualno\/ni-enacaja-med-javnim-in-zasebnim-solstvom\/#breadcrumb","itemListElement":[{"@type":"ListItem","position":1,"name":"Home","item":"https:\/\/hudo.com\/si\/"},{"@type":"ListItem","position":2,"name":"Ni ena\u010daja med javnim in zasebnim \u0161olstvom"}]},{"@type":"WebSite","@id":"https:\/\/hudo.com\/si\/#website","url":"https:\/\/hudo.com\/si\/","name":"Hudo Slovenija","description":"Vse novice iz Slovenije in sveta","publisher":{"@id":"https:\/\/hudo.com\/si\/#organization"},"potentialAction":[{"@type":"SearchAction","target":{"@type":"EntryPoint","urlTemplate":"https:\/\/hudo.com\/si\/?s={search_term_string}"},"query-input":"required name=search_term_string"}],"inLanguage":"sl-SI"},{"@type":"Organization","@id":"https:\/\/hudo.com\/si\/#organization","name":"VSN Media","url":"https:\/\/hudo.com\/si\/","logo":{"@type":"ImageObject","inLanguage":"sl-SI","@id":"https:\/\/hudo.com\/si\/#\/schema\/logo\/image\/","url":"https:\/\/hudo.com\/si\/wp-content\/uploads\/sites\/2\/2021\/03\/hudo-app-2.png","contentUrl":"https:\/\/hudo.com\/si\/wp-content\/uploads\/sites\/2\/2021\/03\/hudo-app-2.png","width":2185,"height":2167,"caption":"VSN Media"},"image":{"@id":"https:\/\/hudo.com\/si\/#\/schema\/logo\/image\/"},"sameAs":["https:\/\/www.facebook.com\/hudo.si","https:\/\/twitter.com\/hudo_si"]},{"@type":"Person","@id":"https:\/\/hudo.com\/si\/#\/schema\/person\/601cf3379633985b20f7e50f2bb47707","name":"hudo","image":{"@type":"ImageObject","inLanguage":"sl-SI","@id":"https:\/\/hudo.com\/si\/#\/schema\/person\/image\/","url":"https:\/\/secure.gravatar.com\/avatar\/c4ca25fa72cace7a696b52ff5db9e095?s=96&d=mm&r=g","contentUrl":"https:\/\/secure.gravatar.com\/avatar\/c4ca25fa72cace7a696b52ff5db9e095?s=96&d=mm&r=g","caption":"hudo"},"url":"https:\/\/hudo.com\/si\/author\/hudo\/"}]}},"amp_enabled":true,"_links":{"self":[{"href":"https:\/\/hudo.com\/si\/wp-json\/wp\/v2\/posts\/237869"}],"collection":[{"href":"https:\/\/hudo.com\/si\/wp-json\/wp\/v2\/posts"}],"about":[{"href":"https:\/\/hudo.com\/si\/wp-json\/wp\/v2\/types\/post"}],"author":[{"embeddable":true,"href":"https:\/\/hudo.com\/si\/wp-json\/wp\/v2\/users\/1"}],"replies":[{"embeddable":true,"href":"https:\/\/hudo.com\/si\/wp-json\/wp\/v2\/comments?post=237869"}],"version-history":[{"count":0,"href":"https:\/\/hudo.com\/si\/wp-json\/wp\/v2\/posts\/237869\/revisions"}],"wp:attachment":[{"href":"https:\/\/hudo.com\/si\/wp-json\/wp\/v2\/media?parent=237869"}],"wp:term":[{"taxonomy":"category","embeddable":true,"href":"https:\/\/hudo.com\/si\/wp-json\/wp\/v2\/categories?post=237869"},{"taxonomy":"post_tag","embeddable":true,"href":"https:\/\/hudo.com\/si\/wp-json\/wp\/v2\/tags?post=237869"},{"taxonomy":"source","embeddable":true,"href":"https:\/\/hudo.com\/si\/wp-json\/wp\/v2\/source?post=237869"},{"taxonomy":"supertag","embeddable":true,"href":"https:\/\/hudo.com\/si\/wp-json\/wp\/v2\/supertag?post=237869"}],"curies":[{"name":"wp","href":"https:\/\/api.w.org\/{rel}","templated":true}]}}