{"id":237898,"date":"2017-04-06T18:30:00","date_gmt":"2017-04-06T16:30:00","guid":{"rendered":"http:\/\/hudo.com\/si\/2017\/04\/06\/na-caju-pri-ivanki\/"},"modified":"2017-04-06T22:11:58","modified_gmt":"2017-04-06T20:11:58","slug":"na-caju-pri-ivanki","status":"publish","type":"post","link":"https:\/\/hudo.com\/si\/aktualno\/na-caju-pri-ivanki\/","title":{"rendered":"Na \u010daju pri Ivanki"},"content":{"rendered":"<p>Kategorija: Komentarji Thu, 06 Apr 2017 20:30:00 +0200  Kaj je sporo\u010dilo, ki visi na kristalnem lestencu v Mar-a-Lagu nad mizo, za katero sta sedla predsednika ZDA in Kitajske? To, da mora Evropa postati mo\u010dnej\u0161a, enotnej\u0161a in tudi odlo\u010dnej\u0161a v svoji skupni zunanji, gospodarski in obrambni politiki. Ker ni ni\u010d ve\u010d bistveno to, da je Donalda Trumpa svobodno izvolila nekak\u0161na nova Amerika, Xi Jinpinga pa na \u010delo dr\u017eave postavila obskurna elita komunisti\u010dne partije, postaja Evropska unija pomembnej\u0161a kot kdajkoli prej. Kot ideja in kot ideal. Kot nekaj drugega od vsega, kar vidimo v Mar-a-Lagu. Trump in Xi spominjata na dva pola globalne zmede. Dotikata se in pogosto izena\u010dujeta kot dva nasprotujo\u010da si politi\u010dna in sociolo\u0161ka poskusa, ki se kon\u010data v isti epruveti. Prav tako jima ni ne do svobode medijev ne do \u010dlovekovih pravic in tudi na demokracijo\u00a0&#8230;<\/p>\n","protected":false},"excerpt":{"rendered":"<p>Kategorija: Komentarji Thu, 06 Apr 2017 20:30:00 +0200  Kaj je sporo\u010dilo, ki visi na kristalnem lestencu v Mar-a-Lagu nad mizo, za katero sta sedla predsednika ZDA in Kitajske? To, da mora Evropa postati mo\u010dnej\u0161a, enotnej\u0161a in tudi odlo\u010dnej\u0161a v svoji skupni zunanji, gospodarski in obrambni politiki. Ker ni ni\u010d ve\u010d bistveno to, da je Donalda Trumpa svobodno izvolila nekak\u0161na nova Amerika, Xi Jinpinga pa na \u010delo dr\u017eave postavila obskurna elita komunisti\u010dne partije, postaja Evropska unija pomembnej\u0161a kot kdajkoli prej. Kot ideja in kot ideal. Kot nekaj drugega od vsega, kar vidimo v Mar-a-Lagu. Trump in Xi spominjata na dva pola globalne zmede. Dotikata se in pogosto izena\u010dujeta kot dva nasprotujo\u010da si politi\u010dna in sociolo\u0161ka poskusa, ki se kon\u010data v isti epruveti. Prav tako jima ni ne do svobode medijev ne do \u010dlovekovih pravic in tudi na demokracijo\u00a0&#8230;<\/p>\n","protected":false},"author":1,"featured_media":0,"comment_status":"closed","ping_status":"closed","sticky":false,"template":"","format":"standard","meta":{"footnotes":""},"categories":[1179],"tags":[],"source":[1703],"supertag":[],"acf":[],"yoast_head":"<!-- This site is optimized with the Yoast SEO plugin v21.3 - https:\/\/yoast.com\/wordpress\/plugins\/seo\/ -->\n<title>Na \u010daju pri Ivanki - Hudo Slovenija<\/title>\n<meta name=\"robots\" content=\"index, follow, max-snippet:-1, max-image-preview:large, max-video-preview:-1\" \/>\n<link rel=\"canonical\" href=\"https:\/\/hudo.com\/si\/aktualno\/na-caju-pri-ivanki\/\" \/>\n<meta property=\"og:locale\" content=\"sl_SI\" \/>\n<meta property=\"og:type\" content=\"article\" \/>\n<meta property=\"og:title\" content=\"Na \u010daju pri Ivanki - Hudo Slovenija\" \/>\n<meta property=\"og:description\" content=\"Kategorija: Komentarji Thu, 06 Apr 2017 20:30:00 +0200 Kaj je sporo\u010dilo, ki visi na kristalnem lestencu v Mar-a-Lagu nad mizo, za katero sta sedla predsednika ZDA in Kitajske? To, da mora Evropa postati mo\u010dnej\u0161a, enotnej\u0161a in tudi odlo\u010dnej\u0161a v svoji skupni zunanji, gospodarski in obrambni politiki. Ker ni ni\u010d ve\u010d bistveno to, da je Donalda Trumpa svobodno izvolila nekak\u0161na nova Amerika, Xi Jinpinga pa na \u010delo dr\u017eave postavila obskurna elita komunisti\u010dne partije, postaja Evropska unija pomembnej\u0161a kot kdajkoli prej. Kot ideja in kot ideal. Kot nekaj drugega od vsega, kar vidimo v Mar-a-Lagu. Trump in Xi spominjata na dva pola globalne zmede. Dotikata se in pogosto izena\u010dujeta kot dva nasprotujo\u010da si politi\u010dna in sociolo\u0161ka poskusa, ki se kon\u010data v isti epruveti. Prav tako jima ni ne do svobode medijev ne do \u010dlovekovih pravic in tudi na demokracijo\u00a0...\" \/>\n<meta property=\"og:url\" content=\"https:\/\/hudo.com\/si\/aktualno\/na-caju-pri-ivanki\/\" \/>\n<meta property=\"og:site_name\" content=\"Hudo Slovenija\" \/>\n<meta property=\"article:publisher\" content=\"https:\/\/www.facebook.com\/hudo.si\" \/>\n<meta property=\"article:published_time\" content=\"2017-04-06T16:30:00+00:00\" \/>\n<meta property=\"article:modified_time\" content=\"2017-04-06T20:11:58+00:00\" \/>\n<meta property=\"og:image\" content=\"https:\/\/hudo.com\/si\/wp-content\/uploads\/sites\/2\/2017\/04\/480x290_Reuters_Pictures-20170406173504-40539600.jpeg\" \/>\n\t<meta property=\"og:image:width\" content=\"480\" \/>\n\t<meta property=\"og:image:height\" content=\"290\" \/>\n\t<meta property=\"og:image:type\" content=\"image\/jpeg\" \/>\n<meta name=\"author\" content=\"hudo\" \/>\n<meta name=\"twitter:card\" content=\"summary_large_image\" \/>\n<meta name=\"twitter:creator\" content=\"@hudo_si\" \/>\n<meta name=\"twitter:site\" content=\"@hudo_si\" \/>\n<meta name=\"twitter:label1\" content=\"Written by\" \/>\n\t<meta name=\"twitter:data1\" content=\"hudo\" \/>\n\t<meta name=\"twitter:label2\" content=\"Est. reading time\" \/>\n\t<meta name=\"twitter:data2\" content=\"1 minuta\" \/>\n<script type=\"application\/ld+json\" class=\"yoast-schema-graph\">{\"@context\":\"https:\/\/schema.org\",\"@graph\":[{\"@type\":\"Article\",\"@id\":\"https:\/\/hudo.com\/si\/aktualno\/na-caju-pri-ivanki\/#article\",\"isPartOf\":{\"@id\":\"https:\/\/hudo.com\/si\/aktualno\/na-caju-pri-ivanki\/\"},\"author\":{\"name\":\"hudo\",\"@id\":\"https:\/\/hudo.com\/si\/#\/schema\/person\/601cf3379633985b20f7e50f2bb47707\"},\"headline\":\"Na \u010daju pri Ivanki\",\"datePublished\":\"2017-04-06T16:30:00+00:00\",\"dateModified\":\"2017-04-06T20:11:58+00:00\",\"mainEntityOfPage\":{\"@id\":\"https:\/\/hudo.com\/si\/aktualno\/na-caju-pri-ivanki\/\"},\"wordCount\":152,\"publisher\":{\"@id\":\"https:\/\/hudo.com\/si\/#organization\"},\"articleSection\":[\"Aktualno\"],\"inLanguage\":\"sl-SI\"},{\"@type\":\"WebPage\",\"@id\":\"https:\/\/hudo.com\/si\/aktualno\/na-caju-pri-ivanki\/\",\"url\":\"https:\/\/hudo.com\/si\/aktualno\/na-caju-pri-ivanki\/\",\"name\":\"Na \u010daju pri Ivanki - Hudo Slovenija\",\"isPartOf\":{\"@id\":\"https:\/\/hudo.com\/si\/#website\"},\"datePublished\":\"2017-04-06T16:30:00+00:00\",\"dateModified\":\"2017-04-06T20:11:58+00:00\",\"breadcrumb\":{\"@id\":\"https:\/\/hudo.com\/si\/aktualno\/na-caju-pri-ivanki\/#breadcrumb\"},\"inLanguage\":\"sl-SI\",\"potentialAction\":[{\"@type\":\"ReadAction\",\"target\":[\"https:\/\/hudo.com\/si\/aktualno\/na-caju-pri-ivanki\/\"]}]},{\"@type\":\"BreadcrumbList\",\"@id\":\"https:\/\/hudo.com\/si\/aktualno\/na-caju-pri-ivanki\/#breadcrumb\",\"itemListElement\":[{\"@type\":\"ListItem\",\"position\":1,\"name\":\"Home\",\"item\":\"https:\/\/hudo.com\/si\/\"},{\"@type\":\"ListItem\",\"position\":2,\"name\":\"Na \u010daju pri Ivanki\"}]},{\"@type\":\"WebSite\",\"@id\":\"https:\/\/hudo.com\/si\/#website\",\"url\":\"https:\/\/hudo.com\/si\/\",\"name\":\"Hudo Slovenija\",\"description\":\"Vse novice iz Slovenije in sveta\",\"publisher\":{\"@id\":\"https:\/\/hudo.com\/si\/#organization\"},\"potentialAction\":[{\"@type\":\"SearchAction\",\"target\":{\"@type\":\"EntryPoint\",\"urlTemplate\":\"https:\/\/hudo.com\/si\/?s={search_term_string}\"},\"query-input\":\"required name=search_term_string\"}],\"inLanguage\":\"sl-SI\"},{\"@type\":\"Organization\",\"@id\":\"https:\/\/hudo.com\/si\/#organization\",\"name\":\"VSN Media\",\"url\":\"https:\/\/hudo.com\/si\/\",\"logo\":{\"@type\":\"ImageObject\",\"inLanguage\":\"sl-SI\",\"@id\":\"https:\/\/hudo.com\/si\/#\/schema\/logo\/image\/\",\"url\":\"https:\/\/hudo.com\/si\/wp-content\/uploads\/sites\/2\/2021\/03\/hudo-app-2.png\",\"contentUrl\":\"https:\/\/hudo.com\/si\/wp-content\/uploads\/sites\/2\/2021\/03\/hudo-app-2.png\",\"width\":2185,\"height\":2167,\"caption\":\"VSN Media\"},\"image\":{\"@id\":\"https:\/\/hudo.com\/si\/#\/schema\/logo\/image\/\"},\"sameAs\":[\"https:\/\/www.facebook.com\/hudo.si\",\"https:\/\/twitter.com\/hudo_si\"]},{\"@type\":\"Person\",\"@id\":\"https:\/\/hudo.com\/si\/#\/schema\/person\/601cf3379633985b20f7e50f2bb47707\",\"name\":\"hudo\",\"image\":{\"@type\":\"ImageObject\",\"inLanguage\":\"sl-SI\",\"@id\":\"https:\/\/hudo.com\/si\/#\/schema\/person\/image\/\",\"url\":\"https:\/\/secure.gravatar.com\/avatar\/c4ca25fa72cace7a696b52ff5db9e095?s=96&d=mm&r=g\",\"contentUrl\":\"https:\/\/secure.gravatar.com\/avatar\/c4ca25fa72cace7a696b52ff5db9e095?s=96&d=mm&r=g\",\"caption\":\"hudo\"},\"url\":\"https:\/\/hudo.com\/si\/author\/hudo\/\"}]}<\/script>\n<!-- \/ Yoast SEO plugin. -->","yoast_head_json":{"title":"Na \u010daju pri Ivanki - Hudo Slovenija","robots":{"index":"index","follow":"follow","max-snippet":"max-snippet:-1","max-image-preview":"max-image-preview:large","max-video-preview":"max-video-preview:-1"},"canonical":"https:\/\/hudo.com\/si\/aktualno\/na-caju-pri-ivanki\/","og_locale":"sl_SI","og_type":"article","og_title":"Na \u010daju pri Ivanki - Hudo Slovenija","og_description":"Kategorija: Komentarji Thu, 06 Apr 2017 20:30:00 +0200 Kaj je sporo\u010dilo, ki visi na kristalnem lestencu v Mar-a-Lagu nad mizo, za katero sta sedla predsednika ZDA in Kitajske? To, da mora Evropa postati mo\u010dnej\u0161a, enotnej\u0161a in tudi odlo\u010dnej\u0161a v svoji skupni zunanji, gospodarski in obrambni politiki. Ker ni ni\u010d ve\u010d bistveno to, da je Donalda Trumpa svobodno izvolila nekak\u0161na nova Amerika, Xi Jinpinga pa na \u010delo dr\u017eave postavila obskurna elita komunisti\u010dne partije, postaja Evropska unija pomembnej\u0161a kot kdajkoli prej. Kot ideja in kot ideal. Kot nekaj drugega od vsega, kar vidimo v Mar-a-Lagu. Trump in Xi spominjata na dva pola globalne zmede. Dotikata se in pogosto izena\u010dujeta kot dva nasprotujo\u010da si politi\u010dna in sociolo\u0161ka poskusa, ki se kon\u010data v isti epruveti. Prav tako jima ni ne do svobode medijev ne do \u010dlovekovih pravic in tudi na demokracijo\u00a0...","og_url":"https:\/\/hudo.com\/si\/aktualno\/na-caju-pri-ivanki\/","og_site_name":"Hudo Slovenija","article_publisher":"https:\/\/www.facebook.com\/hudo.si","article_published_time":"2017-04-06T16:30:00+00:00","article_modified_time":"2017-04-06T20:11:58+00:00","og_image":[{"width":480,"height":290,"url":"https:\/\/hudo.com\/si\/wp-content\/uploads\/sites\/2\/2017\/04\/480x290_Reuters_Pictures-20170406173504-40539600.jpeg","type":"image\/jpeg"}],"author":"hudo","twitter_card":"summary_large_image","twitter_creator":"@hudo_si","twitter_site":"@hudo_si","twitter_misc":{"Written by":"hudo","Est. reading time":"1 minuta"},"schema":{"@context":"https:\/\/schema.org","@graph":[{"@type":"Article","@id":"https:\/\/hudo.com\/si\/aktualno\/na-caju-pri-ivanki\/#article","isPartOf":{"@id":"https:\/\/hudo.com\/si\/aktualno\/na-caju-pri-ivanki\/"},"author":{"name":"hudo","@id":"https:\/\/hudo.com\/si\/#\/schema\/person\/601cf3379633985b20f7e50f2bb47707"},"headline":"Na \u010daju pri Ivanki","datePublished":"2017-04-06T16:30:00+00:00","dateModified":"2017-04-06T20:11:58+00:00","mainEntityOfPage":{"@id":"https:\/\/hudo.com\/si\/aktualno\/na-caju-pri-ivanki\/"},"wordCount":152,"publisher":{"@id":"https:\/\/hudo.com\/si\/#organization"},"articleSection":["Aktualno"],"inLanguage":"sl-SI"},{"@type":"WebPage","@id":"https:\/\/hudo.com\/si\/aktualno\/na-caju-pri-ivanki\/","url":"https:\/\/hudo.com\/si\/aktualno\/na-caju-pri-ivanki\/","name":"Na \u010daju pri Ivanki - Hudo Slovenija","isPartOf":{"@id":"https:\/\/hudo.com\/si\/#website"},"datePublished":"2017-04-06T16:30:00+00:00","dateModified":"2017-04-06T20:11:58+00:00","breadcrumb":{"@id":"https:\/\/hudo.com\/si\/aktualno\/na-caju-pri-ivanki\/#breadcrumb"},"inLanguage":"sl-SI","potentialAction":[{"@type":"ReadAction","target":["https:\/\/hudo.com\/si\/aktualno\/na-caju-pri-ivanki\/"]}]},{"@type":"BreadcrumbList","@id":"https:\/\/hudo.com\/si\/aktualno\/na-caju-pri-ivanki\/#breadcrumb","itemListElement":[{"@type":"ListItem","position":1,"name":"Home","item":"https:\/\/hudo.com\/si\/"},{"@type":"ListItem","position":2,"name":"Na \u010daju pri Ivanki"}]},{"@type":"WebSite","@id":"https:\/\/hudo.com\/si\/#website","url":"https:\/\/hudo.com\/si\/","name":"Hudo Slovenija","description":"Vse novice iz Slovenije in sveta","publisher":{"@id":"https:\/\/hudo.com\/si\/#organization"},"potentialAction":[{"@type":"SearchAction","target":{"@type":"EntryPoint","urlTemplate":"https:\/\/hudo.com\/si\/?s={search_term_string}"},"query-input":"required name=search_term_string"}],"inLanguage":"sl-SI"},{"@type":"Organization","@id":"https:\/\/hudo.com\/si\/#organization","name":"VSN Media","url":"https:\/\/hudo.com\/si\/","logo":{"@type":"ImageObject","inLanguage":"sl-SI","@id":"https:\/\/hudo.com\/si\/#\/schema\/logo\/image\/","url":"https:\/\/hudo.com\/si\/wp-content\/uploads\/sites\/2\/2021\/03\/hudo-app-2.png","contentUrl":"https:\/\/hudo.com\/si\/wp-content\/uploads\/sites\/2\/2021\/03\/hudo-app-2.png","width":2185,"height":2167,"caption":"VSN Media"},"image":{"@id":"https:\/\/hudo.com\/si\/#\/schema\/logo\/image\/"},"sameAs":["https:\/\/www.facebook.com\/hudo.si","https:\/\/twitter.com\/hudo_si"]},{"@type":"Person","@id":"https:\/\/hudo.com\/si\/#\/schema\/person\/601cf3379633985b20f7e50f2bb47707","name":"hudo","image":{"@type":"ImageObject","inLanguage":"sl-SI","@id":"https:\/\/hudo.com\/si\/#\/schema\/person\/image\/","url":"https:\/\/secure.gravatar.com\/avatar\/c4ca25fa72cace7a696b52ff5db9e095?s=96&d=mm&r=g","contentUrl":"https:\/\/secure.gravatar.com\/avatar\/c4ca25fa72cace7a696b52ff5db9e095?s=96&d=mm&r=g","caption":"hudo"},"url":"https:\/\/hudo.com\/si\/author\/hudo\/"}]}},"amp_enabled":true,"_links":{"self":[{"href":"https:\/\/hudo.com\/si\/wp-json\/wp\/v2\/posts\/237898"}],"collection":[{"href":"https:\/\/hudo.com\/si\/wp-json\/wp\/v2\/posts"}],"about":[{"href":"https:\/\/hudo.com\/si\/wp-json\/wp\/v2\/types\/post"}],"author":[{"embeddable":true,"href":"https:\/\/hudo.com\/si\/wp-json\/wp\/v2\/users\/1"}],"replies":[{"embeddable":true,"href":"https:\/\/hudo.com\/si\/wp-json\/wp\/v2\/comments?post=237898"}],"version-history":[{"count":1,"href":"https:\/\/hudo.com\/si\/wp-json\/wp\/v2\/posts\/237898\/revisions"}],"predecessor-version":[{"id":237927,"href":"https:\/\/hudo.com\/si\/wp-json\/wp\/v2\/posts\/237898\/revisions\/237927"}],"wp:attachment":[{"href":"https:\/\/hudo.com\/si\/wp-json\/wp\/v2\/media?parent=237898"}],"wp:term":[{"taxonomy":"category","embeddable":true,"href":"https:\/\/hudo.com\/si\/wp-json\/wp\/v2\/categories?post=237898"},{"taxonomy":"post_tag","embeddable":true,"href":"https:\/\/hudo.com\/si\/wp-json\/wp\/v2\/tags?post=237898"},{"taxonomy":"source","embeddable":true,"href":"https:\/\/hudo.com\/si\/wp-json\/wp\/v2\/source?post=237898"},{"taxonomy":"supertag","embeddable":true,"href":"https:\/\/hudo.com\/si\/wp-json\/wp\/v2\/supertag?post=237898"}],"curies":[{"name":"wp","href":"https:\/\/api.w.org\/{rel}","templated":true}]}}