{"id":237909,"date":"2017-04-06T19:36:00","date_gmt":"2017-04-06T17:36:00","guid":{"rendered":"http:\/\/hudo.com\/si\/2017\/04\/06\/v-ukc-ljubljana-sprejeli-dodatni-program-za-skrajsevanje-cakalnih-vrst\/"},"modified":"2017-04-07T07:41:22","modified_gmt":"2017-04-07T05:41:22","slug":"v-ukc-ljubljana-sprejeli-dodatni-program-za-skrajsevanje-cakalnih-vrst","status":"publish","type":"post","link":"https:\/\/hudo.com\/si\/aktualno\/v-ukc-ljubljana-sprejeli-dodatni-program-za-skrajsevanje-cakalnih-vrst\/","title":{"rendered":"V UKC Ljubljana sprejeli dodatni program za skraj\u0161evanje \u010dakalnih vrst"},"content":{"rendered":"<p>Svet zavoda Univerzitetnega klini\u010dnega centra (UKC) Ljubljana od danes deluje v novi sestavi. Na konstitutivni seji so na \u010delo sveta ponovno izvolili dosedanjega predsednika Toma\u017ea Gla\u017earja in namestnico predsednika Blanko Pust, sprejeli pa so tudi dodatni program za skraj\u0161evanje \u010dakalnih vrst v leto\u0161njem letu. V primerjavi z obsegom lanskega programa je leto\u0161nji po navedbah vodstva pribli\u017eno trikrat ve\u010dji. Na svetu sprejeti program mora sicer potrditi \u0161e ministrstvo za zdravje. &#8220;Nujno je, da je bil program sprejet, da bomo lahko \u010dim prej za\u010deli z izvajanjem in posledi\u010dno s skraj\u0161evanjem \u010dakalnih vrst,&#8221; je dejal generalni direktor Andra\u017e Kopa\u010d.    Za operativne programe je namenjenih dobrih 4,5 milijona evrov, za ambulantni program pa 653.000 evrov. Kopa\u010d ra\u010duna, da bodo letos lahko v celoti uresni\u010dili, kar so si zastavili.     Kmalu Center za obravnavo odraslih in otrok s prirojenimi sr\u010dnimi napakami Na seji sveta so obravnavali \u0161e poro\u010dilo o izvajanju enkratnega dodatnega programa v 2016, za katerega pa je Gla\u017ear dejal, da sveta zavoda \u017eeli dopolnitev poro\u010dila z analizo o odstopanju od podatkov, ki jih je glede UKC Ljubljana posredovalo ministrstvo za zdravje. Kmalu bo UKC Ljubljana ustanovil tudi Center za obravnavo odraslih in otrok s prirojenimi sr\u010dnimi napakami. Kot je pojasnila strokovna direktorica UKC Ljubljana Marija Pfeifer, je osnova za ustanovitev centra sklenitev pogodbe z eno tujo bolni\u0161nico, trenutno imajo dve kandidatki. &#8220;Najpomembnej\u0161i kriterij je, da bo kardiovaskularni kirurg, specialist za otro\u0161ko kirurgijo, prisoten tukaj vsak dan. To je ideal, ki se mu \u017eelimo pribli\u017eati,&#8221; je dejala.  Na seji sveta pa sicer \u0161e niso sprejemali sklepov glede primera smrti 14-letnika in postopka krivdne razre\u0161itve strokovnega direktorja pediatri\u010dne klinike Rajka Kende, ker postopki \u0161e te\u010dejo. Kopa\u010d je ob tem ponovno poudaril, da so takoj po prejemu prvega poro\u010dila o dogodku na pediatri\u010dni kliniki za\u010deli izvajati ustrezne ukrepe, in zagotovil, da delujejo transpare<\/p>\n","protected":false},"excerpt":{"rendered":"<p>Svet zavoda Univerzitetnega klini\u010dnega centra (UKC) Ljubljana od danes deluje v novi sestavi. Na konstitutivni seji so na \u010delo sveta ponovno izvolili dosedanjega predsednika Toma\u017ea Gla\u017earja in namestnico predsednika Blanko Pust, sprejeli pa so tudi dodatni program za skraj\u0161evanje \u010dakalnih vrst v leto\u0161njem letu. V primerjavi z obsegom lanskega programa je leto\u0161nji po navedbah vodstva pribli\u017eno trikrat ve\u010dji. Na svetu sprejeti program mora sicer potrditi \u0161e ministrstvo za zdravje. &#8220;Nujno je, da je bil program sprejet, da bomo lahko \u010dim prej za\u010deli z izvajanjem in posledi\u010dno s skraj\u0161evanjem \u010dakalnih vrst,&#8221; je dejal generalni direktor Andra\u017e Kopa\u010d.    Za operativne programe je namenjenih dobrih 4,5 milijona evrov, za ambulantni program pa 653.000 evrov. Kopa\u010d ra\u010duna, da bodo letos lahko v celoti uresni\u010dili, kar so si zastavili.     Kmalu Center za obravnavo odraslih in otrok s prirojenimi sr\u010dnimi napakami Na seji sveta so obravnavali \u0161e poro\u010dilo o izvajanju enkratnega dodatnega programa v 2016, za katerega pa je Gla\u017ear dejal, da sveta zavoda \u017eeli dopolnitev poro\u010dila z analizo o odstopanju od podatkov, ki jih je glede UKC Ljubljana posredovalo ministrstvo za zdravje. Kmalu bo UKC Ljubljana ustanovil tudi Center za obravnavo odraslih in otrok s prirojenimi sr\u010dnimi napakami. Kot je pojasnila strokovna direktorica UKC Ljubljana Marija Pfeifer, je osnova za ustanovitev centra sklenitev pogodbe z eno tujo bolni\u0161nico, trenutno imajo dve kandidatki. &#8220;Najpomembnej\u0161i kriterij je, da bo kardiovaskularni kirurg, specialist za otro\u0161ko kirurgijo, prisoten tukaj vsak dan. To je ideal, ki se mu \u017eelimo pribli\u017eati,&#8221; je dejala.  Na seji sveta pa sicer \u0161e niso sprejemali sklepov glede primera smrti 14-letnika in postopka krivdne razre\u0161itve strokovnega direktorja pediatri\u010dne klinike Rajka Kende, ker postopki \u0161e te\u010dejo. Kopa\u010d je ob tem ponovno poudaril, da so takoj po prejemu prvega poro\u010dila o dogodku na pediatri\u010dni kliniki za\u010deli izvajati ustrezne ukrepe, in zagotovil, da delujejo transpare<\/p>\n","protected":false},"author":1,"featured_media":0,"comment_status":"closed","ping_status":"closed","sticky":false,"template":"","format":"standard","meta":{"footnotes":""},"categories":[1179],"tags":[],"source":[1711],"supertag":[],"acf":[],"yoast_head":"<!-- This site is optimized with the Yoast SEO plugin v21.3 - https:\/\/yoast.com\/wordpress\/plugins\/seo\/ -->\n<title>V UKC Ljubljana sprejeli dodatni program za skraj\u0161evanje \u010dakalnih vrst - Hudo Slovenija<\/title>\n<meta name=\"robots\" content=\"index, follow, max-snippet:-1, max-image-preview:large, max-video-preview:-1\" \/>\n<link rel=\"canonical\" href=\"https:\/\/hudo.com\/si\/aktualno\/v-ukc-ljubljana-sprejeli-dodatni-program-za-skrajsevanje-cakalnih-vrst\/\" \/>\n<meta property=\"og:locale\" content=\"sl_SI\" \/>\n<meta property=\"og:type\" content=\"article\" \/>\n<meta property=\"og:title\" content=\"V UKC Ljubljana sprejeli dodatni program za skraj\u0161evanje \u010dakalnih vrst - Hudo Slovenija\" \/>\n<meta property=\"og:description\" content=\"Svet zavoda Univerzitetnega klini\u010dnega centra (UKC) Ljubljana od danes deluje v novi sestavi. Na konstitutivni seji so na \u010delo sveta ponovno izvolili dosedanjega predsednika Toma\u017ea Gla\u017earja in namestnico predsednika Blanko Pust, sprejeli pa so tudi dodatni program za skraj\u0161evanje \u010dakalnih vrst v leto\u0161njem letu. V primerjavi z obsegom lanskega programa je leto\u0161nji po navedbah vodstva pribli\u017eno trikrat ve\u010dji. Na svetu sprejeti program mora sicer potrditi \u0161e ministrstvo za zdravje. &quot;Nujno je, da je bil program sprejet, da bomo lahko \u010dim prej za\u010deli z izvajanjem in posledi\u010dno s skraj\u0161evanjem \u010dakalnih vrst,&quot; je dejal generalni direktor Andra\u017e Kopa\u010d.  Za operativne programe je namenjenih dobrih 4,5 milijona evrov, za ambulantni program pa 653.000 evrov. Kopa\u010d ra\u010duna, da bodo letos lahko v celoti uresni\u010dili, kar so si zastavili.   Kmalu Center za obravnavo odraslih in otrok s prirojenimi sr\u010dnimi napakami Na seji sveta so obravnavali \u0161e poro\u010dilo o izvajanju enkratnega dodatnega programa v 2016, za katerega pa je Gla\u017ear dejal, da sveta zavoda \u017eeli dopolnitev poro\u010dila z analizo o odstopanju od podatkov, ki jih je glede UKC Ljubljana posredovalo ministrstvo za zdravje. Kmalu bo UKC Ljubljana ustanovil tudi Center za obravnavo odraslih in otrok s prirojenimi sr\u010dnimi napakami. Kot je pojasnila strokovna direktorica UKC Ljubljana Marija Pfeifer, je osnova za ustanovitev centra sklenitev pogodbe z eno tujo bolni\u0161nico, trenutno imajo dve kandidatki. &quot;Najpomembnej\u0161i kriterij je, da bo kardiovaskularni kirurg, specialist za otro\u0161ko kirurgijo, prisoten tukaj vsak dan. To je ideal, ki se mu \u017eelimo pribli\u017eati,&quot; je dejala. Na seji sveta pa sicer \u0161e niso sprejemali sklepov glede primera smrti 14-letnika in postopka krivdne razre\u0161itve strokovnega direktorja pediatri\u010dne klinike Rajka Kende, ker postopki \u0161e te\u010dejo. Kopa\u010d je ob tem ponovno poudaril, da so takoj po prejemu prvega poro\u010dila o dogodku na pediatri\u010dni kliniki za\u010deli izvajati ustrezne ukrepe, in zagotovil, da delujejo transpare\" \/>\n<meta property=\"og:url\" content=\"https:\/\/hudo.com\/si\/aktualno\/v-ukc-ljubljana-sprejeli-dodatni-program-za-skrajsevanje-cakalnih-vrst\/\" \/>\n<meta property=\"og:site_name\" content=\"Hudo Slovenija\" \/>\n<meta property=\"article:publisher\" content=\"https:\/\/www.facebook.com\/hudo.si\" \/>\n<meta property=\"article:published_time\" content=\"2017-04-06T17:36:00+00:00\" \/>\n<meta property=\"article:modified_time\" content=\"2017-04-07T05:41:22+00:00\" \/>\n<meta property=\"og:image\" content=\"https:\/\/hudo.com\/si\/wp-content\/uploads\/sites\/2\/2017\/04\/01418705F-300.jpg\" \/>\n\t<meta property=\"og:image:width\" content=\"450\" \/>\n\t<meta property=\"og:image:height\" content=\"300\" \/>\n\t<meta property=\"og:image:type\" content=\"image\/jpeg\" \/>\n<meta name=\"author\" content=\"hudo\" \/>\n<meta name=\"twitter:card\" content=\"summary_large_image\" \/>\n<meta name=\"twitter:creator\" content=\"@hudo_si\" \/>\n<meta name=\"twitter:site\" content=\"@hudo_si\" \/>\n<meta name=\"twitter:label1\" content=\"Written by\" \/>\n\t<meta name=\"twitter:data1\" content=\"hudo\" \/>\n\t<meta name=\"twitter:label2\" content=\"Est. reading time\" \/>\n\t<meta name=\"twitter:data2\" content=\"2 minuti\" \/>\n<script type=\"application\/ld+json\" class=\"yoast-schema-graph\">{\"@context\":\"https:\/\/schema.org\",\"@graph\":[{\"@type\":\"Article\",\"@id\":\"https:\/\/hudo.com\/si\/aktualno\/v-ukc-ljubljana-sprejeli-dodatni-program-za-skrajsevanje-cakalnih-vrst\/#article\",\"isPartOf\":{\"@id\":\"https:\/\/hudo.com\/si\/aktualno\/v-ukc-ljubljana-sprejeli-dodatni-program-za-skrajsevanje-cakalnih-vrst\/\"},\"author\":{\"name\":\"hudo\",\"@id\":\"https:\/\/hudo.com\/si\/#\/schema\/person\/601cf3379633985b20f7e50f2bb47707\"},\"headline\":\"V UKC Ljubljana sprejeli dodatni program za skraj\u0161evanje \u010dakalnih vrst\",\"datePublished\":\"2017-04-06T17:36:00+00:00\",\"dateModified\":\"2017-04-07T05:41:22+00:00\",\"mainEntityOfPage\":{\"@id\":\"https:\/\/hudo.com\/si\/aktualno\/v-ukc-ljubljana-sprejeli-dodatni-program-za-skrajsevanje-cakalnih-vrst\/\"},\"wordCount\":332,\"publisher\":{\"@id\":\"https:\/\/hudo.com\/si\/#organization\"},\"articleSection\":[\"Aktualno\"],\"inLanguage\":\"sl-SI\"},{\"@type\":\"WebPage\",\"@id\":\"https:\/\/hudo.com\/si\/aktualno\/v-ukc-ljubljana-sprejeli-dodatni-program-za-skrajsevanje-cakalnih-vrst\/\",\"url\":\"https:\/\/hudo.com\/si\/aktualno\/v-ukc-ljubljana-sprejeli-dodatni-program-za-skrajsevanje-cakalnih-vrst\/\",\"name\":\"V UKC Ljubljana sprejeli dodatni program za skraj\u0161evanje \u010dakalnih vrst - Hudo Slovenija\",\"isPartOf\":{\"@id\":\"https:\/\/hudo.com\/si\/#website\"},\"datePublished\":\"2017-04-06T17:36:00+00:00\",\"dateModified\":\"2017-04-07T05:41:22+00:00\",\"breadcrumb\":{\"@id\":\"https:\/\/hudo.com\/si\/aktualno\/v-ukc-ljubljana-sprejeli-dodatni-program-za-skrajsevanje-cakalnih-vrst\/#breadcrumb\"},\"inLanguage\":\"sl-SI\",\"potentialAction\":[{\"@type\":\"ReadAction\",\"target\":[\"https:\/\/hudo.com\/si\/aktualno\/v-ukc-ljubljana-sprejeli-dodatni-program-za-skrajsevanje-cakalnih-vrst\/\"]}]},{\"@type\":\"BreadcrumbList\",\"@id\":\"https:\/\/hudo.com\/si\/aktualno\/v-ukc-ljubljana-sprejeli-dodatni-program-za-skrajsevanje-cakalnih-vrst\/#breadcrumb\",\"itemListElement\":[{\"@type\":\"ListItem\",\"position\":1,\"name\":\"Home\",\"item\":\"https:\/\/hudo.com\/si\/\"},{\"@type\":\"ListItem\",\"position\":2,\"name\":\"V UKC Ljubljana sprejeli dodatni program za skraj\u0161evanje \u010dakalnih vrst\"}]},{\"@type\":\"WebSite\",\"@id\":\"https:\/\/hudo.com\/si\/#website\",\"url\":\"https:\/\/hudo.com\/si\/\",\"name\":\"Hudo Slovenija\",\"description\":\"Vse novice iz Slovenije in sveta\",\"publisher\":{\"@id\":\"https:\/\/hudo.com\/si\/#organization\"},\"potentialAction\":[{\"@type\":\"SearchAction\",\"target\":{\"@type\":\"EntryPoint\",\"urlTemplate\":\"https:\/\/hudo.com\/si\/?s={search_term_string}\"},\"query-input\":\"required name=search_term_string\"}],\"inLanguage\":\"sl-SI\"},{\"@type\":\"Organization\",\"@id\":\"https:\/\/hudo.com\/si\/#organization\",\"name\":\"VSN Media\",\"url\":\"https:\/\/hudo.com\/si\/\",\"logo\":{\"@type\":\"ImageObject\",\"inLanguage\":\"sl-SI\",\"@id\":\"https:\/\/hudo.com\/si\/#\/schema\/logo\/image\/\",\"url\":\"https:\/\/hudo.com\/si\/wp-content\/uploads\/sites\/2\/2021\/03\/hudo-app-2.png\",\"contentUrl\":\"https:\/\/hudo.com\/si\/wp-content\/uploads\/sites\/2\/2021\/03\/hudo-app-2.png\",\"width\":2185,\"height\":2167,\"caption\":\"VSN Media\"},\"image\":{\"@id\":\"https:\/\/hudo.com\/si\/#\/schema\/logo\/image\/\"},\"sameAs\":[\"https:\/\/www.facebook.com\/hudo.si\",\"https:\/\/twitter.com\/hudo_si\"]},{\"@type\":\"Person\",\"@id\":\"https:\/\/hudo.com\/si\/#\/schema\/person\/601cf3379633985b20f7e50f2bb47707\",\"name\":\"hudo\",\"image\":{\"@type\":\"ImageObject\",\"inLanguage\":\"sl-SI\",\"@id\":\"https:\/\/hudo.com\/si\/#\/schema\/person\/image\/\",\"url\":\"https:\/\/secure.gravatar.com\/avatar\/c4ca25fa72cace7a696b52ff5db9e095?s=96&d=mm&r=g\",\"contentUrl\":\"https:\/\/secure.gravatar.com\/avatar\/c4ca25fa72cace7a696b52ff5db9e095?s=96&d=mm&r=g\",\"caption\":\"hudo\"},\"url\":\"https:\/\/hudo.com\/si\/author\/hudo\/\"}]}<\/script>\n<!-- \/ Yoast SEO plugin. -->","yoast_head_json":{"title":"V UKC Ljubljana sprejeli dodatni program za skraj\u0161evanje \u010dakalnih vrst - Hudo Slovenija","robots":{"index":"index","follow":"follow","max-snippet":"max-snippet:-1","max-image-preview":"max-image-preview:large","max-video-preview":"max-video-preview:-1"},"canonical":"https:\/\/hudo.com\/si\/aktualno\/v-ukc-ljubljana-sprejeli-dodatni-program-za-skrajsevanje-cakalnih-vrst\/","og_locale":"sl_SI","og_type":"article","og_title":"V UKC Ljubljana sprejeli dodatni program za skraj\u0161evanje \u010dakalnih vrst - Hudo Slovenija","og_description":"Svet zavoda Univerzitetnega klini\u010dnega centra (UKC) Ljubljana od danes deluje v novi sestavi. Na konstitutivni seji so na \u010delo sveta ponovno izvolili dosedanjega predsednika Toma\u017ea Gla\u017earja in namestnico predsednika Blanko Pust, sprejeli pa so tudi dodatni program za skraj\u0161evanje \u010dakalnih vrst v leto\u0161njem letu. V primerjavi z obsegom lanskega programa je leto\u0161nji po navedbah vodstva pribli\u017eno trikrat ve\u010dji. Na svetu sprejeti program mora sicer potrditi \u0161e ministrstvo za zdravje. \"Nujno je, da je bil program sprejet, da bomo lahko \u010dim prej za\u010deli z izvajanjem in posledi\u010dno s skraj\u0161evanjem \u010dakalnih vrst,\" je dejal generalni direktor Andra\u017e Kopa\u010d.  Za operativne programe je namenjenih dobrih 4,5 milijona evrov, za ambulantni program pa 653.000 evrov. Kopa\u010d ra\u010duna, da bodo letos lahko v celoti uresni\u010dili, kar so si zastavili.   Kmalu Center za obravnavo odraslih in otrok s prirojenimi sr\u010dnimi napakami Na seji sveta so obravnavali \u0161e poro\u010dilo o izvajanju enkratnega dodatnega programa v 2016, za katerega pa je Gla\u017ear dejal, da sveta zavoda \u017eeli dopolnitev poro\u010dila z analizo o odstopanju od podatkov, ki jih je glede UKC Ljubljana posredovalo ministrstvo za zdravje. Kmalu bo UKC Ljubljana ustanovil tudi Center za obravnavo odraslih in otrok s prirojenimi sr\u010dnimi napakami. Kot je pojasnila strokovna direktorica UKC Ljubljana Marija Pfeifer, je osnova za ustanovitev centra sklenitev pogodbe z eno tujo bolni\u0161nico, trenutno imajo dve kandidatki. \"Najpomembnej\u0161i kriterij je, da bo kardiovaskularni kirurg, specialist za otro\u0161ko kirurgijo, prisoten tukaj vsak dan. To je ideal, ki se mu \u017eelimo pribli\u017eati,\" je dejala. Na seji sveta pa sicer \u0161e niso sprejemali sklepov glede primera smrti 14-letnika in postopka krivdne razre\u0161itve strokovnega direktorja pediatri\u010dne klinike Rajka Kende, ker postopki \u0161e te\u010dejo. Kopa\u010d je ob tem ponovno poudaril, da so takoj po prejemu prvega poro\u010dila o dogodku na pediatri\u010dni kliniki za\u010deli izvajati ustrezne ukrepe, in zagotovil, da delujejo transpare","og_url":"https:\/\/hudo.com\/si\/aktualno\/v-ukc-ljubljana-sprejeli-dodatni-program-za-skrajsevanje-cakalnih-vrst\/","og_site_name":"Hudo Slovenija","article_publisher":"https:\/\/www.facebook.com\/hudo.si","article_published_time":"2017-04-06T17:36:00+00:00","article_modified_time":"2017-04-07T05:41:22+00:00","og_image":[{"width":450,"height":300,"url":"https:\/\/hudo.com\/si\/wp-content\/uploads\/sites\/2\/2017\/04\/01418705F-300.jpg","type":"image\/jpeg"}],"author":"hudo","twitter_card":"summary_large_image","twitter_creator":"@hudo_si","twitter_site":"@hudo_si","twitter_misc":{"Written by":"hudo","Est. reading time":"2 minuti"},"schema":{"@context":"https:\/\/schema.org","@graph":[{"@type":"Article","@id":"https:\/\/hudo.com\/si\/aktualno\/v-ukc-ljubljana-sprejeli-dodatni-program-za-skrajsevanje-cakalnih-vrst\/#article","isPartOf":{"@id":"https:\/\/hudo.com\/si\/aktualno\/v-ukc-ljubljana-sprejeli-dodatni-program-za-skrajsevanje-cakalnih-vrst\/"},"author":{"name":"hudo","@id":"https:\/\/hudo.com\/si\/#\/schema\/person\/601cf3379633985b20f7e50f2bb47707"},"headline":"V UKC Ljubljana sprejeli dodatni program za skraj\u0161evanje \u010dakalnih vrst","datePublished":"2017-04-06T17:36:00+00:00","dateModified":"2017-04-07T05:41:22+00:00","mainEntityOfPage":{"@id":"https:\/\/hudo.com\/si\/aktualno\/v-ukc-ljubljana-sprejeli-dodatni-program-za-skrajsevanje-cakalnih-vrst\/"},"wordCount":332,"publisher":{"@id":"https:\/\/hudo.com\/si\/#organization"},"articleSection":["Aktualno"],"inLanguage":"sl-SI"},{"@type":"WebPage","@id":"https:\/\/hudo.com\/si\/aktualno\/v-ukc-ljubljana-sprejeli-dodatni-program-za-skrajsevanje-cakalnih-vrst\/","url":"https:\/\/hudo.com\/si\/aktualno\/v-ukc-ljubljana-sprejeli-dodatni-program-za-skrajsevanje-cakalnih-vrst\/","name":"V UKC Ljubljana sprejeli dodatni program za skraj\u0161evanje \u010dakalnih vrst - Hudo Slovenija","isPartOf":{"@id":"https:\/\/hudo.com\/si\/#website"},"datePublished":"2017-04-06T17:36:00+00:00","dateModified":"2017-04-07T05:41:22+00:00","breadcrumb":{"@id":"https:\/\/hudo.com\/si\/aktualno\/v-ukc-ljubljana-sprejeli-dodatni-program-za-skrajsevanje-cakalnih-vrst\/#breadcrumb"},"inLanguage":"sl-SI","potentialAction":[{"@type":"ReadAction","target":["https:\/\/hudo.com\/si\/aktualno\/v-ukc-ljubljana-sprejeli-dodatni-program-za-skrajsevanje-cakalnih-vrst\/"]}]},{"@type":"BreadcrumbList","@id":"https:\/\/hudo.com\/si\/aktualno\/v-ukc-ljubljana-sprejeli-dodatni-program-za-skrajsevanje-cakalnih-vrst\/#breadcrumb","itemListElement":[{"@type":"ListItem","position":1,"name":"Home","item":"https:\/\/hudo.com\/si\/"},{"@type":"ListItem","position":2,"name":"V UKC Ljubljana sprejeli dodatni program za skraj\u0161evanje \u010dakalnih vrst"}]},{"@type":"WebSite","@id":"https:\/\/hudo.com\/si\/#website","url":"https:\/\/hudo.com\/si\/","name":"Hudo Slovenija","description":"Vse novice iz Slovenije in sveta","publisher":{"@id":"https:\/\/hudo.com\/si\/#organization"},"potentialAction":[{"@type":"SearchAction","target":{"@type":"EntryPoint","urlTemplate":"https:\/\/hudo.com\/si\/?s={search_term_string}"},"query-input":"required name=search_term_string"}],"inLanguage":"sl-SI"},{"@type":"Organization","@id":"https:\/\/hudo.com\/si\/#organization","name":"VSN Media","url":"https:\/\/hudo.com\/si\/","logo":{"@type":"ImageObject","inLanguage":"sl-SI","@id":"https:\/\/hudo.com\/si\/#\/schema\/logo\/image\/","url":"https:\/\/hudo.com\/si\/wp-content\/uploads\/sites\/2\/2021\/03\/hudo-app-2.png","contentUrl":"https:\/\/hudo.com\/si\/wp-content\/uploads\/sites\/2\/2021\/03\/hudo-app-2.png","width":2185,"height":2167,"caption":"VSN Media"},"image":{"@id":"https:\/\/hudo.com\/si\/#\/schema\/logo\/image\/"},"sameAs":["https:\/\/www.facebook.com\/hudo.si","https:\/\/twitter.com\/hudo_si"]},{"@type":"Person","@id":"https:\/\/hudo.com\/si\/#\/schema\/person\/601cf3379633985b20f7e50f2bb47707","name":"hudo","image":{"@type":"ImageObject","inLanguage":"sl-SI","@id":"https:\/\/hudo.com\/si\/#\/schema\/person\/image\/","url":"https:\/\/secure.gravatar.com\/avatar\/c4ca25fa72cace7a696b52ff5db9e095?s=96&d=mm&r=g","contentUrl":"https:\/\/secure.gravatar.com\/avatar\/c4ca25fa72cace7a696b52ff5db9e095?s=96&d=mm&r=g","caption":"hudo"},"url":"https:\/\/hudo.com\/si\/author\/hudo\/"}]}},"amp_enabled":true,"_links":{"self":[{"href":"https:\/\/hudo.com\/si\/wp-json\/wp\/v2\/posts\/237909"}],"collection":[{"href":"https:\/\/hudo.com\/si\/wp-json\/wp\/v2\/posts"}],"about":[{"href":"https:\/\/hudo.com\/si\/wp-json\/wp\/v2\/types\/post"}],"author":[{"embeddable":true,"href":"https:\/\/hudo.com\/si\/wp-json\/wp\/v2\/users\/1"}],"replies":[{"embeddable":true,"href":"https:\/\/hudo.com\/si\/wp-json\/wp\/v2\/comments?post=237909"}],"version-history":[{"count":1,"href":"https:\/\/hudo.com\/si\/wp-json\/wp\/v2\/posts\/237909\/revisions"}],"predecessor-version":[{"id":237942,"href":"https:\/\/hudo.com\/si\/wp-json\/wp\/v2\/posts\/237909\/revisions\/237942"}],"wp:attachment":[{"href":"https:\/\/hudo.com\/si\/wp-json\/wp\/v2\/media?parent=237909"}],"wp:term":[{"taxonomy":"category","embeddable":true,"href":"https:\/\/hudo.com\/si\/wp-json\/wp\/v2\/categories?post=237909"},{"taxonomy":"post_tag","embeddable":true,"href":"https:\/\/hudo.com\/si\/wp-json\/wp\/v2\/tags?post=237909"},{"taxonomy":"source","embeddable":true,"href":"https:\/\/hudo.com\/si\/wp-json\/wp\/v2\/source?post=237909"},{"taxonomy":"supertag","embeddable":true,"href":"https:\/\/hudo.com\/si\/wp-json\/wp\/v2\/supertag?post=237909"}],"curies":[{"name":"wp","href":"https:\/\/api.w.org\/{rel}","templated":true}]}}