{"id":237919,"date":"2017-04-06T18:48:00","date_gmt":"2017-04-06T16:48:00","guid":{"rendered":"http:\/\/hudo.com\/si\/2017\/04\/06\/tehnoloski-sejem-cebit-ohranja-lokacijo-spreminja-termin\/"},"modified":"2017-04-07T07:41:39","modified_gmt":"2017-04-07T05:41:39","slug":"tehnoloski-sejem-cebit-ohranja-lokacijo-spreminja-termin","status":"publish","type":"post","link":"https:\/\/hudo.com\/si\/aktualno\/tehnoloski-sejem-cebit-ohranja-lokacijo-spreminja-termin\/","title":{"rendered":"Tehnolo\u0161ki sejem CeBIT ohranja lokacijo, spreminja termin"},"content":{"rendered":"<p>Tradicionalno se je tehnolo\u0161ki sejem CeBIT v nem\u0161kem mestu Hannover odvijal meseca marca. Tako se je letos zaklju\u010dil \u017ee 30. CeBIT, ki velja za najve\u010dji poslovni dogodek na podro\u010dju informacijskih tehnologij v svetu, letos pa je bila osrednja tema dogajanja digitalna ekonomija. Z zaklju\u010dkom jubilejnega CeBITa pa je organizator Deutsche Messe sporo\u010dil, da bo prihodnje leto zapihal sve\u017e veter. Od leta 2018 naprej se bo dogajal v junijskem terminu, s tem pa \u017eelijo dogodek pozicionirati kot osrednjo evropsko platformo za podro\u010dje digitalne transformacije. Oliver Frese, \u010dlan uprave pri Deutsche Messe je po zaprtju sejma povedal, da so impresivne \u0161tevilke letos dobra popotnica za razkritje novega koncepta sejma v letu 2018. Od 11. do 15. junija prihodnje leto bodo tako razstavljavci razdeljeni med tri tematska podro\u010dja: &#8220;d!conomy&#8221;, &#8220;d!tec&#8221; in &#8220;d!talk&#8221;. Segment d!conomy bo namenjen ponudnikom digitalnih re\u0161itev, komercialnemu in javnemu sektorju ter stiku uporabnikov z njimi. Revolucionarne tehnologije, raziskovalni in\u0161tituti in start-upi bodo zdru\u017eeni pod isto streho imenovano d!tec, program d!talk pa bo obsegal prilo\u017enosti za pogovore, predavanja, deljenje zamisli in znanja, konkretno pa pomeni konferen\u010dno dogajanje in predstavitvena predavanja na ve\u010d lokacijah sejmi\u0161\u010da.<\/p>\n","protected":false},"excerpt":{"rendered":"<p>Tradicionalno se je tehnolo\u0161ki sejem CeBIT v nem\u0161kem mestu Hannover odvijal meseca marca. Tako se je letos zaklju\u010dil \u017ee 30. CeBIT, ki velja za najve\u010dji poslovni dogodek na podro\u010dju informacijskih tehnologij v svetu, letos pa je bila osrednja tema dogajanja digitalna ekonomija. Z zaklju\u010dkom jubilejnega CeBITa pa je organizator Deutsche Messe sporo\u010dil, da bo prihodnje leto zapihal sve\u017e veter. Od leta 2018 naprej se bo dogajal v junijskem terminu, s tem pa \u017eelijo dogodek pozicionirati kot osrednjo evropsko platformo za podro\u010dje digitalne transformacije. Oliver Frese, \u010dlan uprave pri Deutsche Messe je po zaprtju sejma povedal, da so impresivne \u0161tevilke letos dobra popotnica za razkritje novega koncepta sejma v letu 2018. Od 11. do 15. junija prihodnje leto bodo tako razstavljavci razdeljeni med tri tematska podro\u010dja: &#8220;d!conomy&#8221;, &#8220;d!tec&#8221; in &#8220;d!talk&#8221;. Segment d!conomy bo namenjen ponudnikom digitalnih re\u0161itev, komercialnemu in javnemu sektorju ter stiku uporabnikov z njimi. Revolucionarne tehnologije, raziskovalni in\u0161tituti in start-upi bodo zdru\u017eeni pod isto streho imenovano d!tec, program d!talk pa bo obsegal prilo\u017enosti za pogovore, predavanja, deljenje zamisli in znanja, konkretno pa pomeni konferen\u010dno dogajanje in predstavitvena predavanja na ve\u010d lokacijah sejmi\u0161\u010da.<\/p>\n","protected":false},"author":1,"featured_media":0,"comment_status":"closed","ping_status":"closed","sticky":false,"template":"","format":"standard","meta":{"footnotes":""},"categories":[1179],"tags":[],"source":[1711],"supertag":[],"acf":[],"yoast_head":"<!-- This site is optimized with the Yoast SEO plugin v21.3 - https:\/\/yoast.com\/wordpress\/plugins\/seo\/ -->\n<title>Tehnolo\u0161ki sejem CeBIT ohranja lokacijo, spreminja termin - Hudo Slovenija<\/title>\n<meta name=\"robots\" content=\"index, follow, max-snippet:-1, max-image-preview:large, max-video-preview:-1\" \/>\n<link rel=\"canonical\" href=\"https:\/\/hudo.com\/si\/aktualno\/tehnoloski-sejem-cebit-ohranja-lokacijo-spreminja-termin\/\" \/>\n<meta property=\"og:locale\" content=\"sl_SI\" \/>\n<meta property=\"og:type\" content=\"article\" \/>\n<meta property=\"og:title\" content=\"Tehnolo\u0161ki sejem CeBIT ohranja lokacijo, spreminja termin - Hudo Slovenija\" \/>\n<meta property=\"og:description\" content=\"Tradicionalno se je tehnolo\u0161ki sejem CeBIT v nem\u0161kem mestu Hannover odvijal meseca marca. Tako se je letos zaklju\u010dil \u017ee 30. CeBIT, ki velja za najve\u010dji poslovni dogodek na podro\u010dju informacijskih tehnologij v svetu, letos pa je bila osrednja tema dogajanja digitalna ekonomija. Z zaklju\u010dkom jubilejnega CeBITa pa je organizator Deutsche Messe sporo\u010dil, da bo prihodnje leto zapihal sve\u017e veter. Od leta 2018 naprej se bo dogajal v junijskem terminu, s tem pa \u017eelijo dogodek pozicionirati kot osrednjo evropsko platformo za podro\u010dje digitalne transformacije. Oliver Frese, \u010dlan uprave pri Deutsche Messe je po zaprtju sejma povedal, da so impresivne \u0161tevilke letos dobra popotnica za razkritje novega koncepta sejma v letu 2018. Od 11. do 15. junija prihodnje leto bodo tako razstavljavci razdeljeni med tri tematska podro\u010dja: &quot;d!conomy&quot;, &quot;d!tec&quot; in &quot;d!talk&quot;. Segment d!conomy bo namenjen ponudnikom digitalnih re\u0161itev, komercialnemu in javnemu sektorju ter stiku uporabnikov z njimi. Revolucionarne tehnologije, raziskovalni in\u0161tituti in start-upi bodo zdru\u017eeni pod isto streho imenovano d!tec, program d!talk pa bo obsegal prilo\u017enosti za pogovore, predavanja, deljenje zamisli in znanja, konkretno pa pomeni konferen\u010dno dogajanje in predstavitvena predavanja na ve\u010d lokacijah sejmi\u0161\u010da.\" \/>\n<meta property=\"og:url\" content=\"https:\/\/hudo.com\/si\/aktualno\/tehnoloski-sejem-cebit-ohranja-lokacijo-spreminja-termin\/\" \/>\n<meta property=\"og:site_name\" content=\"Hudo Slovenija\" \/>\n<meta property=\"article:publisher\" content=\"https:\/\/www.facebook.com\/hudo.si\" \/>\n<meta property=\"article:published_time\" content=\"2017-04-06T16:48:00+00:00\" \/>\n<meta property=\"article:modified_time\" content=\"2017-04-07T05:41:39+00:00\" \/>\n<meta property=\"og:image\" content=\"https:\/\/hudo.com\/si\/wp-content\/uploads\/sites\/2\/2017\/04\/05859468-300.jpg\" \/>\n\t<meta property=\"og:image:width\" content=\"450\" \/>\n\t<meta property=\"og:image:height\" content=\"345\" \/>\n\t<meta property=\"og:image:type\" content=\"image\/jpeg\" \/>\n<meta name=\"author\" content=\"hudo\" \/>\n<meta name=\"twitter:card\" content=\"summary_large_image\" \/>\n<meta name=\"twitter:creator\" content=\"@hudo_si\" \/>\n<meta name=\"twitter:site\" content=\"@hudo_si\" \/>\n<meta name=\"twitter:label1\" content=\"Written by\" \/>\n\t<meta name=\"twitter:data1\" content=\"hudo\" \/>\n\t<meta name=\"twitter:label2\" content=\"Est. reading time\" \/>\n\t<meta name=\"twitter:data2\" content=\"1 minuta\" \/>\n<script type=\"application\/ld+json\" class=\"yoast-schema-graph\">{\"@context\":\"https:\/\/schema.org\",\"@graph\":[{\"@type\":\"Article\",\"@id\":\"https:\/\/hudo.com\/si\/aktualno\/tehnoloski-sejem-cebit-ohranja-lokacijo-spreminja-termin\/#article\",\"isPartOf\":{\"@id\":\"https:\/\/hudo.com\/si\/aktualno\/tehnoloski-sejem-cebit-ohranja-lokacijo-spreminja-termin\/\"},\"author\":{\"name\":\"hudo\",\"@id\":\"https:\/\/hudo.com\/si\/#\/schema\/person\/601cf3379633985b20f7e50f2bb47707\"},\"headline\":\"Tehnolo\u0161ki sejem CeBIT ohranja lokacijo, spreminja termin\",\"datePublished\":\"2017-04-06T16:48:00+00:00\",\"dateModified\":\"2017-04-07T05:41:39+00:00\",\"mainEntityOfPage\":{\"@id\":\"https:\/\/hudo.com\/si\/aktualno\/tehnoloski-sejem-cebit-ohranja-lokacijo-spreminja-termin\/\"},\"wordCount\":207,\"publisher\":{\"@id\":\"https:\/\/hudo.com\/si\/#organization\"},\"articleSection\":[\"Aktualno\"],\"inLanguage\":\"sl-SI\"},{\"@type\":\"WebPage\",\"@id\":\"https:\/\/hudo.com\/si\/aktualno\/tehnoloski-sejem-cebit-ohranja-lokacijo-spreminja-termin\/\",\"url\":\"https:\/\/hudo.com\/si\/aktualno\/tehnoloski-sejem-cebit-ohranja-lokacijo-spreminja-termin\/\",\"name\":\"Tehnolo\u0161ki sejem CeBIT ohranja lokacijo, spreminja termin - Hudo Slovenija\",\"isPartOf\":{\"@id\":\"https:\/\/hudo.com\/si\/#website\"},\"datePublished\":\"2017-04-06T16:48:00+00:00\",\"dateModified\":\"2017-04-07T05:41:39+00:00\",\"breadcrumb\":{\"@id\":\"https:\/\/hudo.com\/si\/aktualno\/tehnoloski-sejem-cebit-ohranja-lokacijo-spreminja-termin\/#breadcrumb\"},\"inLanguage\":\"sl-SI\",\"potentialAction\":[{\"@type\":\"ReadAction\",\"target\":[\"https:\/\/hudo.com\/si\/aktualno\/tehnoloski-sejem-cebit-ohranja-lokacijo-spreminja-termin\/\"]}]},{\"@type\":\"BreadcrumbList\",\"@id\":\"https:\/\/hudo.com\/si\/aktualno\/tehnoloski-sejem-cebit-ohranja-lokacijo-spreminja-termin\/#breadcrumb\",\"itemListElement\":[{\"@type\":\"ListItem\",\"position\":1,\"name\":\"Home\",\"item\":\"https:\/\/hudo.com\/si\/\"},{\"@type\":\"ListItem\",\"position\":2,\"name\":\"Tehnolo\u0161ki sejem CeBIT ohranja lokacijo, spreminja termin\"}]},{\"@type\":\"WebSite\",\"@id\":\"https:\/\/hudo.com\/si\/#website\",\"url\":\"https:\/\/hudo.com\/si\/\",\"name\":\"Hudo Slovenija\",\"description\":\"Vse novice iz Slovenije in sveta\",\"publisher\":{\"@id\":\"https:\/\/hudo.com\/si\/#organization\"},\"potentialAction\":[{\"@type\":\"SearchAction\",\"target\":{\"@type\":\"EntryPoint\",\"urlTemplate\":\"https:\/\/hudo.com\/si\/?s={search_term_string}\"},\"query-input\":\"required name=search_term_string\"}],\"inLanguage\":\"sl-SI\"},{\"@type\":\"Organization\",\"@id\":\"https:\/\/hudo.com\/si\/#organization\",\"name\":\"VSN Media\",\"url\":\"https:\/\/hudo.com\/si\/\",\"logo\":{\"@type\":\"ImageObject\",\"inLanguage\":\"sl-SI\",\"@id\":\"https:\/\/hudo.com\/si\/#\/schema\/logo\/image\/\",\"url\":\"https:\/\/hudo.com\/si\/wp-content\/uploads\/sites\/2\/2021\/03\/hudo-app-2.png\",\"contentUrl\":\"https:\/\/hudo.com\/si\/wp-content\/uploads\/sites\/2\/2021\/03\/hudo-app-2.png\",\"width\":2185,\"height\":2167,\"caption\":\"VSN Media\"},\"image\":{\"@id\":\"https:\/\/hudo.com\/si\/#\/schema\/logo\/image\/\"},\"sameAs\":[\"https:\/\/www.facebook.com\/hudo.si\",\"https:\/\/twitter.com\/hudo_si\"]},{\"@type\":\"Person\",\"@id\":\"https:\/\/hudo.com\/si\/#\/schema\/person\/601cf3379633985b20f7e50f2bb47707\",\"name\":\"hudo\",\"image\":{\"@type\":\"ImageObject\",\"inLanguage\":\"sl-SI\",\"@id\":\"https:\/\/hudo.com\/si\/#\/schema\/person\/image\/\",\"url\":\"https:\/\/secure.gravatar.com\/avatar\/c4ca25fa72cace7a696b52ff5db9e095?s=96&d=mm&r=g\",\"contentUrl\":\"https:\/\/secure.gravatar.com\/avatar\/c4ca25fa72cace7a696b52ff5db9e095?s=96&d=mm&r=g\",\"caption\":\"hudo\"},\"url\":\"https:\/\/hudo.com\/si\/author\/hudo\/\"}]}<\/script>\n<!-- \/ Yoast SEO plugin. -->","yoast_head_json":{"title":"Tehnolo\u0161ki sejem CeBIT ohranja lokacijo, spreminja termin - Hudo Slovenija","robots":{"index":"index","follow":"follow","max-snippet":"max-snippet:-1","max-image-preview":"max-image-preview:large","max-video-preview":"max-video-preview:-1"},"canonical":"https:\/\/hudo.com\/si\/aktualno\/tehnoloski-sejem-cebit-ohranja-lokacijo-spreminja-termin\/","og_locale":"sl_SI","og_type":"article","og_title":"Tehnolo\u0161ki sejem CeBIT ohranja lokacijo, spreminja termin - Hudo Slovenija","og_description":"Tradicionalno se je tehnolo\u0161ki sejem CeBIT v nem\u0161kem mestu Hannover odvijal meseca marca. Tako se je letos zaklju\u010dil \u017ee 30. CeBIT, ki velja za najve\u010dji poslovni dogodek na podro\u010dju informacijskih tehnologij v svetu, letos pa je bila osrednja tema dogajanja digitalna ekonomija. Z zaklju\u010dkom jubilejnega CeBITa pa je organizator Deutsche Messe sporo\u010dil, da bo prihodnje leto zapihal sve\u017e veter. Od leta 2018 naprej se bo dogajal v junijskem terminu, s tem pa \u017eelijo dogodek pozicionirati kot osrednjo evropsko platformo za podro\u010dje digitalne transformacije. Oliver Frese, \u010dlan uprave pri Deutsche Messe je po zaprtju sejma povedal, da so impresivne \u0161tevilke letos dobra popotnica za razkritje novega koncepta sejma v letu 2018. Od 11. do 15. junija prihodnje leto bodo tako razstavljavci razdeljeni med tri tematska podro\u010dja: \"d!conomy\", \"d!tec\" in \"d!talk\". Segment d!conomy bo namenjen ponudnikom digitalnih re\u0161itev, komercialnemu in javnemu sektorju ter stiku uporabnikov z njimi. Revolucionarne tehnologije, raziskovalni in\u0161tituti in start-upi bodo zdru\u017eeni pod isto streho imenovano d!tec, program d!talk pa bo obsegal prilo\u017enosti za pogovore, predavanja, deljenje zamisli in znanja, konkretno pa pomeni konferen\u010dno dogajanje in predstavitvena predavanja na ve\u010d lokacijah sejmi\u0161\u010da.","og_url":"https:\/\/hudo.com\/si\/aktualno\/tehnoloski-sejem-cebit-ohranja-lokacijo-spreminja-termin\/","og_site_name":"Hudo Slovenija","article_publisher":"https:\/\/www.facebook.com\/hudo.si","article_published_time":"2017-04-06T16:48:00+00:00","article_modified_time":"2017-04-07T05:41:39+00:00","og_image":[{"width":450,"height":345,"url":"https:\/\/hudo.com\/si\/wp-content\/uploads\/sites\/2\/2017\/04\/05859468-300.jpg","type":"image\/jpeg"}],"author":"hudo","twitter_card":"summary_large_image","twitter_creator":"@hudo_si","twitter_site":"@hudo_si","twitter_misc":{"Written by":"hudo","Est. reading time":"1 minuta"},"schema":{"@context":"https:\/\/schema.org","@graph":[{"@type":"Article","@id":"https:\/\/hudo.com\/si\/aktualno\/tehnoloski-sejem-cebit-ohranja-lokacijo-spreminja-termin\/#article","isPartOf":{"@id":"https:\/\/hudo.com\/si\/aktualno\/tehnoloski-sejem-cebit-ohranja-lokacijo-spreminja-termin\/"},"author":{"name":"hudo","@id":"https:\/\/hudo.com\/si\/#\/schema\/person\/601cf3379633985b20f7e50f2bb47707"},"headline":"Tehnolo\u0161ki sejem CeBIT ohranja lokacijo, spreminja termin","datePublished":"2017-04-06T16:48:00+00:00","dateModified":"2017-04-07T05:41:39+00:00","mainEntityOfPage":{"@id":"https:\/\/hudo.com\/si\/aktualno\/tehnoloski-sejem-cebit-ohranja-lokacijo-spreminja-termin\/"},"wordCount":207,"publisher":{"@id":"https:\/\/hudo.com\/si\/#organization"},"articleSection":["Aktualno"],"inLanguage":"sl-SI"},{"@type":"WebPage","@id":"https:\/\/hudo.com\/si\/aktualno\/tehnoloski-sejem-cebit-ohranja-lokacijo-spreminja-termin\/","url":"https:\/\/hudo.com\/si\/aktualno\/tehnoloski-sejem-cebit-ohranja-lokacijo-spreminja-termin\/","name":"Tehnolo\u0161ki sejem CeBIT ohranja lokacijo, spreminja termin - Hudo Slovenija","isPartOf":{"@id":"https:\/\/hudo.com\/si\/#website"},"datePublished":"2017-04-06T16:48:00+00:00","dateModified":"2017-04-07T05:41:39+00:00","breadcrumb":{"@id":"https:\/\/hudo.com\/si\/aktualno\/tehnoloski-sejem-cebit-ohranja-lokacijo-spreminja-termin\/#breadcrumb"},"inLanguage":"sl-SI","potentialAction":[{"@type":"ReadAction","target":["https:\/\/hudo.com\/si\/aktualno\/tehnoloski-sejem-cebit-ohranja-lokacijo-spreminja-termin\/"]}]},{"@type":"BreadcrumbList","@id":"https:\/\/hudo.com\/si\/aktualno\/tehnoloski-sejem-cebit-ohranja-lokacijo-spreminja-termin\/#breadcrumb","itemListElement":[{"@type":"ListItem","position":1,"name":"Home","item":"https:\/\/hudo.com\/si\/"},{"@type":"ListItem","position":2,"name":"Tehnolo\u0161ki sejem CeBIT ohranja lokacijo, spreminja termin"}]},{"@type":"WebSite","@id":"https:\/\/hudo.com\/si\/#website","url":"https:\/\/hudo.com\/si\/","name":"Hudo Slovenija","description":"Vse novice iz Slovenije in sveta","publisher":{"@id":"https:\/\/hudo.com\/si\/#organization"},"potentialAction":[{"@type":"SearchAction","target":{"@type":"EntryPoint","urlTemplate":"https:\/\/hudo.com\/si\/?s={search_term_string}"},"query-input":"required name=search_term_string"}],"inLanguage":"sl-SI"},{"@type":"Organization","@id":"https:\/\/hudo.com\/si\/#organization","name":"VSN Media","url":"https:\/\/hudo.com\/si\/","logo":{"@type":"ImageObject","inLanguage":"sl-SI","@id":"https:\/\/hudo.com\/si\/#\/schema\/logo\/image\/","url":"https:\/\/hudo.com\/si\/wp-content\/uploads\/sites\/2\/2021\/03\/hudo-app-2.png","contentUrl":"https:\/\/hudo.com\/si\/wp-content\/uploads\/sites\/2\/2021\/03\/hudo-app-2.png","width":2185,"height":2167,"caption":"VSN Media"},"image":{"@id":"https:\/\/hudo.com\/si\/#\/schema\/logo\/image\/"},"sameAs":["https:\/\/www.facebook.com\/hudo.si","https:\/\/twitter.com\/hudo_si"]},{"@type":"Person","@id":"https:\/\/hudo.com\/si\/#\/schema\/person\/601cf3379633985b20f7e50f2bb47707","name":"hudo","image":{"@type":"ImageObject","inLanguage":"sl-SI","@id":"https:\/\/hudo.com\/si\/#\/schema\/person\/image\/","url":"https:\/\/secure.gravatar.com\/avatar\/c4ca25fa72cace7a696b52ff5db9e095?s=96&d=mm&r=g","contentUrl":"https:\/\/secure.gravatar.com\/avatar\/c4ca25fa72cace7a696b52ff5db9e095?s=96&d=mm&r=g","caption":"hudo"},"url":"https:\/\/hudo.com\/si\/author\/hudo\/"}]}},"amp_enabled":true,"_links":{"self":[{"href":"https:\/\/hudo.com\/si\/wp-json\/wp\/v2\/posts\/237919"}],"collection":[{"href":"https:\/\/hudo.com\/si\/wp-json\/wp\/v2\/posts"}],"about":[{"href":"https:\/\/hudo.com\/si\/wp-json\/wp\/v2\/types\/post"}],"author":[{"embeddable":true,"href":"https:\/\/hudo.com\/si\/wp-json\/wp\/v2\/users\/1"}],"replies":[{"embeddable":true,"href":"https:\/\/hudo.com\/si\/wp-json\/wp\/v2\/comments?post=237919"}],"version-history":[{"count":1,"href":"https:\/\/hudo.com\/si\/wp-json\/wp\/v2\/posts\/237919\/revisions"}],"predecessor-version":[{"id":237947,"href":"https:\/\/hudo.com\/si\/wp-json\/wp\/v2\/posts\/237919\/revisions\/237947"}],"wp:attachment":[{"href":"https:\/\/hudo.com\/si\/wp-json\/wp\/v2\/media?parent=237919"}],"wp:term":[{"taxonomy":"category","embeddable":true,"href":"https:\/\/hudo.com\/si\/wp-json\/wp\/v2\/categories?post=237919"},{"taxonomy":"post_tag","embeddable":true,"href":"https:\/\/hudo.com\/si\/wp-json\/wp\/v2\/tags?post=237919"},{"taxonomy":"source","embeddable":true,"href":"https:\/\/hudo.com\/si\/wp-json\/wp\/v2\/source?post=237919"},{"taxonomy":"supertag","embeddable":true,"href":"https:\/\/hudo.com\/si\/wp-json\/wp\/v2\/supertag?post=237919"}],"curies":[{"name":"wp","href":"https:\/\/api.w.org\/{rel}","templated":true}]}}