{"id":237928,"date":"2017-04-06T18:01:00","date_gmt":"2017-04-06T16:01:00","guid":{"rendered":"http:\/\/hudo.com\/si\/2017\/04\/06\/v-rusiji-zaradi-napada-v-sankt-peterburgu-prijeli-osmerico-moskih\/"},"modified":"2017-04-07T07:41:52","modified_gmt":"2017-04-07T05:41:52","slug":"v-rusiji-zaradi-napada-v-sankt-peterburgu-prijeli-osmerico-moskih","status":"publish","type":"post","link":"https:\/\/hudo.com\/si\/aktualno\/v-rusiji-zaradi-napada-v-sankt-peterburgu-prijeli-osmerico-moskih\/","title":{"rendered":"V Rusiji zaradi napada v Sankt Peterburgu prijeli osmerico mo\u0161kih"},"content":{"rendered":"<p>Ruska policija je danes prijela osem mo\u0161kih, ki so osumljeni sodelovanja v ponedeljkovem napadu na podzemni \u017eeleznici v Sankt Peterburgu, v katerem je bilo ubitih 14 ljudi. \u0160est osumljencev so prijeli v Sankt Peterburgu, \u0161e dva pa v Moskvi, je sporo\u010dil ruski preiskovalni odbor. Pri preiskavi njihovih stanovanj so odkrili in nevtralizirali tudi eksplozivno napravo, ki je bila podobna neeksplodirani napravi, ki so jo na\u0161li na eni od postaj podzemne \u017eeleznice v Sankt Peterburgu. Preiskovalci so na\u0161li tudi oro\u017eje in strelivo, poro\u010da nem\u0161ka tiskovna agencija dpa. Za ponedeljkov napad, v katerem je bilo tudi okoli 50 ljudi ranjenih, je osumljen v Rusiji rojeni dr\u017eavljan Kirgizistana Akbarjon D\u017ealilov, ki je bil v eksploziji bombe na postaji podzemne \u017eeleznice v drugem najve\u010djem ruskem mestu ubit. 22-letnik je bil po oceni ruskih preiskovalcev radikaliziran islamist.<\/p>\n","protected":false},"excerpt":{"rendered":"<p>Ruska policija je danes prijela osem mo\u0161kih, ki so osumljeni sodelovanja v ponedeljkovem napadu na podzemni \u017eeleznici v Sankt Peterburgu, v katerem je bilo ubitih 14 ljudi. \u0160est osumljencev so prijeli v Sankt Peterburgu, \u0161e dva pa v Moskvi, je sporo\u010dil ruski preiskovalni odbor. Pri preiskavi njihovih stanovanj so odkrili in nevtralizirali tudi eksplozivno napravo, ki je bila podobna neeksplodirani napravi, ki so jo na\u0161li na eni od postaj podzemne \u017eeleznice v Sankt Peterburgu. Preiskovalci so na\u0161li tudi oro\u017eje in strelivo, poro\u010da nem\u0161ka tiskovna agencija dpa. Za ponedeljkov napad, v katerem je bilo tudi okoli 50 ljudi ranjenih, je osumljen v Rusiji rojeni dr\u017eavljan Kirgizistana Akbarjon D\u017ealilov, ki je bil v eksploziji bombe na postaji podzemne \u017eeleznice v drugem najve\u010djem ruskem mestu ubit. 22-letnik je bil po oceni ruskih preiskovalcev radikaliziran islamist.<\/p>\n","protected":false},"author":1,"featured_media":0,"comment_status":"closed","ping_status":"closed","sticky":false,"template":"","format":"standard","meta":{"footnotes":""},"categories":[1179],"tags":[],"source":[1711],"supertag":[],"acf":[],"yoast_head":"<!-- This site is optimized with the Yoast SEO plugin v21.3 - https:\/\/yoast.com\/wordpress\/plugins\/seo\/ -->\n<title>V Rusiji zaradi napada v Sankt Peterburgu prijeli osmerico mo\u0161kih - Hudo Slovenija<\/title>\n<meta name=\"robots\" content=\"index, follow, max-snippet:-1, max-image-preview:large, max-video-preview:-1\" \/>\n<link rel=\"canonical\" href=\"https:\/\/hudo.com\/si\/aktualno\/v-rusiji-zaradi-napada-v-sankt-peterburgu-prijeli-osmerico-moskih\/\" \/>\n<meta property=\"og:locale\" content=\"sl_SI\" \/>\n<meta property=\"og:type\" content=\"article\" \/>\n<meta property=\"og:title\" content=\"V Rusiji zaradi napada v Sankt Peterburgu prijeli osmerico mo\u0161kih - Hudo Slovenija\" \/>\n<meta property=\"og:description\" content=\"Ruska policija je danes prijela osem mo\u0161kih, ki so osumljeni sodelovanja v ponedeljkovem napadu na podzemni \u017eeleznici v Sankt Peterburgu, v katerem je bilo ubitih 14 ljudi. \u0160est osumljencev so prijeli v Sankt Peterburgu, \u0161e dva pa v Moskvi, je sporo\u010dil ruski preiskovalni odbor. Pri preiskavi njihovih stanovanj so odkrili in nevtralizirali tudi eksplozivno napravo, ki je bila podobna neeksplodirani napravi, ki so jo na\u0161li na eni od postaj podzemne \u017eeleznice v Sankt Peterburgu. Preiskovalci so na\u0161li tudi oro\u017eje in strelivo, poro\u010da nem\u0161ka tiskovna agencija dpa. Za ponedeljkov napad, v katerem je bilo tudi okoli 50 ljudi ranjenih, je osumljen v Rusiji rojeni dr\u017eavljan Kirgizistana Akbarjon D\u017ealilov, ki je bil v eksploziji bombe na postaji podzemne \u017eeleznice v drugem najve\u010djem ruskem mestu ubit. 22-letnik je bil po oceni ruskih preiskovalcev radikaliziran islamist.\" \/>\n<meta property=\"og:url\" content=\"https:\/\/hudo.com\/si\/aktualno\/v-rusiji-zaradi-napada-v-sankt-peterburgu-prijeli-osmerico-moskih\/\" \/>\n<meta property=\"og:site_name\" content=\"Hudo Slovenija\" \/>\n<meta property=\"article:publisher\" content=\"https:\/\/www.facebook.com\/hudo.si\" \/>\n<meta property=\"article:published_time\" content=\"2017-04-06T16:01:00+00:00\" \/>\n<meta property=\"article:modified_time\" content=\"2017-04-07T05:41:52+00:00\" \/>\n<meta property=\"og:image\" content=\"https:\/\/hudo.com\/si\/wp-content\/uploads\/sites\/2\/2017\/04\/05886219-300.jpg\" \/>\n\t<meta property=\"og:image:width\" content=\"450\" \/>\n\t<meta property=\"og:image:height\" content=\"337\" \/>\n\t<meta property=\"og:image:type\" content=\"image\/jpeg\" \/>\n<meta name=\"author\" content=\"hudo\" \/>\n<meta name=\"twitter:card\" content=\"summary_large_image\" \/>\n<meta name=\"twitter:creator\" content=\"@hudo_si\" \/>\n<meta name=\"twitter:site\" content=\"@hudo_si\" \/>\n<meta name=\"twitter:label1\" content=\"Written by\" \/>\n\t<meta name=\"twitter:data1\" content=\"hudo\" \/>\n\t<meta name=\"twitter:label2\" content=\"Est. reading time\" \/>\n\t<meta name=\"twitter:data2\" content=\"1 minuta\" \/>\n<script type=\"application\/ld+json\" class=\"yoast-schema-graph\">{\"@context\":\"https:\/\/schema.org\",\"@graph\":[{\"@type\":\"Article\",\"@id\":\"https:\/\/hudo.com\/si\/aktualno\/v-rusiji-zaradi-napada-v-sankt-peterburgu-prijeli-osmerico-moskih\/#article\",\"isPartOf\":{\"@id\":\"https:\/\/hudo.com\/si\/aktualno\/v-rusiji-zaradi-napada-v-sankt-peterburgu-prijeli-osmerico-moskih\/\"},\"author\":{\"name\":\"hudo\",\"@id\":\"https:\/\/hudo.com\/si\/#\/schema\/person\/601cf3379633985b20f7e50f2bb47707\"},\"headline\":\"V Rusiji zaradi napada v Sankt Peterburgu prijeli osmerico mo\u0161kih\",\"datePublished\":\"2017-04-06T16:01:00+00:00\",\"dateModified\":\"2017-04-07T05:41:52+00:00\",\"mainEntityOfPage\":{\"@id\":\"https:\/\/hudo.com\/si\/aktualno\/v-rusiji-zaradi-napada-v-sankt-peterburgu-prijeli-osmerico-moskih\/\"},\"wordCount\":151,\"publisher\":{\"@id\":\"https:\/\/hudo.com\/si\/#organization\"},\"articleSection\":[\"Aktualno\"],\"inLanguage\":\"sl-SI\"},{\"@type\":\"WebPage\",\"@id\":\"https:\/\/hudo.com\/si\/aktualno\/v-rusiji-zaradi-napada-v-sankt-peterburgu-prijeli-osmerico-moskih\/\",\"url\":\"https:\/\/hudo.com\/si\/aktualno\/v-rusiji-zaradi-napada-v-sankt-peterburgu-prijeli-osmerico-moskih\/\",\"name\":\"V Rusiji zaradi napada v Sankt Peterburgu prijeli osmerico mo\u0161kih - Hudo Slovenija\",\"isPartOf\":{\"@id\":\"https:\/\/hudo.com\/si\/#website\"},\"datePublished\":\"2017-04-06T16:01:00+00:00\",\"dateModified\":\"2017-04-07T05:41:52+00:00\",\"breadcrumb\":{\"@id\":\"https:\/\/hudo.com\/si\/aktualno\/v-rusiji-zaradi-napada-v-sankt-peterburgu-prijeli-osmerico-moskih\/#breadcrumb\"},\"inLanguage\":\"sl-SI\",\"potentialAction\":[{\"@type\":\"ReadAction\",\"target\":[\"https:\/\/hudo.com\/si\/aktualno\/v-rusiji-zaradi-napada-v-sankt-peterburgu-prijeli-osmerico-moskih\/\"]}]},{\"@type\":\"BreadcrumbList\",\"@id\":\"https:\/\/hudo.com\/si\/aktualno\/v-rusiji-zaradi-napada-v-sankt-peterburgu-prijeli-osmerico-moskih\/#breadcrumb\",\"itemListElement\":[{\"@type\":\"ListItem\",\"position\":1,\"name\":\"Home\",\"item\":\"https:\/\/hudo.com\/si\/\"},{\"@type\":\"ListItem\",\"position\":2,\"name\":\"V Rusiji zaradi napada v Sankt Peterburgu prijeli osmerico mo\u0161kih\"}]},{\"@type\":\"WebSite\",\"@id\":\"https:\/\/hudo.com\/si\/#website\",\"url\":\"https:\/\/hudo.com\/si\/\",\"name\":\"Hudo Slovenija\",\"description\":\"Vse novice iz Slovenije in sveta\",\"publisher\":{\"@id\":\"https:\/\/hudo.com\/si\/#organization\"},\"potentialAction\":[{\"@type\":\"SearchAction\",\"target\":{\"@type\":\"EntryPoint\",\"urlTemplate\":\"https:\/\/hudo.com\/si\/?s={search_term_string}\"},\"query-input\":\"required name=search_term_string\"}],\"inLanguage\":\"sl-SI\"},{\"@type\":\"Organization\",\"@id\":\"https:\/\/hudo.com\/si\/#organization\",\"name\":\"VSN Media\",\"url\":\"https:\/\/hudo.com\/si\/\",\"logo\":{\"@type\":\"ImageObject\",\"inLanguage\":\"sl-SI\",\"@id\":\"https:\/\/hudo.com\/si\/#\/schema\/logo\/image\/\",\"url\":\"https:\/\/hudo.com\/si\/wp-content\/uploads\/sites\/2\/2021\/03\/hudo-app-2.png\",\"contentUrl\":\"https:\/\/hudo.com\/si\/wp-content\/uploads\/sites\/2\/2021\/03\/hudo-app-2.png\",\"width\":2185,\"height\":2167,\"caption\":\"VSN Media\"},\"image\":{\"@id\":\"https:\/\/hudo.com\/si\/#\/schema\/logo\/image\/\"},\"sameAs\":[\"https:\/\/www.facebook.com\/hudo.si\",\"https:\/\/twitter.com\/hudo_si\"]},{\"@type\":\"Person\",\"@id\":\"https:\/\/hudo.com\/si\/#\/schema\/person\/601cf3379633985b20f7e50f2bb47707\",\"name\":\"hudo\",\"image\":{\"@type\":\"ImageObject\",\"inLanguage\":\"sl-SI\",\"@id\":\"https:\/\/hudo.com\/si\/#\/schema\/person\/image\/\",\"url\":\"https:\/\/secure.gravatar.com\/avatar\/c4ca25fa72cace7a696b52ff5db9e095?s=96&d=mm&r=g\",\"contentUrl\":\"https:\/\/secure.gravatar.com\/avatar\/c4ca25fa72cace7a696b52ff5db9e095?s=96&d=mm&r=g\",\"caption\":\"hudo\"},\"url\":\"https:\/\/hudo.com\/si\/author\/hudo\/\"}]}<\/script>\n<!-- \/ Yoast SEO plugin. -->","yoast_head_json":{"title":"V Rusiji zaradi napada v Sankt Peterburgu prijeli osmerico mo\u0161kih - Hudo Slovenija","robots":{"index":"index","follow":"follow","max-snippet":"max-snippet:-1","max-image-preview":"max-image-preview:large","max-video-preview":"max-video-preview:-1"},"canonical":"https:\/\/hudo.com\/si\/aktualno\/v-rusiji-zaradi-napada-v-sankt-peterburgu-prijeli-osmerico-moskih\/","og_locale":"sl_SI","og_type":"article","og_title":"V Rusiji zaradi napada v Sankt Peterburgu prijeli osmerico mo\u0161kih - Hudo Slovenija","og_description":"Ruska policija je danes prijela osem mo\u0161kih, ki so osumljeni sodelovanja v ponedeljkovem napadu na podzemni \u017eeleznici v Sankt Peterburgu, v katerem je bilo ubitih 14 ljudi. \u0160est osumljencev so prijeli v Sankt Peterburgu, \u0161e dva pa v Moskvi, je sporo\u010dil ruski preiskovalni odbor. Pri preiskavi njihovih stanovanj so odkrili in nevtralizirali tudi eksplozivno napravo, ki je bila podobna neeksplodirani napravi, ki so jo na\u0161li na eni od postaj podzemne \u017eeleznice v Sankt Peterburgu. Preiskovalci so na\u0161li tudi oro\u017eje in strelivo, poro\u010da nem\u0161ka tiskovna agencija dpa. Za ponedeljkov napad, v katerem je bilo tudi okoli 50 ljudi ranjenih, je osumljen v Rusiji rojeni dr\u017eavljan Kirgizistana Akbarjon D\u017ealilov, ki je bil v eksploziji bombe na postaji podzemne \u017eeleznice v drugem najve\u010djem ruskem mestu ubit. 22-letnik je bil po oceni ruskih preiskovalcev radikaliziran islamist.","og_url":"https:\/\/hudo.com\/si\/aktualno\/v-rusiji-zaradi-napada-v-sankt-peterburgu-prijeli-osmerico-moskih\/","og_site_name":"Hudo Slovenija","article_publisher":"https:\/\/www.facebook.com\/hudo.si","article_published_time":"2017-04-06T16:01:00+00:00","article_modified_time":"2017-04-07T05:41:52+00:00","og_image":[{"width":450,"height":337,"url":"https:\/\/hudo.com\/si\/wp-content\/uploads\/sites\/2\/2017\/04\/05886219-300.jpg","type":"image\/jpeg"}],"author":"hudo","twitter_card":"summary_large_image","twitter_creator":"@hudo_si","twitter_site":"@hudo_si","twitter_misc":{"Written by":"hudo","Est. reading time":"1 minuta"},"schema":{"@context":"https:\/\/schema.org","@graph":[{"@type":"Article","@id":"https:\/\/hudo.com\/si\/aktualno\/v-rusiji-zaradi-napada-v-sankt-peterburgu-prijeli-osmerico-moskih\/#article","isPartOf":{"@id":"https:\/\/hudo.com\/si\/aktualno\/v-rusiji-zaradi-napada-v-sankt-peterburgu-prijeli-osmerico-moskih\/"},"author":{"name":"hudo","@id":"https:\/\/hudo.com\/si\/#\/schema\/person\/601cf3379633985b20f7e50f2bb47707"},"headline":"V Rusiji zaradi napada v Sankt Peterburgu prijeli osmerico mo\u0161kih","datePublished":"2017-04-06T16:01:00+00:00","dateModified":"2017-04-07T05:41:52+00:00","mainEntityOfPage":{"@id":"https:\/\/hudo.com\/si\/aktualno\/v-rusiji-zaradi-napada-v-sankt-peterburgu-prijeli-osmerico-moskih\/"},"wordCount":151,"publisher":{"@id":"https:\/\/hudo.com\/si\/#organization"},"articleSection":["Aktualno"],"inLanguage":"sl-SI"},{"@type":"WebPage","@id":"https:\/\/hudo.com\/si\/aktualno\/v-rusiji-zaradi-napada-v-sankt-peterburgu-prijeli-osmerico-moskih\/","url":"https:\/\/hudo.com\/si\/aktualno\/v-rusiji-zaradi-napada-v-sankt-peterburgu-prijeli-osmerico-moskih\/","name":"V Rusiji zaradi napada v Sankt Peterburgu prijeli osmerico mo\u0161kih - Hudo Slovenija","isPartOf":{"@id":"https:\/\/hudo.com\/si\/#website"},"datePublished":"2017-04-06T16:01:00+00:00","dateModified":"2017-04-07T05:41:52+00:00","breadcrumb":{"@id":"https:\/\/hudo.com\/si\/aktualno\/v-rusiji-zaradi-napada-v-sankt-peterburgu-prijeli-osmerico-moskih\/#breadcrumb"},"inLanguage":"sl-SI","potentialAction":[{"@type":"ReadAction","target":["https:\/\/hudo.com\/si\/aktualno\/v-rusiji-zaradi-napada-v-sankt-peterburgu-prijeli-osmerico-moskih\/"]}]},{"@type":"BreadcrumbList","@id":"https:\/\/hudo.com\/si\/aktualno\/v-rusiji-zaradi-napada-v-sankt-peterburgu-prijeli-osmerico-moskih\/#breadcrumb","itemListElement":[{"@type":"ListItem","position":1,"name":"Home","item":"https:\/\/hudo.com\/si\/"},{"@type":"ListItem","position":2,"name":"V Rusiji zaradi napada v Sankt Peterburgu prijeli osmerico mo\u0161kih"}]},{"@type":"WebSite","@id":"https:\/\/hudo.com\/si\/#website","url":"https:\/\/hudo.com\/si\/","name":"Hudo Slovenija","description":"Vse novice iz Slovenije in sveta","publisher":{"@id":"https:\/\/hudo.com\/si\/#organization"},"potentialAction":[{"@type":"SearchAction","target":{"@type":"EntryPoint","urlTemplate":"https:\/\/hudo.com\/si\/?s={search_term_string}"},"query-input":"required name=search_term_string"}],"inLanguage":"sl-SI"},{"@type":"Organization","@id":"https:\/\/hudo.com\/si\/#organization","name":"VSN Media","url":"https:\/\/hudo.com\/si\/","logo":{"@type":"ImageObject","inLanguage":"sl-SI","@id":"https:\/\/hudo.com\/si\/#\/schema\/logo\/image\/","url":"https:\/\/hudo.com\/si\/wp-content\/uploads\/sites\/2\/2021\/03\/hudo-app-2.png","contentUrl":"https:\/\/hudo.com\/si\/wp-content\/uploads\/sites\/2\/2021\/03\/hudo-app-2.png","width":2185,"height":2167,"caption":"VSN Media"},"image":{"@id":"https:\/\/hudo.com\/si\/#\/schema\/logo\/image\/"},"sameAs":["https:\/\/www.facebook.com\/hudo.si","https:\/\/twitter.com\/hudo_si"]},{"@type":"Person","@id":"https:\/\/hudo.com\/si\/#\/schema\/person\/601cf3379633985b20f7e50f2bb47707","name":"hudo","image":{"@type":"ImageObject","inLanguage":"sl-SI","@id":"https:\/\/hudo.com\/si\/#\/schema\/person\/image\/","url":"https:\/\/secure.gravatar.com\/avatar\/c4ca25fa72cace7a696b52ff5db9e095?s=96&d=mm&r=g","contentUrl":"https:\/\/secure.gravatar.com\/avatar\/c4ca25fa72cace7a696b52ff5db9e095?s=96&d=mm&r=g","caption":"hudo"},"url":"https:\/\/hudo.com\/si\/author\/hudo\/"}]}},"amp_enabled":true,"_links":{"self":[{"href":"https:\/\/hudo.com\/si\/wp-json\/wp\/v2\/posts\/237928"}],"collection":[{"href":"https:\/\/hudo.com\/si\/wp-json\/wp\/v2\/posts"}],"about":[{"href":"https:\/\/hudo.com\/si\/wp-json\/wp\/v2\/types\/post"}],"author":[{"embeddable":true,"href":"https:\/\/hudo.com\/si\/wp-json\/wp\/v2\/users\/1"}],"replies":[{"embeddable":true,"href":"https:\/\/hudo.com\/si\/wp-json\/wp\/v2\/comments?post=237928"}],"version-history":[{"count":1,"href":"https:\/\/hudo.com\/si\/wp-json\/wp\/v2\/posts\/237928\/revisions"}],"predecessor-version":[{"id":237950,"href":"https:\/\/hudo.com\/si\/wp-json\/wp\/v2\/posts\/237928\/revisions\/237950"}],"wp:attachment":[{"href":"https:\/\/hudo.com\/si\/wp-json\/wp\/v2\/media?parent=237928"}],"wp:term":[{"taxonomy":"category","embeddable":true,"href":"https:\/\/hudo.com\/si\/wp-json\/wp\/v2\/categories?post=237928"},{"taxonomy":"post_tag","embeddable":true,"href":"https:\/\/hudo.com\/si\/wp-json\/wp\/v2\/tags?post=237928"},{"taxonomy":"source","embeddable":true,"href":"https:\/\/hudo.com\/si\/wp-json\/wp\/v2\/source?post=237928"},{"taxonomy":"supertag","embeddable":true,"href":"https:\/\/hudo.com\/si\/wp-json\/wp\/v2\/supertag?post=237928"}],"curies":[{"name":"wp","href":"https:\/\/api.w.org\/{rel}","templated":true}]}}