{"id":237954,"date":"2017-04-06T22:40:00","date_gmt":"2017-04-06T20:40:00","guid":{"rendered":"http:\/\/hudo.com\/si\/2017\/04\/06\/cepljenje-naslednje-leto-bodo-bolje-organizirani\/"},"modified":"2017-04-07T07:41:00","modified_gmt":"2017-04-07T05:41:00","slug":"cepljenje-naslednje-leto-bodo-bolje-organizirani","status":"publish","type":"post","link":"https:\/\/hudo.com\/si\/aktualno\/cepljenje-naslednje-leto-bodo-bolje-organizirani\/","title":{"rendered":"Cepljenje: Naslednje leto bodo bolje organizirani"},"content":{"rendered":"<p>V Mariboru je akcija cepljenja proti klopnemu meningoencefalitisu potekala \u017ee \u0161esto leto zapored. Direktor zdravstvenega doma dr. Adolfa Drolca Maribor dr. Jernej Zavr\u0161nik je povedal, da je ideja o akciji nastala v Mariboru kot posledica zelo nizke cepljenosti Slovencev. Leta 2013 je ta namre\u010d zna\u0161ala le sedem odstotkov, medtem ko je bila cepljenost proti tej bolezni pri Avstrijcih kar 80-odstotna. &#8220;Do danes nam je s pomo\u010djo akcije cepljenost v Sloveniji uspelo dvigniti na 13 odstotkov,&#8221; je \u0161e dejal. Zadovoljni, da je cepiva zmanjkalo Letos so v Zdravstvenem domu dr. Adolfa Drolca cepili nekaj ve\u010d kot 1500 ljudi, kar je veliko ve\u010d kot leta doslej. Tudi sami so bili presene\u010deni nad velikim \u0161tevilom udele\u017eenih, a vendar veseli. Po podatkih glavne medicinske sestre Milene Franki\u010d se je \u0161tevilo od lani pove\u010dalo za pribli\u017eno 600 cepljenih in vsako leto raste. Ko so akcijo izvedli prvi\u010d, se je je udele\u017eilo zgolj 89 prebivalcev. &#8220;Z akcijo smo nadpovpre\u010dno zadovoljni, cepiva je celo zmanjkalo,&#8221; je povedal Zavr\u0161nik. &#8220;Nekateri so bili sicer z izvedbo nezadovoljni, vendar pa je treba poudariti, da je prvotni cilj akcije predvsem ozavestiti ljudi in opozoriti, da je \u010das, da se cepijo ter na splo\u0161no opozoriti na pomembnost cepljenja.&#8221; Dodal je \u0161e: &#8220;Celo leto na \u017ealost akcije ne moremo organizirati, ker bi potem izgubila svoj pomen. Vsekakor pa bomo naslednje leto uvedli nekaj organizacijskih sprememb in cepljenje organizirali na dveh lokacijah. Ena bo na levem bregu Drave in druga na desnem bregu. Letos smo sicer ekipo raz\u0161irili s \u0161est na osem oseb, naslednje leto bo osebja \u0161e ve\u010d.&#8221; Poudaril je tudi, da je bila akcija na\u010drtovana od 7. do 13. ure, a so jo zaradi povpra\u0161evanja podalj\u0161ali do treh. Te\u017eave jim je predstavljalo tudi izpisovanje ra\u010dunov. &#8220;Izpisati smo morali ve\u010d kot 1500 ra\u010dunov. V zdravstvenem domu nimamo blagajn, ki bi to preprosto tiskale, veliko stvari je bilo treba urediti ro\u010dno.&#8221;   O klopnem meningoencefalitisu  Klopni meningoencefalitis je virusna bolezen, ki na<\/p>\n","protected":false},"excerpt":{"rendered":"<p>V Mariboru je akcija cepljenja proti klopnemu meningoencefalitisu potekala \u017ee \u0161esto leto zapored. Direktor zdravstvenega doma dr. Adolfa Drolca Maribor dr. Jernej Zavr\u0161nik je povedal, da je ideja o akciji nastala v Mariboru kot posledica zelo nizke cepljenosti Slovencev. Leta 2013 je ta namre\u010d zna\u0161ala le sedem odstotkov, medtem ko je bila cepljenost proti tej bolezni pri Avstrijcih kar 80-odstotna. &#8220;Do danes nam je s pomo\u010djo akcije cepljenost v Sloveniji uspelo dvigniti na 13 odstotkov,&#8221; je \u0161e dejal. Zadovoljni, da je cepiva zmanjkalo Letos so v Zdravstvenem domu dr. Adolfa Drolca cepili nekaj ve\u010d kot 1500 ljudi, kar je veliko ve\u010d kot leta doslej. Tudi sami so bili presene\u010deni nad velikim \u0161tevilom udele\u017eenih, a vendar veseli. Po podatkih glavne medicinske sestre Milene Franki\u010d se je \u0161tevilo od lani pove\u010dalo za pribli\u017eno 600 cepljenih in vsako leto raste. Ko so akcijo izvedli prvi\u010d, se je je udele\u017eilo zgolj 89 prebivalcev. &#8220;Z akcijo smo nadpovpre\u010dno zadovoljni, cepiva je celo zmanjkalo,&#8221; je povedal Zavr\u0161nik. &#8220;Nekateri so bili sicer z izvedbo nezadovoljni, vendar pa je treba poudariti, da je prvotni cilj akcije predvsem ozavestiti ljudi in opozoriti, da je \u010das, da se cepijo ter na splo\u0161no opozoriti na pomembnost cepljenja.&#8221; Dodal je \u0161e: &#8220;Celo leto na \u017ealost akcije ne moremo organizirati, ker bi potem izgubila svoj pomen. Vsekakor pa bomo naslednje leto uvedli nekaj organizacijskih sprememb in cepljenje organizirali na dveh lokacijah. Ena bo na levem bregu Drave in druga na desnem bregu. Letos smo sicer ekipo raz\u0161irili s \u0161est na osem oseb, naslednje leto bo osebja \u0161e ve\u010d.&#8221; Poudaril je tudi, da je bila akcija na\u010drtovana od 7. do 13. ure, a so jo zaradi povpra\u0161evanja podalj\u0161ali do treh. Te\u017eave jim je predstavljalo tudi izpisovanje ra\u010dunov. &#8220;Izpisati smo morali ve\u010d kot 1500 ra\u010dunov. V zdravstvenem domu nimamo blagajn, ki bi to preprosto tiskale, veliko stvari je bilo treba urediti ro\u010dno.&#8221;   O klopnem meningoencefalitisu  Klopni meningoencefalitis je virusna bolezen, ki na<\/p>\n","protected":false},"author":1,"featured_media":0,"comment_status":"closed","ping_status":"closed","sticky":false,"template":"","format":"standard","meta":{"footnotes":""},"categories":[1179],"tags":[],"source":[1711],"supertag":[],"acf":[],"yoast_head":"<!-- This site is optimized with the Yoast SEO plugin v21.3 - https:\/\/yoast.com\/wordpress\/plugins\/seo\/ -->\n<title>Cepljenje: Naslednje leto bodo bolje organizirani - Hudo Slovenija<\/title>\n<meta name=\"robots\" content=\"index, follow, max-snippet:-1, max-image-preview:large, max-video-preview:-1\" \/>\n<link rel=\"canonical\" href=\"https:\/\/hudo.com\/si\/aktualno\/cepljenje-naslednje-leto-bodo-bolje-organizirani\/\" \/>\n<meta property=\"og:locale\" content=\"sl_SI\" \/>\n<meta property=\"og:type\" content=\"article\" \/>\n<meta property=\"og:title\" content=\"Cepljenje: Naslednje leto bodo bolje organizirani - Hudo Slovenija\" \/>\n<meta property=\"og:description\" content=\"V Mariboru je akcija cepljenja proti klopnemu meningoencefalitisu potekala \u017ee \u0161esto leto zapored. Direktor zdravstvenega doma dr. Adolfa Drolca Maribor dr. Jernej Zavr\u0161nik je povedal, da je ideja o akciji nastala v Mariboru kot posledica zelo nizke cepljenosti Slovencev. Leta 2013 je ta namre\u010d zna\u0161ala le sedem odstotkov, medtem ko je bila cepljenost proti tej bolezni pri Avstrijcih kar 80-odstotna. &quot;Do danes nam je s pomo\u010djo akcije cepljenost v Sloveniji uspelo dvigniti na 13 odstotkov,&quot; je \u0161e dejal. Zadovoljni, da je cepiva zmanjkalo Letos so v Zdravstvenem domu dr. Adolfa Drolca cepili nekaj ve\u010d kot 1500 ljudi, kar je veliko ve\u010d kot leta doslej. Tudi sami so bili presene\u010deni nad velikim \u0161tevilom udele\u017eenih, a vendar veseli. Po podatkih glavne medicinske sestre Milene Franki\u010d se je \u0161tevilo od lani pove\u010dalo za pribli\u017eno 600 cepljenih in vsako leto raste. Ko so akcijo izvedli prvi\u010d, se je je udele\u017eilo zgolj 89 prebivalcev. &quot;Z akcijo smo nadpovpre\u010dno zadovoljni, cepiva je celo zmanjkalo,&quot; je povedal Zavr\u0161nik. &quot;Nekateri so bili sicer z izvedbo nezadovoljni, vendar pa je treba poudariti, da je prvotni cilj akcije predvsem ozavestiti ljudi in opozoriti, da je \u010das, da se cepijo ter na splo\u0161no opozoriti na pomembnost cepljenja.&quot; Dodal je \u0161e: &quot;Celo leto na \u017ealost akcije ne moremo organizirati, ker bi potem izgubila svoj pomen. Vsekakor pa bomo naslednje leto uvedli nekaj organizacijskih sprememb in cepljenje organizirali na dveh lokacijah. Ena bo na levem bregu Drave in druga na desnem bregu. Letos smo sicer ekipo raz\u0161irili s \u0161est na osem oseb, naslednje leto bo osebja \u0161e ve\u010d.&quot; Poudaril je tudi, da je bila akcija na\u010drtovana od 7. do 13. ure, a so jo zaradi povpra\u0161evanja podalj\u0161ali do treh. Te\u017eave jim je predstavljalo tudi izpisovanje ra\u010dunov. &quot;Izpisati smo morali ve\u010d kot 1500 ra\u010dunov. V zdravstvenem domu nimamo blagajn, ki bi to preprosto tiskale, veliko stvari je bilo treba urediti ro\u010dno.&quot;  O klopnem meningoencefalitisu Klopni meningoencefalitis je virusna bolezen, ki na\" \/>\n<meta property=\"og:url\" content=\"https:\/\/hudo.com\/si\/aktualno\/cepljenje-naslednje-leto-bodo-bolje-organizirani\/\" \/>\n<meta property=\"og:site_name\" content=\"Hudo Slovenija\" \/>\n<meta property=\"article:publisher\" content=\"https:\/\/www.facebook.com\/hudo.si\" \/>\n<meta property=\"article:published_time\" content=\"2017-04-06T20:40:00+00:00\" \/>\n<meta property=\"article:modified_time\" content=\"2017-04-07T05:41:00+00:00\" \/>\n<meta property=\"og:image\" content=\"https:\/\/hudo.com\/si\/wp-content\/uploads\/sites\/2\/2017\/04\/0401M13-300.jpg\" \/>\n\t<meta property=\"og:image:width\" content=\"450\" \/>\n\t<meta property=\"og:image:height\" content=\"256\" \/>\n\t<meta property=\"og:image:type\" content=\"image\/jpeg\" \/>\n<meta name=\"author\" content=\"hudo\" \/>\n<meta name=\"twitter:card\" content=\"summary_large_image\" \/>\n<meta name=\"twitter:creator\" content=\"@hudo_si\" \/>\n<meta name=\"twitter:site\" content=\"@hudo_si\" \/>\n<meta name=\"twitter:label1\" content=\"Written by\" \/>\n\t<meta name=\"twitter:data1\" content=\"hudo\" \/>\n\t<meta name=\"twitter:label2\" content=\"Est. reading time\" \/>\n\t<meta name=\"twitter:data2\" content=\"2 minuti\" \/>\n<script type=\"application\/ld+json\" class=\"yoast-schema-graph\">{\"@context\":\"https:\/\/schema.org\",\"@graph\":[{\"@type\":\"Article\",\"@id\":\"https:\/\/hudo.com\/si\/aktualno\/cepljenje-naslednje-leto-bodo-bolje-organizirani\/#article\",\"isPartOf\":{\"@id\":\"https:\/\/hudo.com\/si\/aktualno\/cepljenje-naslednje-leto-bodo-bolje-organizirani\/\"},\"author\":{\"name\":\"hudo\",\"@id\":\"https:\/\/hudo.com\/si\/#\/schema\/person\/601cf3379633985b20f7e50f2bb47707\"},\"headline\":\"Cepljenje: Naslednje leto bodo bolje organizirani\",\"datePublished\":\"2017-04-06T20:40:00+00:00\",\"dateModified\":\"2017-04-07T05:41:00+00:00\",\"mainEntityOfPage\":{\"@id\":\"https:\/\/hudo.com\/si\/aktualno\/cepljenje-naslednje-leto-bodo-bolje-organizirani\/\"},\"wordCount\":334,\"publisher\":{\"@id\":\"https:\/\/hudo.com\/si\/#organization\"},\"articleSection\":[\"Aktualno\"],\"inLanguage\":\"sl-SI\"},{\"@type\":\"WebPage\",\"@id\":\"https:\/\/hudo.com\/si\/aktualno\/cepljenje-naslednje-leto-bodo-bolje-organizirani\/\",\"url\":\"https:\/\/hudo.com\/si\/aktualno\/cepljenje-naslednje-leto-bodo-bolje-organizirani\/\",\"name\":\"Cepljenje: Naslednje leto bodo bolje organizirani - Hudo Slovenija\",\"isPartOf\":{\"@id\":\"https:\/\/hudo.com\/si\/#website\"},\"datePublished\":\"2017-04-06T20:40:00+00:00\",\"dateModified\":\"2017-04-07T05:41:00+00:00\",\"breadcrumb\":{\"@id\":\"https:\/\/hudo.com\/si\/aktualno\/cepljenje-naslednje-leto-bodo-bolje-organizirani\/#breadcrumb\"},\"inLanguage\":\"sl-SI\",\"potentialAction\":[{\"@type\":\"ReadAction\",\"target\":[\"https:\/\/hudo.com\/si\/aktualno\/cepljenje-naslednje-leto-bodo-bolje-organizirani\/\"]}]},{\"@type\":\"BreadcrumbList\",\"@id\":\"https:\/\/hudo.com\/si\/aktualno\/cepljenje-naslednje-leto-bodo-bolje-organizirani\/#breadcrumb\",\"itemListElement\":[{\"@type\":\"ListItem\",\"position\":1,\"name\":\"Home\",\"item\":\"https:\/\/hudo.com\/si\/\"},{\"@type\":\"ListItem\",\"position\":2,\"name\":\"Cepljenje: Naslednje leto bodo bolje organizirani\"}]},{\"@type\":\"WebSite\",\"@id\":\"https:\/\/hudo.com\/si\/#website\",\"url\":\"https:\/\/hudo.com\/si\/\",\"name\":\"Hudo Slovenija\",\"description\":\"Vse novice iz Slovenije in sveta\",\"publisher\":{\"@id\":\"https:\/\/hudo.com\/si\/#organization\"},\"potentialAction\":[{\"@type\":\"SearchAction\",\"target\":{\"@type\":\"EntryPoint\",\"urlTemplate\":\"https:\/\/hudo.com\/si\/?s={search_term_string}\"},\"query-input\":\"required name=search_term_string\"}],\"inLanguage\":\"sl-SI\"},{\"@type\":\"Organization\",\"@id\":\"https:\/\/hudo.com\/si\/#organization\",\"name\":\"VSN Media\",\"url\":\"https:\/\/hudo.com\/si\/\",\"logo\":{\"@type\":\"ImageObject\",\"inLanguage\":\"sl-SI\",\"@id\":\"https:\/\/hudo.com\/si\/#\/schema\/logo\/image\/\",\"url\":\"https:\/\/hudo.com\/si\/wp-content\/uploads\/sites\/2\/2021\/03\/hudo-app-2.png\",\"contentUrl\":\"https:\/\/hudo.com\/si\/wp-content\/uploads\/sites\/2\/2021\/03\/hudo-app-2.png\",\"width\":2185,\"height\":2167,\"caption\":\"VSN Media\"},\"image\":{\"@id\":\"https:\/\/hudo.com\/si\/#\/schema\/logo\/image\/\"},\"sameAs\":[\"https:\/\/www.facebook.com\/hudo.si\",\"https:\/\/twitter.com\/hudo_si\"]},{\"@type\":\"Person\",\"@id\":\"https:\/\/hudo.com\/si\/#\/schema\/person\/601cf3379633985b20f7e50f2bb47707\",\"name\":\"hudo\",\"image\":{\"@type\":\"ImageObject\",\"inLanguage\":\"sl-SI\",\"@id\":\"https:\/\/hudo.com\/si\/#\/schema\/person\/image\/\",\"url\":\"https:\/\/secure.gravatar.com\/avatar\/c4ca25fa72cace7a696b52ff5db9e095?s=96&d=mm&r=g\",\"contentUrl\":\"https:\/\/secure.gravatar.com\/avatar\/c4ca25fa72cace7a696b52ff5db9e095?s=96&d=mm&r=g\",\"caption\":\"hudo\"},\"url\":\"https:\/\/hudo.com\/si\/author\/hudo\/\"}]}<\/script>\n<!-- \/ Yoast SEO plugin. -->","yoast_head_json":{"title":"Cepljenje: Naslednje leto bodo bolje organizirani - Hudo Slovenija","robots":{"index":"index","follow":"follow","max-snippet":"max-snippet:-1","max-image-preview":"max-image-preview:large","max-video-preview":"max-video-preview:-1"},"canonical":"https:\/\/hudo.com\/si\/aktualno\/cepljenje-naslednje-leto-bodo-bolje-organizirani\/","og_locale":"sl_SI","og_type":"article","og_title":"Cepljenje: Naslednje leto bodo bolje organizirani - Hudo Slovenija","og_description":"V Mariboru je akcija cepljenja proti klopnemu meningoencefalitisu potekala \u017ee \u0161esto leto zapored. Direktor zdravstvenega doma dr. Adolfa Drolca Maribor dr. Jernej Zavr\u0161nik je povedal, da je ideja o akciji nastala v Mariboru kot posledica zelo nizke cepljenosti Slovencev. Leta 2013 je ta namre\u010d zna\u0161ala le sedem odstotkov, medtem ko je bila cepljenost proti tej bolezni pri Avstrijcih kar 80-odstotna. \"Do danes nam je s pomo\u010djo akcije cepljenost v Sloveniji uspelo dvigniti na 13 odstotkov,\" je \u0161e dejal. Zadovoljni, da je cepiva zmanjkalo Letos so v Zdravstvenem domu dr. Adolfa Drolca cepili nekaj ve\u010d kot 1500 ljudi, kar je veliko ve\u010d kot leta doslej. Tudi sami so bili presene\u010deni nad velikim \u0161tevilom udele\u017eenih, a vendar veseli. Po podatkih glavne medicinske sestre Milene Franki\u010d se je \u0161tevilo od lani pove\u010dalo za pribli\u017eno 600 cepljenih in vsako leto raste. Ko so akcijo izvedli prvi\u010d, se je je udele\u017eilo zgolj 89 prebivalcev. \"Z akcijo smo nadpovpre\u010dno zadovoljni, cepiva je celo zmanjkalo,\" je povedal Zavr\u0161nik. \"Nekateri so bili sicer z izvedbo nezadovoljni, vendar pa je treba poudariti, da je prvotni cilj akcije predvsem ozavestiti ljudi in opozoriti, da je \u010das, da se cepijo ter na splo\u0161no opozoriti na pomembnost cepljenja.\" Dodal je \u0161e: \"Celo leto na \u017ealost akcije ne moremo organizirati, ker bi potem izgubila svoj pomen. Vsekakor pa bomo naslednje leto uvedli nekaj organizacijskih sprememb in cepljenje organizirali na dveh lokacijah. Ena bo na levem bregu Drave in druga na desnem bregu. Letos smo sicer ekipo raz\u0161irili s \u0161est na osem oseb, naslednje leto bo osebja \u0161e ve\u010d.\" Poudaril je tudi, da je bila akcija na\u010drtovana od 7. do 13. ure, a so jo zaradi povpra\u0161evanja podalj\u0161ali do treh. Te\u017eave jim je predstavljalo tudi izpisovanje ra\u010dunov. \"Izpisati smo morali ve\u010d kot 1500 ra\u010dunov. V zdravstvenem domu nimamo blagajn, ki bi to preprosto tiskale, veliko stvari je bilo treba urediti ro\u010dno.\"  O klopnem meningoencefalitisu Klopni meningoencefalitis je virusna bolezen, ki na","og_url":"https:\/\/hudo.com\/si\/aktualno\/cepljenje-naslednje-leto-bodo-bolje-organizirani\/","og_site_name":"Hudo Slovenija","article_publisher":"https:\/\/www.facebook.com\/hudo.si","article_published_time":"2017-04-06T20:40:00+00:00","article_modified_time":"2017-04-07T05:41:00+00:00","og_image":[{"width":450,"height":256,"url":"https:\/\/hudo.com\/si\/wp-content\/uploads\/sites\/2\/2017\/04\/0401M13-300.jpg","type":"image\/jpeg"}],"author":"hudo","twitter_card":"summary_large_image","twitter_creator":"@hudo_si","twitter_site":"@hudo_si","twitter_misc":{"Written by":"hudo","Est. reading time":"2 minuti"},"schema":{"@context":"https:\/\/schema.org","@graph":[{"@type":"Article","@id":"https:\/\/hudo.com\/si\/aktualno\/cepljenje-naslednje-leto-bodo-bolje-organizirani\/#article","isPartOf":{"@id":"https:\/\/hudo.com\/si\/aktualno\/cepljenje-naslednje-leto-bodo-bolje-organizirani\/"},"author":{"name":"hudo","@id":"https:\/\/hudo.com\/si\/#\/schema\/person\/601cf3379633985b20f7e50f2bb47707"},"headline":"Cepljenje: Naslednje leto bodo bolje organizirani","datePublished":"2017-04-06T20:40:00+00:00","dateModified":"2017-04-07T05:41:00+00:00","mainEntityOfPage":{"@id":"https:\/\/hudo.com\/si\/aktualno\/cepljenje-naslednje-leto-bodo-bolje-organizirani\/"},"wordCount":334,"publisher":{"@id":"https:\/\/hudo.com\/si\/#organization"},"articleSection":["Aktualno"],"inLanguage":"sl-SI"},{"@type":"WebPage","@id":"https:\/\/hudo.com\/si\/aktualno\/cepljenje-naslednje-leto-bodo-bolje-organizirani\/","url":"https:\/\/hudo.com\/si\/aktualno\/cepljenje-naslednje-leto-bodo-bolje-organizirani\/","name":"Cepljenje: Naslednje leto bodo bolje organizirani - Hudo Slovenija","isPartOf":{"@id":"https:\/\/hudo.com\/si\/#website"},"datePublished":"2017-04-06T20:40:00+00:00","dateModified":"2017-04-07T05:41:00+00:00","breadcrumb":{"@id":"https:\/\/hudo.com\/si\/aktualno\/cepljenje-naslednje-leto-bodo-bolje-organizirani\/#breadcrumb"},"inLanguage":"sl-SI","potentialAction":[{"@type":"ReadAction","target":["https:\/\/hudo.com\/si\/aktualno\/cepljenje-naslednje-leto-bodo-bolje-organizirani\/"]}]},{"@type":"BreadcrumbList","@id":"https:\/\/hudo.com\/si\/aktualno\/cepljenje-naslednje-leto-bodo-bolje-organizirani\/#breadcrumb","itemListElement":[{"@type":"ListItem","position":1,"name":"Home","item":"https:\/\/hudo.com\/si\/"},{"@type":"ListItem","position":2,"name":"Cepljenje: Naslednje leto bodo bolje organizirani"}]},{"@type":"WebSite","@id":"https:\/\/hudo.com\/si\/#website","url":"https:\/\/hudo.com\/si\/","name":"Hudo Slovenija","description":"Vse novice iz Slovenije in sveta","publisher":{"@id":"https:\/\/hudo.com\/si\/#organization"},"potentialAction":[{"@type":"SearchAction","target":{"@type":"EntryPoint","urlTemplate":"https:\/\/hudo.com\/si\/?s={search_term_string}"},"query-input":"required name=search_term_string"}],"inLanguage":"sl-SI"},{"@type":"Organization","@id":"https:\/\/hudo.com\/si\/#organization","name":"VSN Media","url":"https:\/\/hudo.com\/si\/","logo":{"@type":"ImageObject","inLanguage":"sl-SI","@id":"https:\/\/hudo.com\/si\/#\/schema\/logo\/image\/","url":"https:\/\/hudo.com\/si\/wp-content\/uploads\/sites\/2\/2021\/03\/hudo-app-2.png","contentUrl":"https:\/\/hudo.com\/si\/wp-content\/uploads\/sites\/2\/2021\/03\/hudo-app-2.png","width":2185,"height":2167,"caption":"VSN Media"},"image":{"@id":"https:\/\/hudo.com\/si\/#\/schema\/logo\/image\/"},"sameAs":["https:\/\/www.facebook.com\/hudo.si","https:\/\/twitter.com\/hudo_si"]},{"@type":"Person","@id":"https:\/\/hudo.com\/si\/#\/schema\/person\/601cf3379633985b20f7e50f2bb47707","name":"hudo","image":{"@type":"ImageObject","inLanguage":"sl-SI","@id":"https:\/\/hudo.com\/si\/#\/schema\/person\/image\/","url":"https:\/\/secure.gravatar.com\/avatar\/c4ca25fa72cace7a696b52ff5db9e095?s=96&d=mm&r=g","contentUrl":"https:\/\/secure.gravatar.com\/avatar\/c4ca25fa72cace7a696b52ff5db9e095?s=96&d=mm&r=g","caption":"hudo"},"url":"https:\/\/hudo.com\/si\/author\/hudo\/"}]}},"amp_enabled":true,"_links":{"self":[{"href":"https:\/\/hudo.com\/si\/wp-json\/wp\/v2\/posts\/237954"}],"collection":[{"href":"https:\/\/hudo.com\/si\/wp-json\/wp\/v2\/posts"}],"about":[{"href":"https:\/\/hudo.com\/si\/wp-json\/wp\/v2\/types\/post"}],"author":[{"embeddable":true,"href":"https:\/\/hudo.com\/si\/wp-json\/wp\/v2\/users\/1"}],"replies":[{"embeddable":true,"href":"https:\/\/hudo.com\/si\/wp-json\/wp\/v2\/comments?post=237954"}],"version-history":[{"count":1,"href":"https:\/\/hudo.com\/si\/wp-json\/wp\/v2\/posts\/237954\/revisions"}],"predecessor-version":[{"id":237964,"href":"https:\/\/hudo.com\/si\/wp-json\/wp\/v2\/posts\/237954\/revisions\/237964"}],"wp:attachment":[{"href":"https:\/\/hudo.com\/si\/wp-json\/wp\/v2\/media?parent=237954"}],"wp:term":[{"taxonomy":"category","embeddable":true,"href":"https:\/\/hudo.com\/si\/wp-json\/wp\/v2\/categories?post=237954"},{"taxonomy":"post_tag","embeddable":true,"href":"https:\/\/hudo.com\/si\/wp-json\/wp\/v2\/tags?post=237954"},{"taxonomy":"source","embeddable":true,"href":"https:\/\/hudo.com\/si\/wp-json\/wp\/v2\/source?post=237954"},{"taxonomy":"supertag","embeddable":true,"href":"https:\/\/hudo.com\/si\/wp-json\/wp\/v2\/supertag?post=237954"}],"curies":[{"name":"wp","href":"https:\/\/api.w.org\/{rel}","templated":true}]}}