{"id":237958,"date":"2017-04-06T22:00:00","date_gmt":"2017-04-06T20:00:00","guid":{"rendered":"http:\/\/hudo.com\/si\/2017\/04\/06\/dezek-ki-je-ustregel-le-malokomu\/"},"modified":"2017-04-07T07:41:11","modified_gmt":"2017-04-07T05:41:11","slug":"dezek-ki-je-ustregel-le-malokomu","status":"publish","type":"post","link":"https:\/\/hudo.com\/si\/aktualno\/dezek-ki-je-ustregel-le-malokomu\/","title":{"rendered":"De\u017eek, ki je ustregel le malokomu"},"content":{"rendered":"<p>Ljudje se najbr\u017e vsake stvari, ki traja (pre)dolgo, naveli\u010damo. No, morda pa ne \u010disto vsega. Nisem sli\u0161al mnogo prito\u017eb \u010dez tole son\u010dno in (pre)toplo pomlad. Kako lepo je tako vreme, naj kar traja! Na\u0161 telefon v meteorolo\u0161ki prognozi je mol\u010dal, nikogar vreme ni zares zanimalo. Saj je bilo skoraj ves \u010das enako ali vsaj podobno in zimske gvante smo lepo pospravili v omare, kadar nam je padlo na pamet, smo lahko \u0161li na lep\u0161e, tudi kaj postorili zunaj. \u0160li na kavico &#8211; pa kdo bo sedel notri, \u010de je zunaj tako prijetno! Nobenih nalivov, poplav, kak\u0161no \u010drpanje vode iz kleti neki! De\u017enik? Kje je \u017ee? Ja, takega vremena se je najbr\u017e res te\u017eko naveli\u010dati. Dokler ne za\u010dne veter prena\u0161ati prahu, dokler se potoki napol ne posu\u0161ijo, pa za traktorji na polju se kadi \u2026 A tega ne vidijo vsi. Za nekatere je to \u010disto nepomembno, da le lahko sedijo na son\u010dku, da lahko v miru prekrivajo strehe, zidajo, se rekreirajo. In dokler te\u010de voda iz pipe in lahko vsak teden operejo svoj avto\u00a0&#8230; Res \u017eivimo na zlatem ko\u0161\u010dku sveta, le redko se zgodi, da bi nam zmanjkalo vode. Pa je res tako? Vpra\u0161ajte tiste, ki \u017eivijo v bolj odmaknjenih krajih, pa tam, kjer se vodna zajetja zadnje \u010dase vse pogosteje posu\u0161ijo in jim gasilci dova\u017eajo drago vodo, pa tiste, ki sploh \u0161e nimajo vodovoda na primer. Taki najbr\u017e kar nestrpno \u010dakajo na dolgo pri\u010dakovani pomladni de\u017e. Sam sem kar pogosto v naravi in moram priznati, da sem tudi jaz \u017ee kar nestrpno \u010dakal na de\u017e. No, saj na koncu je bila bolj karikatura od de\u017eja, zdaj, ko bi brez \u0161kode tri dni de\u017eevalo. Na\u0161a &#8220;goba Slovenija&#8221; je suha in \u0161ele v treh dneh bi se najbr\u017e dobro napila. In vendar je obet de\u017eja, pa \u010deprav smo napovedovali le plohe in manj\u0161o koli\u010dino, dobesedno prebudil telefon v na\u0161i meteorolo\u0161ki prognozi! Nekatere je de\u017e motil in so se morali za\u010deti prilagajati vremenu, drugi so ga \u017eeleli in so bili razo\u010darani, ker jim nismo mogli obljubiti ve\u010dje koli\u010dine. Lahko bi rekli, da je ta de\u017e ustregel le malokomu. \u0160e rastlinam, pa teh itak nih\u010de ne vpra\u0161a za mnen<\/p>\n","protected":false},"excerpt":{"rendered":"<p>Ljudje se najbr\u017e vsake stvari, ki traja (pre)dolgo, naveli\u010damo. No, morda pa ne \u010disto vsega. Nisem sli\u0161al mnogo prito\u017eb \u010dez tole son\u010dno in (pre)toplo pomlad. Kako lepo je tako vreme, naj kar traja! Na\u0161 telefon v meteorolo\u0161ki prognozi je mol\u010dal, nikogar vreme ni zares zanimalo. Saj je bilo skoraj ves \u010das enako ali vsaj podobno in zimske gvante smo lepo pospravili v omare, kadar nam je padlo na pamet, smo lahko \u0161li na lep\u0161e, tudi kaj postorili zunaj. \u0160li na kavico &#8211; pa kdo bo sedel notri, \u010de je zunaj tako prijetno! Nobenih nalivov, poplav, kak\u0161no \u010drpanje vode iz kleti neki! De\u017enik? Kje je \u017ee? Ja, takega vremena se je najbr\u017e res te\u017eko naveli\u010dati. Dokler ne za\u010dne veter prena\u0161ati prahu, dokler se potoki napol ne posu\u0161ijo, pa za traktorji na polju se kadi \u2026 A tega ne vidijo vsi. Za nekatere je to \u010disto nepomembno, da le lahko sedijo na son\u010dku, da lahko v miru prekrivajo strehe, zidajo, se rekreirajo. In dokler te\u010de voda iz pipe in lahko vsak teden operejo svoj avto\u00a0&#8230; Res \u017eivimo na zlatem ko\u0161\u010dku sveta, le redko se zgodi, da bi nam zmanjkalo vode. Pa je res tako? Vpra\u0161ajte tiste, ki \u017eivijo v bolj odmaknjenih krajih, pa tam, kjer se vodna zajetja zadnje \u010dase vse pogosteje posu\u0161ijo in jim gasilci dova\u017eajo drago vodo, pa tiste, ki sploh \u0161e nimajo vodovoda na primer. Taki najbr\u017e kar nestrpno \u010dakajo na dolgo pri\u010dakovani pomladni de\u017e. Sam sem kar pogosto v naravi in moram priznati, da sem tudi jaz \u017ee kar nestrpno \u010dakal na de\u017e. No, saj na koncu je bila bolj karikatura od de\u017eja, zdaj, ko bi brez \u0161kode tri dni de\u017eevalo. Na\u0161a &#8220;goba Slovenija&#8221; je suha in \u0161ele v treh dneh bi se najbr\u017e dobro napila. In vendar je obet de\u017eja, pa \u010deprav smo napovedovali le plohe in manj\u0161o koli\u010dino, dobesedno prebudil telefon v na\u0161i meteorolo\u0161ki prognozi! Nekatere je de\u017e motil in so se morali za\u010deti prilagajati vremenu, drugi so ga \u017eeleli in so bili razo\u010darani, ker jim nismo mogli obljubiti ve\u010dje koli\u010dine. Lahko bi rekli, da je ta de\u017e ustregel le malokomu. \u0160e rastlinam, pa teh itak nih\u010de ne vpra\u0161a za mnen<\/p>\n","protected":false},"author":1,"featured_media":0,"comment_status":"closed","ping_status":"closed","sticky":false,"template":"","format":"standard","meta":{"footnotes":""},"categories":[1179],"tags":[],"source":[1711],"supertag":[],"acf":[],"yoast_head":"<!-- This site is optimized with the Yoast SEO plugin v21.3 - https:\/\/yoast.com\/wordpress\/plugins\/seo\/ -->\n<title>De\u017eek, ki je ustregel le malokomu - Hudo Slovenija<\/title>\n<meta name=\"robots\" content=\"index, follow, max-snippet:-1, max-image-preview:large, max-video-preview:-1\" \/>\n<link rel=\"canonical\" href=\"https:\/\/hudo.com\/si\/aktualno\/dezek-ki-je-ustregel-le-malokomu\/\" \/>\n<meta property=\"og:locale\" content=\"sl_SI\" \/>\n<meta property=\"og:type\" content=\"article\" \/>\n<meta property=\"og:title\" content=\"De\u017eek, ki je ustregel le malokomu - Hudo Slovenija\" \/>\n<meta property=\"og:description\" content=\"Ljudje se najbr\u017e vsake stvari, ki traja (pre)dolgo, naveli\u010damo. No, morda pa ne \u010disto vsega. Nisem sli\u0161al mnogo prito\u017eb \u010dez tole son\u010dno in (pre)toplo pomlad. Kako lepo je tako vreme, naj kar traja! Na\u0161 telefon v meteorolo\u0161ki prognozi je mol\u010dal, nikogar vreme ni zares zanimalo. Saj je bilo skoraj ves \u010das enako ali vsaj podobno in zimske gvante smo lepo pospravili v omare, kadar nam je padlo na pamet, smo lahko \u0161li na lep\u0161e, tudi kaj postorili zunaj. \u0160li na kavico - pa kdo bo sedel notri, \u010de je zunaj tako prijetno! Nobenih nalivov, poplav, kak\u0161no \u010drpanje vode iz kleti neki! De\u017enik? Kje je \u017ee? Ja, takega vremena se je najbr\u017e res te\u017eko naveli\u010dati. Dokler ne za\u010dne veter prena\u0161ati prahu, dokler se potoki napol ne posu\u0161ijo, pa za traktorji na polju se kadi \u2026 A tega ne vidijo vsi. Za nekatere je to \u010disto nepomembno, da le lahko sedijo na son\u010dku, da lahko v miru prekrivajo strehe, zidajo, se rekreirajo. In dokler te\u010de voda iz pipe in lahko vsak teden operejo svoj avto\u00a0... Res \u017eivimo na zlatem ko\u0161\u010dku sveta, le redko se zgodi, da bi nam zmanjkalo vode. Pa je res tako? Vpra\u0161ajte tiste, ki \u017eivijo v bolj odmaknjenih krajih, pa tam, kjer se vodna zajetja zadnje \u010dase vse pogosteje posu\u0161ijo in jim gasilci dova\u017eajo drago vodo, pa tiste, ki sploh \u0161e nimajo vodovoda na primer. Taki najbr\u017e kar nestrpno \u010dakajo na dolgo pri\u010dakovani pomladni de\u017e. Sam sem kar pogosto v naravi in moram priznati, da sem tudi jaz \u017ee kar nestrpno \u010dakal na de\u017e. No, saj na koncu je bila bolj karikatura od de\u017eja, zdaj, ko bi brez \u0161kode tri dni de\u017eevalo. Na\u0161a &quot;goba Slovenija&quot; je suha in \u0161ele v treh dneh bi se najbr\u017e dobro napila. In vendar je obet de\u017eja, pa \u010deprav smo napovedovali le plohe in manj\u0161o koli\u010dino, dobesedno prebudil telefon v na\u0161i meteorolo\u0161ki prognozi! Nekatere je de\u017e motil in so se morali za\u010deti prilagajati vremenu, drugi so ga \u017eeleli in so bili razo\u010darani, ker jim nismo mogli obljubiti ve\u010dje koli\u010dine. Lahko bi rekli, da je ta de\u017e ustregel le malokomu. \u0160e rastlinam, pa teh itak nih\u010de ne vpra\u0161a za mnen\" \/>\n<meta property=\"og:url\" content=\"https:\/\/hudo.com\/si\/aktualno\/dezek-ki-je-ustregel-le-malokomu\/\" \/>\n<meta property=\"og:site_name\" content=\"Hudo Slovenija\" \/>\n<meta property=\"article:publisher\" content=\"https:\/\/www.facebook.com\/hudo.si\" \/>\n<meta property=\"article:published_time\" content=\"2017-04-06T20:00:00+00:00\" \/>\n<meta property=\"article:modified_time\" content=\"2017-04-07T05:41:11+00:00\" \/>\n<meta property=\"og:image\" content=\"https:\/\/hudo.com\/si\/wp-content\/uploads\/sites\/2\/2017\/04\/00927626F-300.jpg\" \/>\n\t<meta property=\"og:image:width\" content=\"450\" \/>\n\t<meta property=\"og:image:height\" content=\"309\" \/>\n\t<meta property=\"og:image:type\" content=\"image\/jpeg\" \/>\n<meta name=\"author\" content=\"hudo\" \/>\n<meta name=\"twitter:card\" content=\"summary_large_image\" \/>\n<meta name=\"twitter:creator\" content=\"@hudo_si\" \/>\n<meta name=\"twitter:site\" content=\"@hudo_si\" \/>\n<meta name=\"twitter:label1\" content=\"Written by\" \/>\n\t<meta name=\"twitter:data1\" content=\"hudo\" \/>\n\t<meta name=\"twitter:label2\" content=\"Est. reading time\" \/>\n\t<meta name=\"twitter:data2\" content=\"2 minuti\" \/>\n<script type=\"application\/ld+json\" class=\"yoast-schema-graph\">{\"@context\":\"https:\/\/schema.org\",\"@graph\":[{\"@type\":\"Article\",\"@id\":\"https:\/\/hudo.com\/si\/aktualno\/dezek-ki-je-ustregel-le-malokomu\/#article\",\"isPartOf\":{\"@id\":\"https:\/\/hudo.com\/si\/aktualno\/dezek-ki-je-ustregel-le-malokomu\/\"},\"author\":{\"name\":\"hudo\",\"@id\":\"https:\/\/hudo.com\/si\/#\/schema\/person\/601cf3379633985b20f7e50f2bb47707\"},\"headline\":\"De\u017eek, ki je ustregel le malokomu\",\"datePublished\":\"2017-04-06T20:00:00+00:00\",\"dateModified\":\"2017-04-07T05:41:11+00:00\",\"mainEntityOfPage\":{\"@id\":\"https:\/\/hudo.com\/si\/aktualno\/dezek-ki-je-ustregel-le-malokomu\/\"},\"wordCount\":398,\"publisher\":{\"@id\":\"https:\/\/hudo.com\/si\/#organization\"},\"articleSection\":[\"Aktualno\"],\"inLanguage\":\"sl-SI\"},{\"@type\":\"WebPage\",\"@id\":\"https:\/\/hudo.com\/si\/aktualno\/dezek-ki-je-ustregel-le-malokomu\/\",\"url\":\"https:\/\/hudo.com\/si\/aktualno\/dezek-ki-je-ustregel-le-malokomu\/\",\"name\":\"De\u017eek, ki je ustregel le malokomu - Hudo Slovenija\",\"isPartOf\":{\"@id\":\"https:\/\/hudo.com\/si\/#website\"},\"datePublished\":\"2017-04-06T20:00:00+00:00\",\"dateModified\":\"2017-04-07T05:41:11+00:00\",\"breadcrumb\":{\"@id\":\"https:\/\/hudo.com\/si\/aktualno\/dezek-ki-je-ustregel-le-malokomu\/#breadcrumb\"},\"inLanguage\":\"sl-SI\",\"potentialAction\":[{\"@type\":\"ReadAction\",\"target\":[\"https:\/\/hudo.com\/si\/aktualno\/dezek-ki-je-ustregel-le-malokomu\/\"]}]},{\"@type\":\"BreadcrumbList\",\"@id\":\"https:\/\/hudo.com\/si\/aktualno\/dezek-ki-je-ustregel-le-malokomu\/#breadcrumb\",\"itemListElement\":[{\"@type\":\"ListItem\",\"position\":1,\"name\":\"Home\",\"item\":\"https:\/\/hudo.com\/si\/\"},{\"@type\":\"ListItem\",\"position\":2,\"name\":\"De\u017eek, ki je ustregel le malokomu\"}]},{\"@type\":\"WebSite\",\"@id\":\"https:\/\/hudo.com\/si\/#website\",\"url\":\"https:\/\/hudo.com\/si\/\",\"name\":\"Hudo Slovenija\",\"description\":\"Vse novice iz Slovenije in sveta\",\"publisher\":{\"@id\":\"https:\/\/hudo.com\/si\/#organization\"},\"potentialAction\":[{\"@type\":\"SearchAction\",\"target\":{\"@type\":\"EntryPoint\",\"urlTemplate\":\"https:\/\/hudo.com\/si\/?s={search_term_string}\"},\"query-input\":\"required name=search_term_string\"}],\"inLanguage\":\"sl-SI\"},{\"@type\":\"Organization\",\"@id\":\"https:\/\/hudo.com\/si\/#organization\",\"name\":\"VSN Media\",\"url\":\"https:\/\/hudo.com\/si\/\",\"logo\":{\"@type\":\"ImageObject\",\"inLanguage\":\"sl-SI\",\"@id\":\"https:\/\/hudo.com\/si\/#\/schema\/logo\/image\/\",\"url\":\"https:\/\/hudo.com\/si\/wp-content\/uploads\/sites\/2\/2021\/03\/hudo-app-2.png\",\"contentUrl\":\"https:\/\/hudo.com\/si\/wp-content\/uploads\/sites\/2\/2021\/03\/hudo-app-2.png\",\"width\":2185,\"height\":2167,\"caption\":\"VSN Media\"},\"image\":{\"@id\":\"https:\/\/hudo.com\/si\/#\/schema\/logo\/image\/\"},\"sameAs\":[\"https:\/\/www.facebook.com\/hudo.si\",\"https:\/\/twitter.com\/hudo_si\"]},{\"@type\":\"Person\",\"@id\":\"https:\/\/hudo.com\/si\/#\/schema\/person\/601cf3379633985b20f7e50f2bb47707\",\"name\":\"hudo\",\"image\":{\"@type\":\"ImageObject\",\"inLanguage\":\"sl-SI\",\"@id\":\"https:\/\/hudo.com\/si\/#\/schema\/person\/image\/\",\"url\":\"https:\/\/secure.gravatar.com\/avatar\/c4ca25fa72cace7a696b52ff5db9e095?s=96&d=mm&r=g\",\"contentUrl\":\"https:\/\/secure.gravatar.com\/avatar\/c4ca25fa72cace7a696b52ff5db9e095?s=96&d=mm&r=g\",\"caption\":\"hudo\"},\"url\":\"https:\/\/hudo.com\/si\/author\/hudo\/\"}]}<\/script>\n<!-- \/ Yoast SEO plugin. -->","yoast_head_json":{"title":"De\u017eek, ki je ustregel le malokomu - Hudo Slovenija","robots":{"index":"index","follow":"follow","max-snippet":"max-snippet:-1","max-image-preview":"max-image-preview:large","max-video-preview":"max-video-preview:-1"},"canonical":"https:\/\/hudo.com\/si\/aktualno\/dezek-ki-je-ustregel-le-malokomu\/","og_locale":"sl_SI","og_type":"article","og_title":"De\u017eek, ki je ustregel le malokomu - Hudo Slovenija","og_description":"Ljudje se najbr\u017e vsake stvari, ki traja (pre)dolgo, naveli\u010damo. No, morda pa ne \u010disto vsega. Nisem sli\u0161al mnogo prito\u017eb \u010dez tole son\u010dno in (pre)toplo pomlad. Kako lepo je tako vreme, naj kar traja! Na\u0161 telefon v meteorolo\u0161ki prognozi je mol\u010dal, nikogar vreme ni zares zanimalo. Saj je bilo skoraj ves \u010das enako ali vsaj podobno in zimske gvante smo lepo pospravili v omare, kadar nam je padlo na pamet, smo lahko \u0161li na lep\u0161e, tudi kaj postorili zunaj. \u0160li na kavico - pa kdo bo sedel notri, \u010de je zunaj tako prijetno! Nobenih nalivov, poplav, kak\u0161no \u010drpanje vode iz kleti neki! De\u017enik? Kje je \u017ee? Ja, takega vremena se je najbr\u017e res te\u017eko naveli\u010dati. Dokler ne za\u010dne veter prena\u0161ati prahu, dokler se potoki napol ne posu\u0161ijo, pa za traktorji na polju se kadi \u2026 A tega ne vidijo vsi. Za nekatere je to \u010disto nepomembno, da le lahko sedijo na son\u010dku, da lahko v miru prekrivajo strehe, zidajo, se rekreirajo. In dokler te\u010de voda iz pipe in lahko vsak teden operejo svoj avto\u00a0... Res \u017eivimo na zlatem ko\u0161\u010dku sveta, le redko se zgodi, da bi nam zmanjkalo vode. Pa je res tako? Vpra\u0161ajte tiste, ki \u017eivijo v bolj odmaknjenih krajih, pa tam, kjer se vodna zajetja zadnje \u010dase vse pogosteje posu\u0161ijo in jim gasilci dova\u017eajo drago vodo, pa tiste, ki sploh \u0161e nimajo vodovoda na primer. Taki najbr\u017e kar nestrpno \u010dakajo na dolgo pri\u010dakovani pomladni de\u017e. Sam sem kar pogosto v naravi in moram priznati, da sem tudi jaz \u017ee kar nestrpno \u010dakal na de\u017e. No, saj na koncu je bila bolj karikatura od de\u017eja, zdaj, ko bi brez \u0161kode tri dni de\u017eevalo. Na\u0161a \"goba Slovenija\" je suha in \u0161ele v treh dneh bi se najbr\u017e dobro napila. In vendar je obet de\u017eja, pa \u010deprav smo napovedovali le plohe in manj\u0161o koli\u010dino, dobesedno prebudil telefon v na\u0161i meteorolo\u0161ki prognozi! Nekatere je de\u017e motil in so se morali za\u010deti prilagajati vremenu, drugi so ga \u017eeleli in so bili razo\u010darani, ker jim nismo mogli obljubiti ve\u010dje koli\u010dine. Lahko bi rekli, da je ta de\u017e ustregel le malokomu. \u0160e rastlinam, pa teh itak nih\u010de ne vpra\u0161a za mnen","og_url":"https:\/\/hudo.com\/si\/aktualno\/dezek-ki-je-ustregel-le-malokomu\/","og_site_name":"Hudo Slovenija","article_publisher":"https:\/\/www.facebook.com\/hudo.si","article_published_time":"2017-04-06T20:00:00+00:00","article_modified_time":"2017-04-07T05:41:11+00:00","og_image":[{"width":450,"height":309,"url":"https:\/\/hudo.com\/si\/wp-content\/uploads\/sites\/2\/2017\/04\/00927626F-300.jpg","type":"image\/jpeg"}],"author":"hudo","twitter_card":"summary_large_image","twitter_creator":"@hudo_si","twitter_site":"@hudo_si","twitter_misc":{"Written by":"hudo","Est. reading time":"2 minuti"},"schema":{"@context":"https:\/\/schema.org","@graph":[{"@type":"Article","@id":"https:\/\/hudo.com\/si\/aktualno\/dezek-ki-je-ustregel-le-malokomu\/#article","isPartOf":{"@id":"https:\/\/hudo.com\/si\/aktualno\/dezek-ki-je-ustregel-le-malokomu\/"},"author":{"name":"hudo","@id":"https:\/\/hudo.com\/si\/#\/schema\/person\/601cf3379633985b20f7e50f2bb47707"},"headline":"De\u017eek, ki je ustregel le malokomu","datePublished":"2017-04-06T20:00:00+00:00","dateModified":"2017-04-07T05:41:11+00:00","mainEntityOfPage":{"@id":"https:\/\/hudo.com\/si\/aktualno\/dezek-ki-je-ustregel-le-malokomu\/"},"wordCount":398,"publisher":{"@id":"https:\/\/hudo.com\/si\/#organization"},"articleSection":["Aktualno"],"inLanguage":"sl-SI"},{"@type":"WebPage","@id":"https:\/\/hudo.com\/si\/aktualno\/dezek-ki-je-ustregel-le-malokomu\/","url":"https:\/\/hudo.com\/si\/aktualno\/dezek-ki-je-ustregel-le-malokomu\/","name":"De\u017eek, ki je ustregel le malokomu - Hudo Slovenija","isPartOf":{"@id":"https:\/\/hudo.com\/si\/#website"},"datePublished":"2017-04-06T20:00:00+00:00","dateModified":"2017-04-07T05:41:11+00:00","breadcrumb":{"@id":"https:\/\/hudo.com\/si\/aktualno\/dezek-ki-je-ustregel-le-malokomu\/#breadcrumb"},"inLanguage":"sl-SI","potentialAction":[{"@type":"ReadAction","target":["https:\/\/hudo.com\/si\/aktualno\/dezek-ki-je-ustregel-le-malokomu\/"]}]},{"@type":"BreadcrumbList","@id":"https:\/\/hudo.com\/si\/aktualno\/dezek-ki-je-ustregel-le-malokomu\/#breadcrumb","itemListElement":[{"@type":"ListItem","position":1,"name":"Home","item":"https:\/\/hudo.com\/si\/"},{"@type":"ListItem","position":2,"name":"De\u017eek, ki je ustregel le malokomu"}]},{"@type":"WebSite","@id":"https:\/\/hudo.com\/si\/#website","url":"https:\/\/hudo.com\/si\/","name":"Hudo Slovenija","description":"Vse novice iz Slovenije in sveta","publisher":{"@id":"https:\/\/hudo.com\/si\/#organization"},"potentialAction":[{"@type":"SearchAction","target":{"@type":"EntryPoint","urlTemplate":"https:\/\/hudo.com\/si\/?s={search_term_string}"},"query-input":"required name=search_term_string"}],"inLanguage":"sl-SI"},{"@type":"Organization","@id":"https:\/\/hudo.com\/si\/#organization","name":"VSN Media","url":"https:\/\/hudo.com\/si\/","logo":{"@type":"ImageObject","inLanguage":"sl-SI","@id":"https:\/\/hudo.com\/si\/#\/schema\/logo\/image\/","url":"https:\/\/hudo.com\/si\/wp-content\/uploads\/sites\/2\/2021\/03\/hudo-app-2.png","contentUrl":"https:\/\/hudo.com\/si\/wp-content\/uploads\/sites\/2\/2021\/03\/hudo-app-2.png","width":2185,"height":2167,"caption":"VSN Media"},"image":{"@id":"https:\/\/hudo.com\/si\/#\/schema\/logo\/image\/"},"sameAs":["https:\/\/www.facebook.com\/hudo.si","https:\/\/twitter.com\/hudo_si"]},{"@type":"Person","@id":"https:\/\/hudo.com\/si\/#\/schema\/person\/601cf3379633985b20f7e50f2bb47707","name":"hudo","image":{"@type":"ImageObject","inLanguage":"sl-SI","@id":"https:\/\/hudo.com\/si\/#\/schema\/person\/image\/","url":"https:\/\/secure.gravatar.com\/avatar\/c4ca25fa72cace7a696b52ff5db9e095?s=96&d=mm&r=g","contentUrl":"https:\/\/secure.gravatar.com\/avatar\/c4ca25fa72cace7a696b52ff5db9e095?s=96&d=mm&r=g","caption":"hudo"},"url":"https:\/\/hudo.com\/si\/author\/hudo\/"}]}},"amp_enabled":true,"_links":{"self":[{"href":"https:\/\/hudo.com\/si\/wp-json\/wp\/v2\/posts\/237958"}],"collection":[{"href":"https:\/\/hudo.com\/si\/wp-json\/wp\/v2\/posts"}],"about":[{"href":"https:\/\/hudo.com\/si\/wp-json\/wp\/v2\/types\/post"}],"author":[{"embeddable":true,"href":"https:\/\/hudo.com\/si\/wp-json\/wp\/v2\/users\/1"}],"replies":[{"embeddable":true,"href":"https:\/\/hudo.com\/si\/wp-json\/wp\/v2\/comments?post=237958"}],"version-history":[{"count":1,"href":"https:\/\/hudo.com\/si\/wp-json\/wp\/v2\/posts\/237958\/revisions"}],"predecessor-version":[{"id":237966,"href":"https:\/\/hudo.com\/si\/wp-json\/wp\/v2\/posts\/237958\/revisions\/237966"}],"wp:attachment":[{"href":"https:\/\/hudo.com\/si\/wp-json\/wp\/v2\/media?parent=237958"}],"wp:term":[{"taxonomy":"category","embeddable":true,"href":"https:\/\/hudo.com\/si\/wp-json\/wp\/v2\/categories?post=237958"},{"taxonomy":"post_tag","embeddable":true,"href":"https:\/\/hudo.com\/si\/wp-json\/wp\/v2\/tags?post=237958"},{"taxonomy":"source","embeddable":true,"href":"https:\/\/hudo.com\/si\/wp-json\/wp\/v2\/source?post=237958"},{"taxonomy":"supertag","embeddable":true,"href":"https:\/\/hudo.com\/si\/wp-json\/wp\/v2\/supertag?post=237958"}],"curies":[{"name":"wp","href":"https:\/\/api.w.org\/{rel}","templated":true}]}}