{"id":237969,"date":"2017-04-06T23:17:00","date_gmt":"2017-04-06T21:17:00","guid":{"rendered":"http:\/\/hudo.com\/si\/2017\/04\/06\/z-nami-ravnajo-slabse-kot-z-zivalmi\/"},"modified":"2017-04-07T07:23:13","modified_gmt":"2017-04-07T05:23:13","slug":"z-nami-ravnajo-slabse-kot-z-zivalmi","status":"publish","type":"post","link":"https:\/\/hudo.com\/si\/aktualno\/z-nami-ravnajo-slabse-kot-z-zivalmi\/","title":{"rendered":"&#8220;Z nami ravnajo slab\u0161e kot z \u017eivalmi&#8221;"},"content":{"rendered":"<p>Pred enim letom je EU, tudi na pobudo slovenskega predsednika vlade Mira Cerarja, za begunce zaprla pot \u010dez Zahodni Balkan. Na makedonsko mejo z Gr\u010dijo so postavili \u017ei\u010dnato ograjo, v pomo\u010d, da bi \u010dim bolj varovali mejo, pa poslali policiste iz nekaterih evropskih dr\u017eav &#8211; tudi iz Slovenije. A to ne pomeni, da je meja, kljub tovrstni \u017eelji EU, nepredu\u0161na. Da rek, kjer je volja, tam je pot, \u0161e kako velja, dokazujejo begunci, ki se \u017ee vedno posku\u0161ajo prebiti \u010dez Makedonijo in Bolgarijo do EU. &#8220;Poglej, kako imam do polovice dvignjeno \u017ealuzijo balkonskih vrat. Tako lahko kar iz naslonja\u010da spremljam, ali gredo begunci po progi, da jim prisko\u010dim na pomo\u010d,&#8221; mi razlaga Len\u010de Zdravkin, potem ko jo obi\u0161\u010dem na njenem domu tik ob \u017eelezni\u0161ki progi v makedonskem Velesu. Minili so sicer \u010dasi, ko je Len\u010de, begunska heroina, mati Tereza beguncev, kot so jo razglasili v Makedoniji, v svoji hi\u0161i v dolo\u010denih trenutkih gostila tudi po 300 beguncev in migrantov, jim oskrbela po\u0161kodbe, jih nahranila in oblekla. A tudi danes, ko naj bi bila pot hermeti\u010dno zaprta, begunci pono\u010di hodijo mimo njene hi\u0161e. &#8220;Takoj ko se je malo otoplilo, so za\u010deli hoditi mimo. Ni jih sicer veliko, a skoraj vsako no\u010d je kdo. Tako kot prej tudi tem pomagam. Moje skladi\u0161\u010de v kleti je polno,&#8221; poka\u017ee sobo, zalo\u017eeno s hrano, obleko, higienskimi pripomo\u010dki in celo s kolesom. &#8220;Nekaj koles so mi pustili begunci, ko \u0161e lahko kolesarili po avtocesti. \u010ce zdaj pride kak\u0161en begunec, za katerega ocenim, da je dovolj pri mo\u010deh, mu dam kolo, da se odpelje naprej, kajti oblasti beguncem ne dovolijo, da bi se preva\u017eali z vlakom ali avtobusom.&#8221;        Andrej Petelin\u0161ek Begunci v Pre\u0161evu si posku\u0161ajo vsaj nekaj intime zagotoviti s pregradami iz odej.   \u010cakanje, ki ubija V Makedoniji, dr\u017eavi, po kateri je \u0161e pred dobrim letom potekala glavna begunska transverzala, je v teh dneh le nekaj deset beguncev. &#8220;Nih\u010de ni ube\u017eal vojni, nasilju ali kak\u0161nim drugim grozotam z \u017eeljo, da ostane v Makedoniji. Vsi bi radi v EU,&#8221; mi razlaga vodja beguns<\/p>\n","protected":false},"excerpt":{"rendered":"<p>Pred enim letom je EU, tudi na pobudo slovenskega predsednika vlade Mira Cerarja, za begunce zaprla pot \u010dez Zahodni Balkan. Na makedonsko mejo z Gr\u010dijo so postavili \u017ei\u010dnato ograjo, v pomo\u010d, da bi \u010dim bolj varovali mejo, pa poslali policiste iz nekaterih evropskih dr\u017eav &#8211; tudi iz Slovenije. A to ne pomeni, da je meja, kljub tovrstni \u017eelji EU, nepredu\u0161na. Da rek, kjer je volja, tam je pot, \u0161e kako velja, dokazujejo begunci, ki se \u017ee vedno posku\u0161ajo prebiti \u010dez Makedonijo in Bolgarijo do EU. &#8220;Poglej, kako imam do polovice dvignjeno \u017ealuzijo balkonskih vrat. Tako lahko kar iz naslonja\u010da spremljam, ali gredo begunci po progi, da jim prisko\u010dim na pomo\u010d,&#8221; mi razlaga Len\u010de Zdravkin, potem ko jo obi\u0161\u010dem na njenem domu tik ob \u017eelezni\u0161ki progi v makedonskem Velesu. Minili so sicer \u010dasi, ko je Len\u010de, begunska heroina, mati Tereza beguncev, kot so jo razglasili v Makedoniji, v svoji hi\u0161i v dolo\u010denih trenutkih gostila tudi po 300 beguncev in migrantov, jim oskrbela po\u0161kodbe, jih nahranila in oblekla. A tudi danes, ko naj bi bila pot hermeti\u010dno zaprta, begunci pono\u010di hodijo mimo njene hi\u0161e. &#8220;Takoj ko se je malo otoplilo, so za\u010deli hoditi mimo. Ni jih sicer veliko, a skoraj vsako no\u010d je kdo. Tako kot prej tudi tem pomagam. Moje skladi\u0161\u010de v kleti je polno,&#8221; poka\u017ee sobo, zalo\u017eeno s hrano, obleko, higienskimi pripomo\u010dki in celo s kolesom. &#8220;Nekaj koles so mi pustili begunci, ko \u0161e lahko kolesarili po avtocesti. \u010ce zdaj pride kak\u0161en begunec, za katerega ocenim, da je dovolj pri mo\u010deh, mu dam kolo, da se odpelje naprej, kajti oblasti beguncem ne dovolijo, da bi se preva\u017eali z vlakom ali avtobusom.&#8221;        Andrej Petelin\u0161ek Begunci v Pre\u0161evu si posku\u0161ajo vsaj nekaj intime zagotoviti s pregradami iz odej.   \u010cakanje, ki ubija V Makedoniji, dr\u017eavi, po kateri je \u0161e pred dobrim letom potekala glavna begunska transverzala, je v teh dneh le nekaj deset beguncev. &#8220;Nih\u010de ni ube\u017eal vojni, nasilju ali kak\u0161nim drugim grozotam z \u017eeljo, da ostane v Makedoniji. Vsi bi radi v EU,&#8221; mi razlaga vodja beguns<\/p>\n","protected":false},"author":1,"featured_media":0,"comment_status":"closed","ping_status":"closed","sticky":false,"template":"","format":"standard","meta":{"footnotes":""},"categories":[1179],"tags":[],"source":[1711],"supertag":[],"acf":[],"yoast_head":"<!-- This site is optimized with the Yoast SEO plugin v21.3 - https:\/\/yoast.com\/wordpress\/plugins\/seo\/ -->\n<title>&quot;Z nami ravnajo slab\u0161e kot z \u017eivalmi&quot; - Hudo Slovenija<\/title>\n<meta name=\"robots\" content=\"index, follow, max-snippet:-1, max-image-preview:large, max-video-preview:-1\" \/>\n<link rel=\"canonical\" href=\"https:\/\/hudo.com\/si\/aktualno\/z-nami-ravnajo-slabse-kot-z-zivalmi\/\" \/>\n<meta property=\"og:locale\" content=\"sl_SI\" \/>\n<meta property=\"og:type\" content=\"article\" \/>\n<meta property=\"og:title\" content=\"&quot;Z nami ravnajo slab\u0161e kot z \u017eivalmi&quot; - Hudo Slovenija\" \/>\n<meta property=\"og:description\" content=\"Pred enim letom je EU, tudi na pobudo slovenskega predsednika vlade Mira Cerarja, za begunce zaprla pot \u010dez Zahodni Balkan. Na makedonsko mejo z Gr\u010dijo so postavili \u017ei\u010dnato ograjo, v pomo\u010d, da bi \u010dim bolj varovali mejo, pa poslali policiste iz nekaterih evropskih dr\u017eav - tudi iz Slovenije. A to ne pomeni, da je meja, kljub tovrstni \u017eelji EU, nepredu\u0161na. Da rek, kjer je volja, tam je pot, \u0161e kako velja, dokazujejo begunci, ki se \u017ee vedno posku\u0161ajo prebiti \u010dez Makedonijo in Bolgarijo do EU. &quot;Poglej, kako imam do polovice dvignjeno \u017ealuzijo balkonskih vrat. Tako lahko kar iz naslonja\u010da spremljam, ali gredo begunci po progi, da jim prisko\u010dim na pomo\u010d,&quot; mi razlaga Len\u010de Zdravkin, potem ko jo obi\u0161\u010dem na njenem domu tik ob \u017eelezni\u0161ki progi v makedonskem Velesu. Minili so sicer \u010dasi, ko je Len\u010de, begunska heroina, mati Tereza beguncev, kot so jo razglasili v Makedoniji, v svoji hi\u0161i v dolo\u010denih trenutkih gostila tudi po 300 beguncev in migrantov, jim oskrbela po\u0161kodbe, jih nahranila in oblekla. A tudi danes, ko naj bi bila pot hermeti\u010dno zaprta, begunci pono\u010di hodijo mimo njene hi\u0161e. &quot;Takoj ko se je malo otoplilo, so za\u010deli hoditi mimo. Ni jih sicer veliko, a skoraj vsako no\u010d je kdo. Tako kot prej tudi tem pomagam. Moje skladi\u0161\u010de v kleti je polno,&quot; poka\u017ee sobo, zalo\u017eeno s hrano, obleko, higienskimi pripomo\u010dki in celo s kolesom. &quot;Nekaj koles so mi pustili begunci, ko \u0161e lahko kolesarili po avtocesti. \u010ce zdaj pride kak\u0161en begunec, za katerega ocenim, da je dovolj pri mo\u010deh, mu dam kolo, da se odpelje naprej, kajti oblasti beguncem ne dovolijo, da bi se preva\u017eali z vlakom ali avtobusom.&quot;    Andrej Petelin\u0161ek Begunci v Pre\u0161evu si posku\u0161ajo vsaj nekaj intime zagotoviti s pregradami iz odej.  \u010cakanje, ki ubija V Makedoniji, dr\u017eavi, po kateri je \u0161e pred dobrim letom potekala glavna begunska transverzala, je v teh dneh le nekaj deset beguncev. &quot;Nih\u010de ni ube\u017eal vojni, nasilju ali kak\u0161nim drugim grozotam z \u017eeljo, da ostane v Makedoniji. Vsi bi radi v EU,&quot; mi razlaga vodja beguns\" \/>\n<meta property=\"og:url\" content=\"https:\/\/hudo.com\/si\/aktualno\/z-nami-ravnajo-slabse-kot-z-zivalmi\/\" \/>\n<meta property=\"og:site_name\" content=\"Hudo Slovenija\" \/>\n<meta property=\"article:publisher\" content=\"https:\/\/www.facebook.com\/hudo.si\" \/>\n<meta property=\"article:published_time\" content=\"2017-04-06T21:17:00+00:00\" \/>\n<meta property=\"article:modified_time\" content=\"2017-04-07T05:23:13+00:00\" \/>\n<meta property=\"og:image\" content=\"https:\/\/hudo.com\/si\/wp-content\/uploads\/sites\/2\/2017\/04\/ANDR1957-300.jpg\" \/>\n\t<meta property=\"og:image:width\" content=\"450\" \/>\n\t<meta property=\"og:image:height\" content=\"300\" \/>\n\t<meta property=\"og:image:type\" content=\"image\/jpeg\" \/>\n<meta name=\"author\" content=\"hudo\" \/>\n<meta name=\"twitter:card\" content=\"summary_large_image\" \/>\n<meta name=\"twitter:creator\" content=\"@hudo_si\" \/>\n<meta name=\"twitter:site\" content=\"@hudo_si\" \/>\n<meta name=\"twitter:label1\" content=\"Written by\" \/>\n\t<meta name=\"twitter:data1\" content=\"hudo\" \/>\n\t<meta name=\"twitter:label2\" content=\"Est. reading time\" \/>\n\t<meta name=\"twitter:data2\" content=\"2 minuti\" \/>\n<script type=\"application\/ld+json\" class=\"yoast-schema-graph\">{\"@context\":\"https:\/\/schema.org\",\"@graph\":[{\"@type\":\"Article\",\"@id\":\"https:\/\/hudo.com\/si\/aktualno\/z-nami-ravnajo-slabse-kot-z-zivalmi\/#article\",\"isPartOf\":{\"@id\":\"https:\/\/hudo.com\/si\/aktualno\/z-nami-ravnajo-slabse-kot-z-zivalmi\/\"},\"author\":{\"name\":\"hudo\",\"@id\":\"https:\/\/hudo.com\/si\/#\/schema\/person\/601cf3379633985b20f7e50f2bb47707\"},\"headline\":\"&#8220;Z nami ravnajo slab\u0161e kot z \u017eivalmi&#8221;\",\"datePublished\":\"2017-04-06T21:17:00+00:00\",\"dateModified\":\"2017-04-07T05:23:13+00:00\",\"mainEntityOfPage\":{\"@id\":\"https:\/\/hudo.com\/si\/aktualno\/z-nami-ravnajo-slabse-kot-z-zivalmi\/\"},\"wordCount\":374,\"publisher\":{\"@id\":\"https:\/\/hudo.com\/si\/#organization\"},\"articleSection\":[\"Aktualno\"],\"inLanguage\":\"sl-SI\"},{\"@type\":\"WebPage\",\"@id\":\"https:\/\/hudo.com\/si\/aktualno\/z-nami-ravnajo-slabse-kot-z-zivalmi\/\",\"url\":\"https:\/\/hudo.com\/si\/aktualno\/z-nami-ravnajo-slabse-kot-z-zivalmi\/\",\"name\":\"\\\"Z nami ravnajo slab\u0161e kot z \u017eivalmi\\\" - Hudo Slovenija\",\"isPartOf\":{\"@id\":\"https:\/\/hudo.com\/si\/#website\"},\"datePublished\":\"2017-04-06T21:17:00+00:00\",\"dateModified\":\"2017-04-07T05:23:13+00:00\",\"breadcrumb\":{\"@id\":\"https:\/\/hudo.com\/si\/aktualno\/z-nami-ravnajo-slabse-kot-z-zivalmi\/#breadcrumb\"},\"inLanguage\":\"sl-SI\",\"potentialAction\":[{\"@type\":\"ReadAction\",\"target\":[\"https:\/\/hudo.com\/si\/aktualno\/z-nami-ravnajo-slabse-kot-z-zivalmi\/\"]}]},{\"@type\":\"BreadcrumbList\",\"@id\":\"https:\/\/hudo.com\/si\/aktualno\/z-nami-ravnajo-slabse-kot-z-zivalmi\/#breadcrumb\",\"itemListElement\":[{\"@type\":\"ListItem\",\"position\":1,\"name\":\"Home\",\"item\":\"https:\/\/hudo.com\/si\/\"},{\"@type\":\"ListItem\",\"position\":2,\"name\":\"&#8220;Z nami ravnajo slab\u0161e kot z \u017eivalmi&#8221;\"}]},{\"@type\":\"WebSite\",\"@id\":\"https:\/\/hudo.com\/si\/#website\",\"url\":\"https:\/\/hudo.com\/si\/\",\"name\":\"Hudo Slovenija\",\"description\":\"Vse novice iz Slovenije in sveta\",\"publisher\":{\"@id\":\"https:\/\/hudo.com\/si\/#organization\"},\"potentialAction\":[{\"@type\":\"SearchAction\",\"target\":{\"@type\":\"EntryPoint\",\"urlTemplate\":\"https:\/\/hudo.com\/si\/?s={search_term_string}\"},\"query-input\":\"required name=search_term_string\"}],\"inLanguage\":\"sl-SI\"},{\"@type\":\"Organization\",\"@id\":\"https:\/\/hudo.com\/si\/#organization\",\"name\":\"VSN Media\",\"url\":\"https:\/\/hudo.com\/si\/\",\"logo\":{\"@type\":\"ImageObject\",\"inLanguage\":\"sl-SI\",\"@id\":\"https:\/\/hudo.com\/si\/#\/schema\/logo\/image\/\",\"url\":\"https:\/\/hudo.com\/si\/wp-content\/uploads\/sites\/2\/2021\/03\/hudo-app-2.png\",\"contentUrl\":\"https:\/\/hudo.com\/si\/wp-content\/uploads\/sites\/2\/2021\/03\/hudo-app-2.png\",\"width\":2185,\"height\":2167,\"caption\":\"VSN Media\"},\"image\":{\"@id\":\"https:\/\/hudo.com\/si\/#\/schema\/logo\/image\/\"},\"sameAs\":[\"https:\/\/www.facebook.com\/hudo.si\",\"https:\/\/twitter.com\/hudo_si\"]},{\"@type\":\"Person\",\"@id\":\"https:\/\/hudo.com\/si\/#\/schema\/person\/601cf3379633985b20f7e50f2bb47707\",\"name\":\"hudo\",\"image\":{\"@type\":\"ImageObject\",\"inLanguage\":\"sl-SI\",\"@id\":\"https:\/\/hudo.com\/si\/#\/schema\/person\/image\/\",\"url\":\"https:\/\/secure.gravatar.com\/avatar\/c4ca25fa72cace7a696b52ff5db9e095?s=96&d=mm&r=g\",\"contentUrl\":\"https:\/\/secure.gravatar.com\/avatar\/c4ca25fa72cace7a696b52ff5db9e095?s=96&d=mm&r=g\",\"caption\":\"hudo\"},\"url\":\"https:\/\/hudo.com\/si\/author\/hudo\/\"}]}<\/script>\n<!-- \/ Yoast SEO plugin. -->","yoast_head_json":{"title":"\"Z nami ravnajo slab\u0161e kot z \u017eivalmi\" - Hudo Slovenija","robots":{"index":"index","follow":"follow","max-snippet":"max-snippet:-1","max-image-preview":"max-image-preview:large","max-video-preview":"max-video-preview:-1"},"canonical":"https:\/\/hudo.com\/si\/aktualno\/z-nami-ravnajo-slabse-kot-z-zivalmi\/","og_locale":"sl_SI","og_type":"article","og_title":"\"Z nami ravnajo slab\u0161e kot z \u017eivalmi\" - Hudo Slovenija","og_description":"Pred enim letom je EU, tudi na pobudo slovenskega predsednika vlade Mira Cerarja, za begunce zaprla pot \u010dez Zahodni Balkan. Na makedonsko mejo z Gr\u010dijo so postavili \u017ei\u010dnato ograjo, v pomo\u010d, da bi \u010dim bolj varovali mejo, pa poslali policiste iz nekaterih evropskih dr\u017eav - tudi iz Slovenije. A to ne pomeni, da je meja, kljub tovrstni \u017eelji EU, nepredu\u0161na. Da rek, kjer je volja, tam je pot, \u0161e kako velja, dokazujejo begunci, ki se \u017ee vedno posku\u0161ajo prebiti \u010dez Makedonijo in Bolgarijo do EU. \"Poglej, kako imam do polovice dvignjeno \u017ealuzijo balkonskih vrat. Tako lahko kar iz naslonja\u010da spremljam, ali gredo begunci po progi, da jim prisko\u010dim na pomo\u010d,\" mi razlaga Len\u010de Zdravkin, potem ko jo obi\u0161\u010dem na njenem domu tik ob \u017eelezni\u0161ki progi v makedonskem Velesu. Minili so sicer \u010dasi, ko je Len\u010de, begunska heroina, mati Tereza beguncev, kot so jo razglasili v Makedoniji, v svoji hi\u0161i v dolo\u010denih trenutkih gostila tudi po 300 beguncev in migrantov, jim oskrbela po\u0161kodbe, jih nahranila in oblekla. A tudi danes, ko naj bi bila pot hermeti\u010dno zaprta, begunci pono\u010di hodijo mimo njene hi\u0161e. \"Takoj ko se je malo otoplilo, so za\u010deli hoditi mimo. Ni jih sicer veliko, a skoraj vsako no\u010d je kdo. Tako kot prej tudi tem pomagam. Moje skladi\u0161\u010de v kleti je polno,\" poka\u017ee sobo, zalo\u017eeno s hrano, obleko, higienskimi pripomo\u010dki in celo s kolesom. \"Nekaj koles so mi pustili begunci, ko \u0161e lahko kolesarili po avtocesti. \u010ce zdaj pride kak\u0161en begunec, za katerega ocenim, da je dovolj pri mo\u010deh, mu dam kolo, da se odpelje naprej, kajti oblasti beguncem ne dovolijo, da bi se preva\u017eali z vlakom ali avtobusom.\"    Andrej Petelin\u0161ek Begunci v Pre\u0161evu si posku\u0161ajo vsaj nekaj intime zagotoviti s pregradami iz odej.  \u010cakanje, ki ubija V Makedoniji, dr\u017eavi, po kateri je \u0161e pred dobrim letom potekala glavna begunska transverzala, je v teh dneh le nekaj deset beguncev. \"Nih\u010de ni ube\u017eal vojni, nasilju ali kak\u0161nim drugim grozotam z \u017eeljo, da ostane v Makedoniji. Vsi bi radi v EU,\" mi razlaga vodja beguns","og_url":"https:\/\/hudo.com\/si\/aktualno\/z-nami-ravnajo-slabse-kot-z-zivalmi\/","og_site_name":"Hudo Slovenija","article_publisher":"https:\/\/www.facebook.com\/hudo.si","article_published_time":"2017-04-06T21:17:00+00:00","article_modified_time":"2017-04-07T05:23:13+00:00","og_image":[{"width":450,"height":300,"url":"https:\/\/hudo.com\/si\/wp-content\/uploads\/sites\/2\/2017\/04\/ANDR1957-300.jpg","type":"image\/jpeg"}],"author":"hudo","twitter_card":"summary_large_image","twitter_creator":"@hudo_si","twitter_site":"@hudo_si","twitter_misc":{"Written by":"hudo","Est. reading time":"2 minuti"},"schema":{"@context":"https:\/\/schema.org","@graph":[{"@type":"Article","@id":"https:\/\/hudo.com\/si\/aktualno\/z-nami-ravnajo-slabse-kot-z-zivalmi\/#article","isPartOf":{"@id":"https:\/\/hudo.com\/si\/aktualno\/z-nami-ravnajo-slabse-kot-z-zivalmi\/"},"author":{"name":"hudo","@id":"https:\/\/hudo.com\/si\/#\/schema\/person\/601cf3379633985b20f7e50f2bb47707"},"headline":"&#8220;Z nami ravnajo slab\u0161e kot z \u017eivalmi&#8221;","datePublished":"2017-04-06T21:17:00+00:00","dateModified":"2017-04-07T05:23:13+00:00","mainEntityOfPage":{"@id":"https:\/\/hudo.com\/si\/aktualno\/z-nami-ravnajo-slabse-kot-z-zivalmi\/"},"wordCount":374,"publisher":{"@id":"https:\/\/hudo.com\/si\/#organization"},"articleSection":["Aktualno"],"inLanguage":"sl-SI"},{"@type":"WebPage","@id":"https:\/\/hudo.com\/si\/aktualno\/z-nami-ravnajo-slabse-kot-z-zivalmi\/","url":"https:\/\/hudo.com\/si\/aktualno\/z-nami-ravnajo-slabse-kot-z-zivalmi\/","name":"\"Z nami ravnajo slab\u0161e kot z \u017eivalmi\" - Hudo Slovenija","isPartOf":{"@id":"https:\/\/hudo.com\/si\/#website"},"datePublished":"2017-04-06T21:17:00+00:00","dateModified":"2017-04-07T05:23:13+00:00","breadcrumb":{"@id":"https:\/\/hudo.com\/si\/aktualno\/z-nami-ravnajo-slabse-kot-z-zivalmi\/#breadcrumb"},"inLanguage":"sl-SI","potentialAction":[{"@type":"ReadAction","target":["https:\/\/hudo.com\/si\/aktualno\/z-nami-ravnajo-slabse-kot-z-zivalmi\/"]}]},{"@type":"BreadcrumbList","@id":"https:\/\/hudo.com\/si\/aktualno\/z-nami-ravnajo-slabse-kot-z-zivalmi\/#breadcrumb","itemListElement":[{"@type":"ListItem","position":1,"name":"Home","item":"https:\/\/hudo.com\/si\/"},{"@type":"ListItem","position":2,"name":"&#8220;Z nami ravnajo slab\u0161e kot z \u017eivalmi&#8221;"}]},{"@type":"WebSite","@id":"https:\/\/hudo.com\/si\/#website","url":"https:\/\/hudo.com\/si\/","name":"Hudo Slovenija","description":"Vse novice iz Slovenije in sveta","publisher":{"@id":"https:\/\/hudo.com\/si\/#organization"},"potentialAction":[{"@type":"SearchAction","target":{"@type":"EntryPoint","urlTemplate":"https:\/\/hudo.com\/si\/?s={search_term_string}"},"query-input":"required name=search_term_string"}],"inLanguage":"sl-SI"},{"@type":"Organization","@id":"https:\/\/hudo.com\/si\/#organization","name":"VSN Media","url":"https:\/\/hudo.com\/si\/","logo":{"@type":"ImageObject","inLanguage":"sl-SI","@id":"https:\/\/hudo.com\/si\/#\/schema\/logo\/image\/","url":"https:\/\/hudo.com\/si\/wp-content\/uploads\/sites\/2\/2021\/03\/hudo-app-2.png","contentUrl":"https:\/\/hudo.com\/si\/wp-content\/uploads\/sites\/2\/2021\/03\/hudo-app-2.png","width":2185,"height":2167,"caption":"VSN Media"},"image":{"@id":"https:\/\/hudo.com\/si\/#\/schema\/logo\/image\/"},"sameAs":["https:\/\/www.facebook.com\/hudo.si","https:\/\/twitter.com\/hudo_si"]},{"@type":"Person","@id":"https:\/\/hudo.com\/si\/#\/schema\/person\/601cf3379633985b20f7e50f2bb47707","name":"hudo","image":{"@type":"ImageObject","inLanguage":"sl-SI","@id":"https:\/\/hudo.com\/si\/#\/schema\/person\/image\/","url":"https:\/\/secure.gravatar.com\/avatar\/c4ca25fa72cace7a696b52ff5db9e095?s=96&d=mm&r=g","contentUrl":"https:\/\/secure.gravatar.com\/avatar\/c4ca25fa72cace7a696b52ff5db9e095?s=96&d=mm&r=g","caption":"hudo"},"url":"https:\/\/hudo.com\/si\/author\/hudo\/"}]}},"amp_enabled":true,"_links":{"self":[{"href":"https:\/\/hudo.com\/si\/wp-json\/wp\/v2\/posts\/237969"}],"collection":[{"href":"https:\/\/hudo.com\/si\/wp-json\/wp\/v2\/posts"}],"about":[{"href":"https:\/\/hudo.com\/si\/wp-json\/wp\/v2\/types\/post"}],"author":[{"embeddable":true,"href":"https:\/\/hudo.com\/si\/wp-json\/wp\/v2\/users\/1"}],"replies":[{"embeddable":true,"href":"https:\/\/hudo.com\/si\/wp-json\/wp\/v2\/comments?post=237969"}],"version-history":[{"count":1,"href":"https:\/\/hudo.com\/si\/wp-json\/wp\/v2\/posts\/237969\/revisions"}],"predecessor-version":[{"id":237971,"href":"https:\/\/hudo.com\/si\/wp-json\/wp\/v2\/posts\/237969\/revisions\/237971"}],"wp:attachment":[{"href":"https:\/\/hudo.com\/si\/wp-json\/wp\/v2\/media?parent=237969"}],"wp:term":[{"taxonomy":"category","embeddable":true,"href":"https:\/\/hudo.com\/si\/wp-json\/wp\/v2\/categories?post=237969"},{"taxonomy":"post_tag","embeddable":true,"href":"https:\/\/hudo.com\/si\/wp-json\/wp\/v2\/tags?post=237969"},{"taxonomy":"source","embeddable":true,"href":"https:\/\/hudo.com\/si\/wp-json\/wp\/v2\/source?post=237969"},{"taxonomy":"supertag","embeddable":true,"href":"https:\/\/hudo.com\/si\/wp-json\/wp\/v2\/supertag?post=237969"}],"curies":[{"name":"wp","href":"https:\/\/api.w.org\/{rel}","templated":true}]}}