{"id":238125,"date":"2017-04-07T04:00:00","date_gmt":"2017-04-07T02:00:00","guid":{"rendered":"http:\/\/hudo.com\/si\/2017\/04\/07\/hrvaski-trgovski-gigant-tone-pod-tezo-dolgov\/"},"modified":"2017-04-07T04:00:00","modified_gmt":"2017-04-07T02:00:00","slug":"hrvaski-trgovski-gigant-tone-pod-tezo-dolgov","status":"publish","type":"post","link":"https:\/\/hudo.com\/si\/aktualno\/hrvaski-trgovski-gigant-tone-pod-tezo-dolgov\/","title":{"rendered":"Hrva\u0161ki trgovski gigant tone pod te\u017eo dolgov"},"content":{"rendered":"<p>\u010ce bi iskali himno za propadajo\u010di Agrokor, bolj\u0161e od pesmi \u201cFell the light\u201d (Ob\u010duti svetlobo), pevca z umetni\u0161kim imenom A3, skoraj ne bi mogli najti. Na deset tiso\u010de na pla\u010dilo \u010dakajo\u010dih dobaviteljev in 60.000 zaposlenih v \u0161tevilnih dru\u017ebah mnogih dr\u017eav na obmo\u010dju Balkana, ki jih je pod eno streho zdru\u017eil hrva\u0161ki koncern, si najbr\u017e najbolj \u017eeli ugledati svetlobo na koncu predora, ki se imenuje Agrokor. \u010ce se hrva\u0161ki davkopla\u010devalci spra\u0161ujejo, ali bodo prezadol\u017eenega giganta, ki je razpredel mre\u017eo v vse pore hrva\u0161ke dru\u017ebe, re\u0161evali sami, pa se Slovenci spra\u0161ujemo, kako bo potapljanje Agrokorjeve ladje pre\u017eivel Mercator, ki ga je Agrokor kupil pred tremi leti, in njegovih ve\u010d kot 10.000 zaposlenih in 2000 dobaviteljev.<\/p>\n","protected":false},"excerpt":{"rendered":"<p>\u010ce bi iskali himno za propadajo\u010di Agrokor, bolj\u0161e od pesmi \u201cFell the light\u201d (Ob\u010duti svetlobo), pevca z umetni\u0161kim imenom A3, skoraj ne bi mogli najti. Na deset tiso\u010de na pla\u010dilo \u010dakajo\u010dih dobaviteljev in 60.000 zaposlenih v \u0161tevilnih dru\u017ebah mnogih dr\u017eav na obmo\u010dju Balkana, ki jih je pod eno streho zdru\u017eil hrva\u0161ki koncern, si najbr\u017e najbolj \u017eeli ugledati svetlobo na koncu predora, ki se imenuje Agrokor. \u010ce se hrva\u0161ki davkopla\u010devalci spra\u0161ujejo, ali bodo prezadol\u017eenega giganta, ki je razpredel mre\u017eo v vse pore hrva\u0161ke dru\u017ebe, re\u0161evali sami, pa se Slovenci spra\u0161ujemo, kako bo potapljanje Agrokorjeve ladje pre\u017eivel Mercator, ki ga je Agrokor kupil pred tremi leti, in njegovih ve\u010d kot 10.000 zaposlenih in 2000 dobaviteljev.<\/p>\n","protected":false},"author":1,"featured_media":0,"comment_status":"closed","ping_status":"closed","sticky":false,"template":"","format":"standard","meta":{"footnotes":""},"categories":[1179],"tags":[],"source":[1707],"supertag":[],"acf":[],"yoast_head":"<!-- This site is optimized with the Yoast SEO plugin v21.3 - https:\/\/yoast.com\/wordpress\/plugins\/seo\/ -->\n<title>Hrva\u0161ki trgovski gigant tone pod te\u017eo dolgov - Hudo Slovenija<\/title>\n<meta name=\"robots\" content=\"index, follow, max-snippet:-1, max-image-preview:large, max-video-preview:-1\" \/>\n<link rel=\"canonical\" href=\"https:\/\/hudo.com\/si\/aktualno\/hrvaski-trgovski-gigant-tone-pod-tezo-dolgov\/\" \/>\n<meta property=\"og:locale\" content=\"sl_SI\" \/>\n<meta property=\"og:type\" content=\"article\" \/>\n<meta property=\"og:title\" content=\"Hrva\u0161ki trgovski gigant tone pod te\u017eo dolgov - Hudo Slovenija\" \/>\n<meta property=\"og:description\" content=\"\u010ce bi iskali himno za propadajo\u010di Agrokor, bolj\u0161e od pesmi \u201cFell the light\u201d (Ob\u010duti svetlobo), pevca z umetni\u0161kim imenom A3, skoraj ne bi mogli najti. Na deset tiso\u010de na pla\u010dilo \u010dakajo\u010dih dobaviteljev in 60.000 zaposlenih v \u0161tevilnih dru\u017ebah mnogih dr\u017eav na obmo\u010dju Balkana, ki jih je pod eno streho zdru\u017eil hrva\u0161ki koncern, si najbr\u017e najbolj \u017eeli ugledati svetlobo na koncu predora, ki se imenuje Agrokor. \u010ce se hrva\u0161ki davkopla\u010devalci spra\u0161ujejo, ali bodo prezadol\u017eenega giganta, ki je razpredel mre\u017eo v vse pore hrva\u0161ke dru\u017ebe, re\u0161evali sami, pa se Slovenci spra\u0161ujemo, kako bo potapljanje Agrokorjeve ladje pre\u017eivel Mercator, ki ga je Agrokor kupil pred tremi leti, in njegovih ve\u010d kot 10.000 zaposlenih in 2000 dobaviteljev.\" \/>\n<meta property=\"og:url\" content=\"https:\/\/hudo.com\/si\/aktualno\/hrvaski-trgovski-gigant-tone-pod-tezo-dolgov\/\" \/>\n<meta property=\"og:site_name\" content=\"Hudo Slovenija\" \/>\n<meta property=\"article:publisher\" content=\"https:\/\/www.facebook.com\/hudo.si\" \/>\n<meta property=\"article:published_time\" content=\"2017-04-07T02:00:00+00:00\" \/>\n<meta property=\"og:image\" content=\"https:\/\/hudo.com\/si\/wp-content\/uploads\/sites\/2\/2017\/04\/081-mercator.jpg\" \/>\n\t<meta property=\"og:image:width\" content=\"620\" \/>\n\t<meta property=\"og:image:height\" content=\"413\" \/>\n\t<meta property=\"og:image:type\" content=\"image\/jpeg\" \/>\n<meta name=\"author\" content=\"hudo\" \/>\n<meta name=\"twitter:card\" content=\"summary_large_image\" \/>\n<meta name=\"twitter:creator\" content=\"@hudo_si\" \/>\n<meta name=\"twitter:site\" content=\"@hudo_si\" \/>\n<meta name=\"twitter:label1\" content=\"Written by\" \/>\n\t<meta name=\"twitter:data1\" content=\"hudo\" \/>\n\t<meta name=\"twitter:label2\" content=\"Est. reading time\" \/>\n\t<meta name=\"twitter:data2\" content=\"1 minuta\" \/>\n<script type=\"application\/ld+json\" class=\"yoast-schema-graph\">{\"@context\":\"https:\/\/schema.org\",\"@graph\":[{\"@type\":\"Article\",\"@id\":\"https:\/\/hudo.com\/si\/aktualno\/hrvaski-trgovski-gigant-tone-pod-tezo-dolgov\/#article\",\"isPartOf\":{\"@id\":\"https:\/\/hudo.com\/si\/aktualno\/hrvaski-trgovski-gigant-tone-pod-tezo-dolgov\/\"},\"author\":{\"name\":\"hudo\",\"@id\":\"https:\/\/hudo.com\/si\/#\/schema\/person\/601cf3379633985b20f7e50f2bb47707\"},\"headline\":\"Hrva\u0161ki trgovski gigant tone pod te\u017eo dolgov\",\"datePublished\":\"2017-04-07T02:00:00+00:00\",\"dateModified\":\"2017-04-07T02:00:00+00:00\",\"mainEntityOfPage\":{\"@id\":\"https:\/\/hudo.com\/si\/aktualno\/hrvaski-trgovski-gigant-tone-pod-tezo-dolgov\/\"},\"wordCount\":141,\"publisher\":{\"@id\":\"https:\/\/hudo.com\/si\/#organization\"},\"articleSection\":[\"Aktualno\"],\"inLanguage\":\"sl-SI\"},{\"@type\":\"WebPage\",\"@id\":\"https:\/\/hudo.com\/si\/aktualno\/hrvaski-trgovski-gigant-tone-pod-tezo-dolgov\/\",\"url\":\"https:\/\/hudo.com\/si\/aktualno\/hrvaski-trgovski-gigant-tone-pod-tezo-dolgov\/\",\"name\":\"Hrva\u0161ki trgovski gigant tone pod te\u017eo dolgov - Hudo Slovenija\",\"isPartOf\":{\"@id\":\"https:\/\/hudo.com\/si\/#website\"},\"datePublished\":\"2017-04-07T02:00:00+00:00\",\"dateModified\":\"2017-04-07T02:00:00+00:00\",\"breadcrumb\":{\"@id\":\"https:\/\/hudo.com\/si\/aktualno\/hrvaski-trgovski-gigant-tone-pod-tezo-dolgov\/#breadcrumb\"},\"inLanguage\":\"sl-SI\",\"potentialAction\":[{\"@type\":\"ReadAction\",\"target\":[\"https:\/\/hudo.com\/si\/aktualno\/hrvaski-trgovski-gigant-tone-pod-tezo-dolgov\/\"]}]},{\"@type\":\"BreadcrumbList\",\"@id\":\"https:\/\/hudo.com\/si\/aktualno\/hrvaski-trgovski-gigant-tone-pod-tezo-dolgov\/#breadcrumb\",\"itemListElement\":[{\"@type\":\"ListItem\",\"position\":1,\"name\":\"Home\",\"item\":\"https:\/\/hudo.com\/si\/\"},{\"@type\":\"ListItem\",\"position\":2,\"name\":\"Hrva\u0161ki trgovski gigant tone pod te\u017eo dolgov\"}]},{\"@type\":\"WebSite\",\"@id\":\"https:\/\/hudo.com\/si\/#website\",\"url\":\"https:\/\/hudo.com\/si\/\",\"name\":\"Hudo Slovenija\",\"description\":\"Vse novice iz Slovenije in sveta\",\"publisher\":{\"@id\":\"https:\/\/hudo.com\/si\/#organization\"},\"potentialAction\":[{\"@type\":\"SearchAction\",\"target\":{\"@type\":\"EntryPoint\",\"urlTemplate\":\"https:\/\/hudo.com\/si\/?s={search_term_string}\"},\"query-input\":\"required name=search_term_string\"}],\"inLanguage\":\"sl-SI\"},{\"@type\":\"Organization\",\"@id\":\"https:\/\/hudo.com\/si\/#organization\",\"name\":\"VSN Media\",\"url\":\"https:\/\/hudo.com\/si\/\",\"logo\":{\"@type\":\"ImageObject\",\"inLanguage\":\"sl-SI\",\"@id\":\"https:\/\/hudo.com\/si\/#\/schema\/logo\/image\/\",\"url\":\"https:\/\/hudo.com\/si\/wp-content\/uploads\/sites\/2\/2021\/03\/hudo-app-2.png\",\"contentUrl\":\"https:\/\/hudo.com\/si\/wp-content\/uploads\/sites\/2\/2021\/03\/hudo-app-2.png\",\"width\":2185,\"height\":2167,\"caption\":\"VSN Media\"},\"image\":{\"@id\":\"https:\/\/hudo.com\/si\/#\/schema\/logo\/image\/\"},\"sameAs\":[\"https:\/\/www.facebook.com\/hudo.si\",\"https:\/\/twitter.com\/hudo_si\"]},{\"@type\":\"Person\",\"@id\":\"https:\/\/hudo.com\/si\/#\/schema\/person\/601cf3379633985b20f7e50f2bb47707\",\"name\":\"hudo\",\"image\":{\"@type\":\"ImageObject\",\"inLanguage\":\"sl-SI\",\"@id\":\"https:\/\/hudo.com\/si\/#\/schema\/person\/image\/\",\"url\":\"https:\/\/secure.gravatar.com\/avatar\/c4ca25fa72cace7a696b52ff5db9e095?s=96&d=mm&r=g\",\"contentUrl\":\"https:\/\/secure.gravatar.com\/avatar\/c4ca25fa72cace7a696b52ff5db9e095?s=96&d=mm&r=g\",\"caption\":\"hudo\"},\"url\":\"https:\/\/hudo.com\/si\/author\/hudo\/\"}]}<\/script>\n<!-- \/ Yoast SEO plugin. -->","yoast_head_json":{"title":"Hrva\u0161ki trgovski gigant tone pod te\u017eo dolgov - Hudo Slovenija","robots":{"index":"index","follow":"follow","max-snippet":"max-snippet:-1","max-image-preview":"max-image-preview:large","max-video-preview":"max-video-preview:-1"},"canonical":"https:\/\/hudo.com\/si\/aktualno\/hrvaski-trgovski-gigant-tone-pod-tezo-dolgov\/","og_locale":"sl_SI","og_type":"article","og_title":"Hrva\u0161ki trgovski gigant tone pod te\u017eo dolgov - Hudo Slovenija","og_description":"\u010ce bi iskali himno za propadajo\u010di Agrokor, bolj\u0161e od pesmi \u201cFell the light\u201d (Ob\u010duti svetlobo), pevca z umetni\u0161kim imenom A3, skoraj ne bi mogli najti. Na deset tiso\u010de na pla\u010dilo \u010dakajo\u010dih dobaviteljev in 60.000 zaposlenih v \u0161tevilnih dru\u017ebah mnogih dr\u017eav na obmo\u010dju Balkana, ki jih je pod eno streho zdru\u017eil hrva\u0161ki koncern, si najbr\u017e najbolj \u017eeli ugledati svetlobo na koncu predora, ki se imenuje Agrokor. \u010ce se hrva\u0161ki davkopla\u010devalci spra\u0161ujejo, ali bodo prezadol\u017eenega giganta, ki je razpredel mre\u017eo v vse pore hrva\u0161ke dru\u017ebe, re\u0161evali sami, pa se Slovenci spra\u0161ujemo, kako bo potapljanje Agrokorjeve ladje pre\u017eivel Mercator, ki ga je Agrokor kupil pred tremi leti, in njegovih ve\u010d kot 10.000 zaposlenih in 2000 dobaviteljev.","og_url":"https:\/\/hudo.com\/si\/aktualno\/hrvaski-trgovski-gigant-tone-pod-tezo-dolgov\/","og_site_name":"Hudo Slovenija","article_publisher":"https:\/\/www.facebook.com\/hudo.si","article_published_time":"2017-04-07T02:00:00+00:00","og_image":[{"width":620,"height":413,"url":"https:\/\/hudo.com\/si\/wp-content\/uploads\/sites\/2\/2017\/04\/081-mercator.jpg","type":"image\/jpeg"}],"author":"hudo","twitter_card":"summary_large_image","twitter_creator":"@hudo_si","twitter_site":"@hudo_si","twitter_misc":{"Written by":"hudo","Est. reading time":"1 minuta"},"schema":{"@context":"https:\/\/schema.org","@graph":[{"@type":"Article","@id":"https:\/\/hudo.com\/si\/aktualno\/hrvaski-trgovski-gigant-tone-pod-tezo-dolgov\/#article","isPartOf":{"@id":"https:\/\/hudo.com\/si\/aktualno\/hrvaski-trgovski-gigant-tone-pod-tezo-dolgov\/"},"author":{"name":"hudo","@id":"https:\/\/hudo.com\/si\/#\/schema\/person\/601cf3379633985b20f7e50f2bb47707"},"headline":"Hrva\u0161ki trgovski gigant tone pod te\u017eo dolgov","datePublished":"2017-04-07T02:00:00+00:00","dateModified":"2017-04-07T02:00:00+00:00","mainEntityOfPage":{"@id":"https:\/\/hudo.com\/si\/aktualno\/hrvaski-trgovski-gigant-tone-pod-tezo-dolgov\/"},"wordCount":141,"publisher":{"@id":"https:\/\/hudo.com\/si\/#organization"},"articleSection":["Aktualno"],"inLanguage":"sl-SI"},{"@type":"WebPage","@id":"https:\/\/hudo.com\/si\/aktualno\/hrvaski-trgovski-gigant-tone-pod-tezo-dolgov\/","url":"https:\/\/hudo.com\/si\/aktualno\/hrvaski-trgovski-gigant-tone-pod-tezo-dolgov\/","name":"Hrva\u0161ki trgovski gigant tone pod te\u017eo dolgov - Hudo Slovenija","isPartOf":{"@id":"https:\/\/hudo.com\/si\/#website"},"datePublished":"2017-04-07T02:00:00+00:00","dateModified":"2017-04-07T02:00:00+00:00","breadcrumb":{"@id":"https:\/\/hudo.com\/si\/aktualno\/hrvaski-trgovski-gigant-tone-pod-tezo-dolgov\/#breadcrumb"},"inLanguage":"sl-SI","potentialAction":[{"@type":"ReadAction","target":["https:\/\/hudo.com\/si\/aktualno\/hrvaski-trgovski-gigant-tone-pod-tezo-dolgov\/"]}]},{"@type":"BreadcrumbList","@id":"https:\/\/hudo.com\/si\/aktualno\/hrvaski-trgovski-gigant-tone-pod-tezo-dolgov\/#breadcrumb","itemListElement":[{"@type":"ListItem","position":1,"name":"Home","item":"https:\/\/hudo.com\/si\/"},{"@type":"ListItem","position":2,"name":"Hrva\u0161ki trgovski gigant tone pod te\u017eo dolgov"}]},{"@type":"WebSite","@id":"https:\/\/hudo.com\/si\/#website","url":"https:\/\/hudo.com\/si\/","name":"Hudo Slovenija","description":"Vse novice iz Slovenije in sveta","publisher":{"@id":"https:\/\/hudo.com\/si\/#organization"},"potentialAction":[{"@type":"SearchAction","target":{"@type":"EntryPoint","urlTemplate":"https:\/\/hudo.com\/si\/?s={search_term_string}"},"query-input":"required name=search_term_string"}],"inLanguage":"sl-SI"},{"@type":"Organization","@id":"https:\/\/hudo.com\/si\/#organization","name":"VSN Media","url":"https:\/\/hudo.com\/si\/","logo":{"@type":"ImageObject","inLanguage":"sl-SI","@id":"https:\/\/hudo.com\/si\/#\/schema\/logo\/image\/","url":"https:\/\/hudo.com\/si\/wp-content\/uploads\/sites\/2\/2021\/03\/hudo-app-2.png","contentUrl":"https:\/\/hudo.com\/si\/wp-content\/uploads\/sites\/2\/2021\/03\/hudo-app-2.png","width":2185,"height":2167,"caption":"VSN Media"},"image":{"@id":"https:\/\/hudo.com\/si\/#\/schema\/logo\/image\/"},"sameAs":["https:\/\/www.facebook.com\/hudo.si","https:\/\/twitter.com\/hudo_si"]},{"@type":"Person","@id":"https:\/\/hudo.com\/si\/#\/schema\/person\/601cf3379633985b20f7e50f2bb47707","name":"hudo","image":{"@type":"ImageObject","inLanguage":"sl-SI","@id":"https:\/\/hudo.com\/si\/#\/schema\/person\/image\/","url":"https:\/\/secure.gravatar.com\/avatar\/c4ca25fa72cace7a696b52ff5db9e095?s=96&d=mm&r=g","contentUrl":"https:\/\/secure.gravatar.com\/avatar\/c4ca25fa72cace7a696b52ff5db9e095?s=96&d=mm&r=g","caption":"hudo"},"url":"https:\/\/hudo.com\/si\/author\/hudo\/"}]}},"amp_enabled":true,"_links":{"self":[{"href":"https:\/\/hudo.com\/si\/wp-json\/wp\/v2\/posts\/238125"}],"collection":[{"href":"https:\/\/hudo.com\/si\/wp-json\/wp\/v2\/posts"}],"about":[{"href":"https:\/\/hudo.com\/si\/wp-json\/wp\/v2\/types\/post"}],"author":[{"embeddable":true,"href":"https:\/\/hudo.com\/si\/wp-json\/wp\/v2\/users\/1"}],"replies":[{"embeddable":true,"href":"https:\/\/hudo.com\/si\/wp-json\/wp\/v2\/comments?post=238125"}],"version-history":[{"count":0,"href":"https:\/\/hudo.com\/si\/wp-json\/wp\/v2\/posts\/238125\/revisions"}],"wp:attachment":[{"href":"https:\/\/hudo.com\/si\/wp-json\/wp\/v2\/media?parent=238125"}],"wp:term":[{"taxonomy":"category","embeddable":true,"href":"https:\/\/hudo.com\/si\/wp-json\/wp\/v2\/categories?post=238125"},{"taxonomy":"post_tag","embeddable":true,"href":"https:\/\/hudo.com\/si\/wp-json\/wp\/v2\/tags?post=238125"},{"taxonomy":"source","embeddable":true,"href":"https:\/\/hudo.com\/si\/wp-json\/wp\/v2\/source?post=238125"},{"taxonomy":"supertag","embeddable":true,"href":"https:\/\/hudo.com\/si\/wp-json\/wp\/v2\/supertag?post=238125"}],"curies":[{"name":"wp","href":"https:\/\/api.w.org\/{rel}","templated":true}]}}