{"id":239184,"date":"2017-04-09T15:26:42","date_gmt":"2017-04-09T13:26:42","guid":{"rendered":"http:\/\/hudo.com\/si\/2017\/04\/09\/kljub-milejsemu-rezimu-na-meji-se-vedno-daljse-cakalne-dobe-2\/"},"modified":"2017-04-10T09:22:03","modified_gmt":"2017-04-10T07:22:03","slug":"kljub-milejsemu-rezimu-na-meji-se-vedno-daljse-cakalne-dobe-2","status":"publish","type":"post","link":"https:\/\/hudo.com\/si\/aktualno\/kljub-milejsemu-rezimu-na-meji-se-vedno-daljse-cakalne-dobe-2\/","title":{"rendered":"Kljub milej\u0161emu re\u017eimu na meji \u0161e vedno dalj\u0161e \u010dakalne dobe"},"content":{"rendered":"<p>Kljub temu, da se po zagotovilih slovenskih in hrva\u0161kih policistov na meji med dr\u017eavama ob\u010dasno izvaja milej\u0161i nadzor potnikov, so \u010dakalne dobe na mejnih prehodi vse popoldne do dve uri. Po besedah predstavnice policije za odnose z javnostmi Vesne Drole se odgovorni policisti &#8220;po potrebi&#8221; odlo\u010dajo, kako bo potekal nadzor potnikov.<\/p>\n","protected":false},"excerpt":{"rendered":"<p>Kljub temu, da se po zagotovilih slovenskih in hrva\u0161kih policistov na meji med dr\u017eavama ob\u010dasno izvaja milej\u0161i nadzor potnikov, so \u010dakalne dobe na mejnih prehodi vse popoldne do dve uri. Po besedah predstavnice policije za odnose z javnostmi Vesne Drole se odgovorni policisti &#8220;po potrebi&#8221; odlo\u010dajo, kako bo potekal nadzor potnikov.<\/p>\n","protected":false},"author":1,"featured_media":0,"comment_status":"closed","ping_status":"closed","sticky":false,"template":"","format":"standard","meta":{"footnotes":""},"categories":[1179],"tags":[],"source":[1707],"supertag":[],"acf":[],"yoast_head":"<!-- This site is optimized with the Yoast SEO plugin v21.3 - https:\/\/yoast.com\/wordpress\/plugins\/seo\/ -->\n<title>Kljub milej\u0161emu re\u017eimu na meji \u0161e vedno dalj\u0161e \u010dakalne dobe - Hudo Slovenija<\/title>\n<meta name=\"robots\" content=\"index, follow, max-snippet:-1, max-image-preview:large, max-video-preview:-1\" \/>\n<link rel=\"canonical\" href=\"https:\/\/hudo.com\/si\/aktualno\/kljub-milejsemu-rezimu-na-meji-se-vedno-daljse-cakalne-dobe-2\/\" \/>\n<meta property=\"og:locale\" content=\"sl_SI\" \/>\n<meta property=\"og:type\" content=\"article\" \/>\n<meta property=\"og:title\" content=\"Kljub milej\u0161emu re\u017eimu na meji \u0161e vedno dalj\u0161e \u010dakalne dobe - Hudo Slovenija\" \/>\n<meta property=\"og:description\" content=\"Kljub temu, da se po zagotovilih slovenskih in hrva\u0161kih policistov na meji med dr\u017eavama ob\u010dasno izvaja milej\u0161i nadzor potnikov, so \u010dakalne dobe na mejnih prehodi vse popoldne do dve uri. Po besedah predstavnice policije za odnose z javnostmi Vesne Drole se odgovorni policisti &quot;po potrebi&quot; odlo\u010dajo, kako bo potekal nadzor potnikov.\" \/>\n<meta property=\"og:url\" content=\"https:\/\/hudo.com\/si\/aktualno\/kljub-milejsemu-rezimu-na-meji-se-vedno-daljse-cakalne-dobe-2\/\" \/>\n<meta property=\"og:site_name\" content=\"Hudo Slovenija\" \/>\n<meta property=\"article:publisher\" content=\"https:\/\/www.facebook.com\/hudo.si\" \/>\n<meta property=\"article:published_time\" content=\"2017-04-09T13:26:42+00:00\" \/>\n<meta property=\"article:modified_time\" content=\"2017-04-10T07:22:03+00:00\" \/>\n<meta property=\"og:image\" content=\"https:\/\/hudo.com\/si\/wp-content\/uploads\/sites\/2\/2017\/04\/081-starod8.jpg\" \/>\n\t<meta property=\"og:image:width\" content=\"620\" \/>\n\t<meta property=\"og:image:height\" content=\"413\" \/>\n\t<meta property=\"og:image:type\" content=\"image\/jpeg\" \/>\n<meta name=\"author\" content=\"hudo\" \/>\n<meta name=\"twitter:card\" content=\"summary_large_image\" \/>\n<meta name=\"twitter:creator\" content=\"@hudo_si\" \/>\n<meta name=\"twitter:site\" content=\"@hudo_si\" \/>\n<meta name=\"twitter:label1\" content=\"Written by\" \/>\n\t<meta name=\"twitter:data1\" content=\"hudo\" \/>\n<script type=\"application\/ld+json\" class=\"yoast-schema-graph\">{\"@context\":\"https:\/\/schema.org\",\"@graph\":[{\"@type\":\"Article\",\"@id\":\"https:\/\/hudo.com\/si\/aktualno\/kljub-milejsemu-rezimu-na-meji-se-vedno-daljse-cakalne-dobe-2\/#article\",\"isPartOf\":{\"@id\":\"https:\/\/hudo.com\/si\/aktualno\/kljub-milejsemu-rezimu-na-meji-se-vedno-daljse-cakalne-dobe-2\/\"},\"author\":{\"name\":\"hudo\",\"@id\":\"https:\/\/hudo.com\/si\/#\/schema\/person\/601cf3379633985b20f7e50f2bb47707\"},\"headline\":\"Kljub milej\u0161emu re\u017eimu na meji \u0161e vedno dalj\u0161e \u010dakalne dobe\",\"datePublished\":\"2017-04-09T13:26:42+00:00\",\"dateModified\":\"2017-04-10T07:22:03+00:00\",\"mainEntityOfPage\":{\"@id\":\"https:\/\/hudo.com\/si\/aktualno\/kljub-milejsemu-rezimu-na-meji-se-vedno-daljse-cakalne-dobe-2\/\"},\"wordCount\":69,\"publisher\":{\"@id\":\"https:\/\/hudo.com\/si\/#organization\"},\"articleSection\":[\"Aktualno\"],\"inLanguage\":\"sl-SI\"},{\"@type\":\"WebPage\",\"@id\":\"https:\/\/hudo.com\/si\/aktualno\/kljub-milejsemu-rezimu-na-meji-se-vedno-daljse-cakalne-dobe-2\/\",\"url\":\"https:\/\/hudo.com\/si\/aktualno\/kljub-milejsemu-rezimu-na-meji-se-vedno-daljse-cakalne-dobe-2\/\",\"name\":\"Kljub milej\u0161emu re\u017eimu na meji \u0161e vedno dalj\u0161e \u010dakalne dobe - Hudo Slovenija\",\"isPartOf\":{\"@id\":\"https:\/\/hudo.com\/si\/#website\"},\"datePublished\":\"2017-04-09T13:26:42+00:00\",\"dateModified\":\"2017-04-10T07:22:03+00:00\",\"breadcrumb\":{\"@id\":\"https:\/\/hudo.com\/si\/aktualno\/kljub-milejsemu-rezimu-na-meji-se-vedno-daljse-cakalne-dobe-2\/#breadcrumb\"},\"inLanguage\":\"sl-SI\",\"potentialAction\":[{\"@type\":\"ReadAction\",\"target\":[\"https:\/\/hudo.com\/si\/aktualno\/kljub-milejsemu-rezimu-na-meji-se-vedno-daljse-cakalne-dobe-2\/\"]}]},{\"@type\":\"BreadcrumbList\",\"@id\":\"https:\/\/hudo.com\/si\/aktualno\/kljub-milejsemu-rezimu-na-meji-se-vedno-daljse-cakalne-dobe-2\/#breadcrumb\",\"itemListElement\":[{\"@type\":\"ListItem\",\"position\":1,\"name\":\"Home\",\"item\":\"https:\/\/hudo.com\/si\/\"},{\"@type\":\"ListItem\",\"position\":2,\"name\":\"Kljub milej\u0161emu re\u017eimu na meji \u0161e vedno dalj\u0161e \u010dakalne dobe\"}]},{\"@type\":\"WebSite\",\"@id\":\"https:\/\/hudo.com\/si\/#website\",\"url\":\"https:\/\/hudo.com\/si\/\",\"name\":\"Hudo Slovenija\",\"description\":\"Vse novice iz Slovenije in sveta\",\"publisher\":{\"@id\":\"https:\/\/hudo.com\/si\/#organization\"},\"potentialAction\":[{\"@type\":\"SearchAction\",\"target\":{\"@type\":\"EntryPoint\",\"urlTemplate\":\"https:\/\/hudo.com\/si\/?s={search_term_string}\"},\"query-input\":\"required name=search_term_string\"}],\"inLanguage\":\"sl-SI\"},{\"@type\":\"Organization\",\"@id\":\"https:\/\/hudo.com\/si\/#organization\",\"name\":\"VSN Media\",\"url\":\"https:\/\/hudo.com\/si\/\",\"logo\":{\"@type\":\"ImageObject\",\"inLanguage\":\"sl-SI\",\"@id\":\"https:\/\/hudo.com\/si\/#\/schema\/logo\/image\/\",\"url\":\"https:\/\/hudo.com\/si\/wp-content\/uploads\/sites\/2\/2021\/03\/hudo-app-2.png\",\"contentUrl\":\"https:\/\/hudo.com\/si\/wp-content\/uploads\/sites\/2\/2021\/03\/hudo-app-2.png\",\"width\":2185,\"height\":2167,\"caption\":\"VSN Media\"},\"image\":{\"@id\":\"https:\/\/hudo.com\/si\/#\/schema\/logo\/image\/\"},\"sameAs\":[\"https:\/\/www.facebook.com\/hudo.si\",\"https:\/\/twitter.com\/hudo_si\"]},{\"@type\":\"Person\",\"@id\":\"https:\/\/hudo.com\/si\/#\/schema\/person\/601cf3379633985b20f7e50f2bb47707\",\"name\":\"hudo\",\"image\":{\"@type\":\"ImageObject\",\"inLanguage\":\"sl-SI\",\"@id\":\"https:\/\/hudo.com\/si\/#\/schema\/person\/image\/\",\"url\":\"https:\/\/secure.gravatar.com\/avatar\/c4ca25fa72cace7a696b52ff5db9e095?s=96&d=mm&r=g\",\"contentUrl\":\"https:\/\/secure.gravatar.com\/avatar\/c4ca25fa72cace7a696b52ff5db9e095?s=96&d=mm&r=g\",\"caption\":\"hudo\"},\"url\":\"https:\/\/hudo.com\/si\/author\/hudo\/\"}]}<\/script>\n<!-- \/ Yoast SEO plugin. -->","yoast_head_json":{"title":"Kljub milej\u0161emu re\u017eimu na meji \u0161e vedno dalj\u0161e \u010dakalne dobe - Hudo Slovenija","robots":{"index":"index","follow":"follow","max-snippet":"max-snippet:-1","max-image-preview":"max-image-preview:large","max-video-preview":"max-video-preview:-1"},"canonical":"https:\/\/hudo.com\/si\/aktualno\/kljub-milejsemu-rezimu-na-meji-se-vedno-daljse-cakalne-dobe-2\/","og_locale":"sl_SI","og_type":"article","og_title":"Kljub milej\u0161emu re\u017eimu na meji \u0161e vedno dalj\u0161e \u010dakalne dobe - Hudo Slovenija","og_description":"Kljub temu, da se po zagotovilih slovenskih in hrva\u0161kih policistov na meji med dr\u017eavama ob\u010dasno izvaja milej\u0161i nadzor potnikov, so \u010dakalne dobe na mejnih prehodi vse popoldne do dve uri. Po besedah predstavnice policije za odnose z javnostmi Vesne Drole se odgovorni policisti \"po potrebi\" odlo\u010dajo, kako bo potekal nadzor potnikov.","og_url":"https:\/\/hudo.com\/si\/aktualno\/kljub-milejsemu-rezimu-na-meji-se-vedno-daljse-cakalne-dobe-2\/","og_site_name":"Hudo Slovenija","article_publisher":"https:\/\/www.facebook.com\/hudo.si","article_published_time":"2017-04-09T13:26:42+00:00","article_modified_time":"2017-04-10T07:22:03+00:00","og_image":[{"width":620,"height":413,"url":"https:\/\/hudo.com\/si\/wp-content\/uploads\/sites\/2\/2017\/04\/081-starod8.jpg","type":"image\/jpeg"}],"author":"hudo","twitter_card":"summary_large_image","twitter_creator":"@hudo_si","twitter_site":"@hudo_si","twitter_misc":{"Written by":"hudo"},"schema":{"@context":"https:\/\/schema.org","@graph":[{"@type":"Article","@id":"https:\/\/hudo.com\/si\/aktualno\/kljub-milejsemu-rezimu-na-meji-se-vedno-daljse-cakalne-dobe-2\/#article","isPartOf":{"@id":"https:\/\/hudo.com\/si\/aktualno\/kljub-milejsemu-rezimu-na-meji-se-vedno-daljse-cakalne-dobe-2\/"},"author":{"name":"hudo","@id":"https:\/\/hudo.com\/si\/#\/schema\/person\/601cf3379633985b20f7e50f2bb47707"},"headline":"Kljub milej\u0161emu re\u017eimu na meji \u0161e vedno dalj\u0161e \u010dakalne dobe","datePublished":"2017-04-09T13:26:42+00:00","dateModified":"2017-04-10T07:22:03+00:00","mainEntityOfPage":{"@id":"https:\/\/hudo.com\/si\/aktualno\/kljub-milejsemu-rezimu-na-meji-se-vedno-daljse-cakalne-dobe-2\/"},"wordCount":69,"publisher":{"@id":"https:\/\/hudo.com\/si\/#organization"},"articleSection":["Aktualno"],"inLanguage":"sl-SI"},{"@type":"WebPage","@id":"https:\/\/hudo.com\/si\/aktualno\/kljub-milejsemu-rezimu-na-meji-se-vedno-daljse-cakalne-dobe-2\/","url":"https:\/\/hudo.com\/si\/aktualno\/kljub-milejsemu-rezimu-na-meji-se-vedno-daljse-cakalne-dobe-2\/","name":"Kljub milej\u0161emu re\u017eimu na meji \u0161e vedno dalj\u0161e \u010dakalne dobe - Hudo Slovenija","isPartOf":{"@id":"https:\/\/hudo.com\/si\/#website"},"datePublished":"2017-04-09T13:26:42+00:00","dateModified":"2017-04-10T07:22:03+00:00","breadcrumb":{"@id":"https:\/\/hudo.com\/si\/aktualno\/kljub-milejsemu-rezimu-na-meji-se-vedno-daljse-cakalne-dobe-2\/#breadcrumb"},"inLanguage":"sl-SI","potentialAction":[{"@type":"ReadAction","target":["https:\/\/hudo.com\/si\/aktualno\/kljub-milejsemu-rezimu-na-meji-se-vedno-daljse-cakalne-dobe-2\/"]}]},{"@type":"BreadcrumbList","@id":"https:\/\/hudo.com\/si\/aktualno\/kljub-milejsemu-rezimu-na-meji-se-vedno-daljse-cakalne-dobe-2\/#breadcrumb","itemListElement":[{"@type":"ListItem","position":1,"name":"Home","item":"https:\/\/hudo.com\/si\/"},{"@type":"ListItem","position":2,"name":"Kljub milej\u0161emu re\u017eimu na meji \u0161e vedno dalj\u0161e \u010dakalne dobe"}]},{"@type":"WebSite","@id":"https:\/\/hudo.com\/si\/#website","url":"https:\/\/hudo.com\/si\/","name":"Hudo Slovenija","description":"Vse novice iz Slovenije in sveta","publisher":{"@id":"https:\/\/hudo.com\/si\/#organization"},"potentialAction":[{"@type":"SearchAction","target":{"@type":"EntryPoint","urlTemplate":"https:\/\/hudo.com\/si\/?s={search_term_string}"},"query-input":"required name=search_term_string"}],"inLanguage":"sl-SI"},{"@type":"Organization","@id":"https:\/\/hudo.com\/si\/#organization","name":"VSN Media","url":"https:\/\/hudo.com\/si\/","logo":{"@type":"ImageObject","inLanguage":"sl-SI","@id":"https:\/\/hudo.com\/si\/#\/schema\/logo\/image\/","url":"https:\/\/hudo.com\/si\/wp-content\/uploads\/sites\/2\/2021\/03\/hudo-app-2.png","contentUrl":"https:\/\/hudo.com\/si\/wp-content\/uploads\/sites\/2\/2021\/03\/hudo-app-2.png","width":2185,"height":2167,"caption":"VSN Media"},"image":{"@id":"https:\/\/hudo.com\/si\/#\/schema\/logo\/image\/"},"sameAs":["https:\/\/www.facebook.com\/hudo.si","https:\/\/twitter.com\/hudo_si"]},{"@type":"Person","@id":"https:\/\/hudo.com\/si\/#\/schema\/person\/601cf3379633985b20f7e50f2bb47707","name":"hudo","image":{"@type":"ImageObject","inLanguage":"sl-SI","@id":"https:\/\/hudo.com\/si\/#\/schema\/person\/image\/","url":"https:\/\/secure.gravatar.com\/avatar\/c4ca25fa72cace7a696b52ff5db9e095?s=96&d=mm&r=g","contentUrl":"https:\/\/secure.gravatar.com\/avatar\/c4ca25fa72cace7a696b52ff5db9e095?s=96&d=mm&r=g","caption":"hudo"},"url":"https:\/\/hudo.com\/si\/author\/hudo\/"}]}},"amp_enabled":true,"_links":{"self":[{"href":"https:\/\/hudo.com\/si\/wp-json\/wp\/v2\/posts\/239184"}],"collection":[{"href":"https:\/\/hudo.com\/si\/wp-json\/wp\/v2\/posts"}],"about":[{"href":"https:\/\/hudo.com\/si\/wp-json\/wp\/v2\/types\/post"}],"author":[{"embeddable":true,"href":"https:\/\/hudo.com\/si\/wp-json\/wp\/v2\/users\/1"}],"replies":[{"embeddable":true,"href":"https:\/\/hudo.com\/si\/wp-json\/wp\/v2\/comments?post=239184"}],"version-history":[{"count":1,"href":"https:\/\/hudo.com\/si\/wp-json\/wp\/v2\/posts\/239184\/revisions"}],"predecessor-version":[{"id":239224,"href":"https:\/\/hudo.com\/si\/wp-json\/wp\/v2\/posts\/239184\/revisions\/239224"}],"wp:attachment":[{"href":"https:\/\/hudo.com\/si\/wp-json\/wp\/v2\/media?parent=239184"}],"wp:term":[{"taxonomy":"category","embeddable":true,"href":"https:\/\/hudo.com\/si\/wp-json\/wp\/v2\/categories?post=239184"},{"taxonomy":"post_tag","embeddable":true,"href":"https:\/\/hudo.com\/si\/wp-json\/wp\/v2\/tags?post=239184"},{"taxonomy":"source","embeddable":true,"href":"https:\/\/hudo.com\/si\/wp-json\/wp\/v2\/source?post=239184"},{"taxonomy":"supertag","embeddable":true,"href":"https:\/\/hudo.com\/si\/wp-json\/wp\/v2\/supertag?post=239184"}],"curies":[{"name":"wp","href":"https:\/\/api.w.org\/{rel}","templated":true}]}}