{"id":239661,"date":"2017-04-10T19:24:00","date_gmt":"2017-04-10T17:24:00","guid":{"rendered":"http:\/\/hudo.com\/si\/2017\/04\/10\/rok-zavbi-bo-obsojen-na-najvec-10-let-zapora\/"},"modified":"2017-04-11T02:22:08","modified_gmt":"2017-04-11T00:22:08","slug":"rok-zavbi-bo-obsojen-na-najvec-10-let-zapora","status":"publish","type":"post","link":"https:\/\/hudo.com\/si\/aktualno\/rok-zavbi-bo-obsojen-na-najvec-10-let-zapora\/","title":{"rendered":"Rok \u017davbi bo obsojen na najve\u010d 10 let zapora"},"content":{"rendered":"<p>Kategorija: Kronika Mon, 10 Apr 2017 21:24:00 +0200  Ljubljana \u2013 Sodi\u0161\u010de v Benetkah bo v torek sodilo Slovencu Roku \u017davbiju, ki mu sodijo zaradi nova\u010denja borcev za skrajno sunitsko skupino Islamska dr\u017eava (IS). Sojenje bo zaprto za javnost in naj bi se bo odvilo v nekaj urah, je poro\u010dala Pop TV. Kot navaja televizija, bo moral \u017davbi odsedeti do 10 let zaporne kazni. Zasli\u0161anja na sodi\u0161\u010du ne bo, saj so ga \u017ee opravili, trajalo pa je kar 14 ur. Med zasli\u0161anjem je \u017davbi predal tudi stike in elektronska sporo\u010dila. S priznanjem, da je sodeloval s skrajne\u017ei, in s predajo kontaktov italijanskim preiskovalcem pa si je zni\u017eal kazen za tretjino. Na sodi\u0161\u010du bo imel \u017davbi mo\u017enost, da pove svoje mnenje. Pred pravnomo\u010dnostjo sodbe pa mora miniti \u0161e 30 dnevni prito\u017ebeni rok. Sodnik bene\u0161kega sodi\u0161\u010da bo v torek odlo\u010dal, ali je \u017davbi priznal\u00a0&#8230;<\/p>\n","protected":false},"excerpt":{"rendered":"<p>Kategorija: Kronika Mon, 10 Apr 2017 21:24:00 +0200  Ljubljana \u2013 Sodi\u0161\u010de v Benetkah bo v torek sodilo Slovencu Roku \u017davbiju, ki mu sodijo zaradi nova\u010denja borcev za skrajno sunitsko skupino Islamska dr\u017eava (IS). Sojenje bo zaprto za javnost in naj bi se bo odvilo v nekaj urah, je poro\u010dala Pop TV. Kot navaja televizija, bo moral \u017davbi odsedeti do 10 let zaporne kazni. Zasli\u0161anja na sodi\u0161\u010du ne bo, saj so ga \u017ee opravili, trajalo pa je kar 14 ur. Med zasli\u0161anjem je \u017davbi predal tudi stike in elektronska sporo\u010dila. S priznanjem, da je sodeloval s skrajne\u017ei, in s predajo kontaktov italijanskim preiskovalcem pa si je zni\u017eal kazen za tretjino. Na sodi\u0161\u010du bo imel \u017davbi mo\u017enost, da pove svoje mnenje. Pred pravnomo\u010dnostjo sodbe pa mora miniti \u0161e 30 dnevni prito\u017ebeni rok. Sodnik bene\u0161kega sodi\u0161\u010da bo v torek odlo\u010dal, ali je \u017davbi priznal\u00a0&#8230;<\/p>\n","protected":false},"author":1,"featured_media":0,"comment_status":"closed","ping_status":"closed","sticky":false,"template":"","format":"standard","meta":{"footnotes":""},"categories":[1179],"tags":[],"source":[1703],"supertag":[],"acf":[],"yoast_head":"<!-- This site is optimized with the Yoast SEO plugin v21.3 - https:\/\/yoast.com\/wordpress\/plugins\/seo\/ -->\n<title>Rok \u017davbi bo obsojen na najve\u010d 10 let zapora - Hudo Slovenija<\/title>\n<meta name=\"robots\" content=\"index, follow, max-snippet:-1, max-image-preview:large, max-video-preview:-1\" \/>\n<link rel=\"canonical\" href=\"https:\/\/hudo.com\/si\/aktualno\/rok-zavbi-bo-obsojen-na-najvec-10-let-zapora\/\" \/>\n<meta property=\"og:locale\" content=\"sl_SI\" \/>\n<meta property=\"og:type\" content=\"article\" \/>\n<meta property=\"og:title\" content=\"Rok \u017davbi bo obsojen na najve\u010d 10 let zapora - Hudo Slovenija\" \/>\n<meta property=\"og:description\" content=\"Kategorija: Kronika Mon, 10 Apr 2017 21:24:00 +0200 Ljubljana \u2013 Sodi\u0161\u010de v Benetkah bo v torek sodilo Slovencu Roku \u017davbiju, ki mu sodijo zaradi nova\u010denja borcev za skrajno sunitsko skupino Islamska dr\u017eava (IS). Sojenje bo zaprto za javnost in naj bi se bo odvilo v nekaj urah, je poro\u010dala Pop TV. Kot navaja televizija, bo moral \u017davbi odsedeti do 10 let zaporne kazni. Zasli\u0161anja na sodi\u0161\u010du ne bo, saj so ga \u017ee opravili, trajalo pa je kar 14 ur. Med zasli\u0161anjem je \u017davbi predal tudi stike in elektronska sporo\u010dila. S priznanjem, da je sodeloval s skrajne\u017ei, in s predajo kontaktov italijanskim preiskovalcem pa si je zni\u017eal kazen za tretjino. Na sodi\u0161\u010du bo imel \u017davbi mo\u017enost, da pove svoje mnenje. Pred pravnomo\u010dnostjo sodbe pa mora miniti \u0161e 30 dnevni prito\u017ebeni rok. Sodnik bene\u0161kega sodi\u0161\u010da bo v torek odlo\u010dal, ali je \u017davbi priznal\u00a0...\" \/>\n<meta property=\"og:url\" content=\"https:\/\/hudo.com\/si\/aktualno\/rok-zavbi-bo-obsojen-na-najvec-10-let-zapora\/\" \/>\n<meta property=\"og:site_name\" content=\"Hudo Slovenija\" \/>\n<meta property=\"article:publisher\" content=\"https:\/\/www.facebook.com\/hudo.si\" \/>\n<meta property=\"article:published_time\" content=\"2017-04-10T17:24:00+00:00\" \/>\n<meta property=\"article:modified_time\" content=\"2017-04-11T00:22:08+00:00\" \/>\n<meta property=\"og:image\" content=\"https:\/\/hudo.com\/si\/wp-content\/uploads\/sites\/2\/2017\/04\/480x290_djvu_1923196_tinak_reut-SYRIA-CRISIS-IRAQ.jpeg\" \/>\n\t<meta property=\"og:image:width\" content=\"480\" \/>\n\t<meta property=\"og:image:height\" content=\"290\" \/>\n\t<meta property=\"og:image:type\" content=\"image\/jpeg\" \/>\n<meta name=\"author\" content=\"hudo\" \/>\n<meta name=\"twitter:card\" content=\"summary_large_image\" \/>\n<meta name=\"twitter:creator\" content=\"@hudo_si\" \/>\n<meta name=\"twitter:site\" content=\"@hudo_si\" \/>\n<meta name=\"twitter:label1\" content=\"Written by\" \/>\n\t<meta name=\"twitter:data1\" content=\"hudo\" \/>\n\t<meta name=\"twitter:label2\" content=\"Est. reading time\" \/>\n\t<meta name=\"twitter:data2\" content=\"1 minuta\" \/>\n<script type=\"application\/ld+json\" class=\"yoast-schema-graph\">{\"@context\":\"https:\/\/schema.org\",\"@graph\":[{\"@type\":\"Article\",\"@id\":\"https:\/\/hudo.com\/si\/aktualno\/rok-zavbi-bo-obsojen-na-najvec-10-let-zapora\/#article\",\"isPartOf\":{\"@id\":\"https:\/\/hudo.com\/si\/aktualno\/rok-zavbi-bo-obsojen-na-najvec-10-let-zapora\/\"},\"author\":{\"name\":\"hudo\",\"@id\":\"https:\/\/hudo.com\/si\/#\/schema\/person\/601cf3379633985b20f7e50f2bb47707\"},\"headline\":\"Rok \u017davbi bo obsojen na najve\u010d 10 let zapora\",\"datePublished\":\"2017-04-10T17:24:00+00:00\",\"dateModified\":\"2017-04-11T00:22:08+00:00\",\"mainEntityOfPage\":{\"@id\":\"https:\/\/hudo.com\/si\/aktualno\/rok-zavbi-bo-obsojen-na-najvec-10-let-zapora\/\"},\"wordCount\":158,\"publisher\":{\"@id\":\"https:\/\/hudo.com\/si\/#organization\"},\"articleSection\":[\"Aktualno\"],\"inLanguage\":\"sl-SI\"},{\"@type\":\"WebPage\",\"@id\":\"https:\/\/hudo.com\/si\/aktualno\/rok-zavbi-bo-obsojen-na-najvec-10-let-zapora\/\",\"url\":\"https:\/\/hudo.com\/si\/aktualno\/rok-zavbi-bo-obsojen-na-najvec-10-let-zapora\/\",\"name\":\"Rok \u017davbi bo obsojen na najve\u010d 10 let zapora - Hudo Slovenija\",\"isPartOf\":{\"@id\":\"https:\/\/hudo.com\/si\/#website\"},\"datePublished\":\"2017-04-10T17:24:00+00:00\",\"dateModified\":\"2017-04-11T00:22:08+00:00\",\"breadcrumb\":{\"@id\":\"https:\/\/hudo.com\/si\/aktualno\/rok-zavbi-bo-obsojen-na-najvec-10-let-zapora\/#breadcrumb\"},\"inLanguage\":\"sl-SI\",\"potentialAction\":[{\"@type\":\"ReadAction\",\"target\":[\"https:\/\/hudo.com\/si\/aktualno\/rok-zavbi-bo-obsojen-na-najvec-10-let-zapora\/\"]}]},{\"@type\":\"BreadcrumbList\",\"@id\":\"https:\/\/hudo.com\/si\/aktualno\/rok-zavbi-bo-obsojen-na-najvec-10-let-zapora\/#breadcrumb\",\"itemListElement\":[{\"@type\":\"ListItem\",\"position\":1,\"name\":\"Home\",\"item\":\"https:\/\/hudo.com\/si\/\"},{\"@type\":\"ListItem\",\"position\":2,\"name\":\"Rok \u017davbi bo obsojen na najve\u010d 10 let zapora\"}]},{\"@type\":\"WebSite\",\"@id\":\"https:\/\/hudo.com\/si\/#website\",\"url\":\"https:\/\/hudo.com\/si\/\",\"name\":\"Hudo Slovenija\",\"description\":\"Vse novice iz Slovenije in sveta\",\"publisher\":{\"@id\":\"https:\/\/hudo.com\/si\/#organization\"},\"potentialAction\":[{\"@type\":\"SearchAction\",\"target\":{\"@type\":\"EntryPoint\",\"urlTemplate\":\"https:\/\/hudo.com\/si\/?s={search_term_string}\"},\"query-input\":\"required name=search_term_string\"}],\"inLanguage\":\"sl-SI\"},{\"@type\":\"Organization\",\"@id\":\"https:\/\/hudo.com\/si\/#organization\",\"name\":\"VSN Media\",\"url\":\"https:\/\/hudo.com\/si\/\",\"logo\":{\"@type\":\"ImageObject\",\"inLanguage\":\"sl-SI\",\"@id\":\"https:\/\/hudo.com\/si\/#\/schema\/logo\/image\/\",\"url\":\"https:\/\/hudo.com\/si\/wp-content\/uploads\/sites\/2\/2021\/03\/hudo-app-2.png\",\"contentUrl\":\"https:\/\/hudo.com\/si\/wp-content\/uploads\/sites\/2\/2021\/03\/hudo-app-2.png\",\"width\":2185,\"height\":2167,\"caption\":\"VSN Media\"},\"image\":{\"@id\":\"https:\/\/hudo.com\/si\/#\/schema\/logo\/image\/\"},\"sameAs\":[\"https:\/\/www.facebook.com\/hudo.si\",\"https:\/\/twitter.com\/hudo_si\"]},{\"@type\":\"Person\",\"@id\":\"https:\/\/hudo.com\/si\/#\/schema\/person\/601cf3379633985b20f7e50f2bb47707\",\"name\":\"hudo\",\"image\":{\"@type\":\"ImageObject\",\"inLanguage\":\"sl-SI\",\"@id\":\"https:\/\/hudo.com\/si\/#\/schema\/person\/image\/\",\"url\":\"https:\/\/secure.gravatar.com\/avatar\/c4ca25fa72cace7a696b52ff5db9e095?s=96&d=mm&r=g\",\"contentUrl\":\"https:\/\/secure.gravatar.com\/avatar\/c4ca25fa72cace7a696b52ff5db9e095?s=96&d=mm&r=g\",\"caption\":\"hudo\"},\"url\":\"https:\/\/hudo.com\/si\/author\/hudo\/\"}]}<\/script>\n<!-- \/ Yoast SEO plugin. -->","yoast_head_json":{"title":"Rok \u017davbi bo obsojen na najve\u010d 10 let zapora - Hudo Slovenija","robots":{"index":"index","follow":"follow","max-snippet":"max-snippet:-1","max-image-preview":"max-image-preview:large","max-video-preview":"max-video-preview:-1"},"canonical":"https:\/\/hudo.com\/si\/aktualno\/rok-zavbi-bo-obsojen-na-najvec-10-let-zapora\/","og_locale":"sl_SI","og_type":"article","og_title":"Rok \u017davbi bo obsojen na najve\u010d 10 let zapora - Hudo Slovenija","og_description":"Kategorija: Kronika Mon, 10 Apr 2017 21:24:00 +0200 Ljubljana \u2013 Sodi\u0161\u010de v Benetkah bo v torek sodilo Slovencu Roku \u017davbiju, ki mu sodijo zaradi nova\u010denja borcev za skrajno sunitsko skupino Islamska dr\u017eava (IS). Sojenje bo zaprto za javnost in naj bi se bo odvilo v nekaj urah, je poro\u010dala Pop TV. Kot navaja televizija, bo moral \u017davbi odsedeti do 10 let zaporne kazni. Zasli\u0161anja na sodi\u0161\u010du ne bo, saj so ga \u017ee opravili, trajalo pa je kar 14 ur. Med zasli\u0161anjem je \u017davbi predal tudi stike in elektronska sporo\u010dila. S priznanjem, da je sodeloval s skrajne\u017ei, in s predajo kontaktov italijanskim preiskovalcem pa si je zni\u017eal kazen za tretjino. Na sodi\u0161\u010du bo imel \u017davbi mo\u017enost, da pove svoje mnenje. Pred pravnomo\u010dnostjo sodbe pa mora miniti \u0161e 30 dnevni prito\u017ebeni rok. Sodnik bene\u0161kega sodi\u0161\u010da bo v torek odlo\u010dal, ali je \u017davbi priznal\u00a0...","og_url":"https:\/\/hudo.com\/si\/aktualno\/rok-zavbi-bo-obsojen-na-najvec-10-let-zapora\/","og_site_name":"Hudo Slovenija","article_publisher":"https:\/\/www.facebook.com\/hudo.si","article_published_time":"2017-04-10T17:24:00+00:00","article_modified_time":"2017-04-11T00:22:08+00:00","og_image":[{"width":480,"height":290,"url":"https:\/\/hudo.com\/si\/wp-content\/uploads\/sites\/2\/2017\/04\/480x290_djvu_1923196_tinak_reut-SYRIA-CRISIS-IRAQ.jpeg","type":"image\/jpeg"}],"author":"hudo","twitter_card":"summary_large_image","twitter_creator":"@hudo_si","twitter_site":"@hudo_si","twitter_misc":{"Written by":"hudo","Est. reading time":"1 minuta"},"schema":{"@context":"https:\/\/schema.org","@graph":[{"@type":"Article","@id":"https:\/\/hudo.com\/si\/aktualno\/rok-zavbi-bo-obsojen-na-najvec-10-let-zapora\/#article","isPartOf":{"@id":"https:\/\/hudo.com\/si\/aktualno\/rok-zavbi-bo-obsojen-na-najvec-10-let-zapora\/"},"author":{"name":"hudo","@id":"https:\/\/hudo.com\/si\/#\/schema\/person\/601cf3379633985b20f7e50f2bb47707"},"headline":"Rok \u017davbi bo obsojen na najve\u010d 10 let zapora","datePublished":"2017-04-10T17:24:00+00:00","dateModified":"2017-04-11T00:22:08+00:00","mainEntityOfPage":{"@id":"https:\/\/hudo.com\/si\/aktualno\/rok-zavbi-bo-obsojen-na-najvec-10-let-zapora\/"},"wordCount":158,"publisher":{"@id":"https:\/\/hudo.com\/si\/#organization"},"articleSection":["Aktualno"],"inLanguage":"sl-SI"},{"@type":"WebPage","@id":"https:\/\/hudo.com\/si\/aktualno\/rok-zavbi-bo-obsojen-na-najvec-10-let-zapora\/","url":"https:\/\/hudo.com\/si\/aktualno\/rok-zavbi-bo-obsojen-na-najvec-10-let-zapora\/","name":"Rok \u017davbi bo obsojen na najve\u010d 10 let zapora - Hudo Slovenija","isPartOf":{"@id":"https:\/\/hudo.com\/si\/#website"},"datePublished":"2017-04-10T17:24:00+00:00","dateModified":"2017-04-11T00:22:08+00:00","breadcrumb":{"@id":"https:\/\/hudo.com\/si\/aktualno\/rok-zavbi-bo-obsojen-na-najvec-10-let-zapora\/#breadcrumb"},"inLanguage":"sl-SI","potentialAction":[{"@type":"ReadAction","target":["https:\/\/hudo.com\/si\/aktualno\/rok-zavbi-bo-obsojen-na-najvec-10-let-zapora\/"]}]},{"@type":"BreadcrumbList","@id":"https:\/\/hudo.com\/si\/aktualno\/rok-zavbi-bo-obsojen-na-najvec-10-let-zapora\/#breadcrumb","itemListElement":[{"@type":"ListItem","position":1,"name":"Home","item":"https:\/\/hudo.com\/si\/"},{"@type":"ListItem","position":2,"name":"Rok \u017davbi bo obsojen na najve\u010d 10 let zapora"}]},{"@type":"WebSite","@id":"https:\/\/hudo.com\/si\/#website","url":"https:\/\/hudo.com\/si\/","name":"Hudo Slovenija","description":"Vse novice iz Slovenije in sveta","publisher":{"@id":"https:\/\/hudo.com\/si\/#organization"},"potentialAction":[{"@type":"SearchAction","target":{"@type":"EntryPoint","urlTemplate":"https:\/\/hudo.com\/si\/?s={search_term_string}"},"query-input":"required name=search_term_string"}],"inLanguage":"sl-SI"},{"@type":"Organization","@id":"https:\/\/hudo.com\/si\/#organization","name":"VSN Media","url":"https:\/\/hudo.com\/si\/","logo":{"@type":"ImageObject","inLanguage":"sl-SI","@id":"https:\/\/hudo.com\/si\/#\/schema\/logo\/image\/","url":"https:\/\/hudo.com\/si\/wp-content\/uploads\/sites\/2\/2021\/03\/hudo-app-2.png","contentUrl":"https:\/\/hudo.com\/si\/wp-content\/uploads\/sites\/2\/2021\/03\/hudo-app-2.png","width":2185,"height":2167,"caption":"VSN Media"},"image":{"@id":"https:\/\/hudo.com\/si\/#\/schema\/logo\/image\/"},"sameAs":["https:\/\/www.facebook.com\/hudo.si","https:\/\/twitter.com\/hudo_si"]},{"@type":"Person","@id":"https:\/\/hudo.com\/si\/#\/schema\/person\/601cf3379633985b20f7e50f2bb47707","name":"hudo","image":{"@type":"ImageObject","inLanguage":"sl-SI","@id":"https:\/\/hudo.com\/si\/#\/schema\/person\/image\/","url":"https:\/\/secure.gravatar.com\/avatar\/c4ca25fa72cace7a696b52ff5db9e095?s=96&d=mm&r=g","contentUrl":"https:\/\/secure.gravatar.com\/avatar\/c4ca25fa72cace7a696b52ff5db9e095?s=96&d=mm&r=g","caption":"hudo"},"url":"https:\/\/hudo.com\/si\/author\/hudo\/"}]}},"amp_enabled":true,"_links":{"self":[{"href":"https:\/\/hudo.com\/si\/wp-json\/wp\/v2\/posts\/239661"}],"collection":[{"href":"https:\/\/hudo.com\/si\/wp-json\/wp\/v2\/posts"}],"about":[{"href":"https:\/\/hudo.com\/si\/wp-json\/wp\/v2\/types\/post"}],"author":[{"embeddable":true,"href":"https:\/\/hudo.com\/si\/wp-json\/wp\/v2\/users\/1"}],"replies":[{"embeddable":true,"href":"https:\/\/hudo.com\/si\/wp-json\/wp\/v2\/comments?post=239661"}],"version-history":[{"count":1,"href":"https:\/\/hudo.com\/si\/wp-json\/wp\/v2\/posts\/239661\/revisions"}],"predecessor-version":[{"id":239688,"href":"https:\/\/hudo.com\/si\/wp-json\/wp\/v2\/posts\/239661\/revisions\/239688"}],"wp:attachment":[{"href":"https:\/\/hudo.com\/si\/wp-json\/wp\/v2\/media?parent=239661"}],"wp:term":[{"taxonomy":"category","embeddable":true,"href":"https:\/\/hudo.com\/si\/wp-json\/wp\/v2\/categories?post=239661"},{"taxonomy":"post_tag","embeddable":true,"href":"https:\/\/hudo.com\/si\/wp-json\/wp\/v2\/tags?post=239661"},{"taxonomy":"source","embeddable":true,"href":"https:\/\/hudo.com\/si\/wp-json\/wp\/v2\/source?post=239661"},{"taxonomy":"supertag","embeddable":true,"href":"https:\/\/hudo.com\/si\/wp-json\/wp\/v2\/supertag?post=239661"}],"curies":[{"name":"wp","href":"https:\/\/api.w.org\/{rel}","templated":true}]}}