{"id":239706,"date":"2017-04-11T01:30:00","date_gmt":"2017-04-10T23:30:00","guid":{"rendered":"http:\/\/hudo.com\/si\/2017\/04\/11\/agrokor-prevzema-hrvaska-vlada\/"},"modified":"2017-04-11T08:32:51","modified_gmt":"2017-04-11T06:32:51","slug":"agrokor-prevzema-hrvaska-vlada","status":"publish","type":"post","link":"https:\/\/hudo.com\/si\/aktualno\/agrokor-prevzema-hrvaska-vlada\/","title":{"rendered":"Agrokor prevzema hrva\u0161ka vlada"},"content":{"rendered":"<p>\u017de v\u010deraj dopoldne je hrva\u0161ka finan\u010dna agencija Fina na podlagi novega zakona odblokirala vse ra\u010dune Agrokorja in njegovih dru\u017eb, med njimi Konzuma, Leda, Jamnice, Zvijezde, Solane Pag in drugih. S tem, ko je zakon stopil v veljavo, izvr\u0161be nad dru\u017ebami podjetja niso ve\u010d dovoljene, prav tako ne predste\u010dajni ali ste\u010dajni postopek v dol\u017eniku Agrokorju in z njim povezanimi dru\u017ebami. \u0160e isti dan so se v prostorih vlade sestali predsednik vlade Andrej Plenkovi\u0107, Ante Ramljak, novi zastopnik Agrokorja, ki ga je na podlagi posebnega zakona imenovala hrva\u0161ka vlada in potrdilo sodi\u0161\u010de, in predstavniki dobaviteljev. Ti so \u017ee obljubili, da bodo obnovili dostavo blaga trgovinam Konzuma. &#8220;Zelo sem zadovoljen. Za nas je pomembno, da za nami stoji vlada,&#8221; je povedal Denis Matijevi\u0107 iz podjetja Agrofructus. &#8220;Upam, da bomo zapluli v normalne vode. \u0160e se dogovarjamo za pla\u010dilne roke. Danes sem veliko bolj optimisti\u010den kot v petek,&#8221; je povedal Davor Majeti\u0107 iz hrva\u0161kega zdru\u017eenja delodajalcev (HUP). &#8220;Pokazali smo pripravljenost, da ohranimo prihodnost Agrokorja in Konzuma. Mislim, da vsi drugi dobavitelji razumejo sporo\u010dilo vlade, da se sistem ohrani, odprta vpra\u0161anja pa bomo re\u0161evali v naslednjih tednih,&#8221; je po poro\u010danju portala Index.hr pred poslopjem hrva\u0161ke vlade po sestanku povedal predstavnik Podravke Marin Pucar. Pla\u010de do velike no\u010di Novega poobla\u0161\u010denca Agrokorja Anteja Ramljaka je v\u010deraj predstavil kar predsednik vlade Andrej Plenkovi\u0107, takoj zatem je sledil sestanek z najve\u010djimi dobavitelji. Ti so z zahtevki za popla\u010dilo obveznosti minuli teden povzro\u010dili blokado ra\u010dunov nekaterih dru\u017eb sistema Agrokor, tudi trgovca Konzum. Temu pa se se med vikendom zaradi ustavitve dobav \u017ee opazno zmanj\u0161ale zaloge na trgovskih policah; iz ve\u010d krajev na Hrva\u0161kem so poro\u010dali o pomanjkanju ali omejenem izboru prehrambnih izdelkov. Po popoldanskem sestanku z bankirji je premier Plenkovi\u0107 sporo\u010dil, da bodo banke upnice prezadol\u017eenemu koncernu Agrokor zagotovile 150 milijonov evrov denarja za izp<\/p>\n","protected":false},"excerpt":{"rendered":"<p>\u017de v\u010deraj dopoldne je hrva\u0161ka finan\u010dna agencija Fina na podlagi novega zakona odblokirala vse ra\u010dune Agrokorja in njegovih dru\u017eb, med njimi Konzuma, Leda, Jamnice, Zvijezde, Solane Pag in drugih. S tem, ko je zakon stopil v veljavo, izvr\u0161be nad dru\u017ebami podjetja niso ve\u010d dovoljene, prav tako ne predste\u010dajni ali ste\u010dajni postopek v dol\u017eniku Agrokorju in z njim povezanimi dru\u017ebami. \u0160e isti dan so se v prostorih vlade sestali predsednik vlade Andrej Plenkovi\u0107, Ante Ramljak, novi zastopnik Agrokorja, ki ga je na podlagi posebnega zakona imenovala hrva\u0161ka vlada in potrdilo sodi\u0161\u010de, in predstavniki dobaviteljev. Ti so \u017ee obljubili, da bodo obnovili dostavo blaga trgovinam Konzuma. &#8220;Zelo sem zadovoljen. Za nas je pomembno, da za nami stoji vlada,&#8221; je povedal Denis Matijevi\u0107 iz podjetja Agrofructus. &#8220;Upam, da bomo zapluli v normalne vode. \u0160e se dogovarjamo za pla\u010dilne roke. Danes sem veliko bolj optimisti\u010den kot v petek,&#8221; je povedal Davor Majeti\u0107 iz hrva\u0161kega zdru\u017eenja delodajalcev (HUP). &#8220;Pokazali smo pripravljenost, da ohranimo prihodnost Agrokorja in Konzuma. Mislim, da vsi drugi dobavitelji razumejo sporo\u010dilo vlade, da se sistem ohrani, odprta vpra\u0161anja pa bomo re\u0161evali v naslednjih tednih,&#8221; je po poro\u010danju portala Index.hr pred poslopjem hrva\u0161ke vlade po sestanku povedal predstavnik Podravke Marin Pucar. Pla\u010de do velike no\u010di Novega poobla\u0161\u010denca Agrokorja Anteja Ramljaka je v\u010deraj predstavil kar predsednik vlade Andrej Plenkovi\u0107, takoj zatem je sledil sestanek z najve\u010djimi dobavitelji. Ti so z zahtevki za popla\u010dilo obveznosti minuli teden povzro\u010dili blokado ra\u010dunov nekaterih dru\u017eb sistema Agrokor, tudi trgovca Konzum. Temu pa se se med vikendom zaradi ustavitve dobav \u017ee opazno zmanj\u0161ale zaloge na trgovskih policah; iz ve\u010d krajev na Hrva\u0161kem so poro\u010dali o pomanjkanju ali omejenem izboru prehrambnih izdelkov. Po popoldanskem sestanku z bankirji je premier Plenkovi\u0107 sporo\u010dil, da bodo banke upnice prezadol\u017eenemu koncernu Agrokor zagotovile 150 milijonov evrov denarja za izp<\/p>\n","protected":false},"author":1,"featured_media":0,"comment_status":"closed","ping_status":"closed","sticky":false,"template":"","format":"standard","meta":{"footnotes":""},"categories":[1179],"tags":[],"source":[1711],"supertag":[],"acf":[],"yoast_head":"<!-- This site is optimized with the Yoast SEO plugin v21.3 - https:\/\/yoast.com\/wordpress\/plugins\/seo\/ -->\n<title>Agrokor prevzema hrva\u0161ka vlada - Hudo Slovenija<\/title>\n<meta name=\"robots\" content=\"index, follow, max-snippet:-1, max-image-preview:large, max-video-preview:-1\" \/>\n<link rel=\"canonical\" href=\"https:\/\/hudo.com\/si\/aktualno\/agrokor-prevzema-hrvaska-vlada\/\" \/>\n<meta property=\"og:locale\" content=\"sl_SI\" \/>\n<meta property=\"og:type\" content=\"article\" \/>\n<meta property=\"og:title\" content=\"Agrokor prevzema hrva\u0161ka vlada - Hudo Slovenija\" \/>\n<meta property=\"og:description\" content=\"\u017de v\u010deraj dopoldne je hrva\u0161ka finan\u010dna agencija Fina na podlagi novega zakona odblokirala vse ra\u010dune Agrokorja in njegovih dru\u017eb, med njimi Konzuma, Leda, Jamnice, Zvijezde, Solane Pag in drugih. S tem, ko je zakon stopil v veljavo, izvr\u0161be nad dru\u017ebami podjetja niso ve\u010d dovoljene, prav tako ne predste\u010dajni ali ste\u010dajni postopek v dol\u017eniku Agrokorju in z njim povezanimi dru\u017ebami. \u0160e isti dan so se v prostorih vlade sestali predsednik vlade Andrej Plenkovi\u0107, Ante Ramljak, novi zastopnik Agrokorja, ki ga je na podlagi posebnega zakona imenovala hrva\u0161ka vlada in potrdilo sodi\u0161\u010de, in predstavniki dobaviteljev. Ti so \u017ee obljubili, da bodo obnovili dostavo blaga trgovinam Konzuma. &quot;Zelo sem zadovoljen. Za nas je pomembno, da za nami stoji vlada,&quot; je povedal Denis Matijevi\u0107 iz podjetja Agrofructus. &quot;Upam, da bomo zapluli v normalne vode. \u0160e se dogovarjamo za pla\u010dilne roke. Danes sem veliko bolj optimisti\u010den kot v petek,&quot; je povedal Davor Majeti\u0107 iz hrva\u0161kega zdru\u017eenja delodajalcev (HUP). &quot;Pokazali smo pripravljenost, da ohranimo prihodnost Agrokorja in Konzuma. Mislim, da vsi drugi dobavitelji razumejo sporo\u010dilo vlade, da se sistem ohrani, odprta vpra\u0161anja pa bomo re\u0161evali v naslednjih tednih,&quot; je po poro\u010danju portala Index.hr pred poslopjem hrva\u0161ke vlade po sestanku povedal predstavnik Podravke Marin Pucar. Pla\u010de do velike no\u010di Novega poobla\u0161\u010denca Agrokorja Anteja Ramljaka je v\u010deraj predstavil kar predsednik vlade Andrej Plenkovi\u0107, takoj zatem je sledil sestanek z najve\u010djimi dobavitelji. Ti so z zahtevki za popla\u010dilo obveznosti minuli teden povzro\u010dili blokado ra\u010dunov nekaterih dru\u017eb sistema Agrokor, tudi trgovca Konzum. Temu pa se se med vikendom zaradi ustavitve dobav \u017ee opazno zmanj\u0161ale zaloge na trgovskih policah; iz ve\u010d krajev na Hrva\u0161kem so poro\u010dali o pomanjkanju ali omejenem izboru prehrambnih izdelkov. Po popoldanskem sestanku z bankirji je premier Plenkovi\u0107 sporo\u010dil, da bodo banke upnice prezadol\u017eenemu koncernu Agrokor zagotovile 150 milijonov evrov denarja za izp\" \/>\n<meta property=\"og:url\" content=\"https:\/\/hudo.com\/si\/aktualno\/agrokor-prevzema-hrvaska-vlada\/\" \/>\n<meta property=\"og:site_name\" content=\"Hudo Slovenija\" \/>\n<meta property=\"article:publisher\" content=\"https:\/\/www.facebook.com\/hudo.si\" \/>\n<meta property=\"article:published_time\" content=\"2017-04-10T23:30:00+00:00\" \/>\n<meta property=\"article:modified_time\" content=\"2017-04-11T06:32:51+00:00\" \/>\n<meta property=\"og:image\" content=\"https:\/\/hudo.com\/si\/wp-content\/uploads\/sites\/2\/2017\/04\/kadrovskespremembe1-300.jpg\" \/>\n\t<meta property=\"og:image:width\" content=\"450\" \/>\n\t<meta property=\"og:image:height\" content=\"431\" \/>\n\t<meta property=\"og:image:type\" content=\"image\/jpeg\" \/>\n<meta name=\"author\" content=\"hudo\" \/>\n<meta name=\"twitter:card\" content=\"summary_large_image\" \/>\n<meta name=\"twitter:creator\" content=\"@hudo_si\" \/>\n<meta name=\"twitter:site\" content=\"@hudo_si\" \/>\n<meta name=\"twitter:label1\" content=\"Written by\" \/>\n\t<meta name=\"twitter:data1\" content=\"hudo\" \/>\n\t<meta name=\"twitter:label2\" content=\"Est. reading time\" \/>\n\t<meta name=\"twitter:data2\" content=\"2 minuti\" \/>\n<script type=\"application\/ld+json\" class=\"yoast-schema-graph\">{\"@context\":\"https:\/\/schema.org\",\"@graph\":[{\"@type\":\"Article\",\"@id\":\"https:\/\/hudo.com\/si\/aktualno\/agrokor-prevzema-hrvaska-vlada\/#article\",\"isPartOf\":{\"@id\":\"https:\/\/hudo.com\/si\/aktualno\/agrokor-prevzema-hrvaska-vlada\/\"},\"author\":{\"name\":\"hudo\",\"@id\":\"https:\/\/hudo.com\/si\/#\/schema\/person\/601cf3379633985b20f7e50f2bb47707\"},\"headline\":\"Agrokor prevzema hrva\u0161ka vlada\",\"datePublished\":\"2017-04-10T23:30:00+00:00\",\"dateModified\":\"2017-04-11T06:32:51+00:00\",\"mainEntityOfPage\":{\"@id\":\"https:\/\/hudo.com\/si\/aktualno\/agrokor-prevzema-hrvaska-vlada\/\"},\"wordCount\":336,\"publisher\":{\"@id\":\"https:\/\/hudo.com\/si\/#organization\"},\"articleSection\":[\"Aktualno\"],\"inLanguage\":\"sl-SI\"},{\"@type\":\"WebPage\",\"@id\":\"https:\/\/hudo.com\/si\/aktualno\/agrokor-prevzema-hrvaska-vlada\/\",\"url\":\"https:\/\/hudo.com\/si\/aktualno\/agrokor-prevzema-hrvaska-vlada\/\",\"name\":\"Agrokor prevzema hrva\u0161ka vlada - Hudo Slovenija\",\"isPartOf\":{\"@id\":\"https:\/\/hudo.com\/si\/#website\"},\"datePublished\":\"2017-04-10T23:30:00+00:00\",\"dateModified\":\"2017-04-11T06:32:51+00:00\",\"breadcrumb\":{\"@id\":\"https:\/\/hudo.com\/si\/aktualno\/agrokor-prevzema-hrvaska-vlada\/#breadcrumb\"},\"inLanguage\":\"sl-SI\",\"potentialAction\":[{\"@type\":\"ReadAction\",\"target\":[\"https:\/\/hudo.com\/si\/aktualno\/agrokor-prevzema-hrvaska-vlada\/\"]}]},{\"@type\":\"BreadcrumbList\",\"@id\":\"https:\/\/hudo.com\/si\/aktualno\/agrokor-prevzema-hrvaska-vlada\/#breadcrumb\",\"itemListElement\":[{\"@type\":\"ListItem\",\"position\":1,\"name\":\"Home\",\"item\":\"https:\/\/hudo.com\/si\/\"},{\"@type\":\"ListItem\",\"position\":2,\"name\":\"Agrokor prevzema hrva\u0161ka vlada\"}]},{\"@type\":\"WebSite\",\"@id\":\"https:\/\/hudo.com\/si\/#website\",\"url\":\"https:\/\/hudo.com\/si\/\",\"name\":\"Hudo Slovenija\",\"description\":\"Vse novice iz Slovenije in sveta\",\"publisher\":{\"@id\":\"https:\/\/hudo.com\/si\/#organization\"},\"potentialAction\":[{\"@type\":\"SearchAction\",\"target\":{\"@type\":\"EntryPoint\",\"urlTemplate\":\"https:\/\/hudo.com\/si\/?s={search_term_string}\"},\"query-input\":\"required name=search_term_string\"}],\"inLanguage\":\"sl-SI\"},{\"@type\":\"Organization\",\"@id\":\"https:\/\/hudo.com\/si\/#organization\",\"name\":\"VSN Media\",\"url\":\"https:\/\/hudo.com\/si\/\",\"logo\":{\"@type\":\"ImageObject\",\"inLanguage\":\"sl-SI\",\"@id\":\"https:\/\/hudo.com\/si\/#\/schema\/logo\/image\/\",\"url\":\"https:\/\/hudo.com\/si\/wp-content\/uploads\/sites\/2\/2021\/03\/hudo-app-2.png\",\"contentUrl\":\"https:\/\/hudo.com\/si\/wp-content\/uploads\/sites\/2\/2021\/03\/hudo-app-2.png\",\"width\":2185,\"height\":2167,\"caption\":\"VSN Media\"},\"image\":{\"@id\":\"https:\/\/hudo.com\/si\/#\/schema\/logo\/image\/\"},\"sameAs\":[\"https:\/\/www.facebook.com\/hudo.si\",\"https:\/\/twitter.com\/hudo_si\"]},{\"@type\":\"Person\",\"@id\":\"https:\/\/hudo.com\/si\/#\/schema\/person\/601cf3379633985b20f7e50f2bb47707\",\"name\":\"hudo\",\"image\":{\"@type\":\"ImageObject\",\"inLanguage\":\"sl-SI\",\"@id\":\"https:\/\/hudo.com\/si\/#\/schema\/person\/image\/\",\"url\":\"https:\/\/secure.gravatar.com\/avatar\/c4ca25fa72cace7a696b52ff5db9e095?s=96&d=mm&r=g\",\"contentUrl\":\"https:\/\/secure.gravatar.com\/avatar\/c4ca25fa72cace7a696b52ff5db9e095?s=96&d=mm&r=g\",\"caption\":\"hudo\"},\"url\":\"https:\/\/hudo.com\/si\/author\/hudo\/\"}]}<\/script>\n<!-- \/ Yoast SEO plugin. -->","yoast_head_json":{"title":"Agrokor prevzema hrva\u0161ka vlada - Hudo Slovenija","robots":{"index":"index","follow":"follow","max-snippet":"max-snippet:-1","max-image-preview":"max-image-preview:large","max-video-preview":"max-video-preview:-1"},"canonical":"https:\/\/hudo.com\/si\/aktualno\/agrokor-prevzema-hrvaska-vlada\/","og_locale":"sl_SI","og_type":"article","og_title":"Agrokor prevzema hrva\u0161ka vlada - Hudo Slovenija","og_description":"\u017de v\u010deraj dopoldne je hrva\u0161ka finan\u010dna agencija Fina na podlagi novega zakona odblokirala vse ra\u010dune Agrokorja in njegovih dru\u017eb, med njimi Konzuma, Leda, Jamnice, Zvijezde, Solane Pag in drugih. S tem, ko je zakon stopil v veljavo, izvr\u0161be nad dru\u017ebami podjetja niso ve\u010d dovoljene, prav tako ne predste\u010dajni ali ste\u010dajni postopek v dol\u017eniku Agrokorju in z njim povezanimi dru\u017ebami. \u0160e isti dan so se v prostorih vlade sestali predsednik vlade Andrej Plenkovi\u0107, Ante Ramljak, novi zastopnik Agrokorja, ki ga je na podlagi posebnega zakona imenovala hrva\u0161ka vlada in potrdilo sodi\u0161\u010de, in predstavniki dobaviteljev. Ti so \u017ee obljubili, da bodo obnovili dostavo blaga trgovinam Konzuma. \"Zelo sem zadovoljen. Za nas je pomembno, da za nami stoji vlada,\" je povedal Denis Matijevi\u0107 iz podjetja Agrofructus. \"Upam, da bomo zapluli v normalne vode. \u0160e se dogovarjamo za pla\u010dilne roke. Danes sem veliko bolj optimisti\u010den kot v petek,\" je povedal Davor Majeti\u0107 iz hrva\u0161kega zdru\u017eenja delodajalcev (HUP). \"Pokazali smo pripravljenost, da ohranimo prihodnost Agrokorja in Konzuma. Mislim, da vsi drugi dobavitelji razumejo sporo\u010dilo vlade, da se sistem ohrani, odprta vpra\u0161anja pa bomo re\u0161evali v naslednjih tednih,\" je po poro\u010danju portala Index.hr pred poslopjem hrva\u0161ke vlade po sestanku povedal predstavnik Podravke Marin Pucar. Pla\u010de do velike no\u010di Novega poobla\u0161\u010denca Agrokorja Anteja Ramljaka je v\u010deraj predstavil kar predsednik vlade Andrej Plenkovi\u0107, takoj zatem je sledil sestanek z najve\u010djimi dobavitelji. Ti so z zahtevki za popla\u010dilo obveznosti minuli teden povzro\u010dili blokado ra\u010dunov nekaterih dru\u017eb sistema Agrokor, tudi trgovca Konzum. Temu pa se se med vikendom zaradi ustavitve dobav \u017ee opazno zmanj\u0161ale zaloge na trgovskih policah; iz ve\u010d krajev na Hrva\u0161kem so poro\u010dali o pomanjkanju ali omejenem izboru prehrambnih izdelkov. Po popoldanskem sestanku z bankirji je premier Plenkovi\u0107 sporo\u010dil, da bodo banke upnice prezadol\u017eenemu koncernu Agrokor zagotovile 150 milijonov evrov denarja za izp","og_url":"https:\/\/hudo.com\/si\/aktualno\/agrokor-prevzema-hrvaska-vlada\/","og_site_name":"Hudo Slovenija","article_publisher":"https:\/\/www.facebook.com\/hudo.si","article_published_time":"2017-04-10T23:30:00+00:00","article_modified_time":"2017-04-11T06:32:51+00:00","og_image":[{"width":450,"height":431,"url":"https:\/\/hudo.com\/si\/wp-content\/uploads\/sites\/2\/2017\/04\/kadrovskespremembe1-300.jpg","type":"image\/jpeg"}],"author":"hudo","twitter_card":"summary_large_image","twitter_creator":"@hudo_si","twitter_site":"@hudo_si","twitter_misc":{"Written by":"hudo","Est. reading time":"2 minuti"},"schema":{"@context":"https:\/\/schema.org","@graph":[{"@type":"Article","@id":"https:\/\/hudo.com\/si\/aktualno\/agrokor-prevzema-hrvaska-vlada\/#article","isPartOf":{"@id":"https:\/\/hudo.com\/si\/aktualno\/agrokor-prevzema-hrvaska-vlada\/"},"author":{"name":"hudo","@id":"https:\/\/hudo.com\/si\/#\/schema\/person\/601cf3379633985b20f7e50f2bb47707"},"headline":"Agrokor prevzema hrva\u0161ka vlada","datePublished":"2017-04-10T23:30:00+00:00","dateModified":"2017-04-11T06:32:51+00:00","mainEntityOfPage":{"@id":"https:\/\/hudo.com\/si\/aktualno\/agrokor-prevzema-hrvaska-vlada\/"},"wordCount":336,"publisher":{"@id":"https:\/\/hudo.com\/si\/#organization"},"articleSection":["Aktualno"],"inLanguage":"sl-SI"},{"@type":"WebPage","@id":"https:\/\/hudo.com\/si\/aktualno\/agrokor-prevzema-hrvaska-vlada\/","url":"https:\/\/hudo.com\/si\/aktualno\/agrokor-prevzema-hrvaska-vlada\/","name":"Agrokor prevzema hrva\u0161ka vlada - Hudo Slovenija","isPartOf":{"@id":"https:\/\/hudo.com\/si\/#website"},"datePublished":"2017-04-10T23:30:00+00:00","dateModified":"2017-04-11T06:32:51+00:00","breadcrumb":{"@id":"https:\/\/hudo.com\/si\/aktualno\/agrokor-prevzema-hrvaska-vlada\/#breadcrumb"},"inLanguage":"sl-SI","potentialAction":[{"@type":"ReadAction","target":["https:\/\/hudo.com\/si\/aktualno\/agrokor-prevzema-hrvaska-vlada\/"]}]},{"@type":"BreadcrumbList","@id":"https:\/\/hudo.com\/si\/aktualno\/agrokor-prevzema-hrvaska-vlada\/#breadcrumb","itemListElement":[{"@type":"ListItem","position":1,"name":"Home","item":"https:\/\/hudo.com\/si\/"},{"@type":"ListItem","position":2,"name":"Agrokor prevzema hrva\u0161ka vlada"}]},{"@type":"WebSite","@id":"https:\/\/hudo.com\/si\/#website","url":"https:\/\/hudo.com\/si\/","name":"Hudo Slovenija","description":"Vse novice iz Slovenije in sveta","publisher":{"@id":"https:\/\/hudo.com\/si\/#organization"},"potentialAction":[{"@type":"SearchAction","target":{"@type":"EntryPoint","urlTemplate":"https:\/\/hudo.com\/si\/?s={search_term_string}"},"query-input":"required name=search_term_string"}],"inLanguage":"sl-SI"},{"@type":"Organization","@id":"https:\/\/hudo.com\/si\/#organization","name":"VSN Media","url":"https:\/\/hudo.com\/si\/","logo":{"@type":"ImageObject","inLanguage":"sl-SI","@id":"https:\/\/hudo.com\/si\/#\/schema\/logo\/image\/","url":"https:\/\/hudo.com\/si\/wp-content\/uploads\/sites\/2\/2021\/03\/hudo-app-2.png","contentUrl":"https:\/\/hudo.com\/si\/wp-content\/uploads\/sites\/2\/2021\/03\/hudo-app-2.png","width":2185,"height":2167,"caption":"VSN Media"},"image":{"@id":"https:\/\/hudo.com\/si\/#\/schema\/logo\/image\/"},"sameAs":["https:\/\/www.facebook.com\/hudo.si","https:\/\/twitter.com\/hudo_si"]},{"@type":"Person","@id":"https:\/\/hudo.com\/si\/#\/schema\/person\/601cf3379633985b20f7e50f2bb47707","name":"hudo","image":{"@type":"ImageObject","inLanguage":"sl-SI","@id":"https:\/\/hudo.com\/si\/#\/schema\/person\/image\/","url":"https:\/\/secure.gravatar.com\/avatar\/c4ca25fa72cace7a696b52ff5db9e095?s=96&d=mm&r=g","contentUrl":"https:\/\/secure.gravatar.com\/avatar\/c4ca25fa72cace7a696b52ff5db9e095?s=96&d=mm&r=g","caption":"hudo"},"url":"https:\/\/hudo.com\/si\/author\/hudo\/"}]}},"amp_enabled":true,"_links":{"self":[{"href":"https:\/\/hudo.com\/si\/wp-json\/wp\/v2\/posts\/239706"}],"collection":[{"href":"https:\/\/hudo.com\/si\/wp-json\/wp\/v2\/posts"}],"about":[{"href":"https:\/\/hudo.com\/si\/wp-json\/wp\/v2\/types\/post"}],"author":[{"embeddable":true,"href":"https:\/\/hudo.com\/si\/wp-json\/wp\/v2\/users\/1"}],"replies":[{"embeddable":true,"href":"https:\/\/hudo.com\/si\/wp-json\/wp\/v2\/comments?post=239706"}],"version-history":[{"count":1,"href":"https:\/\/hudo.com\/si\/wp-json\/wp\/v2\/posts\/239706\/revisions"}],"predecessor-version":[{"id":239708,"href":"https:\/\/hudo.com\/si\/wp-json\/wp\/v2\/posts\/239706\/revisions\/239708"}],"wp:attachment":[{"href":"https:\/\/hudo.com\/si\/wp-json\/wp\/v2\/media?parent=239706"}],"wp:term":[{"taxonomy":"category","embeddable":true,"href":"https:\/\/hudo.com\/si\/wp-json\/wp\/v2\/categories?post=239706"},{"taxonomy":"post_tag","embeddable":true,"href":"https:\/\/hudo.com\/si\/wp-json\/wp\/v2\/tags?post=239706"},{"taxonomy":"source","embeddable":true,"href":"https:\/\/hudo.com\/si\/wp-json\/wp\/v2\/source?post=239706"},{"taxonomy":"supertag","embeddable":true,"href":"https:\/\/hudo.com\/si\/wp-json\/wp\/v2\/supertag?post=239706"}],"curies":[{"name":"wp","href":"https:\/\/api.w.org\/{rel}","templated":true}]}}