{"id":239738,"date":"2017-04-11T05:00:00","date_gmt":"2017-04-11T03:00:00","guid":{"rendered":"http:\/\/hudo.com\/si\/2017\/04\/11\/ali-humanitarna-pomoc-konca-kot-smet\/"},"modified":"2017-04-11T05:00:00","modified_gmt":"2017-04-11T03:00:00","slug":"ali-humanitarna-pomoc-konca-kot-smet","status":"publish","type":"post","link":"https:\/\/hudo.com\/si\/aktualno\/ali-humanitarna-pomoc-konca-kot-smet\/","title":{"rendered":"Ali humanitarna pomo\u010d kon\u010da kot smet?"},"content":{"rendered":"<p>Kategorija: Slovenija Tue, 11 Apr 2017 07:00:00 +0200  Velike La\u0161\u010de &#8211; V bli\u017eini Turjaka se \u017ee nekaj let redno pojavljajo odvr\u017eeni kupi oblek. \u00bbV\u010dasih smo taka odlagali\u0161\u010da na\u0161li trikrat, \u0161tirikrat na leto, v zadnjem \u010dasu pa se pojavljajo enkrat mese\u010dno,\u00ab pravi Cveto Stani\u0161a, in\u0161pektor medob\u010dinskega redarstva ob\u010din Ribnica, Velike La\u0161\u010de, Dobrepolje, Sodra\u017eica in Lo\u0161ki Potok. Morda, razmi\u0161lja, gre za izkori\u0161\u010danje humanitarne pomo\u010di. \u00bbPonekod po Sloveniji imajo podoben problem, vendar pa takih \u010drnih odlagali\u0161\u010d ni v Ribnici, ne v Sodra\u017eici in ne v Dobrepolju,\u00ab pravi Marija Ajdi\u010d Francelj, vodja medob\u010dinskega in\u0161pektorata. V ob\u010dini Velike La\u0161\u010de najdevajo odvr\u017eene kupe oblek na skorajda istih mestih: takoj za Turjakom, tik ob regionalni cesti Ljubljana-Ko\u010devje, na mestih, kamor se da pripeljati z avtom, vendar niso vidna s ceste.V \u0161tevilnih primerih je videti, da so udele\u017eenci imeli \u010das tudi za piknik. Obleke pa so razmetane\u00a0&#8230;<\/p>\n","protected":false},"excerpt":{"rendered":"<p>Kategorija: Slovenija Tue, 11 Apr 2017 07:00:00 +0200  Velike La\u0161\u010de &#8211; V bli\u017eini Turjaka se \u017ee nekaj let redno pojavljajo odvr\u017eeni kupi oblek. \u00bbV\u010dasih smo taka odlagali\u0161\u010da na\u0161li trikrat, \u0161tirikrat na leto, v zadnjem \u010dasu pa se pojavljajo enkrat mese\u010dno,\u00ab pravi Cveto Stani\u0161a, in\u0161pektor medob\u010dinskega redarstva ob\u010din Ribnica, Velike La\u0161\u010de, Dobrepolje, Sodra\u017eica in Lo\u0161ki Potok. Morda, razmi\u0161lja, gre za izkori\u0161\u010danje humanitarne pomo\u010di. \u00bbPonekod po Sloveniji imajo podoben problem, vendar pa takih \u010drnih odlagali\u0161\u010d ni v Ribnici, ne v Sodra\u017eici in ne v Dobrepolju,\u00ab pravi Marija Ajdi\u010d Francelj, vodja medob\u010dinskega in\u0161pektorata. V ob\u010dini Velike La\u0161\u010de najdevajo odvr\u017eene kupe oblek na skorajda istih mestih: takoj za Turjakom, tik ob regionalni cesti Ljubljana-Ko\u010devje, na mestih, kamor se da pripeljati z avtom, vendar niso vidna s ceste.V \u0161tevilnih primerih je videti, da so udele\u017eenci imeli \u010das tudi za piknik. Obleke pa so razmetane\u00a0&#8230;<\/p>\n","protected":false},"author":1,"featured_media":0,"comment_status":"closed","ping_status":"closed","sticky":false,"template":"","format":"standard","meta":{"footnotes":""},"categories":[1179],"tags":[],"source":[1703],"supertag":[],"acf":[],"yoast_head":"<!-- This site is optimized with the Yoast SEO plugin v21.3 - https:\/\/yoast.com\/wordpress\/plugins\/seo\/ -->\n<title>Ali humanitarna pomo\u010d kon\u010da kot smet? - Hudo Slovenija<\/title>\n<meta name=\"robots\" content=\"index, follow, max-snippet:-1, max-image-preview:large, max-video-preview:-1\" \/>\n<link rel=\"canonical\" href=\"https:\/\/hudo.com\/si\/aktualno\/ali-humanitarna-pomoc-konca-kot-smet\/\" \/>\n<meta property=\"og:locale\" content=\"sl_SI\" \/>\n<meta property=\"og:type\" content=\"article\" \/>\n<meta property=\"og:title\" content=\"Ali humanitarna pomo\u010d kon\u010da kot smet? - Hudo Slovenija\" \/>\n<meta property=\"og:description\" content=\"Kategorija: Slovenija Tue, 11 Apr 2017 07:00:00 +0200 Velike La\u0161\u010de - V bli\u017eini Turjaka se \u017ee nekaj let redno pojavljajo odvr\u017eeni kupi oblek. \u00bbV\u010dasih smo taka odlagali\u0161\u010da na\u0161li trikrat, \u0161tirikrat na leto, v zadnjem \u010dasu pa se pojavljajo enkrat mese\u010dno,\u00ab pravi Cveto Stani\u0161a, in\u0161pektor medob\u010dinskega redarstva ob\u010din Ribnica, Velike La\u0161\u010de, Dobrepolje, Sodra\u017eica in Lo\u0161ki Potok. Morda, razmi\u0161lja, gre za izkori\u0161\u010danje humanitarne pomo\u010di. \u00bbPonekod po Sloveniji imajo podoben problem, vendar pa takih \u010drnih odlagali\u0161\u010d ni v Ribnici, ne v Sodra\u017eici in ne v Dobrepolju,\u00ab pravi Marija Ajdi\u010d Francelj, vodja medob\u010dinskega in\u0161pektorata. V ob\u010dini Velike La\u0161\u010de najdevajo odvr\u017eene kupe oblek na skorajda istih mestih: takoj za Turjakom, tik ob regionalni cesti Ljubljana-Ko\u010devje, na mestih, kamor se da pripeljati z avtom, vendar niso vidna s ceste.V \u0161tevilnih primerih je videti, da so udele\u017eenci imeli \u010das tudi za piknik. Obleke pa so razmetane\u00a0...\" \/>\n<meta property=\"og:url\" content=\"https:\/\/hudo.com\/si\/aktualno\/ali-humanitarna-pomoc-konca-kot-smet\/\" \/>\n<meta property=\"og:site_name\" content=\"Hudo Slovenija\" \/>\n<meta property=\"article:publisher\" content=\"https:\/\/www.facebook.com\/hudo.si\" \/>\n<meta property=\"article:published_time\" content=\"2017-04-11T03:00:00+00:00\" \/>\n<meta property=\"og:image\" content=\"https:\/\/hudo.com\/si\/wp-content\/uploads\/sites\/2\/2017\/04\/480x290_IMG_20170331_091339_1.jpeg\" \/>\n\t<meta property=\"og:image:width\" content=\"480\" \/>\n\t<meta property=\"og:image:height\" content=\"290\" \/>\n\t<meta property=\"og:image:type\" content=\"image\/jpeg\" \/>\n<meta name=\"author\" content=\"hudo\" \/>\n<meta name=\"twitter:card\" content=\"summary_large_image\" \/>\n<meta name=\"twitter:creator\" content=\"@hudo_si\" \/>\n<meta name=\"twitter:site\" content=\"@hudo_si\" \/>\n<meta name=\"twitter:label1\" content=\"Written by\" \/>\n\t<meta name=\"twitter:data1\" content=\"hudo\" \/>\n\t<meta name=\"twitter:label2\" content=\"Est. reading time\" \/>\n\t<meta name=\"twitter:data2\" content=\"1 minuta\" \/>\n<script type=\"application\/ld+json\" class=\"yoast-schema-graph\">{\"@context\":\"https:\/\/schema.org\",\"@graph\":[{\"@type\":\"Article\",\"@id\":\"https:\/\/hudo.com\/si\/aktualno\/ali-humanitarna-pomoc-konca-kot-smet\/#article\",\"isPartOf\":{\"@id\":\"https:\/\/hudo.com\/si\/aktualno\/ali-humanitarna-pomoc-konca-kot-smet\/\"},\"author\":{\"name\":\"hudo\",\"@id\":\"https:\/\/hudo.com\/si\/#\/schema\/person\/601cf3379633985b20f7e50f2bb47707\"},\"headline\":\"Ali humanitarna pomo\u010d kon\u010da kot smet?\",\"datePublished\":\"2017-04-11T03:00:00+00:00\",\"dateModified\":\"2017-04-11T03:00:00+00:00\",\"mainEntityOfPage\":{\"@id\":\"https:\/\/hudo.com\/si\/aktualno\/ali-humanitarna-pomoc-konca-kot-smet\/\"},\"wordCount\":168,\"publisher\":{\"@id\":\"https:\/\/hudo.com\/si\/#organization\"},\"articleSection\":[\"Aktualno\"],\"inLanguage\":\"sl-SI\"},{\"@type\":\"WebPage\",\"@id\":\"https:\/\/hudo.com\/si\/aktualno\/ali-humanitarna-pomoc-konca-kot-smet\/\",\"url\":\"https:\/\/hudo.com\/si\/aktualno\/ali-humanitarna-pomoc-konca-kot-smet\/\",\"name\":\"Ali humanitarna pomo\u010d kon\u010da kot smet? - Hudo Slovenija\",\"isPartOf\":{\"@id\":\"https:\/\/hudo.com\/si\/#website\"},\"datePublished\":\"2017-04-11T03:00:00+00:00\",\"dateModified\":\"2017-04-11T03:00:00+00:00\",\"breadcrumb\":{\"@id\":\"https:\/\/hudo.com\/si\/aktualno\/ali-humanitarna-pomoc-konca-kot-smet\/#breadcrumb\"},\"inLanguage\":\"sl-SI\",\"potentialAction\":[{\"@type\":\"ReadAction\",\"target\":[\"https:\/\/hudo.com\/si\/aktualno\/ali-humanitarna-pomoc-konca-kot-smet\/\"]}]},{\"@type\":\"BreadcrumbList\",\"@id\":\"https:\/\/hudo.com\/si\/aktualno\/ali-humanitarna-pomoc-konca-kot-smet\/#breadcrumb\",\"itemListElement\":[{\"@type\":\"ListItem\",\"position\":1,\"name\":\"Home\",\"item\":\"https:\/\/hudo.com\/si\/\"},{\"@type\":\"ListItem\",\"position\":2,\"name\":\"Ali humanitarna pomo\u010d kon\u010da kot smet?\"}]},{\"@type\":\"WebSite\",\"@id\":\"https:\/\/hudo.com\/si\/#website\",\"url\":\"https:\/\/hudo.com\/si\/\",\"name\":\"Hudo Slovenija\",\"description\":\"Vse novice iz Slovenije in sveta\",\"publisher\":{\"@id\":\"https:\/\/hudo.com\/si\/#organization\"},\"potentialAction\":[{\"@type\":\"SearchAction\",\"target\":{\"@type\":\"EntryPoint\",\"urlTemplate\":\"https:\/\/hudo.com\/si\/?s={search_term_string}\"},\"query-input\":\"required name=search_term_string\"}],\"inLanguage\":\"sl-SI\"},{\"@type\":\"Organization\",\"@id\":\"https:\/\/hudo.com\/si\/#organization\",\"name\":\"VSN Media\",\"url\":\"https:\/\/hudo.com\/si\/\",\"logo\":{\"@type\":\"ImageObject\",\"inLanguage\":\"sl-SI\",\"@id\":\"https:\/\/hudo.com\/si\/#\/schema\/logo\/image\/\",\"url\":\"https:\/\/hudo.com\/si\/wp-content\/uploads\/sites\/2\/2021\/03\/hudo-app-2.png\",\"contentUrl\":\"https:\/\/hudo.com\/si\/wp-content\/uploads\/sites\/2\/2021\/03\/hudo-app-2.png\",\"width\":2185,\"height\":2167,\"caption\":\"VSN Media\"},\"image\":{\"@id\":\"https:\/\/hudo.com\/si\/#\/schema\/logo\/image\/\"},\"sameAs\":[\"https:\/\/www.facebook.com\/hudo.si\",\"https:\/\/twitter.com\/hudo_si\"]},{\"@type\":\"Person\",\"@id\":\"https:\/\/hudo.com\/si\/#\/schema\/person\/601cf3379633985b20f7e50f2bb47707\",\"name\":\"hudo\",\"image\":{\"@type\":\"ImageObject\",\"inLanguage\":\"sl-SI\",\"@id\":\"https:\/\/hudo.com\/si\/#\/schema\/person\/image\/\",\"url\":\"https:\/\/secure.gravatar.com\/avatar\/c4ca25fa72cace7a696b52ff5db9e095?s=96&d=mm&r=g\",\"contentUrl\":\"https:\/\/secure.gravatar.com\/avatar\/c4ca25fa72cace7a696b52ff5db9e095?s=96&d=mm&r=g\",\"caption\":\"hudo\"},\"url\":\"https:\/\/hudo.com\/si\/author\/hudo\/\"}]}<\/script>\n<!-- \/ Yoast SEO plugin. -->","yoast_head_json":{"title":"Ali humanitarna pomo\u010d kon\u010da kot smet? - Hudo Slovenija","robots":{"index":"index","follow":"follow","max-snippet":"max-snippet:-1","max-image-preview":"max-image-preview:large","max-video-preview":"max-video-preview:-1"},"canonical":"https:\/\/hudo.com\/si\/aktualno\/ali-humanitarna-pomoc-konca-kot-smet\/","og_locale":"sl_SI","og_type":"article","og_title":"Ali humanitarna pomo\u010d kon\u010da kot smet? - Hudo Slovenija","og_description":"Kategorija: Slovenija Tue, 11 Apr 2017 07:00:00 +0200 Velike La\u0161\u010de - V bli\u017eini Turjaka se \u017ee nekaj let redno pojavljajo odvr\u017eeni kupi oblek. \u00bbV\u010dasih smo taka odlagali\u0161\u010da na\u0161li trikrat, \u0161tirikrat na leto, v zadnjem \u010dasu pa se pojavljajo enkrat mese\u010dno,\u00ab pravi Cveto Stani\u0161a, in\u0161pektor medob\u010dinskega redarstva ob\u010din Ribnica, Velike La\u0161\u010de, Dobrepolje, Sodra\u017eica in Lo\u0161ki Potok. Morda, razmi\u0161lja, gre za izkori\u0161\u010danje humanitarne pomo\u010di. \u00bbPonekod po Sloveniji imajo podoben problem, vendar pa takih \u010drnih odlagali\u0161\u010d ni v Ribnici, ne v Sodra\u017eici in ne v Dobrepolju,\u00ab pravi Marija Ajdi\u010d Francelj, vodja medob\u010dinskega in\u0161pektorata. V ob\u010dini Velike La\u0161\u010de najdevajo odvr\u017eene kupe oblek na skorajda istih mestih: takoj za Turjakom, tik ob regionalni cesti Ljubljana-Ko\u010devje, na mestih, kamor se da pripeljati z avtom, vendar niso vidna s ceste.V \u0161tevilnih primerih je videti, da so udele\u017eenci imeli \u010das tudi za piknik. Obleke pa so razmetane\u00a0...","og_url":"https:\/\/hudo.com\/si\/aktualno\/ali-humanitarna-pomoc-konca-kot-smet\/","og_site_name":"Hudo Slovenija","article_publisher":"https:\/\/www.facebook.com\/hudo.si","article_published_time":"2017-04-11T03:00:00+00:00","og_image":[{"width":480,"height":290,"url":"https:\/\/hudo.com\/si\/wp-content\/uploads\/sites\/2\/2017\/04\/480x290_IMG_20170331_091339_1.jpeg","type":"image\/jpeg"}],"author":"hudo","twitter_card":"summary_large_image","twitter_creator":"@hudo_si","twitter_site":"@hudo_si","twitter_misc":{"Written by":"hudo","Est. reading time":"1 minuta"},"schema":{"@context":"https:\/\/schema.org","@graph":[{"@type":"Article","@id":"https:\/\/hudo.com\/si\/aktualno\/ali-humanitarna-pomoc-konca-kot-smet\/#article","isPartOf":{"@id":"https:\/\/hudo.com\/si\/aktualno\/ali-humanitarna-pomoc-konca-kot-smet\/"},"author":{"name":"hudo","@id":"https:\/\/hudo.com\/si\/#\/schema\/person\/601cf3379633985b20f7e50f2bb47707"},"headline":"Ali humanitarna pomo\u010d kon\u010da kot smet?","datePublished":"2017-04-11T03:00:00+00:00","dateModified":"2017-04-11T03:00:00+00:00","mainEntityOfPage":{"@id":"https:\/\/hudo.com\/si\/aktualno\/ali-humanitarna-pomoc-konca-kot-smet\/"},"wordCount":168,"publisher":{"@id":"https:\/\/hudo.com\/si\/#organization"},"articleSection":["Aktualno"],"inLanguage":"sl-SI"},{"@type":"WebPage","@id":"https:\/\/hudo.com\/si\/aktualno\/ali-humanitarna-pomoc-konca-kot-smet\/","url":"https:\/\/hudo.com\/si\/aktualno\/ali-humanitarna-pomoc-konca-kot-smet\/","name":"Ali humanitarna pomo\u010d kon\u010da kot smet? - Hudo Slovenija","isPartOf":{"@id":"https:\/\/hudo.com\/si\/#website"},"datePublished":"2017-04-11T03:00:00+00:00","dateModified":"2017-04-11T03:00:00+00:00","breadcrumb":{"@id":"https:\/\/hudo.com\/si\/aktualno\/ali-humanitarna-pomoc-konca-kot-smet\/#breadcrumb"},"inLanguage":"sl-SI","potentialAction":[{"@type":"ReadAction","target":["https:\/\/hudo.com\/si\/aktualno\/ali-humanitarna-pomoc-konca-kot-smet\/"]}]},{"@type":"BreadcrumbList","@id":"https:\/\/hudo.com\/si\/aktualno\/ali-humanitarna-pomoc-konca-kot-smet\/#breadcrumb","itemListElement":[{"@type":"ListItem","position":1,"name":"Home","item":"https:\/\/hudo.com\/si\/"},{"@type":"ListItem","position":2,"name":"Ali humanitarna pomo\u010d kon\u010da kot smet?"}]},{"@type":"WebSite","@id":"https:\/\/hudo.com\/si\/#website","url":"https:\/\/hudo.com\/si\/","name":"Hudo Slovenija","description":"Vse novice iz Slovenije in sveta","publisher":{"@id":"https:\/\/hudo.com\/si\/#organization"},"potentialAction":[{"@type":"SearchAction","target":{"@type":"EntryPoint","urlTemplate":"https:\/\/hudo.com\/si\/?s={search_term_string}"},"query-input":"required name=search_term_string"}],"inLanguage":"sl-SI"},{"@type":"Organization","@id":"https:\/\/hudo.com\/si\/#organization","name":"VSN Media","url":"https:\/\/hudo.com\/si\/","logo":{"@type":"ImageObject","inLanguage":"sl-SI","@id":"https:\/\/hudo.com\/si\/#\/schema\/logo\/image\/","url":"https:\/\/hudo.com\/si\/wp-content\/uploads\/sites\/2\/2021\/03\/hudo-app-2.png","contentUrl":"https:\/\/hudo.com\/si\/wp-content\/uploads\/sites\/2\/2021\/03\/hudo-app-2.png","width":2185,"height":2167,"caption":"VSN Media"},"image":{"@id":"https:\/\/hudo.com\/si\/#\/schema\/logo\/image\/"},"sameAs":["https:\/\/www.facebook.com\/hudo.si","https:\/\/twitter.com\/hudo_si"]},{"@type":"Person","@id":"https:\/\/hudo.com\/si\/#\/schema\/person\/601cf3379633985b20f7e50f2bb47707","name":"hudo","image":{"@type":"ImageObject","inLanguage":"sl-SI","@id":"https:\/\/hudo.com\/si\/#\/schema\/person\/image\/","url":"https:\/\/secure.gravatar.com\/avatar\/c4ca25fa72cace7a696b52ff5db9e095?s=96&d=mm&r=g","contentUrl":"https:\/\/secure.gravatar.com\/avatar\/c4ca25fa72cace7a696b52ff5db9e095?s=96&d=mm&r=g","caption":"hudo"},"url":"https:\/\/hudo.com\/si\/author\/hudo\/"}]}},"amp_enabled":true,"_links":{"self":[{"href":"https:\/\/hudo.com\/si\/wp-json\/wp\/v2\/posts\/239738"}],"collection":[{"href":"https:\/\/hudo.com\/si\/wp-json\/wp\/v2\/posts"}],"about":[{"href":"https:\/\/hudo.com\/si\/wp-json\/wp\/v2\/types\/post"}],"author":[{"embeddable":true,"href":"https:\/\/hudo.com\/si\/wp-json\/wp\/v2\/users\/1"}],"replies":[{"embeddable":true,"href":"https:\/\/hudo.com\/si\/wp-json\/wp\/v2\/comments?post=239738"}],"version-history":[{"count":0,"href":"https:\/\/hudo.com\/si\/wp-json\/wp\/v2\/posts\/239738\/revisions"}],"wp:attachment":[{"href":"https:\/\/hudo.com\/si\/wp-json\/wp\/v2\/media?parent=239738"}],"wp:term":[{"taxonomy":"category","embeddable":true,"href":"https:\/\/hudo.com\/si\/wp-json\/wp\/v2\/categories?post=239738"},{"taxonomy":"post_tag","embeddable":true,"href":"https:\/\/hudo.com\/si\/wp-json\/wp\/v2\/tags?post=239738"},{"taxonomy":"source","embeddable":true,"href":"https:\/\/hudo.com\/si\/wp-json\/wp\/v2\/source?post=239738"},{"taxonomy":"supertag","embeddable":true,"href":"https:\/\/hudo.com\/si\/wp-json\/wp\/v2\/supertag?post=239738"}],"curies":[{"name":"wp","href":"https:\/\/api.w.org\/{rel}","templated":true}]}}