{"id":239750,"date":"2017-04-11T04:04:00","date_gmt":"2017-04-11T02:04:00","guid":{"rendered":"http:\/\/hudo.com\/si\/2017\/04\/11\/izlete-cez-vrsic-bo-oviralo-gradbisce\/"},"modified":"2017-04-11T11:51:28","modified_gmt":"2017-04-11T09:51:28","slug":"izlete-cez-vrsic-bo-oviralo-gradbisce","status":"publish","type":"post","link":"https:\/\/hudo.com\/si\/aktualno\/izlete-cez-vrsic-bo-oviralo-gradbisce\/","title":{"rendered":"Izlete \u010dez Vr\u0161i\u010d bo oviralo gradbi\u0161\u010de"},"content":{"rendered":"<p>Odgovorni za dr\u017eavne ceste pri nas so v\u010deraj obelodanili, kako se bo med obnovo na\u010detega kraka prometnice \u010dez Vr\u0161i\u010d na gorenjski strani prelaza mogo\u010de peljati mimo gradbi\u0161\u010da. Cesta bo v naslednjih tednih pet dni zaprta za vse, za avtobuse bo to veljalo dober mesec. Trentarjem ideja \u0161e zdale\u010d ni v\u0161e\u010d, sploh ker trdijo, da bi se bilo mogo\u010de takim omejitvam prometa izogniti.<\/p>\n","protected":false},"excerpt":{"rendered":"<p>Odgovorni za dr\u017eavne ceste pri nas so v\u010deraj obelodanili, kako se bo med obnovo na\u010detega kraka prometnice \u010dez Vr\u0161i\u010d na gorenjski strani prelaza mogo\u010de peljati mimo gradbi\u0161\u010da. Cesta bo v naslednjih tednih pet dni zaprta za vse, za avtobuse bo to veljalo dober mesec. Trentarjem ideja \u0161e zdale\u010d ni v\u0161e\u010d, sploh ker trdijo, da bi se bilo mogo\u010de takim omejitvam prometa izogniti.<\/p>\n","protected":false},"author":1,"featured_media":0,"comment_status":"closed","ping_status":"closed","sticky":false,"template":"","format":"standard","meta":{"footnotes":""},"categories":[1179],"tags":[],"source":[1707],"supertag":[],"acf":[],"yoast_head":"<!-- This site is optimized with the Yoast SEO plugin v21.3 - https:\/\/yoast.com\/wordpress\/plugins\/seo\/ -->\n<title>Izlete \u010dez Vr\u0161i\u010d bo oviralo gradbi\u0161\u010de - Hudo Slovenija<\/title>\n<meta name=\"robots\" content=\"index, follow, max-snippet:-1, max-image-preview:large, max-video-preview:-1\" \/>\n<link rel=\"canonical\" href=\"https:\/\/hudo.com\/si\/aktualno\/izlete-cez-vrsic-bo-oviralo-gradbisce\/\" \/>\n<meta property=\"og:locale\" content=\"sl_SI\" \/>\n<meta property=\"og:type\" content=\"article\" \/>\n<meta property=\"og:title\" content=\"Izlete \u010dez Vr\u0161i\u010d bo oviralo gradbi\u0161\u010de - Hudo Slovenija\" \/>\n<meta property=\"og:description\" content=\"Odgovorni za dr\u017eavne ceste pri nas so v\u010deraj obelodanili, kako se bo med obnovo na\u010detega kraka prometnice \u010dez Vr\u0161i\u010d na gorenjski strani prelaza mogo\u010de peljati mimo gradbi\u0161\u010da. Cesta bo v naslednjih tednih pet dni zaprta za vse, za avtobuse bo to veljalo dober mesec. Trentarjem ideja \u0161e zdale\u010d ni v\u0161e\u010d, sploh ker trdijo, da bi se bilo mogo\u010de takim omejitvam prometa izogniti.\" \/>\n<meta property=\"og:url\" content=\"https:\/\/hudo.com\/si\/aktualno\/izlete-cez-vrsic-bo-oviralo-gradbisce\/\" \/>\n<meta property=\"og:site_name\" content=\"Hudo Slovenija\" \/>\n<meta property=\"article:publisher\" content=\"https:\/\/www.facebook.com\/hudo.si\" \/>\n<meta property=\"article:published_time\" content=\"2017-04-11T02:04:00+00:00\" \/>\n<meta property=\"article:modified_time\" content=\"2017-04-11T09:51:28+00:00\" \/>\n<meta property=\"og:image\" content=\"https:\/\/hudo.com\/si\/wp-content\/uploads\/sites\/2\/2017\/04\/084-VRSICESTA01.jpg\" \/>\n\t<meta property=\"og:image:width\" content=\"465\" \/>\n\t<meta property=\"og:image:height\" content=\"620\" \/>\n\t<meta property=\"og:image:type\" content=\"image\/jpeg\" \/>\n<meta name=\"author\" content=\"hudo\" \/>\n<meta name=\"twitter:card\" content=\"summary_large_image\" \/>\n<meta name=\"twitter:creator\" content=\"@hudo_si\" \/>\n<meta name=\"twitter:site\" content=\"@hudo_si\" \/>\n<meta name=\"twitter:label1\" content=\"Written by\" \/>\n\t<meta name=\"twitter:data1\" content=\"hudo\" \/>\n<script type=\"application\/ld+json\" class=\"yoast-schema-graph\">{\"@context\":\"https:\/\/schema.org\",\"@graph\":[{\"@type\":\"Article\",\"@id\":\"https:\/\/hudo.com\/si\/aktualno\/izlete-cez-vrsic-bo-oviralo-gradbisce\/#article\",\"isPartOf\":{\"@id\":\"https:\/\/hudo.com\/si\/aktualno\/izlete-cez-vrsic-bo-oviralo-gradbisce\/\"},\"author\":{\"name\":\"hudo\",\"@id\":\"https:\/\/hudo.com\/si\/#\/schema\/person\/601cf3379633985b20f7e50f2bb47707\"},\"headline\":\"Izlete \u010dez Vr\u0161i\u010d bo oviralo gradbi\u0161\u010de\",\"datePublished\":\"2017-04-11T02:04:00+00:00\",\"dateModified\":\"2017-04-11T09:51:28+00:00\",\"mainEntityOfPage\":{\"@id\":\"https:\/\/hudo.com\/si\/aktualno\/izlete-cez-vrsic-bo-oviralo-gradbisce\/\"},\"wordCount\":78,\"publisher\":{\"@id\":\"https:\/\/hudo.com\/si\/#organization\"},\"articleSection\":[\"Aktualno\"],\"inLanguage\":\"sl-SI\"},{\"@type\":\"WebPage\",\"@id\":\"https:\/\/hudo.com\/si\/aktualno\/izlete-cez-vrsic-bo-oviralo-gradbisce\/\",\"url\":\"https:\/\/hudo.com\/si\/aktualno\/izlete-cez-vrsic-bo-oviralo-gradbisce\/\",\"name\":\"Izlete \u010dez Vr\u0161i\u010d bo oviralo gradbi\u0161\u010de - Hudo Slovenija\",\"isPartOf\":{\"@id\":\"https:\/\/hudo.com\/si\/#website\"},\"datePublished\":\"2017-04-11T02:04:00+00:00\",\"dateModified\":\"2017-04-11T09:51:28+00:00\",\"breadcrumb\":{\"@id\":\"https:\/\/hudo.com\/si\/aktualno\/izlete-cez-vrsic-bo-oviralo-gradbisce\/#breadcrumb\"},\"inLanguage\":\"sl-SI\",\"potentialAction\":[{\"@type\":\"ReadAction\",\"target\":[\"https:\/\/hudo.com\/si\/aktualno\/izlete-cez-vrsic-bo-oviralo-gradbisce\/\"]}]},{\"@type\":\"BreadcrumbList\",\"@id\":\"https:\/\/hudo.com\/si\/aktualno\/izlete-cez-vrsic-bo-oviralo-gradbisce\/#breadcrumb\",\"itemListElement\":[{\"@type\":\"ListItem\",\"position\":1,\"name\":\"Home\",\"item\":\"https:\/\/hudo.com\/si\/\"},{\"@type\":\"ListItem\",\"position\":2,\"name\":\"Izlete \u010dez Vr\u0161i\u010d bo oviralo gradbi\u0161\u010de\"}]},{\"@type\":\"WebSite\",\"@id\":\"https:\/\/hudo.com\/si\/#website\",\"url\":\"https:\/\/hudo.com\/si\/\",\"name\":\"Hudo Slovenija\",\"description\":\"Vse novice iz Slovenije in sveta\",\"publisher\":{\"@id\":\"https:\/\/hudo.com\/si\/#organization\"},\"potentialAction\":[{\"@type\":\"SearchAction\",\"target\":{\"@type\":\"EntryPoint\",\"urlTemplate\":\"https:\/\/hudo.com\/si\/?s={search_term_string}\"},\"query-input\":\"required name=search_term_string\"}],\"inLanguage\":\"sl-SI\"},{\"@type\":\"Organization\",\"@id\":\"https:\/\/hudo.com\/si\/#organization\",\"name\":\"VSN Media\",\"url\":\"https:\/\/hudo.com\/si\/\",\"logo\":{\"@type\":\"ImageObject\",\"inLanguage\":\"sl-SI\",\"@id\":\"https:\/\/hudo.com\/si\/#\/schema\/logo\/image\/\",\"url\":\"https:\/\/hudo.com\/si\/wp-content\/uploads\/sites\/2\/2021\/03\/hudo-app-2.png\",\"contentUrl\":\"https:\/\/hudo.com\/si\/wp-content\/uploads\/sites\/2\/2021\/03\/hudo-app-2.png\",\"width\":2185,\"height\":2167,\"caption\":\"VSN Media\"},\"image\":{\"@id\":\"https:\/\/hudo.com\/si\/#\/schema\/logo\/image\/\"},\"sameAs\":[\"https:\/\/www.facebook.com\/hudo.si\",\"https:\/\/twitter.com\/hudo_si\"]},{\"@type\":\"Person\",\"@id\":\"https:\/\/hudo.com\/si\/#\/schema\/person\/601cf3379633985b20f7e50f2bb47707\",\"name\":\"hudo\",\"image\":{\"@type\":\"ImageObject\",\"inLanguage\":\"sl-SI\",\"@id\":\"https:\/\/hudo.com\/si\/#\/schema\/person\/image\/\",\"url\":\"https:\/\/secure.gravatar.com\/avatar\/c4ca25fa72cace7a696b52ff5db9e095?s=96&d=mm&r=g\",\"contentUrl\":\"https:\/\/secure.gravatar.com\/avatar\/c4ca25fa72cace7a696b52ff5db9e095?s=96&d=mm&r=g\",\"caption\":\"hudo\"},\"url\":\"https:\/\/hudo.com\/si\/author\/hudo\/\"}]}<\/script>\n<!-- \/ Yoast SEO plugin. -->","yoast_head_json":{"title":"Izlete \u010dez Vr\u0161i\u010d bo oviralo gradbi\u0161\u010de - Hudo Slovenija","robots":{"index":"index","follow":"follow","max-snippet":"max-snippet:-1","max-image-preview":"max-image-preview:large","max-video-preview":"max-video-preview:-1"},"canonical":"https:\/\/hudo.com\/si\/aktualno\/izlete-cez-vrsic-bo-oviralo-gradbisce\/","og_locale":"sl_SI","og_type":"article","og_title":"Izlete \u010dez Vr\u0161i\u010d bo oviralo gradbi\u0161\u010de - Hudo Slovenija","og_description":"Odgovorni za dr\u017eavne ceste pri nas so v\u010deraj obelodanili, kako se bo med obnovo na\u010detega kraka prometnice \u010dez Vr\u0161i\u010d na gorenjski strani prelaza mogo\u010de peljati mimo gradbi\u0161\u010da. Cesta bo v naslednjih tednih pet dni zaprta za vse, za avtobuse bo to veljalo dober mesec. Trentarjem ideja \u0161e zdale\u010d ni v\u0161e\u010d, sploh ker trdijo, da bi se bilo mogo\u010de takim omejitvam prometa izogniti.","og_url":"https:\/\/hudo.com\/si\/aktualno\/izlete-cez-vrsic-bo-oviralo-gradbisce\/","og_site_name":"Hudo Slovenija","article_publisher":"https:\/\/www.facebook.com\/hudo.si","article_published_time":"2017-04-11T02:04:00+00:00","article_modified_time":"2017-04-11T09:51:28+00:00","og_image":[{"width":465,"height":620,"url":"https:\/\/hudo.com\/si\/wp-content\/uploads\/sites\/2\/2017\/04\/084-VRSICESTA01.jpg","type":"image\/jpeg"}],"author":"hudo","twitter_card":"summary_large_image","twitter_creator":"@hudo_si","twitter_site":"@hudo_si","twitter_misc":{"Written by":"hudo"},"schema":{"@context":"https:\/\/schema.org","@graph":[{"@type":"Article","@id":"https:\/\/hudo.com\/si\/aktualno\/izlete-cez-vrsic-bo-oviralo-gradbisce\/#article","isPartOf":{"@id":"https:\/\/hudo.com\/si\/aktualno\/izlete-cez-vrsic-bo-oviralo-gradbisce\/"},"author":{"name":"hudo","@id":"https:\/\/hudo.com\/si\/#\/schema\/person\/601cf3379633985b20f7e50f2bb47707"},"headline":"Izlete \u010dez Vr\u0161i\u010d bo oviralo gradbi\u0161\u010de","datePublished":"2017-04-11T02:04:00+00:00","dateModified":"2017-04-11T09:51:28+00:00","mainEntityOfPage":{"@id":"https:\/\/hudo.com\/si\/aktualno\/izlete-cez-vrsic-bo-oviralo-gradbisce\/"},"wordCount":78,"publisher":{"@id":"https:\/\/hudo.com\/si\/#organization"},"articleSection":["Aktualno"],"inLanguage":"sl-SI"},{"@type":"WebPage","@id":"https:\/\/hudo.com\/si\/aktualno\/izlete-cez-vrsic-bo-oviralo-gradbisce\/","url":"https:\/\/hudo.com\/si\/aktualno\/izlete-cez-vrsic-bo-oviralo-gradbisce\/","name":"Izlete \u010dez Vr\u0161i\u010d bo oviralo gradbi\u0161\u010de - Hudo Slovenija","isPartOf":{"@id":"https:\/\/hudo.com\/si\/#website"},"datePublished":"2017-04-11T02:04:00+00:00","dateModified":"2017-04-11T09:51:28+00:00","breadcrumb":{"@id":"https:\/\/hudo.com\/si\/aktualno\/izlete-cez-vrsic-bo-oviralo-gradbisce\/#breadcrumb"},"inLanguage":"sl-SI","potentialAction":[{"@type":"ReadAction","target":["https:\/\/hudo.com\/si\/aktualno\/izlete-cez-vrsic-bo-oviralo-gradbisce\/"]}]},{"@type":"BreadcrumbList","@id":"https:\/\/hudo.com\/si\/aktualno\/izlete-cez-vrsic-bo-oviralo-gradbisce\/#breadcrumb","itemListElement":[{"@type":"ListItem","position":1,"name":"Home","item":"https:\/\/hudo.com\/si\/"},{"@type":"ListItem","position":2,"name":"Izlete \u010dez Vr\u0161i\u010d bo oviralo gradbi\u0161\u010de"}]},{"@type":"WebSite","@id":"https:\/\/hudo.com\/si\/#website","url":"https:\/\/hudo.com\/si\/","name":"Hudo Slovenija","description":"Vse novice iz Slovenije in sveta","publisher":{"@id":"https:\/\/hudo.com\/si\/#organization"},"potentialAction":[{"@type":"SearchAction","target":{"@type":"EntryPoint","urlTemplate":"https:\/\/hudo.com\/si\/?s={search_term_string}"},"query-input":"required name=search_term_string"}],"inLanguage":"sl-SI"},{"@type":"Organization","@id":"https:\/\/hudo.com\/si\/#organization","name":"VSN Media","url":"https:\/\/hudo.com\/si\/","logo":{"@type":"ImageObject","inLanguage":"sl-SI","@id":"https:\/\/hudo.com\/si\/#\/schema\/logo\/image\/","url":"https:\/\/hudo.com\/si\/wp-content\/uploads\/sites\/2\/2021\/03\/hudo-app-2.png","contentUrl":"https:\/\/hudo.com\/si\/wp-content\/uploads\/sites\/2\/2021\/03\/hudo-app-2.png","width":2185,"height":2167,"caption":"VSN Media"},"image":{"@id":"https:\/\/hudo.com\/si\/#\/schema\/logo\/image\/"},"sameAs":["https:\/\/www.facebook.com\/hudo.si","https:\/\/twitter.com\/hudo_si"]},{"@type":"Person","@id":"https:\/\/hudo.com\/si\/#\/schema\/person\/601cf3379633985b20f7e50f2bb47707","name":"hudo","image":{"@type":"ImageObject","inLanguage":"sl-SI","@id":"https:\/\/hudo.com\/si\/#\/schema\/person\/image\/","url":"https:\/\/secure.gravatar.com\/avatar\/c4ca25fa72cace7a696b52ff5db9e095?s=96&d=mm&r=g","contentUrl":"https:\/\/secure.gravatar.com\/avatar\/c4ca25fa72cace7a696b52ff5db9e095?s=96&d=mm&r=g","caption":"hudo"},"url":"https:\/\/hudo.com\/si\/author\/hudo\/"}]}},"amp_enabled":true,"_links":{"self":[{"href":"https:\/\/hudo.com\/si\/wp-json\/wp\/v2\/posts\/239750"}],"collection":[{"href":"https:\/\/hudo.com\/si\/wp-json\/wp\/v2\/posts"}],"about":[{"href":"https:\/\/hudo.com\/si\/wp-json\/wp\/v2\/types\/post"}],"author":[{"embeddable":true,"href":"https:\/\/hudo.com\/si\/wp-json\/wp\/v2\/users\/1"}],"replies":[{"embeddable":true,"href":"https:\/\/hudo.com\/si\/wp-json\/wp\/v2\/comments?post=239750"}],"version-history":[{"count":1,"href":"https:\/\/hudo.com\/si\/wp-json\/wp\/v2\/posts\/239750\/revisions"}],"predecessor-version":[{"id":239845,"href":"https:\/\/hudo.com\/si\/wp-json\/wp\/v2\/posts\/239750\/revisions\/239845"}],"wp:attachment":[{"href":"https:\/\/hudo.com\/si\/wp-json\/wp\/v2\/media?parent=239750"}],"wp:term":[{"taxonomy":"category","embeddable":true,"href":"https:\/\/hudo.com\/si\/wp-json\/wp\/v2\/categories?post=239750"},{"taxonomy":"post_tag","embeddable":true,"href":"https:\/\/hudo.com\/si\/wp-json\/wp\/v2\/tags?post=239750"},{"taxonomy":"source","embeddable":true,"href":"https:\/\/hudo.com\/si\/wp-json\/wp\/v2\/source?post=239750"},{"taxonomy":"supertag","embeddable":true,"href":"https:\/\/hudo.com\/si\/wp-json\/wp\/v2\/supertag?post=239750"}],"curies":[{"name":"wp","href":"https:\/\/api.w.org\/{rel}","templated":true}]}}