{"id":239950,"date":"2017-04-11T11:01:43","date_gmt":"2017-04-11T09:01:43","guid":{"rendered":"http:\/\/hudo.com\/si\/?p=239950"},"modified":"2017-04-11T11:01:43","modified_gmt":"2017-04-11T09:01:43","slug":"slovenija-crna-gora-na-podrocju-kmetijstva-krepita-sodelovanje","status":"publish","type":"post","link":"https:\/\/hudo.com\/si\/aktualno\/slovenija-crna-gora-na-podrocju-kmetijstva-krepita-sodelovanje\/","title":{"rendered":"Slovenija in \u010crna gora na podro\u010dju kmetijstva krepita sodelovanje"},"content":{"rendered":"<p>&#8220;Sodelovanje med dr\u017eavama je \u017ee veliko let odli\u010dno. Danes podpisani akcijski na\u010drt pa je izredno operativen in koordinira delo na petih klju\u010dnih podro\u010djih,&#8221; je po podpisu povedal slovenski minister za kmetijstvo, gozdarstvo in prehrano \u017didan.<\/p>\n<p>Med njimi je na\u0161tel kmetijstvo in razvoj pode\u017eelja, vklju\u010dno z \u017eivilskopredelovalno industrijo, podro\u010dje varne hrane, \u010debelarstva, gozdarstva ter podro\u010dje novih tehnologij in raziskovanja. Pri prvem gre za vzpostavitev nekaterih novih mehanizmov ter za izmenjavo znanja, pri drugem za pregled delovanja in\u0161pekcijskih slu\u017eb, pri ostalih treh pa za izmenjavo izku\u0161enj z nacionalnim programom in novim na\u010dinom dela, je pojasnil \u017didan.<\/p>\n<p>Pogovori so tekli tudi o \u010drpanju evropskih sredstev, kjer \u010crna gora na kmetijskem ministrstvu na\u010drtuje pove\u010danje administrativnih mo\u010di, da se bo \u010drpanje teh sredstev pove\u010dalo. Zelo va\u017eno za nas je tudi podro\u010dje gozdarstva in najnovej\u0161e izku\u0161nje dr\u017eave z novim gozdarskim podjetjem, je dejal \u010drnogorski minister za kmetijstvo in razvoj pode\u017eelja ter podpredsednik \u010drnogorske vlade Simovi\u0107.<\/p>\n<p>&#8220;Ministru sem \u010destital za uspehe, ki jih Slovenija bele\u017ei na podro\u010dju kmetijstva, zlasti na podro\u010dju pridelave hrane in na podro\u010dju rasti izvoza,&#8221; je dejal. Dodal je, da so o formuli za tak\u0161ne uspehe govorili odprto, zlasti zato, ker se \u010crna gora ne more pohvaliti z izvozom.<\/p>\n<p>Po \u017didanovih besedah je blagovna menjava med dr\u017eavama lani dosegla nekaj manj kot 100 milijonov evrov, bilanca pa je izrazito v prid slovenskega izvoza v \u010crno goro. Oba ministra se zavedata, da bo treba menjavo bolj uravnote\u017eiti, zato sta pripravila okvir, ki pa ga bodo morali izkoristiti podjetniki sami, je dejal \u017didan in spomnil, da bo prva velika prilo\u017enost za to avgusta.<\/p>\n<p>Takrat se bo namre\u010d v okviru sejma Agra odvijala mednarodna gospodarska konferenca, ki jo bo pospremil politi\u010dni dogodek na Brdu pri Kranju v okviru sre\u010danja srednje- in vzhodnoevropskih dr\u017eav in Kitajske (16+1). Tega se bo udele\u017eil tudi Simovi\u0107 z gospodarsko delegacijo, od mednarodne gospodarske konference pa veliko pri\u010dakujemo, je povedal \u017didan.<\/p>\n<p>Ta je spomnil \u0161e, da je bila \u010crna gora ena izmed prvih dr\u017eav, ki je podprla pobudo Slovenije za svetovni dan \u010debel. Ko bo \u0161la pobuda na Zdru\u017eene narode, bo \u010crna gora tudi sosponzor pobude, je poudaril minister.<\/p>\n","protected":false},"excerpt":{"rendered":"<p> Slovenski in \u010drnogorski kmetijski minister, Dejan \u017didan in Milutin Simovi\u0107, sta danes v Ljubljani podpisala akcijski na\u010drt sodelovanja med ministrstvoma do leta 2021. Z njim vzpostavljata \u0161e bolj\u0161i okvir za krepitev gospodarskega sodelovanja med dr\u017eavama, zlasti na podro\u010dju kmetijstva, gozdarstva in prehrane.<\/p>\n","protected":false},"author":7,"featured_media":239951,"comment_status":"closed","ping_status":"closed","sticky":false,"template":"","format":"standard","meta":{"footnotes":""},"categories":[1179],"tags":[2110,5129,7811,1595],"source":[4511],"supertag":[],"acf":[],"yoast_head":"<!-- This site is optimized with the Yoast SEO plugin v21.3 - https:\/\/yoast.com\/wordpress\/plugins\/seo\/ -->\n<title>Slovenija in \u010crna gora na podro\u010dju kmetijstva krepita sodelovanje - Hudo Slovenija<\/title>\n<meta name=\"robots\" content=\"index, follow, max-snippet:-1, max-image-preview:large, max-video-preview:-1\" \/>\n<link rel=\"canonical\" href=\"https:\/\/hudo.com\/si\/aktualno\/slovenija-crna-gora-na-podrocju-kmetijstva-krepita-sodelovanje\/\" \/>\n<meta property=\"og:locale\" content=\"sl_SI\" \/>\n<meta property=\"og:type\" content=\"article\" \/>\n<meta property=\"og:title\" content=\"Slovenija in \u010crna gora na podro\u010dju kmetijstva krepita sodelovanje - Hudo Slovenija\" \/>\n<meta property=\"og:description\" content=\"Slovenski in \u010drnogorski kmetijski minister, Dejan \u017didan in Milutin Simovi\u0107, sta danes v Ljubljani podpisala akcijski na\u010drt sodelovanja med ministrstvoma do leta 2021. Z njim vzpostavljata \u0161e bolj\u0161i okvir za krepitev gospodarskega sodelovanja med dr\u017eavama, zlasti na podro\u010dju kmetijstva, gozdarstva in prehrane.\" \/>\n<meta property=\"og:url\" content=\"https:\/\/hudo.com\/si\/aktualno\/slovenija-crna-gora-na-podrocju-kmetijstva-krepita-sodelovanje\/\" \/>\n<meta property=\"og:site_name\" content=\"Hudo Slovenija\" \/>\n<meta property=\"article:publisher\" content=\"https:\/\/www.facebook.com\/hudo.si\" \/>\n<meta property=\"article:published_time\" content=\"2017-04-11T09:01:43+00:00\" \/>\n<meta property=\"og:image\" content=\"https:\/\/hudo.com\/si\/wp-content\/uploads\/sites\/2\/2017\/04\/profimedia-0306687406.jpg\" \/>\n\t<meta property=\"og:image:width\" content=\"1250\" \/>\n\t<meta property=\"og:image:height\" content=\"776\" \/>\n\t<meta property=\"og:image:type\" content=\"image\/jpeg\" \/>\n<meta name=\"author\" content=\"A. P., STA\" \/>\n<meta name=\"twitter:card\" content=\"summary_large_image\" \/>\n<meta name=\"twitter:creator\" content=\"@hudo_si\" \/>\n<meta name=\"twitter:site\" content=\"@hudo_si\" \/>\n<meta name=\"twitter:label1\" content=\"Written by\" \/>\n\t<meta name=\"twitter:data1\" content=\"A. P., STA\" \/>\n\t<meta name=\"twitter:label2\" content=\"Est. reading time\" \/>\n\t<meta name=\"twitter:data2\" content=\"2 minuti\" \/>\n<script type=\"application\/ld+json\" class=\"yoast-schema-graph\">{\"@context\":\"https:\/\/schema.org\",\"@graph\":[{\"@type\":\"Article\",\"@id\":\"https:\/\/hudo.com\/si\/aktualno\/slovenija-crna-gora-na-podrocju-kmetijstva-krepita-sodelovanje\/#article\",\"isPartOf\":{\"@id\":\"https:\/\/hudo.com\/si\/aktualno\/slovenija-crna-gora-na-podrocju-kmetijstva-krepita-sodelovanje\/\"},\"author\":{\"name\":\"A. P., STA\",\"@id\":\"https:\/\/hudo.com\/si\/#\/schema\/person\/18f09c02475ba9e606e941a565b80cff\"},\"headline\":\"Slovenija in \u010crna gora na podro\u010dju kmetijstva krepita sodelovanje\",\"datePublished\":\"2017-04-11T09:01:43+00:00\",\"dateModified\":\"2017-04-11T09:01:43+00:00\",\"mainEntityOfPage\":{\"@id\":\"https:\/\/hudo.com\/si\/aktualno\/slovenija-crna-gora-na-podrocju-kmetijstva-krepita-sodelovanje\/\"},\"wordCount\":393,\"publisher\":{\"@id\":\"https:\/\/hudo.com\/si\/#organization\"},\"keywords\":[\"\u010drna gora\",\"diplomacija\",\"gospodarsto\",\"Slovenija\"],\"articleSection\":[\"Aktualno\"],\"inLanguage\":\"sl-SI\"},{\"@type\":\"WebPage\",\"@id\":\"https:\/\/hudo.com\/si\/aktualno\/slovenija-crna-gora-na-podrocju-kmetijstva-krepita-sodelovanje\/\",\"url\":\"https:\/\/hudo.com\/si\/aktualno\/slovenija-crna-gora-na-podrocju-kmetijstva-krepita-sodelovanje\/\",\"name\":\"Slovenija in \u010crna gora na podro\u010dju kmetijstva krepita sodelovanje - Hudo Slovenija\",\"isPartOf\":{\"@id\":\"https:\/\/hudo.com\/si\/#website\"},\"datePublished\":\"2017-04-11T09:01:43+00:00\",\"dateModified\":\"2017-04-11T09:01:43+00:00\",\"breadcrumb\":{\"@id\":\"https:\/\/hudo.com\/si\/aktualno\/slovenija-crna-gora-na-podrocju-kmetijstva-krepita-sodelovanje\/#breadcrumb\"},\"inLanguage\":\"sl-SI\",\"potentialAction\":[{\"@type\":\"ReadAction\",\"target\":[\"https:\/\/hudo.com\/si\/aktualno\/slovenija-crna-gora-na-podrocju-kmetijstva-krepita-sodelovanje\/\"]}]},{\"@type\":\"BreadcrumbList\",\"@id\":\"https:\/\/hudo.com\/si\/aktualno\/slovenija-crna-gora-na-podrocju-kmetijstva-krepita-sodelovanje\/#breadcrumb\",\"itemListElement\":[{\"@type\":\"ListItem\",\"position\":1,\"name\":\"Home\",\"item\":\"https:\/\/hudo.com\/si\/\"},{\"@type\":\"ListItem\",\"position\":2,\"name\":\"Slovenija in \u010crna gora na podro\u010dju kmetijstva krepita sodelovanje\"}]},{\"@type\":\"WebSite\",\"@id\":\"https:\/\/hudo.com\/si\/#website\",\"url\":\"https:\/\/hudo.com\/si\/\",\"name\":\"Hudo Slovenija\",\"description\":\"Vse novice iz Slovenije in sveta\",\"publisher\":{\"@id\":\"https:\/\/hudo.com\/si\/#organization\"},\"potentialAction\":[{\"@type\":\"SearchAction\",\"target\":{\"@type\":\"EntryPoint\",\"urlTemplate\":\"https:\/\/hudo.com\/si\/?s={search_term_string}\"},\"query-input\":\"required name=search_term_string\"}],\"inLanguage\":\"sl-SI\"},{\"@type\":\"Organization\",\"@id\":\"https:\/\/hudo.com\/si\/#organization\",\"name\":\"VSN Media\",\"url\":\"https:\/\/hudo.com\/si\/\",\"logo\":{\"@type\":\"ImageObject\",\"inLanguage\":\"sl-SI\",\"@id\":\"https:\/\/hudo.com\/si\/#\/schema\/logo\/image\/\",\"url\":\"https:\/\/hudo.com\/si\/wp-content\/uploads\/sites\/2\/2021\/03\/hudo-app-2.png\",\"contentUrl\":\"https:\/\/hudo.com\/si\/wp-content\/uploads\/sites\/2\/2021\/03\/hudo-app-2.png\",\"width\":2185,\"height\":2167,\"caption\":\"VSN Media\"},\"image\":{\"@id\":\"https:\/\/hudo.com\/si\/#\/schema\/logo\/image\/\"},\"sameAs\":[\"https:\/\/www.facebook.com\/hudo.si\",\"https:\/\/twitter.com\/hudo_si\"]},{\"@type\":\"Person\",\"@id\":\"https:\/\/hudo.com\/si\/#\/schema\/person\/18f09c02475ba9e606e941a565b80cff\",\"name\":\"A. P., STA\",\"image\":{\"@type\":\"ImageObject\",\"inLanguage\":\"sl-SI\",\"@id\":\"https:\/\/hudo.com\/si\/#\/schema\/person\/image\/\",\"url\":\"https:\/\/secure.gravatar.com\/avatar\/03eac8e609f5f04383125d80eaeaaf3e?s=96&d=mm&r=g\",\"contentUrl\":\"https:\/\/secure.gravatar.com\/avatar\/03eac8e609f5f04383125d80eaeaaf3e?s=96&d=mm&r=g\",\"caption\":\"A. P., STA\"},\"url\":\"https:\/\/hudo.com\/si\/author\/lubu\/\"}]}<\/script>\n<!-- \/ Yoast SEO plugin. -->","yoast_head_json":{"title":"Slovenija in \u010crna gora na podro\u010dju kmetijstva krepita sodelovanje - Hudo Slovenija","robots":{"index":"index","follow":"follow","max-snippet":"max-snippet:-1","max-image-preview":"max-image-preview:large","max-video-preview":"max-video-preview:-1"},"canonical":"https:\/\/hudo.com\/si\/aktualno\/slovenija-crna-gora-na-podrocju-kmetijstva-krepita-sodelovanje\/","og_locale":"sl_SI","og_type":"article","og_title":"Slovenija in \u010crna gora na podro\u010dju kmetijstva krepita sodelovanje - Hudo Slovenija","og_description":"Slovenski in \u010drnogorski kmetijski minister, Dejan \u017didan in Milutin Simovi\u0107, sta danes v Ljubljani podpisala akcijski na\u010drt sodelovanja med ministrstvoma do leta 2021. Z njim vzpostavljata \u0161e bolj\u0161i okvir za krepitev gospodarskega sodelovanja med dr\u017eavama, zlasti na podro\u010dju kmetijstva, gozdarstva in prehrane.","og_url":"https:\/\/hudo.com\/si\/aktualno\/slovenija-crna-gora-na-podrocju-kmetijstva-krepita-sodelovanje\/","og_site_name":"Hudo Slovenija","article_publisher":"https:\/\/www.facebook.com\/hudo.si","article_published_time":"2017-04-11T09:01:43+00:00","og_image":[{"width":1250,"height":776,"url":"https:\/\/hudo.com\/si\/wp-content\/uploads\/sites\/2\/2017\/04\/profimedia-0306687406.jpg","type":"image\/jpeg"}],"author":"A. P., STA","twitter_card":"summary_large_image","twitter_creator":"@hudo_si","twitter_site":"@hudo_si","twitter_misc":{"Written by":"A. P., STA","Est. reading time":"2 minuti"},"schema":{"@context":"https:\/\/schema.org","@graph":[{"@type":"Article","@id":"https:\/\/hudo.com\/si\/aktualno\/slovenija-crna-gora-na-podrocju-kmetijstva-krepita-sodelovanje\/#article","isPartOf":{"@id":"https:\/\/hudo.com\/si\/aktualno\/slovenija-crna-gora-na-podrocju-kmetijstva-krepita-sodelovanje\/"},"author":{"name":"A. P., STA","@id":"https:\/\/hudo.com\/si\/#\/schema\/person\/18f09c02475ba9e606e941a565b80cff"},"headline":"Slovenija in \u010crna gora na podro\u010dju kmetijstva krepita sodelovanje","datePublished":"2017-04-11T09:01:43+00:00","dateModified":"2017-04-11T09:01:43+00:00","mainEntityOfPage":{"@id":"https:\/\/hudo.com\/si\/aktualno\/slovenija-crna-gora-na-podrocju-kmetijstva-krepita-sodelovanje\/"},"wordCount":393,"publisher":{"@id":"https:\/\/hudo.com\/si\/#organization"},"keywords":["\u010drna gora","diplomacija","gospodarsto","Slovenija"],"articleSection":["Aktualno"],"inLanguage":"sl-SI"},{"@type":"WebPage","@id":"https:\/\/hudo.com\/si\/aktualno\/slovenija-crna-gora-na-podrocju-kmetijstva-krepita-sodelovanje\/","url":"https:\/\/hudo.com\/si\/aktualno\/slovenija-crna-gora-na-podrocju-kmetijstva-krepita-sodelovanje\/","name":"Slovenija in \u010crna gora na podro\u010dju kmetijstva krepita sodelovanje - Hudo Slovenija","isPartOf":{"@id":"https:\/\/hudo.com\/si\/#website"},"datePublished":"2017-04-11T09:01:43+00:00","dateModified":"2017-04-11T09:01:43+00:00","breadcrumb":{"@id":"https:\/\/hudo.com\/si\/aktualno\/slovenija-crna-gora-na-podrocju-kmetijstva-krepita-sodelovanje\/#breadcrumb"},"inLanguage":"sl-SI","potentialAction":[{"@type":"ReadAction","target":["https:\/\/hudo.com\/si\/aktualno\/slovenija-crna-gora-na-podrocju-kmetijstva-krepita-sodelovanje\/"]}]},{"@type":"BreadcrumbList","@id":"https:\/\/hudo.com\/si\/aktualno\/slovenija-crna-gora-na-podrocju-kmetijstva-krepita-sodelovanje\/#breadcrumb","itemListElement":[{"@type":"ListItem","position":1,"name":"Home","item":"https:\/\/hudo.com\/si\/"},{"@type":"ListItem","position":2,"name":"Slovenija in \u010crna gora na podro\u010dju kmetijstva krepita sodelovanje"}]},{"@type":"WebSite","@id":"https:\/\/hudo.com\/si\/#website","url":"https:\/\/hudo.com\/si\/","name":"Hudo Slovenija","description":"Vse novice iz Slovenije in sveta","publisher":{"@id":"https:\/\/hudo.com\/si\/#organization"},"potentialAction":[{"@type":"SearchAction","target":{"@type":"EntryPoint","urlTemplate":"https:\/\/hudo.com\/si\/?s={search_term_string}"},"query-input":"required name=search_term_string"}],"inLanguage":"sl-SI"},{"@type":"Organization","@id":"https:\/\/hudo.com\/si\/#organization","name":"VSN Media","url":"https:\/\/hudo.com\/si\/","logo":{"@type":"ImageObject","inLanguage":"sl-SI","@id":"https:\/\/hudo.com\/si\/#\/schema\/logo\/image\/","url":"https:\/\/hudo.com\/si\/wp-content\/uploads\/sites\/2\/2021\/03\/hudo-app-2.png","contentUrl":"https:\/\/hudo.com\/si\/wp-content\/uploads\/sites\/2\/2021\/03\/hudo-app-2.png","width":2185,"height":2167,"caption":"VSN Media"},"image":{"@id":"https:\/\/hudo.com\/si\/#\/schema\/logo\/image\/"},"sameAs":["https:\/\/www.facebook.com\/hudo.si","https:\/\/twitter.com\/hudo_si"]},{"@type":"Person","@id":"https:\/\/hudo.com\/si\/#\/schema\/person\/18f09c02475ba9e606e941a565b80cff","name":"A. P., STA","image":{"@type":"ImageObject","inLanguage":"sl-SI","@id":"https:\/\/hudo.com\/si\/#\/schema\/person\/image\/","url":"https:\/\/secure.gravatar.com\/avatar\/03eac8e609f5f04383125d80eaeaaf3e?s=96&d=mm&r=g","contentUrl":"https:\/\/secure.gravatar.com\/avatar\/03eac8e609f5f04383125d80eaeaaf3e?s=96&d=mm&r=g","caption":"A. P., STA"},"url":"https:\/\/hudo.com\/si\/author\/lubu\/"}]}},"amp_enabled":true,"_links":{"self":[{"href":"https:\/\/hudo.com\/si\/wp-json\/wp\/v2\/posts\/239950"}],"collection":[{"href":"https:\/\/hudo.com\/si\/wp-json\/wp\/v2\/posts"}],"about":[{"href":"https:\/\/hudo.com\/si\/wp-json\/wp\/v2\/types\/post"}],"author":[{"embeddable":true,"href":"https:\/\/hudo.com\/si\/wp-json\/wp\/v2\/users\/7"}],"replies":[{"embeddable":true,"href":"https:\/\/hudo.com\/si\/wp-json\/wp\/v2\/comments?post=239950"}],"version-history":[{"count":1,"href":"https:\/\/hudo.com\/si\/wp-json\/wp\/v2\/posts\/239950\/revisions"}],"predecessor-version":[{"id":239953,"href":"https:\/\/hudo.com\/si\/wp-json\/wp\/v2\/posts\/239950\/revisions\/239953"}],"wp:featuredmedia":[{"embeddable":true,"href":"https:\/\/hudo.com\/si\/wp-json\/wp\/v2\/media\/239951"}],"wp:attachment":[{"href":"https:\/\/hudo.com\/si\/wp-json\/wp\/v2\/media?parent=239950"}],"wp:term":[{"taxonomy":"category","embeddable":true,"href":"https:\/\/hudo.com\/si\/wp-json\/wp\/v2\/categories?post=239950"},{"taxonomy":"post_tag","embeddable":true,"href":"https:\/\/hudo.com\/si\/wp-json\/wp\/v2\/tags?post=239950"},{"taxonomy":"source","embeddable":true,"href":"https:\/\/hudo.com\/si\/wp-json\/wp\/v2\/source?post=239950"},{"taxonomy":"supertag","embeddable":true,"href":"https:\/\/hudo.com\/si\/wp-json\/wp\/v2\/supertag?post=239950"}],"curies":[{"name":"wp","href":"https:\/\/api.w.org\/{rel}","templated":true}]}}