{"id":240862,"date":"2017-04-12T16:00:00","date_gmt":"2017-04-12T14:00:00","guid":{"rendered":"http:\/\/hudo.com\/si\/2017\/04\/12\/hrvaska-bo-lipicanca-dala-na-znamko-minister-zidan-pa-nic\/"},"modified":"2017-04-12T16:00:00","modified_gmt":"2017-04-12T14:00:00","slug":"hrvaska-bo-lipicanca-dala-na-znamko-minister-zidan-pa-nic","status":"publish","type":"post","link":"https:\/\/hudo.com\/si\/aktualno\/hrvaska-bo-lipicanca-dala-na-znamko-minister-zidan-pa-nic\/","title":{"rendered":"Hrva\u0161ka bo lipicanca dala na znamko, minister \u017didan pa ni\u010d"},"content":{"rendered":"<p>Kategorija: Politika Wed, 12 Apr 2017 18:00:00 +0200  Ljubljana \u2013 Hrva\u0161ka po\u0161ta zbira likovne in grafi\u010dne re\u0161itve za nove po\u0161tne znamke, eno od 11 razpisanih tem je imenovana \u00bbhrva\u0161ke pasme konj, lipicanec\u00ab. Ministru Dejanu \u017didanu, ki ni za\u0161\u010ditil terana in se zdaj ukvarja s pravilnikom o kajmaku, se hrva\u0161ki lipicanec ne zdi te\u017eava.Pred velikono\u010dnimi prazniki so v Kobilarni Lipica do\u010dakali rojstva prvih leto\u0161njih \u017erebi\u010dkov. Rjavka Slava se je rodila v ponedeljek, v\u010deraj pa sta ji sledili \u0161e Canissa in Steaka. V Lipici do junija pri\u010dakujejo ve\u010d kot 20 \u017erebet.\u00bbLipicanec je eden od slovenskih simbolov, upodobljen je na slovenskem kovancu za 20 centov.\u00ab To so besede, ki jih bo z Wikipedie povzela ali celo prepisala ve\u010dina slovenskih \u0161olarjev, ko bodo pisali seminarsko nalogo o lipicancih. Slovenski simbol na hrva\u0161ki znamki Tako kot so slovenski otroci prepri\u010dani, da je lipicanec\u00a0&#8230;<\/p>\n","protected":false},"excerpt":{"rendered":"<p>Kategorija: Politika Wed, 12 Apr 2017 18:00:00 +0200  Ljubljana \u2013 Hrva\u0161ka po\u0161ta zbira likovne in grafi\u010dne re\u0161itve za nove po\u0161tne znamke, eno od 11 razpisanih tem je imenovana \u00bbhrva\u0161ke pasme konj, lipicanec\u00ab. Ministru Dejanu \u017didanu, ki ni za\u0161\u010ditil terana in se zdaj ukvarja s pravilnikom o kajmaku, se hrva\u0161ki lipicanec ne zdi te\u017eava.Pred velikono\u010dnimi prazniki so v Kobilarni Lipica do\u010dakali rojstva prvih leto\u0161njih \u017erebi\u010dkov. Rjavka Slava se je rodila v ponedeljek, v\u010deraj pa sta ji sledili \u0161e Canissa in Steaka. V Lipici do junija pri\u010dakujejo ve\u010d kot 20 \u017erebet.\u00bbLipicanec je eden od slovenskih simbolov, upodobljen je na slovenskem kovancu za 20 centov.\u00ab To so besede, ki jih bo z Wikipedie povzela ali celo prepisala ve\u010dina slovenskih \u0161olarjev, ko bodo pisali seminarsko nalogo o lipicancih. Slovenski simbol na hrva\u0161ki znamki Tako kot so slovenski otroci prepri\u010dani, da je lipicanec\u00a0&#8230;<\/p>\n","protected":false},"author":1,"featured_media":0,"comment_status":"closed","ping_status":"closed","sticky":false,"template":"","format":"standard","meta":{"footnotes":""},"categories":[1179],"tags":[],"source":[1703],"supertag":[],"acf":[],"yoast_head":"<!-- This site is optimized with the Yoast SEO plugin v21.3 - https:\/\/yoast.com\/wordpress\/plugins\/seo\/ -->\n<title>Hrva\u0161ka bo lipicanca dala na znamko, minister \u017didan pa ni\u010d - Hudo Slovenija<\/title>\n<meta name=\"robots\" content=\"index, follow, max-snippet:-1, max-image-preview:large, max-video-preview:-1\" \/>\n<link rel=\"canonical\" href=\"https:\/\/hudo.com\/si\/aktualno\/hrvaska-bo-lipicanca-dala-na-znamko-minister-zidan-pa-nic\/\" \/>\n<meta property=\"og:locale\" content=\"sl_SI\" \/>\n<meta property=\"og:type\" content=\"article\" \/>\n<meta property=\"og:title\" content=\"Hrva\u0161ka bo lipicanca dala na znamko, minister \u017didan pa ni\u010d - Hudo Slovenija\" \/>\n<meta property=\"og:description\" content=\"Kategorija: Politika Wed, 12 Apr 2017 18:00:00 +0200 Ljubljana \u2013 Hrva\u0161ka po\u0161ta zbira likovne in grafi\u010dne re\u0161itve za nove po\u0161tne znamke, eno od 11 razpisanih tem je imenovana \u00bbhrva\u0161ke pasme konj, lipicanec\u00ab. Ministru Dejanu \u017didanu, ki ni za\u0161\u010ditil terana in se zdaj ukvarja s pravilnikom o kajmaku, se hrva\u0161ki lipicanec ne zdi te\u017eava.Pred velikono\u010dnimi prazniki so v Kobilarni Lipica do\u010dakali rojstva prvih leto\u0161njih \u017erebi\u010dkov. Rjavka Slava se je rodila v ponedeljek, v\u010deraj pa sta ji sledili \u0161e Canissa in Steaka. V Lipici do junija pri\u010dakujejo ve\u010d kot 20 \u017erebet.\u00bbLipicanec je eden od slovenskih simbolov, upodobljen je na slovenskem kovancu za 20 centov.\u00ab To so besede, ki jih bo z Wikipedie povzela ali celo prepisala ve\u010dina slovenskih \u0161olarjev, ko bodo pisali seminarsko nalogo o lipicancih. Slovenski simbol na hrva\u0161ki znamki Tako kot so slovenski otroci prepri\u010dani, da je lipicanec\u00a0...\" \/>\n<meta property=\"og:url\" content=\"https:\/\/hudo.com\/si\/aktualno\/hrvaska-bo-lipicanca-dala-na-znamko-minister-zidan-pa-nic\/\" \/>\n<meta property=\"og:site_name\" content=\"Hudo Slovenija\" \/>\n<meta property=\"article:publisher\" content=\"https:\/\/www.facebook.com\/hudo.si\" \/>\n<meta property=\"article:published_time\" content=\"2017-04-12T14:00:00+00:00\" \/>\n<meta property=\"og:image\" content=\"https:\/\/hudo.com\/si\/wp-content\/uploads\/sites\/2\/2017\/04\/480x290_4_stran__djvu_1213090_mdr_v_hires0.jpeg\" \/>\n\t<meta property=\"og:image:width\" content=\"480\" \/>\n\t<meta property=\"og:image:height\" content=\"290\" \/>\n\t<meta property=\"og:image:type\" content=\"image\/jpeg\" \/>\n<meta name=\"author\" content=\"hudo\" \/>\n<meta name=\"twitter:card\" content=\"summary_large_image\" \/>\n<meta name=\"twitter:creator\" content=\"@hudo_si\" \/>\n<meta name=\"twitter:site\" content=\"@hudo_si\" \/>\n<meta name=\"twitter:label1\" content=\"Written by\" \/>\n\t<meta name=\"twitter:data1\" content=\"hudo\" \/>\n\t<meta name=\"twitter:label2\" content=\"Est. reading time\" \/>\n\t<meta name=\"twitter:data2\" content=\"1 minuta\" \/>\n<script type=\"application\/ld+json\" class=\"yoast-schema-graph\">{\"@context\":\"https:\/\/schema.org\",\"@graph\":[{\"@type\":\"Article\",\"@id\":\"https:\/\/hudo.com\/si\/aktualno\/hrvaska-bo-lipicanca-dala-na-znamko-minister-zidan-pa-nic\/#article\",\"isPartOf\":{\"@id\":\"https:\/\/hudo.com\/si\/aktualno\/hrvaska-bo-lipicanca-dala-na-znamko-minister-zidan-pa-nic\/\"},\"author\":{\"name\":\"hudo\",\"@id\":\"https:\/\/hudo.com\/si\/#\/schema\/person\/601cf3379633985b20f7e50f2bb47707\"},\"headline\":\"Hrva\u0161ka bo lipicanca dala na znamko, minister \u017didan pa ni\u010d\",\"datePublished\":\"2017-04-12T14:00:00+00:00\",\"dateModified\":\"2017-04-12T14:00:00+00:00\",\"mainEntityOfPage\":{\"@id\":\"https:\/\/hudo.com\/si\/aktualno\/hrvaska-bo-lipicanca-dala-na-znamko-minister-zidan-pa-nic\/\"},\"wordCount\":161,\"publisher\":{\"@id\":\"https:\/\/hudo.com\/si\/#organization\"},\"articleSection\":[\"Aktualno\"],\"inLanguage\":\"sl-SI\"},{\"@type\":\"WebPage\",\"@id\":\"https:\/\/hudo.com\/si\/aktualno\/hrvaska-bo-lipicanca-dala-na-znamko-minister-zidan-pa-nic\/\",\"url\":\"https:\/\/hudo.com\/si\/aktualno\/hrvaska-bo-lipicanca-dala-na-znamko-minister-zidan-pa-nic\/\",\"name\":\"Hrva\u0161ka bo lipicanca dala na znamko, minister \u017didan pa ni\u010d - Hudo Slovenija\",\"isPartOf\":{\"@id\":\"https:\/\/hudo.com\/si\/#website\"},\"datePublished\":\"2017-04-12T14:00:00+00:00\",\"dateModified\":\"2017-04-12T14:00:00+00:00\",\"breadcrumb\":{\"@id\":\"https:\/\/hudo.com\/si\/aktualno\/hrvaska-bo-lipicanca-dala-na-znamko-minister-zidan-pa-nic\/#breadcrumb\"},\"inLanguage\":\"sl-SI\",\"potentialAction\":[{\"@type\":\"ReadAction\",\"target\":[\"https:\/\/hudo.com\/si\/aktualno\/hrvaska-bo-lipicanca-dala-na-znamko-minister-zidan-pa-nic\/\"]}]},{\"@type\":\"BreadcrumbList\",\"@id\":\"https:\/\/hudo.com\/si\/aktualno\/hrvaska-bo-lipicanca-dala-na-znamko-minister-zidan-pa-nic\/#breadcrumb\",\"itemListElement\":[{\"@type\":\"ListItem\",\"position\":1,\"name\":\"Home\",\"item\":\"https:\/\/hudo.com\/si\/\"},{\"@type\":\"ListItem\",\"position\":2,\"name\":\"Hrva\u0161ka bo lipicanca dala na znamko, minister \u017didan pa ni\u010d\"}]},{\"@type\":\"WebSite\",\"@id\":\"https:\/\/hudo.com\/si\/#website\",\"url\":\"https:\/\/hudo.com\/si\/\",\"name\":\"Hudo Slovenija\",\"description\":\"Vse novice iz Slovenije in sveta\",\"publisher\":{\"@id\":\"https:\/\/hudo.com\/si\/#organization\"},\"potentialAction\":[{\"@type\":\"SearchAction\",\"target\":{\"@type\":\"EntryPoint\",\"urlTemplate\":\"https:\/\/hudo.com\/si\/?s={search_term_string}\"},\"query-input\":\"required name=search_term_string\"}],\"inLanguage\":\"sl-SI\"},{\"@type\":\"Organization\",\"@id\":\"https:\/\/hudo.com\/si\/#organization\",\"name\":\"VSN Media\",\"url\":\"https:\/\/hudo.com\/si\/\",\"logo\":{\"@type\":\"ImageObject\",\"inLanguage\":\"sl-SI\",\"@id\":\"https:\/\/hudo.com\/si\/#\/schema\/logo\/image\/\",\"url\":\"https:\/\/hudo.com\/si\/wp-content\/uploads\/sites\/2\/2021\/03\/hudo-app-2.png\",\"contentUrl\":\"https:\/\/hudo.com\/si\/wp-content\/uploads\/sites\/2\/2021\/03\/hudo-app-2.png\",\"width\":2185,\"height\":2167,\"caption\":\"VSN Media\"},\"image\":{\"@id\":\"https:\/\/hudo.com\/si\/#\/schema\/logo\/image\/\"},\"sameAs\":[\"https:\/\/www.facebook.com\/hudo.si\",\"https:\/\/twitter.com\/hudo_si\"]},{\"@type\":\"Person\",\"@id\":\"https:\/\/hudo.com\/si\/#\/schema\/person\/601cf3379633985b20f7e50f2bb47707\",\"name\":\"hudo\",\"image\":{\"@type\":\"ImageObject\",\"inLanguage\":\"sl-SI\",\"@id\":\"https:\/\/hudo.com\/si\/#\/schema\/person\/image\/\",\"url\":\"https:\/\/secure.gravatar.com\/avatar\/c4ca25fa72cace7a696b52ff5db9e095?s=96&d=mm&r=g\",\"contentUrl\":\"https:\/\/secure.gravatar.com\/avatar\/c4ca25fa72cace7a696b52ff5db9e095?s=96&d=mm&r=g\",\"caption\":\"hudo\"},\"url\":\"https:\/\/hudo.com\/si\/author\/hudo\/\"}]}<\/script>\n<!-- \/ Yoast SEO plugin. -->","yoast_head_json":{"title":"Hrva\u0161ka bo lipicanca dala na znamko, minister \u017didan pa ni\u010d - Hudo Slovenija","robots":{"index":"index","follow":"follow","max-snippet":"max-snippet:-1","max-image-preview":"max-image-preview:large","max-video-preview":"max-video-preview:-1"},"canonical":"https:\/\/hudo.com\/si\/aktualno\/hrvaska-bo-lipicanca-dala-na-znamko-minister-zidan-pa-nic\/","og_locale":"sl_SI","og_type":"article","og_title":"Hrva\u0161ka bo lipicanca dala na znamko, minister \u017didan pa ni\u010d - Hudo Slovenija","og_description":"Kategorija: Politika Wed, 12 Apr 2017 18:00:00 +0200 Ljubljana \u2013 Hrva\u0161ka po\u0161ta zbira likovne in grafi\u010dne re\u0161itve za nove po\u0161tne znamke, eno od 11 razpisanih tem je imenovana \u00bbhrva\u0161ke pasme konj, lipicanec\u00ab. Ministru Dejanu \u017didanu, ki ni za\u0161\u010ditil terana in se zdaj ukvarja s pravilnikom o kajmaku, se hrva\u0161ki lipicanec ne zdi te\u017eava.Pred velikono\u010dnimi prazniki so v Kobilarni Lipica do\u010dakali rojstva prvih leto\u0161njih \u017erebi\u010dkov. Rjavka Slava se je rodila v ponedeljek, v\u010deraj pa sta ji sledili \u0161e Canissa in Steaka. V Lipici do junija pri\u010dakujejo ve\u010d kot 20 \u017erebet.\u00bbLipicanec je eden od slovenskih simbolov, upodobljen je na slovenskem kovancu za 20 centov.\u00ab To so besede, ki jih bo z Wikipedie povzela ali celo prepisala ve\u010dina slovenskih \u0161olarjev, ko bodo pisali seminarsko nalogo o lipicancih. Slovenski simbol na hrva\u0161ki znamki Tako kot so slovenski otroci prepri\u010dani, da je lipicanec\u00a0...","og_url":"https:\/\/hudo.com\/si\/aktualno\/hrvaska-bo-lipicanca-dala-na-znamko-minister-zidan-pa-nic\/","og_site_name":"Hudo Slovenija","article_publisher":"https:\/\/www.facebook.com\/hudo.si","article_published_time":"2017-04-12T14:00:00+00:00","og_image":[{"width":480,"height":290,"url":"https:\/\/hudo.com\/si\/wp-content\/uploads\/sites\/2\/2017\/04\/480x290_4_stran__djvu_1213090_mdr_v_hires0.jpeg","type":"image\/jpeg"}],"author":"hudo","twitter_card":"summary_large_image","twitter_creator":"@hudo_si","twitter_site":"@hudo_si","twitter_misc":{"Written by":"hudo","Est. reading time":"1 minuta"},"schema":{"@context":"https:\/\/schema.org","@graph":[{"@type":"Article","@id":"https:\/\/hudo.com\/si\/aktualno\/hrvaska-bo-lipicanca-dala-na-znamko-minister-zidan-pa-nic\/#article","isPartOf":{"@id":"https:\/\/hudo.com\/si\/aktualno\/hrvaska-bo-lipicanca-dala-na-znamko-minister-zidan-pa-nic\/"},"author":{"name":"hudo","@id":"https:\/\/hudo.com\/si\/#\/schema\/person\/601cf3379633985b20f7e50f2bb47707"},"headline":"Hrva\u0161ka bo lipicanca dala na znamko, minister \u017didan pa ni\u010d","datePublished":"2017-04-12T14:00:00+00:00","dateModified":"2017-04-12T14:00:00+00:00","mainEntityOfPage":{"@id":"https:\/\/hudo.com\/si\/aktualno\/hrvaska-bo-lipicanca-dala-na-znamko-minister-zidan-pa-nic\/"},"wordCount":161,"publisher":{"@id":"https:\/\/hudo.com\/si\/#organization"},"articleSection":["Aktualno"],"inLanguage":"sl-SI"},{"@type":"WebPage","@id":"https:\/\/hudo.com\/si\/aktualno\/hrvaska-bo-lipicanca-dala-na-znamko-minister-zidan-pa-nic\/","url":"https:\/\/hudo.com\/si\/aktualno\/hrvaska-bo-lipicanca-dala-na-znamko-minister-zidan-pa-nic\/","name":"Hrva\u0161ka bo lipicanca dala na znamko, minister \u017didan pa ni\u010d - Hudo Slovenija","isPartOf":{"@id":"https:\/\/hudo.com\/si\/#website"},"datePublished":"2017-04-12T14:00:00+00:00","dateModified":"2017-04-12T14:00:00+00:00","breadcrumb":{"@id":"https:\/\/hudo.com\/si\/aktualno\/hrvaska-bo-lipicanca-dala-na-znamko-minister-zidan-pa-nic\/#breadcrumb"},"inLanguage":"sl-SI","potentialAction":[{"@type":"ReadAction","target":["https:\/\/hudo.com\/si\/aktualno\/hrvaska-bo-lipicanca-dala-na-znamko-minister-zidan-pa-nic\/"]}]},{"@type":"BreadcrumbList","@id":"https:\/\/hudo.com\/si\/aktualno\/hrvaska-bo-lipicanca-dala-na-znamko-minister-zidan-pa-nic\/#breadcrumb","itemListElement":[{"@type":"ListItem","position":1,"name":"Home","item":"https:\/\/hudo.com\/si\/"},{"@type":"ListItem","position":2,"name":"Hrva\u0161ka bo lipicanca dala na znamko, minister \u017didan pa ni\u010d"}]},{"@type":"WebSite","@id":"https:\/\/hudo.com\/si\/#website","url":"https:\/\/hudo.com\/si\/","name":"Hudo Slovenija","description":"Vse novice iz Slovenije in sveta","publisher":{"@id":"https:\/\/hudo.com\/si\/#organization"},"potentialAction":[{"@type":"SearchAction","target":{"@type":"EntryPoint","urlTemplate":"https:\/\/hudo.com\/si\/?s={search_term_string}"},"query-input":"required name=search_term_string"}],"inLanguage":"sl-SI"},{"@type":"Organization","@id":"https:\/\/hudo.com\/si\/#organization","name":"VSN Media","url":"https:\/\/hudo.com\/si\/","logo":{"@type":"ImageObject","inLanguage":"sl-SI","@id":"https:\/\/hudo.com\/si\/#\/schema\/logo\/image\/","url":"https:\/\/hudo.com\/si\/wp-content\/uploads\/sites\/2\/2021\/03\/hudo-app-2.png","contentUrl":"https:\/\/hudo.com\/si\/wp-content\/uploads\/sites\/2\/2021\/03\/hudo-app-2.png","width":2185,"height":2167,"caption":"VSN Media"},"image":{"@id":"https:\/\/hudo.com\/si\/#\/schema\/logo\/image\/"},"sameAs":["https:\/\/www.facebook.com\/hudo.si","https:\/\/twitter.com\/hudo_si"]},{"@type":"Person","@id":"https:\/\/hudo.com\/si\/#\/schema\/person\/601cf3379633985b20f7e50f2bb47707","name":"hudo","image":{"@type":"ImageObject","inLanguage":"sl-SI","@id":"https:\/\/hudo.com\/si\/#\/schema\/person\/image\/","url":"https:\/\/secure.gravatar.com\/avatar\/c4ca25fa72cace7a696b52ff5db9e095?s=96&d=mm&r=g","contentUrl":"https:\/\/secure.gravatar.com\/avatar\/c4ca25fa72cace7a696b52ff5db9e095?s=96&d=mm&r=g","caption":"hudo"},"url":"https:\/\/hudo.com\/si\/author\/hudo\/"}]}},"amp_enabled":true,"_links":{"self":[{"href":"https:\/\/hudo.com\/si\/wp-json\/wp\/v2\/posts\/240862"}],"collection":[{"href":"https:\/\/hudo.com\/si\/wp-json\/wp\/v2\/posts"}],"about":[{"href":"https:\/\/hudo.com\/si\/wp-json\/wp\/v2\/types\/post"}],"author":[{"embeddable":true,"href":"https:\/\/hudo.com\/si\/wp-json\/wp\/v2\/users\/1"}],"replies":[{"embeddable":true,"href":"https:\/\/hudo.com\/si\/wp-json\/wp\/v2\/comments?post=240862"}],"version-history":[{"count":0,"href":"https:\/\/hudo.com\/si\/wp-json\/wp\/v2\/posts\/240862\/revisions"}],"wp:attachment":[{"href":"https:\/\/hudo.com\/si\/wp-json\/wp\/v2\/media?parent=240862"}],"wp:term":[{"taxonomy":"category","embeddable":true,"href":"https:\/\/hudo.com\/si\/wp-json\/wp\/v2\/categories?post=240862"},{"taxonomy":"post_tag","embeddable":true,"href":"https:\/\/hudo.com\/si\/wp-json\/wp\/v2\/tags?post=240862"},{"taxonomy":"source","embeddable":true,"href":"https:\/\/hudo.com\/si\/wp-json\/wp\/v2\/source?post=240862"},{"taxonomy":"supertag","embeddable":true,"href":"https:\/\/hudo.com\/si\/wp-json\/wp\/v2\/supertag?post=240862"}],"curies":[{"name":"wp","href":"https:\/\/api.w.org\/{rel}","templated":true}]}}