{"id":240872,"date":"2017-04-12T15:39:00","date_gmt":"2017-04-12T13:39:00","guid":{"rendered":"http:\/\/hudo.com\/si\/2017\/04\/12\/reakcija-kakrsni-smo-zdaj-prica-je-bila-pricakovana\/"},"modified":"2017-04-13T06:41:35","modified_gmt":"2017-04-13T04:41:35","slug":"reakcija-kakrsni-smo-zdaj-prica-je-bila-pricakovana","status":"publish","type":"post","link":"https:\/\/hudo.com\/si\/aktualno\/reakcija-kakrsni-smo-zdaj-prica-je-bila-pricakovana\/","title":{"rendered":"Reakcija, kakr\u0161ni smo zdaj pri\u010da, je bila pri\u010dakovana"},"content":{"rendered":"<p>Ulice in trgi ve\u010djih srbskih mest so v zadnjih dneh uporni\u0161ko obarvani. Po tem, ko je aktualni srbski premier Aleksandar Vu\u010di\u0107 prepri\u010dljivo zmagal na predsedni\u0161kih volitvah, so pobudo za demonstracije &#8220;proti diktaturi&#8221; prevzeli \u0161tudenti, v zadnjih dneh pa so se jim pridru\u017eili sindikati, delavci, upokojenci \u2026 &#8220;Struktura protestnikov je \u017ee zelo pestra,&#8221; pravi na\u0161a beograjska sogovornica Jelena \u0106osi\u0107, novinarka balkanske preiskovalne mre\u017ee BIRN, s katero je nedavno odkrivala povezave preprodajanja oro\u017eja iz srednje in vzhodne Evrope na Bli\u017enji vzhod. Novi Sad, Ni\u0161, Kragujevac, Kru\u0161evac, \u010ca\u010dak in Pan\u010devo so le nekatera izmed 15 mest poleg Beograda, kjer se vsakodnevno vrstijo protestni\u0161ki shodi. Ugibanja, ali se bodo protesti prelili v pred\u010dasne parlamentarne volitve, so tako zelo aktualna.   &#8220;Po tokratnih volitvah je jasno, da so se ljudje prebudili, da se niso pripravljeni sprijazniti z usodo in da \u017eelijo to pokazati tudi javno&#8221;    Kako se je ta protestni\u0161ki val za\u010del? &#8220;\u0160tudent Nemanja Milosavljevi\u0107 je na facebooku objavil dogodek in ga poimenoval protest proti diktaturi. Dotlej \u0161ir\u0161i javnosti ni bil poznan, tudi zdaj je malo znanega o njem, saj ne daje izjav. Potem se je vse skupaj za\u010delo.&#8221; Kdaj se je na beograjskih ulicah zbralo najve\u010d ljudi? &#8220;V soboto, ko sta se protestnikom pridru\u017eila \u0161e voja\u0161ki in policijski sindikat. So pa bili podatki o udele\u017ebi razli\u010dni. Po Vu\u010di\u0107evih ocenah naj bi se bilo na tem protestu zbralo to\u010dno 9550 ljudi, po podatkih sindikatov pa okoli 80.000. Glede na vse te ocene predvidevam, da je bilo na protestu okoli 20.000 ljudi.&#8221;        epa   Vas je presenetilo, da sta se protestnikom pridru\u017eila omenjena sindikata? &#8220;Ni me presenetilo. \u0160tudenti so vojsko in policijo zaprosili, naj bo ob narodu. Poleg tega sindikatoma ustreza, da so udele\u017eeni na protestih, saj imajo prav tako te\u017eave z aktualno oblastjo. Tudi protesti zoper Slobodana Milo\u0161evi\u0107a so zdru\u017eili do tedaj navidezno nezdru\u017eljive, saj so imeli pred seboj istega sovra\u017enika.&#8221; Izkori\u0161\u010dajo pro<\/p>\n","protected":false},"excerpt":{"rendered":"<p>Ulice in trgi ve\u010djih srbskih mest so v zadnjih dneh uporni\u0161ko obarvani. Po tem, ko je aktualni srbski premier Aleksandar Vu\u010di\u0107 prepri\u010dljivo zmagal na predsedni\u0161kih volitvah, so pobudo za demonstracije &#8220;proti diktaturi&#8221; prevzeli \u0161tudenti, v zadnjih dneh pa so se jim pridru\u017eili sindikati, delavci, upokojenci \u2026 &#8220;Struktura protestnikov je \u017ee zelo pestra,&#8221; pravi na\u0161a beograjska sogovornica Jelena \u0106osi\u0107, novinarka balkanske preiskovalne mre\u017ee BIRN, s katero je nedavno odkrivala povezave preprodajanja oro\u017eja iz srednje in vzhodne Evrope na Bli\u017enji vzhod. Novi Sad, Ni\u0161, Kragujevac, Kru\u0161evac, \u010ca\u010dak in Pan\u010devo so le nekatera izmed 15 mest poleg Beograda, kjer se vsakodnevno vrstijo protestni\u0161ki shodi. Ugibanja, ali se bodo protesti prelili v pred\u010dasne parlamentarne volitve, so tako zelo aktualna.   &#8220;Po tokratnih volitvah je jasno, da so se ljudje prebudili, da se niso pripravljeni sprijazniti z usodo in da \u017eelijo to pokazati tudi javno&#8221;    Kako se je ta protestni\u0161ki val za\u010del? &#8220;\u0160tudent Nemanja Milosavljevi\u0107 je na facebooku objavil dogodek in ga poimenoval protest proti diktaturi. Dotlej \u0161ir\u0161i javnosti ni bil poznan, tudi zdaj je malo znanega o njem, saj ne daje izjav. Potem se je vse skupaj za\u010delo.&#8221; Kdaj se je na beograjskih ulicah zbralo najve\u010d ljudi? &#8220;V soboto, ko sta se protestnikom pridru\u017eila \u0161e voja\u0161ki in policijski sindikat. So pa bili podatki o udele\u017ebi razli\u010dni. Po Vu\u010di\u0107evih ocenah naj bi se bilo na tem protestu zbralo to\u010dno 9550 ljudi, po podatkih sindikatov pa okoli 80.000. Glede na vse te ocene predvidevam, da je bilo na protestu okoli 20.000 ljudi.&#8221;        epa   Vas je presenetilo, da sta se protestnikom pridru\u017eila omenjena sindikata? &#8220;Ni me presenetilo. \u0160tudenti so vojsko in policijo zaprosili, naj bo ob narodu. Poleg tega sindikatoma ustreza, da so udele\u017eeni na protestih, saj imajo prav tako te\u017eave z aktualno oblastjo. Tudi protesti zoper Slobodana Milo\u0161evi\u0107a so zdru\u017eili do tedaj navidezno nezdru\u017eljive, saj so imeli pred seboj istega sovra\u017enika.&#8221; Izkori\u0161\u010dajo pro<\/p>\n","protected":false},"author":1,"featured_media":0,"comment_status":"closed","ping_status":"closed","sticky":false,"template":"","format":"standard","meta":{"footnotes":""},"categories":[1179],"tags":[],"source":[1711],"supertag":[],"acf":[],"yoast_head":"<!-- This site is optimized with the Yoast SEO plugin v21.3 - https:\/\/yoast.com\/wordpress\/plugins\/seo\/ -->\n<title>Reakcija, kakr\u0161ni smo zdaj pri\u010da, je bila pri\u010dakovana - Hudo Slovenija<\/title>\n<meta name=\"robots\" content=\"index, follow, max-snippet:-1, max-image-preview:large, max-video-preview:-1\" \/>\n<link rel=\"canonical\" href=\"https:\/\/hudo.com\/si\/aktualno\/reakcija-kakrsni-smo-zdaj-prica-je-bila-pricakovana\/\" \/>\n<meta property=\"og:locale\" content=\"sl_SI\" \/>\n<meta property=\"og:type\" content=\"article\" \/>\n<meta property=\"og:title\" content=\"Reakcija, kakr\u0161ni smo zdaj pri\u010da, je bila pri\u010dakovana - Hudo Slovenija\" \/>\n<meta property=\"og:description\" content=\"Ulice in trgi ve\u010djih srbskih mest so v zadnjih dneh uporni\u0161ko obarvani. Po tem, ko je aktualni srbski premier Aleksandar Vu\u010di\u0107 prepri\u010dljivo zmagal na predsedni\u0161kih volitvah, so pobudo za demonstracije &quot;proti diktaturi&quot; prevzeli \u0161tudenti, v zadnjih dneh pa so se jim pridru\u017eili sindikati, delavci, upokojenci \u2026 &quot;Struktura protestnikov je \u017ee zelo pestra,&quot; pravi na\u0161a beograjska sogovornica Jelena \u0106osi\u0107, novinarka balkanske preiskovalne mre\u017ee BIRN, s katero je nedavno odkrivala povezave preprodajanja oro\u017eja iz srednje in vzhodne Evrope na Bli\u017enji vzhod. Novi Sad, Ni\u0161, Kragujevac, Kru\u0161evac, \u010ca\u010dak in Pan\u010devo so le nekatera izmed 15 mest poleg Beograda, kjer se vsakodnevno vrstijo protestni\u0161ki shodi. Ugibanja, ali se bodo protesti prelili v pred\u010dasne parlamentarne volitve, so tako zelo aktualna.  &quot;Po tokratnih volitvah je jasno, da so se ljudje prebudili, da se niso pripravljeni sprijazniti z usodo in da \u017eelijo to pokazati tudi javno&quot;  Kako se je ta protestni\u0161ki val za\u010del? &quot;\u0160tudent Nemanja Milosavljevi\u0107 je na facebooku objavil dogodek in ga poimenoval protest proti diktaturi. Dotlej \u0161ir\u0161i javnosti ni bil poznan, tudi zdaj je malo znanega o njem, saj ne daje izjav. Potem se je vse skupaj za\u010delo.&quot; Kdaj se je na beograjskih ulicah zbralo najve\u010d ljudi? &quot;V soboto, ko sta se protestnikom pridru\u017eila \u0161e voja\u0161ki in policijski sindikat. So pa bili podatki o udele\u017ebi razli\u010dni. Po Vu\u010di\u0107evih ocenah naj bi se bilo na tem protestu zbralo to\u010dno 9550 ljudi, po podatkih sindikatov pa okoli 80.000. Glede na vse te ocene predvidevam, da je bilo na protestu okoli 20.000 ljudi.&quot;    epa  Vas je presenetilo, da sta se protestnikom pridru\u017eila omenjena sindikata? &quot;Ni me presenetilo. \u0160tudenti so vojsko in policijo zaprosili, naj bo ob narodu. Poleg tega sindikatoma ustreza, da so udele\u017eeni na protestih, saj imajo prav tako te\u017eave z aktualno oblastjo. Tudi protesti zoper Slobodana Milo\u0161evi\u0107a so zdru\u017eili do tedaj navidezno nezdru\u017eljive, saj so imeli pred seboj istega sovra\u017enika.&quot; Izkori\u0161\u010dajo pro\" \/>\n<meta property=\"og:url\" content=\"https:\/\/hudo.com\/si\/aktualno\/reakcija-kakrsni-smo-zdaj-prica-je-bila-pricakovana\/\" \/>\n<meta property=\"og:site_name\" content=\"Hudo Slovenija\" \/>\n<meta property=\"article:publisher\" content=\"https:\/\/www.facebook.com\/hudo.si\" \/>\n<meta property=\"article:published_time\" content=\"2017-04-12T13:39:00+00:00\" \/>\n<meta property=\"article:modified_time\" content=\"2017-04-13T04:41:35+00:00\" \/>\n<meta property=\"og:image\" content=\"https:\/\/hudo.com\/si\/wp-content\/uploads\/sites\/2\/2017\/04\/unnamed-300-1.jpg\" \/>\n\t<meta property=\"og:image:width\" content=\"450\" \/>\n\t<meta property=\"og:image:height\" content=\"300\" \/>\n\t<meta property=\"og:image:type\" content=\"image\/jpeg\" \/>\n<meta name=\"author\" content=\"hudo\" \/>\n<meta name=\"twitter:card\" content=\"summary_large_image\" \/>\n<meta name=\"twitter:creator\" content=\"@hudo_si\" \/>\n<meta name=\"twitter:site\" content=\"@hudo_si\" \/>\n<meta name=\"twitter:label1\" content=\"Written by\" \/>\n\t<meta name=\"twitter:data1\" content=\"hudo\" \/>\n\t<meta name=\"twitter:label2\" content=\"Est. reading time\" \/>\n\t<meta name=\"twitter:data2\" content=\"2 minuti\" \/>\n<script type=\"application\/ld+json\" class=\"yoast-schema-graph\">{\"@context\":\"https:\/\/schema.org\",\"@graph\":[{\"@type\":\"Article\",\"@id\":\"https:\/\/hudo.com\/si\/aktualno\/reakcija-kakrsni-smo-zdaj-prica-je-bila-pricakovana\/#article\",\"isPartOf\":{\"@id\":\"https:\/\/hudo.com\/si\/aktualno\/reakcija-kakrsni-smo-zdaj-prica-je-bila-pricakovana\/\"},\"author\":{\"name\":\"hudo\",\"@id\":\"https:\/\/hudo.com\/si\/#\/schema\/person\/601cf3379633985b20f7e50f2bb47707\"},\"headline\":\"Reakcija, kakr\u0161ni smo zdaj pri\u010da, je bila pri\u010dakovana\",\"datePublished\":\"2017-04-12T13:39:00+00:00\",\"dateModified\":\"2017-04-13T04:41:35+00:00\",\"mainEntityOfPage\":{\"@id\":\"https:\/\/hudo.com\/si\/aktualno\/reakcija-kakrsni-smo-zdaj-prica-je-bila-pricakovana\/\"},\"wordCount\":347,\"publisher\":{\"@id\":\"https:\/\/hudo.com\/si\/#organization\"},\"articleSection\":[\"Aktualno\"],\"inLanguage\":\"sl-SI\"},{\"@type\":\"WebPage\",\"@id\":\"https:\/\/hudo.com\/si\/aktualno\/reakcija-kakrsni-smo-zdaj-prica-je-bila-pricakovana\/\",\"url\":\"https:\/\/hudo.com\/si\/aktualno\/reakcija-kakrsni-smo-zdaj-prica-je-bila-pricakovana\/\",\"name\":\"Reakcija, kakr\u0161ni smo zdaj pri\u010da, je bila pri\u010dakovana - Hudo Slovenija\",\"isPartOf\":{\"@id\":\"https:\/\/hudo.com\/si\/#website\"},\"datePublished\":\"2017-04-12T13:39:00+00:00\",\"dateModified\":\"2017-04-13T04:41:35+00:00\",\"breadcrumb\":{\"@id\":\"https:\/\/hudo.com\/si\/aktualno\/reakcija-kakrsni-smo-zdaj-prica-je-bila-pricakovana\/#breadcrumb\"},\"inLanguage\":\"sl-SI\",\"potentialAction\":[{\"@type\":\"ReadAction\",\"target\":[\"https:\/\/hudo.com\/si\/aktualno\/reakcija-kakrsni-smo-zdaj-prica-je-bila-pricakovana\/\"]}]},{\"@type\":\"BreadcrumbList\",\"@id\":\"https:\/\/hudo.com\/si\/aktualno\/reakcija-kakrsni-smo-zdaj-prica-je-bila-pricakovana\/#breadcrumb\",\"itemListElement\":[{\"@type\":\"ListItem\",\"position\":1,\"name\":\"Home\",\"item\":\"https:\/\/hudo.com\/si\/\"},{\"@type\":\"ListItem\",\"position\":2,\"name\":\"Reakcija, kakr\u0161ni smo zdaj pri\u010da, je bila pri\u010dakovana\"}]},{\"@type\":\"WebSite\",\"@id\":\"https:\/\/hudo.com\/si\/#website\",\"url\":\"https:\/\/hudo.com\/si\/\",\"name\":\"Hudo Slovenija\",\"description\":\"Vse novice iz Slovenije in sveta\",\"publisher\":{\"@id\":\"https:\/\/hudo.com\/si\/#organization\"},\"potentialAction\":[{\"@type\":\"SearchAction\",\"target\":{\"@type\":\"EntryPoint\",\"urlTemplate\":\"https:\/\/hudo.com\/si\/?s={search_term_string}\"},\"query-input\":\"required name=search_term_string\"}],\"inLanguage\":\"sl-SI\"},{\"@type\":\"Organization\",\"@id\":\"https:\/\/hudo.com\/si\/#organization\",\"name\":\"VSN Media\",\"url\":\"https:\/\/hudo.com\/si\/\",\"logo\":{\"@type\":\"ImageObject\",\"inLanguage\":\"sl-SI\",\"@id\":\"https:\/\/hudo.com\/si\/#\/schema\/logo\/image\/\",\"url\":\"https:\/\/hudo.com\/si\/wp-content\/uploads\/sites\/2\/2021\/03\/hudo-app-2.png\",\"contentUrl\":\"https:\/\/hudo.com\/si\/wp-content\/uploads\/sites\/2\/2021\/03\/hudo-app-2.png\",\"width\":2185,\"height\":2167,\"caption\":\"VSN Media\"},\"image\":{\"@id\":\"https:\/\/hudo.com\/si\/#\/schema\/logo\/image\/\"},\"sameAs\":[\"https:\/\/www.facebook.com\/hudo.si\",\"https:\/\/twitter.com\/hudo_si\"]},{\"@type\":\"Person\",\"@id\":\"https:\/\/hudo.com\/si\/#\/schema\/person\/601cf3379633985b20f7e50f2bb47707\",\"name\":\"hudo\",\"image\":{\"@type\":\"ImageObject\",\"inLanguage\":\"sl-SI\",\"@id\":\"https:\/\/hudo.com\/si\/#\/schema\/person\/image\/\",\"url\":\"https:\/\/secure.gravatar.com\/avatar\/c4ca25fa72cace7a696b52ff5db9e095?s=96&d=mm&r=g\",\"contentUrl\":\"https:\/\/secure.gravatar.com\/avatar\/c4ca25fa72cace7a696b52ff5db9e095?s=96&d=mm&r=g\",\"caption\":\"hudo\"},\"url\":\"https:\/\/hudo.com\/si\/author\/hudo\/\"}]}<\/script>\n<!-- \/ Yoast SEO plugin. -->","yoast_head_json":{"title":"Reakcija, kakr\u0161ni smo zdaj pri\u010da, je bila pri\u010dakovana - Hudo Slovenija","robots":{"index":"index","follow":"follow","max-snippet":"max-snippet:-1","max-image-preview":"max-image-preview:large","max-video-preview":"max-video-preview:-1"},"canonical":"https:\/\/hudo.com\/si\/aktualno\/reakcija-kakrsni-smo-zdaj-prica-je-bila-pricakovana\/","og_locale":"sl_SI","og_type":"article","og_title":"Reakcija, kakr\u0161ni smo zdaj pri\u010da, je bila pri\u010dakovana - Hudo Slovenija","og_description":"Ulice in trgi ve\u010djih srbskih mest so v zadnjih dneh uporni\u0161ko obarvani. Po tem, ko je aktualni srbski premier Aleksandar Vu\u010di\u0107 prepri\u010dljivo zmagal na predsedni\u0161kih volitvah, so pobudo za demonstracije \"proti diktaturi\" prevzeli \u0161tudenti, v zadnjih dneh pa so se jim pridru\u017eili sindikati, delavci, upokojenci \u2026 \"Struktura protestnikov je \u017ee zelo pestra,\" pravi na\u0161a beograjska sogovornica Jelena \u0106osi\u0107, novinarka balkanske preiskovalne mre\u017ee BIRN, s katero je nedavno odkrivala povezave preprodajanja oro\u017eja iz srednje in vzhodne Evrope na Bli\u017enji vzhod. Novi Sad, Ni\u0161, Kragujevac, Kru\u0161evac, \u010ca\u010dak in Pan\u010devo so le nekatera izmed 15 mest poleg Beograda, kjer se vsakodnevno vrstijo protestni\u0161ki shodi. Ugibanja, ali se bodo protesti prelili v pred\u010dasne parlamentarne volitve, so tako zelo aktualna.  \"Po tokratnih volitvah je jasno, da so se ljudje prebudili, da se niso pripravljeni sprijazniti z usodo in da \u017eelijo to pokazati tudi javno\"  Kako se je ta protestni\u0161ki val za\u010del? \"\u0160tudent Nemanja Milosavljevi\u0107 je na facebooku objavil dogodek in ga poimenoval protest proti diktaturi. Dotlej \u0161ir\u0161i javnosti ni bil poznan, tudi zdaj je malo znanega o njem, saj ne daje izjav. Potem se je vse skupaj za\u010delo.\" Kdaj se je na beograjskih ulicah zbralo najve\u010d ljudi? \"V soboto, ko sta se protestnikom pridru\u017eila \u0161e voja\u0161ki in policijski sindikat. So pa bili podatki o udele\u017ebi razli\u010dni. Po Vu\u010di\u0107evih ocenah naj bi se bilo na tem protestu zbralo to\u010dno 9550 ljudi, po podatkih sindikatov pa okoli 80.000. Glede na vse te ocene predvidevam, da je bilo na protestu okoli 20.000 ljudi.\"    epa  Vas je presenetilo, da sta se protestnikom pridru\u017eila omenjena sindikata? \"Ni me presenetilo. \u0160tudenti so vojsko in policijo zaprosili, naj bo ob narodu. Poleg tega sindikatoma ustreza, da so udele\u017eeni na protestih, saj imajo prav tako te\u017eave z aktualno oblastjo. Tudi protesti zoper Slobodana Milo\u0161evi\u0107a so zdru\u017eili do tedaj navidezno nezdru\u017eljive, saj so imeli pred seboj istega sovra\u017enika.\" Izkori\u0161\u010dajo pro","og_url":"https:\/\/hudo.com\/si\/aktualno\/reakcija-kakrsni-smo-zdaj-prica-je-bila-pricakovana\/","og_site_name":"Hudo Slovenija","article_publisher":"https:\/\/www.facebook.com\/hudo.si","article_published_time":"2017-04-12T13:39:00+00:00","article_modified_time":"2017-04-13T04:41:35+00:00","og_image":[{"width":450,"height":300,"url":"https:\/\/hudo.com\/si\/wp-content\/uploads\/sites\/2\/2017\/04\/unnamed-300-1.jpg","type":"image\/jpeg"}],"author":"hudo","twitter_card":"summary_large_image","twitter_creator":"@hudo_si","twitter_site":"@hudo_si","twitter_misc":{"Written by":"hudo","Est. reading time":"2 minuti"},"schema":{"@context":"https:\/\/schema.org","@graph":[{"@type":"Article","@id":"https:\/\/hudo.com\/si\/aktualno\/reakcija-kakrsni-smo-zdaj-prica-je-bila-pricakovana\/#article","isPartOf":{"@id":"https:\/\/hudo.com\/si\/aktualno\/reakcija-kakrsni-smo-zdaj-prica-je-bila-pricakovana\/"},"author":{"name":"hudo","@id":"https:\/\/hudo.com\/si\/#\/schema\/person\/601cf3379633985b20f7e50f2bb47707"},"headline":"Reakcija, kakr\u0161ni smo zdaj pri\u010da, je bila pri\u010dakovana","datePublished":"2017-04-12T13:39:00+00:00","dateModified":"2017-04-13T04:41:35+00:00","mainEntityOfPage":{"@id":"https:\/\/hudo.com\/si\/aktualno\/reakcija-kakrsni-smo-zdaj-prica-je-bila-pricakovana\/"},"wordCount":347,"publisher":{"@id":"https:\/\/hudo.com\/si\/#organization"},"articleSection":["Aktualno"],"inLanguage":"sl-SI"},{"@type":"WebPage","@id":"https:\/\/hudo.com\/si\/aktualno\/reakcija-kakrsni-smo-zdaj-prica-je-bila-pricakovana\/","url":"https:\/\/hudo.com\/si\/aktualno\/reakcija-kakrsni-smo-zdaj-prica-je-bila-pricakovana\/","name":"Reakcija, kakr\u0161ni smo zdaj pri\u010da, je bila pri\u010dakovana - Hudo Slovenija","isPartOf":{"@id":"https:\/\/hudo.com\/si\/#website"},"datePublished":"2017-04-12T13:39:00+00:00","dateModified":"2017-04-13T04:41:35+00:00","breadcrumb":{"@id":"https:\/\/hudo.com\/si\/aktualno\/reakcija-kakrsni-smo-zdaj-prica-je-bila-pricakovana\/#breadcrumb"},"inLanguage":"sl-SI","potentialAction":[{"@type":"ReadAction","target":["https:\/\/hudo.com\/si\/aktualno\/reakcija-kakrsni-smo-zdaj-prica-je-bila-pricakovana\/"]}]},{"@type":"BreadcrumbList","@id":"https:\/\/hudo.com\/si\/aktualno\/reakcija-kakrsni-smo-zdaj-prica-je-bila-pricakovana\/#breadcrumb","itemListElement":[{"@type":"ListItem","position":1,"name":"Home","item":"https:\/\/hudo.com\/si\/"},{"@type":"ListItem","position":2,"name":"Reakcija, kakr\u0161ni smo zdaj pri\u010da, je bila pri\u010dakovana"}]},{"@type":"WebSite","@id":"https:\/\/hudo.com\/si\/#website","url":"https:\/\/hudo.com\/si\/","name":"Hudo Slovenija","description":"Vse novice iz Slovenije in sveta","publisher":{"@id":"https:\/\/hudo.com\/si\/#organization"},"potentialAction":[{"@type":"SearchAction","target":{"@type":"EntryPoint","urlTemplate":"https:\/\/hudo.com\/si\/?s={search_term_string}"},"query-input":"required name=search_term_string"}],"inLanguage":"sl-SI"},{"@type":"Organization","@id":"https:\/\/hudo.com\/si\/#organization","name":"VSN Media","url":"https:\/\/hudo.com\/si\/","logo":{"@type":"ImageObject","inLanguage":"sl-SI","@id":"https:\/\/hudo.com\/si\/#\/schema\/logo\/image\/","url":"https:\/\/hudo.com\/si\/wp-content\/uploads\/sites\/2\/2021\/03\/hudo-app-2.png","contentUrl":"https:\/\/hudo.com\/si\/wp-content\/uploads\/sites\/2\/2021\/03\/hudo-app-2.png","width":2185,"height":2167,"caption":"VSN Media"},"image":{"@id":"https:\/\/hudo.com\/si\/#\/schema\/logo\/image\/"},"sameAs":["https:\/\/www.facebook.com\/hudo.si","https:\/\/twitter.com\/hudo_si"]},{"@type":"Person","@id":"https:\/\/hudo.com\/si\/#\/schema\/person\/601cf3379633985b20f7e50f2bb47707","name":"hudo","image":{"@type":"ImageObject","inLanguage":"sl-SI","@id":"https:\/\/hudo.com\/si\/#\/schema\/person\/image\/","url":"https:\/\/secure.gravatar.com\/avatar\/c4ca25fa72cace7a696b52ff5db9e095?s=96&d=mm&r=g","contentUrl":"https:\/\/secure.gravatar.com\/avatar\/c4ca25fa72cace7a696b52ff5db9e095?s=96&d=mm&r=g","caption":"hudo"},"url":"https:\/\/hudo.com\/si\/author\/hudo\/"}]}},"amp_enabled":true,"_links":{"self":[{"href":"https:\/\/hudo.com\/si\/wp-json\/wp\/v2\/posts\/240872"}],"collection":[{"href":"https:\/\/hudo.com\/si\/wp-json\/wp\/v2\/posts"}],"about":[{"href":"https:\/\/hudo.com\/si\/wp-json\/wp\/v2\/types\/post"}],"author":[{"embeddable":true,"href":"https:\/\/hudo.com\/si\/wp-json\/wp\/v2\/users\/1"}],"replies":[{"embeddable":true,"href":"https:\/\/hudo.com\/si\/wp-json\/wp\/v2\/comments?post=240872"}],"version-history":[{"count":1,"href":"https:\/\/hudo.com\/si\/wp-json\/wp\/v2\/posts\/240872\/revisions"}],"predecessor-version":[{"id":240972,"href":"https:\/\/hudo.com\/si\/wp-json\/wp\/v2\/posts\/240872\/revisions\/240972"}],"wp:attachment":[{"href":"https:\/\/hudo.com\/si\/wp-json\/wp\/v2\/media?parent=240872"}],"wp:term":[{"taxonomy":"category","embeddable":true,"href":"https:\/\/hudo.com\/si\/wp-json\/wp\/v2\/categories?post=240872"},{"taxonomy":"post_tag","embeddable":true,"href":"https:\/\/hudo.com\/si\/wp-json\/wp\/v2\/tags?post=240872"},{"taxonomy":"source","embeddable":true,"href":"https:\/\/hudo.com\/si\/wp-json\/wp\/v2\/source?post=240872"},{"taxonomy":"supertag","embeddable":true,"href":"https:\/\/hudo.com\/si\/wp-json\/wp\/v2\/supertag?post=240872"}],"curies":[{"name":"wp","href":"https:\/\/api.w.org\/{rel}","templated":true}]}}