{"id":240882,"date":"2017-04-12T15:18:00","date_gmt":"2017-04-12T13:18:00","guid":{"rendered":"http:\/\/hudo.com\/si\/2017\/04\/12\/na-meji-s-hrvasko-tudi-v-prihodnje-poostren-nadzor\/"},"modified":"2017-04-12T15:18:00","modified_gmt":"2017-04-12T13:18:00","slug":"na-meji-s-hrvasko-tudi-v-prihodnje-poostren-nadzor","status":"publish","type":"post","link":"https:\/\/hudo.com\/si\/aktualno\/na-meji-s-hrvasko-tudi-v-prihodnje-poostren-nadzor\/","title":{"rendered":"Na meji s Hrva\u0161ko tudi v prihodnje poostren nadzor"},"content":{"rendered":"<p>Kategorija: Slovenija Wed, 12 Apr 2017 17:18:00 +0200  Ljubljana \u2013 Da bi v kratkem \u010dasu pri\u0161lo do sprememb schengenske uredbe glede nadzora na zunanjih mejah EU, ni pri\u010dakovati. Dr\u017eavni sekretar notranjega ministrstva Bo\u0161tjan \u0160efic je po sestanku, ki je danes potekal v Bruslju, povedal, da je na\u0161a dr\u017eava EU seznanila z razmerami, ki so pretekli konec tedna veljale na na\u0161ih mejah ter z razlogi, zaradi katerih je Slovenija deloma odstopila od upo\u0161tevanja schengenskim pravil. Slovenija je danes vlo\u017eila posebno deklaracijo, kako se bo nanjo odzvala evropska komisija, pa ta hip \u0161e ni mogo\u010de napovedati. Dr\u017eavni sekretar ni mogel dati nobenih obljub, da bo pretok na mejnih prehodih med velikono\u010dnimi prazniki potekal hitreje kot pretekli vikend. Izpostavil je, da se Slovenija zaveda varnostnih tveganj v Evropi, vendar bi po presoji na\u0161e dr\u017eave vendarle morali opraviti implementacijo konkretnih u\u010dinkov schengenske\u00a0&#8230;<\/p>\n","protected":false},"excerpt":{"rendered":"<p>Kategorija: Slovenija Wed, 12 Apr 2017 17:18:00 +0200  Ljubljana \u2013 Da bi v kratkem \u010dasu pri\u0161lo do sprememb schengenske uredbe glede nadzora na zunanjih mejah EU, ni pri\u010dakovati. Dr\u017eavni sekretar notranjega ministrstva Bo\u0161tjan \u0160efic je po sestanku, ki je danes potekal v Bruslju, povedal, da je na\u0161a dr\u017eava EU seznanila z razmerami, ki so pretekli konec tedna veljale na na\u0161ih mejah ter z razlogi, zaradi katerih je Slovenija deloma odstopila od upo\u0161tevanja schengenskim pravil. Slovenija je danes vlo\u017eila posebno deklaracijo, kako se bo nanjo odzvala evropska komisija, pa ta hip \u0161e ni mogo\u010de napovedati. Dr\u017eavni sekretar ni mogel dati nobenih obljub, da bo pretok na mejnih prehodih med velikono\u010dnimi prazniki potekal hitreje kot pretekli vikend. Izpostavil je, da se Slovenija zaveda varnostnih tveganj v Evropi, vendar bi po presoji na\u0161e dr\u017eave vendarle morali opraviti implementacijo konkretnih u\u010dinkov schengenske\u00a0&#8230;<\/p>\n","protected":false},"author":1,"featured_media":0,"comment_status":"closed","ping_status":"closed","sticky":false,"template":"","format":"standard","meta":{"footnotes":""},"categories":[1179],"tags":[],"source":[1703],"supertag":[],"acf":[],"yoast_head":"<!-- This site is optimized with the Yoast SEO plugin v21.3 - https:\/\/yoast.com\/wordpress\/plugins\/seo\/ -->\n<title>Na meji s Hrva\u0161ko tudi v prihodnje poostren nadzor - Hudo Slovenija<\/title>\n<meta name=\"robots\" content=\"index, follow, max-snippet:-1, max-image-preview:large, max-video-preview:-1\" \/>\n<link rel=\"canonical\" href=\"https:\/\/hudo.com\/si\/aktualno\/na-meji-s-hrvasko-tudi-v-prihodnje-poostren-nadzor\/\" \/>\n<meta property=\"og:locale\" content=\"sl_SI\" \/>\n<meta property=\"og:type\" content=\"article\" \/>\n<meta property=\"og:title\" content=\"Na meji s Hrva\u0161ko tudi v prihodnje poostren nadzor - Hudo Slovenija\" \/>\n<meta property=\"og:description\" content=\"Kategorija: Slovenija Wed, 12 Apr 2017 17:18:00 +0200 Ljubljana \u2013 Da bi v kratkem \u010dasu pri\u0161lo do sprememb schengenske uredbe glede nadzora na zunanjih mejah EU, ni pri\u010dakovati. Dr\u017eavni sekretar notranjega ministrstva Bo\u0161tjan \u0160efic je po sestanku, ki je danes potekal v Bruslju, povedal, da je na\u0161a dr\u017eava EU seznanila z razmerami, ki so pretekli konec tedna veljale na na\u0161ih mejah ter z razlogi, zaradi katerih je Slovenija deloma odstopila od upo\u0161tevanja schengenskim pravil. Slovenija je danes vlo\u017eila posebno deklaracijo, kako se bo nanjo odzvala evropska komisija, pa ta hip \u0161e ni mogo\u010de napovedati. Dr\u017eavni sekretar ni mogel dati nobenih obljub, da bo pretok na mejnih prehodih med velikono\u010dnimi prazniki potekal hitreje kot pretekli vikend. Izpostavil je, da se Slovenija zaveda varnostnih tveganj v Evropi, vendar bi po presoji na\u0161e dr\u017eave vendarle morali opraviti implementacijo konkretnih u\u010dinkov schengenske\u00a0...\" \/>\n<meta property=\"og:url\" content=\"https:\/\/hudo.com\/si\/aktualno\/na-meji-s-hrvasko-tudi-v-prihodnje-poostren-nadzor\/\" \/>\n<meta property=\"og:site_name\" content=\"Hudo Slovenija\" \/>\n<meta property=\"article:publisher\" content=\"https:\/\/www.facebook.com\/hudo.si\" \/>\n<meta property=\"article:published_time\" content=\"2017-04-12T13:18:00+00:00\" \/>\n<meta property=\"og:image\" content=\"https:\/\/hudo.com\/si\/wp-content\/uploads\/sites\/2\/2017\/04\/480x290_Delo_Foto-20170407160531-05311300.jpeg\" \/>\n\t<meta property=\"og:image:width\" content=\"480\" \/>\n\t<meta property=\"og:image:height\" content=\"290\" \/>\n\t<meta property=\"og:image:type\" content=\"image\/jpeg\" \/>\n<meta name=\"author\" content=\"hudo\" \/>\n<meta name=\"twitter:card\" content=\"summary_large_image\" \/>\n<meta name=\"twitter:creator\" content=\"@hudo_si\" \/>\n<meta name=\"twitter:site\" content=\"@hudo_si\" \/>\n<meta name=\"twitter:label1\" content=\"Written by\" \/>\n\t<meta name=\"twitter:data1\" content=\"hudo\" \/>\n\t<meta name=\"twitter:label2\" content=\"Est. reading time\" \/>\n\t<meta name=\"twitter:data2\" content=\"1 minuta\" \/>\n<script type=\"application\/ld+json\" class=\"yoast-schema-graph\">{\"@context\":\"https:\/\/schema.org\",\"@graph\":[{\"@type\":\"Article\",\"@id\":\"https:\/\/hudo.com\/si\/aktualno\/na-meji-s-hrvasko-tudi-v-prihodnje-poostren-nadzor\/#article\",\"isPartOf\":{\"@id\":\"https:\/\/hudo.com\/si\/aktualno\/na-meji-s-hrvasko-tudi-v-prihodnje-poostren-nadzor\/\"},\"author\":{\"name\":\"hudo\",\"@id\":\"https:\/\/hudo.com\/si\/#\/schema\/person\/601cf3379633985b20f7e50f2bb47707\"},\"headline\":\"Na meji s Hrva\u0161ko tudi v prihodnje poostren nadzor\",\"datePublished\":\"2017-04-12T13:18:00+00:00\",\"dateModified\":\"2017-04-12T13:18:00+00:00\",\"mainEntityOfPage\":{\"@id\":\"https:\/\/hudo.com\/si\/aktualno\/na-meji-s-hrvasko-tudi-v-prihodnje-poostren-nadzor\/\"},\"wordCount\":158,\"publisher\":{\"@id\":\"https:\/\/hudo.com\/si\/#organization\"},\"articleSection\":[\"Aktualno\"],\"inLanguage\":\"sl-SI\"},{\"@type\":\"WebPage\",\"@id\":\"https:\/\/hudo.com\/si\/aktualno\/na-meji-s-hrvasko-tudi-v-prihodnje-poostren-nadzor\/\",\"url\":\"https:\/\/hudo.com\/si\/aktualno\/na-meji-s-hrvasko-tudi-v-prihodnje-poostren-nadzor\/\",\"name\":\"Na meji s Hrva\u0161ko tudi v prihodnje poostren nadzor - Hudo Slovenija\",\"isPartOf\":{\"@id\":\"https:\/\/hudo.com\/si\/#website\"},\"datePublished\":\"2017-04-12T13:18:00+00:00\",\"dateModified\":\"2017-04-12T13:18:00+00:00\",\"breadcrumb\":{\"@id\":\"https:\/\/hudo.com\/si\/aktualno\/na-meji-s-hrvasko-tudi-v-prihodnje-poostren-nadzor\/#breadcrumb\"},\"inLanguage\":\"sl-SI\",\"potentialAction\":[{\"@type\":\"ReadAction\",\"target\":[\"https:\/\/hudo.com\/si\/aktualno\/na-meji-s-hrvasko-tudi-v-prihodnje-poostren-nadzor\/\"]}]},{\"@type\":\"BreadcrumbList\",\"@id\":\"https:\/\/hudo.com\/si\/aktualno\/na-meji-s-hrvasko-tudi-v-prihodnje-poostren-nadzor\/#breadcrumb\",\"itemListElement\":[{\"@type\":\"ListItem\",\"position\":1,\"name\":\"Home\",\"item\":\"https:\/\/hudo.com\/si\/\"},{\"@type\":\"ListItem\",\"position\":2,\"name\":\"Na meji s Hrva\u0161ko tudi v prihodnje poostren nadzor\"}]},{\"@type\":\"WebSite\",\"@id\":\"https:\/\/hudo.com\/si\/#website\",\"url\":\"https:\/\/hudo.com\/si\/\",\"name\":\"Hudo Slovenija\",\"description\":\"Vse novice iz Slovenije in sveta\",\"publisher\":{\"@id\":\"https:\/\/hudo.com\/si\/#organization\"},\"potentialAction\":[{\"@type\":\"SearchAction\",\"target\":{\"@type\":\"EntryPoint\",\"urlTemplate\":\"https:\/\/hudo.com\/si\/?s={search_term_string}\"},\"query-input\":\"required name=search_term_string\"}],\"inLanguage\":\"sl-SI\"},{\"@type\":\"Organization\",\"@id\":\"https:\/\/hudo.com\/si\/#organization\",\"name\":\"VSN Media\",\"url\":\"https:\/\/hudo.com\/si\/\",\"logo\":{\"@type\":\"ImageObject\",\"inLanguage\":\"sl-SI\",\"@id\":\"https:\/\/hudo.com\/si\/#\/schema\/logo\/image\/\",\"url\":\"https:\/\/hudo.com\/si\/wp-content\/uploads\/sites\/2\/2021\/03\/hudo-app-2.png\",\"contentUrl\":\"https:\/\/hudo.com\/si\/wp-content\/uploads\/sites\/2\/2021\/03\/hudo-app-2.png\",\"width\":2185,\"height\":2167,\"caption\":\"VSN Media\"},\"image\":{\"@id\":\"https:\/\/hudo.com\/si\/#\/schema\/logo\/image\/\"},\"sameAs\":[\"https:\/\/www.facebook.com\/hudo.si\",\"https:\/\/twitter.com\/hudo_si\"]},{\"@type\":\"Person\",\"@id\":\"https:\/\/hudo.com\/si\/#\/schema\/person\/601cf3379633985b20f7e50f2bb47707\",\"name\":\"hudo\",\"image\":{\"@type\":\"ImageObject\",\"inLanguage\":\"sl-SI\",\"@id\":\"https:\/\/hudo.com\/si\/#\/schema\/person\/image\/\",\"url\":\"https:\/\/secure.gravatar.com\/avatar\/c4ca25fa72cace7a696b52ff5db9e095?s=96&d=mm&r=g\",\"contentUrl\":\"https:\/\/secure.gravatar.com\/avatar\/c4ca25fa72cace7a696b52ff5db9e095?s=96&d=mm&r=g\",\"caption\":\"hudo\"},\"url\":\"https:\/\/hudo.com\/si\/author\/hudo\/\"}]}<\/script>\n<!-- \/ Yoast SEO plugin. -->","yoast_head_json":{"title":"Na meji s Hrva\u0161ko tudi v prihodnje poostren nadzor - Hudo Slovenija","robots":{"index":"index","follow":"follow","max-snippet":"max-snippet:-1","max-image-preview":"max-image-preview:large","max-video-preview":"max-video-preview:-1"},"canonical":"https:\/\/hudo.com\/si\/aktualno\/na-meji-s-hrvasko-tudi-v-prihodnje-poostren-nadzor\/","og_locale":"sl_SI","og_type":"article","og_title":"Na meji s Hrva\u0161ko tudi v prihodnje poostren nadzor - Hudo Slovenija","og_description":"Kategorija: Slovenija Wed, 12 Apr 2017 17:18:00 +0200 Ljubljana \u2013 Da bi v kratkem \u010dasu pri\u0161lo do sprememb schengenske uredbe glede nadzora na zunanjih mejah EU, ni pri\u010dakovati. Dr\u017eavni sekretar notranjega ministrstva Bo\u0161tjan \u0160efic je po sestanku, ki je danes potekal v Bruslju, povedal, da je na\u0161a dr\u017eava EU seznanila z razmerami, ki so pretekli konec tedna veljale na na\u0161ih mejah ter z razlogi, zaradi katerih je Slovenija deloma odstopila od upo\u0161tevanja schengenskim pravil. Slovenija je danes vlo\u017eila posebno deklaracijo, kako se bo nanjo odzvala evropska komisija, pa ta hip \u0161e ni mogo\u010de napovedati. Dr\u017eavni sekretar ni mogel dati nobenih obljub, da bo pretok na mejnih prehodih med velikono\u010dnimi prazniki potekal hitreje kot pretekli vikend. Izpostavil je, da se Slovenija zaveda varnostnih tveganj v Evropi, vendar bi po presoji na\u0161e dr\u017eave vendarle morali opraviti implementacijo konkretnih u\u010dinkov schengenske\u00a0...","og_url":"https:\/\/hudo.com\/si\/aktualno\/na-meji-s-hrvasko-tudi-v-prihodnje-poostren-nadzor\/","og_site_name":"Hudo Slovenija","article_publisher":"https:\/\/www.facebook.com\/hudo.si","article_published_time":"2017-04-12T13:18:00+00:00","og_image":[{"width":480,"height":290,"url":"https:\/\/hudo.com\/si\/wp-content\/uploads\/sites\/2\/2017\/04\/480x290_Delo_Foto-20170407160531-05311300.jpeg","type":"image\/jpeg"}],"author":"hudo","twitter_card":"summary_large_image","twitter_creator":"@hudo_si","twitter_site":"@hudo_si","twitter_misc":{"Written by":"hudo","Est. reading time":"1 minuta"},"schema":{"@context":"https:\/\/schema.org","@graph":[{"@type":"Article","@id":"https:\/\/hudo.com\/si\/aktualno\/na-meji-s-hrvasko-tudi-v-prihodnje-poostren-nadzor\/#article","isPartOf":{"@id":"https:\/\/hudo.com\/si\/aktualno\/na-meji-s-hrvasko-tudi-v-prihodnje-poostren-nadzor\/"},"author":{"name":"hudo","@id":"https:\/\/hudo.com\/si\/#\/schema\/person\/601cf3379633985b20f7e50f2bb47707"},"headline":"Na meji s Hrva\u0161ko tudi v prihodnje poostren nadzor","datePublished":"2017-04-12T13:18:00+00:00","dateModified":"2017-04-12T13:18:00+00:00","mainEntityOfPage":{"@id":"https:\/\/hudo.com\/si\/aktualno\/na-meji-s-hrvasko-tudi-v-prihodnje-poostren-nadzor\/"},"wordCount":158,"publisher":{"@id":"https:\/\/hudo.com\/si\/#organization"},"articleSection":["Aktualno"],"inLanguage":"sl-SI"},{"@type":"WebPage","@id":"https:\/\/hudo.com\/si\/aktualno\/na-meji-s-hrvasko-tudi-v-prihodnje-poostren-nadzor\/","url":"https:\/\/hudo.com\/si\/aktualno\/na-meji-s-hrvasko-tudi-v-prihodnje-poostren-nadzor\/","name":"Na meji s Hrva\u0161ko tudi v prihodnje poostren nadzor - Hudo Slovenija","isPartOf":{"@id":"https:\/\/hudo.com\/si\/#website"},"datePublished":"2017-04-12T13:18:00+00:00","dateModified":"2017-04-12T13:18:00+00:00","breadcrumb":{"@id":"https:\/\/hudo.com\/si\/aktualno\/na-meji-s-hrvasko-tudi-v-prihodnje-poostren-nadzor\/#breadcrumb"},"inLanguage":"sl-SI","potentialAction":[{"@type":"ReadAction","target":["https:\/\/hudo.com\/si\/aktualno\/na-meji-s-hrvasko-tudi-v-prihodnje-poostren-nadzor\/"]}]},{"@type":"BreadcrumbList","@id":"https:\/\/hudo.com\/si\/aktualno\/na-meji-s-hrvasko-tudi-v-prihodnje-poostren-nadzor\/#breadcrumb","itemListElement":[{"@type":"ListItem","position":1,"name":"Home","item":"https:\/\/hudo.com\/si\/"},{"@type":"ListItem","position":2,"name":"Na meji s Hrva\u0161ko tudi v prihodnje poostren nadzor"}]},{"@type":"WebSite","@id":"https:\/\/hudo.com\/si\/#website","url":"https:\/\/hudo.com\/si\/","name":"Hudo Slovenija","description":"Vse novice iz Slovenije in sveta","publisher":{"@id":"https:\/\/hudo.com\/si\/#organization"},"potentialAction":[{"@type":"SearchAction","target":{"@type":"EntryPoint","urlTemplate":"https:\/\/hudo.com\/si\/?s={search_term_string}"},"query-input":"required name=search_term_string"}],"inLanguage":"sl-SI"},{"@type":"Organization","@id":"https:\/\/hudo.com\/si\/#organization","name":"VSN Media","url":"https:\/\/hudo.com\/si\/","logo":{"@type":"ImageObject","inLanguage":"sl-SI","@id":"https:\/\/hudo.com\/si\/#\/schema\/logo\/image\/","url":"https:\/\/hudo.com\/si\/wp-content\/uploads\/sites\/2\/2021\/03\/hudo-app-2.png","contentUrl":"https:\/\/hudo.com\/si\/wp-content\/uploads\/sites\/2\/2021\/03\/hudo-app-2.png","width":2185,"height":2167,"caption":"VSN Media"},"image":{"@id":"https:\/\/hudo.com\/si\/#\/schema\/logo\/image\/"},"sameAs":["https:\/\/www.facebook.com\/hudo.si","https:\/\/twitter.com\/hudo_si"]},{"@type":"Person","@id":"https:\/\/hudo.com\/si\/#\/schema\/person\/601cf3379633985b20f7e50f2bb47707","name":"hudo","image":{"@type":"ImageObject","inLanguage":"sl-SI","@id":"https:\/\/hudo.com\/si\/#\/schema\/person\/image\/","url":"https:\/\/secure.gravatar.com\/avatar\/c4ca25fa72cace7a696b52ff5db9e095?s=96&d=mm&r=g","contentUrl":"https:\/\/secure.gravatar.com\/avatar\/c4ca25fa72cace7a696b52ff5db9e095?s=96&d=mm&r=g","caption":"hudo"},"url":"https:\/\/hudo.com\/si\/author\/hudo\/"}]}},"amp_enabled":true,"_links":{"self":[{"href":"https:\/\/hudo.com\/si\/wp-json\/wp\/v2\/posts\/240882"}],"collection":[{"href":"https:\/\/hudo.com\/si\/wp-json\/wp\/v2\/posts"}],"about":[{"href":"https:\/\/hudo.com\/si\/wp-json\/wp\/v2\/types\/post"}],"author":[{"embeddable":true,"href":"https:\/\/hudo.com\/si\/wp-json\/wp\/v2\/users\/1"}],"replies":[{"embeddable":true,"href":"https:\/\/hudo.com\/si\/wp-json\/wp\/v2\/comments?post=240882"}],"version-history":[{"count":0,"href":"https:\/\/hudo.com\/si\/wp-json\/wp\/v2\/posts\/240882\/revisions"}],"wp:attachment":[{"href":"https:\/\/hudo.com\/si\/wp-json\/wp\/v2\/media?parent=240882"}],"wp:term":[{"taxonomy":"category","embeddable":true,"href":"https:\/\/hudo.com\/si\/wp-json\/wp\/v2\/categories?post=240882"},{"taxonomy":"post_tag","embeddable":true,"href":"https:\/\/hudo.com\/si\/wp-json\/wp\/v2\/tags?post=240882"},{"taxonomy":"source","embeddable":true,"href":"https:\/\/hudo.com\/si\/wp-json\/wp\/v2\/source?post=240882"},{"taxonomy":"supertag","embeddable":true,"href":"https:\/\/hudo.com\/si\/wp-json\/wp\/v2\/supertag?post=240882"}],"curies":[{"name":"wp","href":"https:\/\/api.w.org\/{rel}","templated":true}]}}