{"id":240915,"date":"2017-04-12T22:05:00","date_gmt":"2017-04-12T20:05:00","guid":{"rendered":"http:\/\/hudo.com\/si\/2017\/04\/12\/evropska-aktivacija-jansevih-zborovskih-sopotnikov\/"},"modified":"2017-04-13T06:21:27","modified_gmt":"2017-04-13T04:21:27","slug":"evropska-aktivacija-jansevih-zborovskih-sopotnikov","status":"publish","type":"post","link":"https:\/\/hudo.com\/si\/aktualno\/evropska-aktivacija-jansevih-zborovskih-sopotnikov\/","title":{"rendered":"Evropska aktivacija Jan\u0161evih zborovskih sopotnikov"},"content":{"rendered":"<p>O vpra\u0161anju, ali sta Slovenija in Evropska unija na pragu prelomnih \u010dasov, je v\u010deraj popoldne razpravljalo omizje pod okriljem Zbora za republiko. Po uglednih in prepoznavnih imenih sode\u010d, je \u0161lo za najbolj odmevno razpravo Zbora za republiko v zadnjih letih, ki vse od ustanovitve leta 2004 ni skrivalo naklonjenosti do SDS pod vodstvom Janeza Jan\u0161e. Zbor za republiko, ki ga vodi Franc Cukjati, je bil v zadnjih letih sicer aktiven, a \u0161e zdale\u010d ne tako kot v obdobju ustanovitve leta 2004, ko je nudil civilnodru\u017ebeno platformo za takratno zmago Jan\u0161eve SDS na parlamentarnih volitvah. Dobro leto pred rednimi parlamentarnimi volitvami so na v\u010deraj\u0161njem zboru spet razpravljali najbolj ugledni \u010dlani zbora. Najprej v bitko za EU Razpravljali pa so o temi, ki bo nedvomno zaznamovala naslednje parlamentarne volitve. O vpra\u0161anju prihodnosti EU, vloge Slovenije v njej, pa s tem povezanimi vpra\u0161anji migracij, varnosti in schengenske ureditve. Cukjati je razpravljavce dr. Mateja Avblja, dr. Petra Jambreka, Janeza Jan\u0161o, dr. Janka Kosa, Lojzeta Peterleta, dr. Dimitrija Rupla, Igorja Sen\u010darja, dr. \u017digo Turka in dr. Andreja Umka opisal kot eminentne goste, ki ne potrebujejo predstavitve. Najprej je dobil besedo najstarej\u0161i, akademik Kos. Ob razburkanih \u010dasih za EU je spomnil, da smo Slovenci v dvajsetem stoletju \u017ee do\u017eiveli razpad vsaj treh ve\u010dnacionalnih dr\u017eav. Razpad, ki zdaj grozi tudi EU, je nastal zaradi umanjkanja strukturnih reform, politi\u010dno in drugo \u017eivljenje v ve\u010dnacionalnih politi\u010dnih tvorbah pa je bilo preve\u010d centralizirano, tako kot je zdaj v Bruslju. V nadaljevanju je Kos na podlagi kontroverznega dela ameri\u0161kega politologa Samuela Huntingtona izpeljal, da je EU izvor in sredi\u0161\u010de zahodne civilizacije. Bil je \u0161e bolj jasen, da je podlaga zahodne civilizacije kr\u0161\u010danska religija. S tem je odprl prostor za \u010dasovno dale\u010d najdalj\u0161i razmislek, ki je pripadel Janezu Jan\u0161i. Za\u010del je s pesimisti\u010dnim vpra\u0161anjem, ali se lahko EU po brexitu obdr\u017ei. Z brexitom se je po njegovo za\u010del<\/p>\n","protected":false},"excerpt":{"rendered":"<p>O vpra\u0161anju, ali sta Slovenija in Evropska unija na pragu prelomnih \u010dasov, je v\u010deraj popoldne razpravljalo omizje pod okriljem Zbora za republiko. Po uglednih in prepoznavnih imenih sode\u010d, je \u0161lo za najbolj odmevno razpravo Zbora za republiko v zadnjih letih, ki vse od ustanovitve leta 2004 ni skrivalo naklonjenosti do SDS pod vodstvom Janeza Jan\u0161e. Zbor za republiko, ki ga vodi Franc Cukjati, je bil v zadnjih letih sicer aktiven, a \u0161e zdale\u010d ne tako kot v obdobju ustanovitve leta 2004, ko je nudil civilnodru\u017ebeno platformo za takratno zmago Jan\u0161eve SDS na parlamentarnih volitvah. Dobro leto pred rednimi parlamentarnimi volitvami so na v\u010deraj\u0161njem zboru spet razpravljali najbolj ugledni \u010dlani zbora. Najprej v bitko za EU Razpravljali pa so o temi, ki bo nedvomno zaznamovala naslednje parlamentarne volitve. O vpra\u0161anju prihodnosti EU, vloge Slovenije v njej, pa s tem povezanimi vpra\u0161anji migracij, varnosti in schengenske ureditve. Cukjati je razpravljavce dr. Mateja Avblja, dr. Petra Jambreka, Janeza Jan\u0161o, dr. Janka Kosa, Lojzeta Peterleta, dr. Dimitrija Rupla, Igorja Sen\u010darja, dr. \u017digo Turka in dr. Andreja Umka opisal kot eminentne goste, ki ne potrebujejo predstavitve. Najprej je dobil besedo najstarej\u0161i, akademik Kos. Ob razburkanih \u010dasih za EU je spomnil, da smo Slovenci v dvajsetem stoletju \u017ee do\u017eiveli razpad vsaj treh ve\u010dnacionalnih dr\u017eav. Razpad, ki zdaj grozi tudi EU, je nastal zaradi umanjkanja strukturnih reform, politi\u010dno in drugo \u017eivljenje v ve\u010dnacionalnih politi\u010dnih tvorbah pa je bilo preve\u010d centralizirano, tako kot je zdaj v Bruslju. V nadaljevanju je Kos na podlagi kontroverznega dela ameri\u0161kega politologa Samuela Huntingtona izpeljal, da je EU izvor in sredi\u0161\u010de zahodne civilizacije. Bil je \u0161e bolj jasen, da je podlaga zahodne civilizacije kr\u0161\u010danska religija. S tem je odprl prostor za \u010dasovno dale\u010d najdalj\u0161i razmislek, ki je pripadel Janezu Jan\u0161i. Za\u010del je s pesimisti\u010dnim vpra\u0161anjem, ali se lahko EU po brexitu obdr\u017ei. Z brexitom se je po njegovo za\u010del<\/p>\n","protected":false},"author":1,"featured_media":0,"comment_status":"closed","ping_status":"closed","sticky":false,"template":"","format":"standard","meta":{"footnotes":""},"categories":[1179],"tags":[],"source":[1711],"supertag":[],"acf":[],"yoast_head":"<!-- This site is optimized with the Yoast SEO plugin v21.3 - https:\/\/yoast.com\/wordpress\/plugins\/seo\/ -->\n<title>Evropska aktivacija Jan\u0161evih zborovskih sopotnikov - Hudo Slovenija<\/title>\n<meta name=\"robots\" content=\"index, follow, max-snippet:-1, max-image-preview:large, max-video-preview:-1\" \/>\n<link rel=\"canonical\" href=\"https:\/\/hudo.com\/si\/aktualno\/evropska-aktivacija-jansevih-zborovskih-sopotnikov\/\" \/>\n<meta property=\"og:locale\" content=\"sl_SI\" \/>\n<meta property=\"og:type\" content=\"article\" \/>\n<meta property=\"og:title\" content=\"Evropska aktivacija Jan\u0161evih zborovskih sopotnikov - Hudo Slovenija\" \/>\n<meta property=\"og:description\" content=\"O vpra\u0161anju, ali sta Slovenija in Evropska unija na pragu prelomnih \u010dasov, je v\u010deraj popoldne razpravljalo omizje pod okriljem Zbora za republiko. Po uglednih in prepoznavnih imenih sode\u010d, je \u0161lo za najbolj odmevno razpravo Zbora za republiko v zadnjih letih, ki vse od ustanovitve leta 2004 ni skrivalo naklonjenosti do SDS pod vodstvom Janeza Jan\u0161e. Zbor za republiko, ki ga vodi Franc Cukjati, je bil v zadnjih letih sicer aktiven, a \u0161e zdale\u010d ne tako kot v obdobju ustanovitve leta 2004, ko je nudil civilnodru\u017ebeno platformo za takratno zmago Jan\u0161eve SDS na parlamentarnih volitvah. Dobro leto pred rednimi parlamentarnimi volitvami so na v\u010deraj\u0161njem zboru spet razpravljali najbolj ugledni \u010dlani zbora. Najprej v bitko za EU Razpravljali pa so o temi, ki bo nedvomno zaznamovala naslednje parlamentarne volitve. O vpra\u0161anju prihodnosti EU, vloge Slovenije v njej, pa s tem povezanimi vpra\u0161anji migracij, varnosti in schengenske ureditve. Cukjati je razpravljavce dr. Mateja Avblja, dr. Petra Jambreka, Janeza Jan\u0161o, dr. Janka Kosa, Lojzeta Peterleta, dr. Dimitrija Rupla, Igorja Sen\u010darja, dr. \u017digo Turka in dr. Andreja Umka opisal kot eminentne goste, ki ne potrebujejo predstavitve. Najprej je dobil besedo najstarej\u0161i, akademik Kos. Ob razburkanih \u010dasih za EU je spomnil, da smo Slovenci v dvajsetem stoletju \u017ee do\u017eiveli razpad vsaj treh ve\u010dnacionalnih dr\u017eav. Razpad, ki zdaj grozi tudi EU, je nastal zaradi umanjkanja strukturnih reform, politi\u010dno in drugo \u017eivljenje v ve\u010dnacionalnih politi\u010dnih tvorbah pa je bilo preve\u010d centralizirano, tako kot je zdaj v Bruslju. V nadaljevanju je Kos na podlagi kontroverznega dela ameri\u0161kega politologa Samuela Huntingtona izpeljal, da je EU izvor in sredi\u0161\u010de zahodne civilizacije. Bil je \u0161e bolj jasen, da je podlaga zahodne civilizacije kr\u0161\u010danska religija. S tem je odprl prostor za \u010dasovno dale\u010d najdalj\u0161i razmislek, ki je pripadel Janezu Jan\u0161i. Za\u010del je s pesimisti\u010dnim vpra\u0161anjem, ali se lahko EU po brexitu obdr\u017ei. Z brexitom se je po njegovo za\u010del\" \/>\n<meta property=\"og:url\" content=\"https:\/\/hudo.com\/si\/aktualno\/evropska-aktivacija-jansevih-zborovskih-sopotnikov\/\" \/>\n<meta property=\"og:site_name\" content=\"Hudo Slovenija\" \/>\n<meta property=\"article:publisher\" content=\"https:\/\/www.facebook.com\/hudo.si\" \/>\n<meta property=\"article:published_time\" content=\"2017-04-12T20:05:00+00:00\" \/>\n<meta property=\"article:modified_time\" content=\"2017-04-13T04:21:27+00:00\" \/>\n<meta property=\"og:image\" content=\"https:\/\/hudo.com\/si\/wp-content\/uploads\/sites\/2\/2017\/04\/zbor1-300.jpg\" \/>\n\t<meta property=\"og:image:width\" content=\"450\" \/>\n\t<meta property=\"og:image:height\" content=\"300\" \/>\n\t<meta property=\"og:image:type\" content=\"image\/jpeg\" \/>\n<meta name=\"author\" content=\"hudo\" \/>\n<meta name=\"twitter:card\" content=\"summary_large_image\" \/>\n<meta name=\"twitter:creator\" content=\"@hudo_si\" \/>\n<meta name=\"twitter:site\" content=\"@hudo_si\" \/>\n<meta name=\"twitter:label1\" content=\"Written by\" \/>\n\t<meta name=\"twitter:data1\" content=\"hudo\" \/>\n\t<meta name=\"twitter:label2\" content=\"Est. reading time\" \/>\n\t<meta name=\"twitter:data2\" content=\"2 minuti\" \/>\n<script type=\"application\/ld+json\" class=\"yoast-schema-graph\">{\"@context\":\"https:\/\/schema.org\",\"@graph\":[{\"@type\":\"Article\",\"@id\":\"https:\/\/hudo.com\/si\/aktualno\/evropska-aktivacija-jansevih-zborovskih-sopotnikov\/#article\",\"isPartOf\":{\"@id\":\"https:\/\/hudo.com\/si\/aktualno\/evropska-aktivacija-jansevih-zborovskih-sopotnikov\/\"},\"author\":{\"name\":\"hudo\",\"@id\":\"https:\/\/hudo.com\/si\/#\/schema\/person\/601cf3379633985b20f7e50f2bb47707\"},\"headline\":\"Evropska aktivacija Jan\u0161evih zborovskih sopotnikov\",\"datePublished\":\"2017-04-12T20:05:00+00:00\",\"dateModified\":\"2017-04-13T04:21:27+00:00\",\"mainEntityOfPage\":{\"@id\":\"https:\/\/hudo.com\/si\/aktualno\/evropska-aktivacija-jansevih-zborovskih-sopotnikov\/\"},\"wordCount\":338,\"publisher\":{\"@id\":\"https:\/\/hudo.com\/si\/#organization\"},\"articleSection\":[\"Aktualno\"],\"inLanguage\":\"sl-SI\"},{\"@type\":\"WebPage\",\"@id\":\"https:\/\/hudo.com\/si\/aktualno\/evropska-aktivacija-jansevih-zborovskih-sopotnikov\/\",\"url\":\"https:\/\/hudo.com\/si\/aktualno\/evropska-aktivacija-jansevih-zborovskih-sopotnikov\/\",\"name\":\"Evropska aktivacija Jan\u0161evih zborovskih sopotnikov - Hudo Slovenija\",\"isPartOf\":{\"@id\":\"https:\/\/hudo.com\/si\/#website\"},\"datePublished\":\"2017-04-12T20:05:00+00:00\",\"dateModified\":\"2017-04-13T04:21:27+00:00\",\"breadcrumb\":{\"@id\":\"https:\/\/hudo.com\/si\/aktualno\/evropska-aktivacija-jansevih-zborovskih-sopotnikov\/#breadcrumb\"},\"inLanguage\":\"sl-SI\",\"potentialAction\":[{\"@type\":\"ReadAction\",\"target\":[\"https:\/\/hudo.com\/si\/aktualno\/evropska-aktivacija-jansevih-zborovskih-sopotnikov\/\"]}]},{\"@type\":\"BreadcrumbList\",\"@id\":\"https:\/\/hudo.com\/si\/aktualno\/evropska-aktivacija-jansevih-zborovskih-sopotnikov\/#breadcrumb\",\"itemListElement\":[{\"@type\":\"ListItem\",\"position\":1,\"name\":\"Home\",\"item\":\"https:\/\/hudo.com\/si\/\"},{\"@type\":\"ListItem\",\"position\":2,\"name\":\"Evropska aktivacija Jan\u0161evih zborovskih sopotnikov\"}]},{\"@type\":\"WebSite\",\"@id\":\"https:\/\/hudo.com\/si\/#website\",\"url\":\"https:\/\/hudo.com\/si\/\",\"name\":\"Hudo Slovenija\",\"description\":\"Vse novice iz Slovenije in sveta\",\"publisher\":{\"@id\":\"https:\/\/hudo.com\/si\/#organization\"},\"potentialAction\":[{\"@type\":\"SearchAction\",\"target\":{\"@type\":\"EntryPoint\",\"urlTemplate\":\"https:\/\/hudo.com\/si\/?s={search_term_string}\"},\"query-input\":\"required name=search_term_string\"}],\"inLanguage\":\"sl-SI\"},{\"@type\":\"Organization\",\"@id\":\"https:\/\/hudo.com\/si\/#organization\",\"name\":\"VSN Media\",\"url\":\"https:\/\/hudo.com\/si\/\",\"logo\":{\"@type\":\"ImageObject\",\"inLanguage\":\"sl-SI\",\"@id\":\"https:\/\/hudo.com\/si\/#\/schema\/logo\/image\/\",\"url\":\"https:\/\/hudo.com\/si\/wp-content\/uploads\/sites\/2\/2021\/03\/hudo-app-2.png\",\"contentUrl\":\"https:\/\/hudo.com\/si\/wp-content\/uploads\/sites\/2\/2021\/03\/hudo-app-2.png\",\"width\":2185,\"height\":2167,\"caption\":\"VSN Media\"},\"image\":{\"@id\":\"https:\/\/hudo.com\/si\/#\/schema\/logo\/image\/\"},\"sameAs\":[\"https:\/\/www.facebook.com\/hudo.si\",\"https:\/\/twitter.com\/hudo_si\"]},{\"@type\":\"Person\",\"@id\":\"https:\/\/hudo.com\/si\/#\/schema\/person\/601cf3379633985b20f7e50f2bb47707\",\"name\":\"hudo\",\"image\":{\"@type\":\"ImageObject\",\"inLanguage\":\"sl-SI\",\"@id\":\"https:\/\/hudo.com\/si\/#\/schema\/person\/image\/\",\"url\":\"https:\/\/secure.gravatar.com\/avatar\/c4ca25fa72cace7a696b52ff5db9e095?s=96&d=mm&r=g\",\"contentUrl\":\"https:\/\/secure.gravatar.com\/avatar\/c4ca25fa72cace7a696b52ff5db9e095?s=96&d=mm&r=g\",\"caption\":\"hudo\"},\"url\":\"https:\/\/hudo.com\/si\/author\/hudo\/\"}]}<\/script>\n<!-- \/ Yoast SEO plugin. -->","yoast_head_json":{"title":"Evropska aktivacija Jan\u0161evih zborovskih sopotnikov - Hudo Slovenija","robots":{"index":"index","follow":"follow","max-snippet":"max-snippet:-1","max-image-preview":"max-image-preview:large","max-video-preview":"max-video-preview:-1"},"canonical":"https:\/\/hudo.com\/si\/aktualno\/evropska-aktivacija-jansevih-zborovskih-sopotnikov\/","og_locale":"sl_SI","og_type":"article","og_title":"Evropska aktivacija Jan\u0161evih zborovskih sopotnikov - Hudo Slovenija","og_description":"O vpra\u0161anju, ali sta Slovenija in Evropska unija na pragu prelomnih \u010dasov, je v\u010deraj popoldne razpravljalo omizje pod okriljem Zbora za republiko. Po uglednih in prepoznavnih imenih sode\u010d, je \u0161lo za najbolj odmevno razpravo Zbora za republiko v zadnjih letih, ki vse od ustanovitve leta 2004 ni skrivalo naklonjenosti do SDS pod vodstvom Janeza Jan\u0161e. Zbor za republiko, ki ga vodi Franc Cukjati, je bil v zadnjih letih sicer aktiven, a \u0161e zdale\u010d ne tako kot v obdobju ustanovitve leta 2004, ko je nudil civilnodru\u017ebeno platformo za takratno zmago Jan\u0161eve SDS na parlamentarnih volitvah. Dobro leto pred rednimi parlamentarnimi volitvami so na v\u010deraj\u0161njem zboru spet razpravljali najbolj ugledni \u010dlani zbora. Najprej v bitko za EU Razpravljali pa so o temi, ki bo nedvomno zaznamovala naslednje parlamentarne volitve. O vpra\u0161anju prihodnosti EU, vloge Slovenije v njej, pa s tem povezanimi vpra\u0161anji migracij, varnosti in schengenske ureditve. Cukjati je razpravljavce dr. Mateja Avblja, dr. Petra Jambreka, Janeza Jan\u0161o, dr. Janka Kosa, Lojzeta Peterleta, dr. Dimitrija Rupla, Igorja Sen\u010darja, dr. \u017digo Turka in dr. Andreja Umka opisal kot eminentne goste, ki ne potrebujejo predstavitve. Najprej je dobil besedo najstarej\u0161i, akademik Kos. Ob razburkanih \u010dasih za EU je spomnil, da smo Slovenci v dvajsetem stoletju \u017ee do\u017eiveli razpad vsaj treh ve\u010dnacionalnih dr\u017eav. Razpad, ki zdaj grozi tudi EU, je nastal zaradi umanjkanja strukturnih reform, politi\u010dno in drugo \u017eivljenje v ve\u010dnacionalnih politi\u010dnih tvorbah pa je bilo preve\u010d centralizirano, tako kot je zdaj v Bruslju. V nadaljevanju je Kos na podlagi kontroverznega dela ameri\u0161kega politologa Samuela Huntingtona izpeljal, da je EU izvor in sredi\u0161\u010de zahodne civilizacije. Bil je \u0161e bolj jasen, da je podlaga zahodne civilizacije kr\u0161\u010danska religija. S tem je odprl prostor za \u010dasovno dale\u010d najdalj\u0161i razmislek, ki je pripadel Janezu Jan\u0161i. Za\u010del je s pesimisti\u010dnim vpra\u0161anjem, ali se lahko EU po brexitu obdr\u017ei. Z brexitom se je po njegovo za\u010del","og_url":"https:\/\/hudo.com\/si\/aktualno\/evropska-aktivacija-jansevih-zborovskih-sopotnikov\/","og_site_name":"Hudo Slovenija","article_publisher":"https:\/\/www.facebook.com\/hudo.si","article_published_time":"2017-04-12T20:05:00+00:00","article_modified_time":"2017-04-13T04:21:27+00:00","og_image":[{"width":450,"height":300,"url":"https:\/\/hudo.com\/si\/wp-content\/uploads\/sites\/2\/2017\/04\/zbor1-300.jpg","type":"image\/jpeg"}],"author":"hudo","twitter_card":"summary_large_image","twitter_creator":"@hudo_si","twitter_site":"@hudo_si","twitter_misc":{"Written by":"hudo","Est. reading time":"2 minuti"},"schema":{"@context":"https:\/\/schema.org","@graph":[{"@type":"Article","@id":"https:\/\/hudo.com\/si\/aktualno\/evropska-aktivacija-jansevih-zborovskih-sopotnikov\/#article","isPartOf":{"@id":"https:\/\/hudo.com\/si\/aktualno\/evropska-aktivacija-jansevih-zborovskih-sopotnikov\/"},"author":{"name":"hudo","@id":"https:\/\/hudo.com\/si\/#\/schema\/person\/601cf3379633985b20f7e50f2bb47707"},"headline":"Evropska aktivacija Jan\u0161evih zborovskih sopotnikov","datePublished":"2017-04-12T20:05:00+00:00","dateModified":"2017-04-13T04:21:27+00:00","mainEntityOfPage":{"@id":"https:\/\/hudo.com\/si\/aktualno\/evropska-aktivacija-jansevih-zborovskih-sopotnikov\/"},"wordCount":338,"publisher":{"@id":"https:\/\/hudo.com\/si\/#organization"},"articleSection":["Aktualno"],"inLanguage":"sl-SI"},{"@type":"WebPage","@id":"https:\/\/hudo.com\/si\/aktualno\/evropska-aktivacija-jansevih-zborovskih-sopotnikov\/","url":"https:\/\/hudo.com\/si\/aktualno\/evropska-aktivacija-jansevih-zborovskih-sopotnikov\/","name":"Evropska aktivacija Jan\u0161evih zborovskih sopotnikov - Hudo Slovenija","isPartOf":{"@id":"https:\/\/hudo.com\/si\/#website"},"datePublished":"2017-04-12T20:05:00+00:00","dateModified":"2017-04-13T04:21:27+00:00","breadcrumb":{"@id":"https:\/\/hudo.com\/si\/aktualno\/evropska-aktivacija-jansevih-zborovskih-sopotnikov\/#breadcrumb"},"inLanguage":"sl-SI","potentialAction":[{"@type":"ReadAction","target":["https:\/\/hudo.com\/si\/aktualno\/evropska-aktivacija-jansevih-zborovskih-sopotnikov\/"]}]},{"@type":"BreadcrumbList","@id":"https:\/\/hudo.com\/si\/aktualno\/evropska-aktivacija-jansevih-zborovskih-sopotnikov\/#breadcrumb","itemListElement":[{"@type":"ListItem","position":1,"name":"Home","item":"https:\/\/hudo.com\/si\/"},{"@type":"ListItem","position":2,"name":"Evropska aktivacija Jan\u0161evih zborovskih sopotnikov"}]},{"@type":"WebSite","@id":"https:\/\/hudo.com\/si\/#website","url":"https:\/\/hudo.com\/si\/","name":"Hudo Slovenija","description":"Vse novice iz Slovenije in sveta","publisher":{"@id":"https:\/\/hudo.com\/si\/#organization"},"potentialAction":[{"@type":"SearchAction","target":{"@type":"EntryPoint","urlTemplate":"https:\/\/hudo.com\/si\/?s={search_term_string}"},"query-input":"required name=search_term_string"}],"inLanguage":"sl-SI"},{"@type":"Organization","@id":"https:\/\/hudo.com\/si\/#organization","name":"VSN Media","url":"https:\/\/hudo.com\/si\/","logo":{"@type":"ImageObject","inLanguage":"sl-SI","@id":"https:\/\/hudo.com\/si\/#\/schema\/logo\/image\/","url":"https:\/\/hudo.com\/si\/wp-content\/uploads\/sites\/2\/2021\/03\/hudo-app-2.png","contentUrl":"https:\/\/hudo.com\/si\/wp-content\/uploads\/sites\/2\/2021\/03\/hudo-app-2.png","width":2185,"height":2167,"caption":"VSN Media"},"image":{"@id":"https:\/\/hudo.com\/si\/#\/schema\/logo\/image\/"},"sameAs":["https:\/\/www.facebook.com\/hudo.si","https:\/\/twitter.com\/hudo_si"]},{"@type":"Person","@id":"https:\/\/hudo.com\/si\/#\/schema\/person\/601cf3379633985b20f7e50f2bb47707","name":"hudo","image":{"@type":"ImageObject","inLanguage":"sl-SI","@id":"https:\/\/hudo.com\/si\/#\/schema\/person\/image\/","url":"https:\/\/secure.gravatar.com\/avatar\/c4ca25fa72cace7a696b52ff5db9e095?s=96&d=mm&r=g","contentUrl":"https:\/\/secure.gravatar.com\/avatar\/c4ca25fa72cace7a696b52ff5db9e095?s=96&d=mm&r=g","caption":"hudo"},"url":"https:\/\/hudo.com\/si\/author\/hudo\/"}]}},"amp_enabled":true,"_links":{"self":[{"href":"https:\/\/hudo.com\/si\/wp-json\/wp\/v2\/posts\/240915"}],"collection":[{"href":"https:\/\/hudo.com\/si\/wp-json\/wp\/v2\/posts"}],"about":[{"href":"https:\/\/hudo.com\/si\/wp-json\/wp\/v2\/types\/post"}],"author":[{"embeddable":true,"href":"https:\/\/hudo.com\/si\/wp-json\/wp\/v2\/users\/1"}],"replies":[{"embeddable":true,"href":"https:\/\/hudo.com\/si\/wp-json\/wp\/v2\/comments?post=240915"}],"version-history":[{"count":1,"href":"https:\/\/hudo.com\/si\/wp-json\/wp\/v2\/posts\/240915\/revisions"}],"predecessor-version":[{"id":240982,"href":"https:\/\/hudo.com\/si\/wp-json\/wp\/v2\/posts\/240915\/revisions\/240982"}],"wp:attachment":[{"href":"https:\/\/hudo.com\/si\/wp-json\/wp\/v2\/media?parent=240915"}],"wp:term":[{"taxonomy":"category","embeddable":true,"href":"https:\/\/hudo.com\/si\/wp-json\/wp\/v2\/categories?post=240915"},{"taxonomy":"post_tag","embeddable":true,"href":"https:\/\/hudo.com\/si\/wp-json\/wp\/v2\/tags?post=240915"},{"taxonomy":"source","embeddable":true,"href":"https:\/\/hudo.com\/si\/wp-json\/wp\/v2\/source?post=240915"},{"taxonomy":"supertag","embeddable":true,"href":"https:\/\/hudo.com\/si\/wp-json\/wp\/v2\/supertag?post=240915"}],"curies":[{"name":"wp","href":"https:\/\/api.w.org\/{rel}","templated":true}]}}