{"id":240921,"date":"2017-04-12T22:02:00","date_gmt":"2017-04-12T20:02:00","guid":{"rendered":"http:\/\/hudo.com\/si\/2017\/04\/12\/vlada-jemlje-opozorila-resno\/"},"modified":"2017-04-13T06:21:45","modified_gmt":"2017-04-13T04:21:45","slug":"vlada-jemlje-opozorila-resno","status":"publish","type":"post","link":"https:\/\/hudo.com\/si\/aktualno\/vlada-jemlje-opozorila-resno\/","title":{"rendered":"Vlada jemlje opozorila resno"},"content":{"rendered":"<p>Osnutka nacionalnega reformnega programa in programa stabilnosti ter predlog odloka o okviru za pripravo prora\u010dunov sektorja dr\u017eave od leta 2018 do 2020 sta odbor za finance in monetarno politiko zaposlila do poznega popoldneva. \u010clani odbora iz vrst opozicijskih SDS, NSi in Alenka Bratu\u0161ek iz poslanske skupine nepovezanih poslancev se namre\u010d niso bili pripravljeni o tako pomembnih dokumentih pogovarjati brez pisnega mnenja vlade o prvi oceni vzdr\u017enosti in skladnosti javnofinan\u010dne politike s fiskalnimi pravili. Novoustanovljeni fiskalni svet je namre\u010d oceno pripravil &#8211; prvi\u010d doslej &#8211; in v njej od vlade pri\u010dakoval, da bo \u017ee za leto\u0161nje leto pripravila dodatne ukrepe, te\u017eke 0,2 odstotka bruto doma\u010dega proizvoda, s katerimi bo pove\u010dala strukturni napor ter se z omejitvijo javnih izdatkov takoj pripravila na znatna zunanja in doma\u010da tveganja. Vlada trdi, da dosega srednjero\u010dni cilj Fiskalni svet je menil, da bo le z dodatnimi ukrepi vlada v tem in prihodnjem letu dosegla povpre\u010dni strukturni napor, ki bo dosegel 0,6 odstotka bruto doma\u010dega proizvoda ali, kot so zapisali, vsaj &#8220;ustrezno pove\u010dan fiskalni napor za leti 2018 in 2019 za 0,2 odstotka bruto doma\u010dega proizvoda v dveh letih&#8221;. Parlamentarce in vlado je fiskalni svet pri tem spomnil, da je dr\u017eava lani znaten del strukturnega napora dosegla z velikim zni\u017eanjem porabe evropskih sredstev oziroma na ra\u010dun investicij, to pa ne zagotavlja trajne podlage za uravnote\u017eenje javnih financ. Javne izdatke bi po mnenju fiskalnega sveta morali v programu stabilnosti in tudi v okviru za pripravo prora\u010dunov v naslednjih letih omejiti. In sicer tako, so zapisali, &#8220;da bo cilj izravnanega strukturnega salda dose\u017een \u017ee sredi programskega obdobja in ohranjen v naslednjih letih, ko mora biti upo\u0161tevana zgornja meja izdatkov, ki jih dolo\u010da 3. \u010dlen Zakona o fiskalnem pravilu&#8221;.   \u010ce bo treba, bo vlada poskrbela za potrebne spremembe pri pripravi prora\u010duna 2018    Vlada je na dopisni seji do popoldneva sprejela stali\u0161\u010de o predlogih fiskalneg<\/p>\n","protected":false},"excerpt":{"rendered":"<p>Osnutka nacionalnega reformnega programa in programa stabilnosti ter predlog odloka o okviru za pripravo prora\u010dunov sektorja dr\u017eave od leta 2018 do 2020 sta odbor za finance in monetarno politiko zaposlila do poznega popoldneva. \u010clani odbora iz vrst opozicijskih SDS, NSi in Alenka Bratu\u0161ek iz poslanske skupine nepovezanih poslancev se namre\u010d niso bili pripravljeni o tako pomembnih dokumentih pogovarjati brez pisnega mnenja vlade o prvi oceni vzdr\u017enosti in skladnosti javnofinan\u010dne politike s fiskalnimi pravili. Novoustanovljeni fiskalni svet je namre\u010d oceno pripravil &#8211; prvi\u010d doslej &#8211; in v njej od vlade pri\u010dakoval, da bo \u017ee za leto\u0161nje leto pripravila dodatne ukrepe, te\u017eke 0,2 odstotka bruto doma\u010dega proizvoda, s katerimi bo pove\u010dala strukturni napor ter se z omejitvijo javnih izdatkov takoj pripravila na znatna zunanja in doma\u010da tveganja. Vlada trdi, da dosega srednjero\u010dni cilj Fiskalni svet je menil, da bo le z dodatnimi ukrepi vlada v tem in prihodnjem letu dosegla povpre\u010dni strukturni napor, ki bo dosegel 0,6 odstotka bruto doma\u010dega proizvoda ali, kot so zapisali, vsaj &#8220;ustrezno pove\u010dan fiskalni napor za leti 2018 in 2019 za 0,2 odstotka bruto doma\u010dega proizvoda v dveh letih&#8221;. Parlamentarce in vlado je fiskalni svet pri tem spomnil, da je dr\u017eava lani znaten del strukturnega napora dosegla z velikim zni\u017eanjem porabe evropskih sredstev oziroma na ra\u010dun investicij, to pa ne zagotavlja trajne podlage za uravnote\u017eenje javnih financ. Javne izdatke bi po mnenju fiskalnega sveta morali v programu stabilnosti in tudi v okviru za pripravo prora\u010dunov v naslednjih letih omejiti. In sicer tako, so zapisali, &#8220;da bo cilj izravnanega strukturnega salda dose\u017een \u017ee sredi programskega obdobja in ohranjen v naslednjih letih, ko mora biti upo\u0161tevana zgornja meja izdatkov, ki jih dolo\u010da 3. \u010dlen Zakona o fiskalnem pravilu&#8221;.   \u010ce bo treba, bo vlada poskrbela za potrebne spremembe pri pripravi prora\u010duna 2018    Vlada je na dopisni seji do popoldneva sprejela stali\u0161\u010de o predlogih fiskalneg<\/p>\n","protected":false},"author":1,"featured_media":0,"comment_status":"closed","ping_status":"closed","sticky":false,"template":"","format":"standard","meta":{"footnotes":""},"categories":[1179],"tags":[],"source":[1711],"supertag":[],"acf":[],"yoast_head":"<!-- This site is optimized with the Yoast SEO plugin v21.3 - https:\/\/yoast.com\/wordpress\/plugins\/seo\/ -->\n<title>Vlada jemlje opozorila resno - Hudo Slovenija<\/title>\n<meta name=\"robots\" content=\"index, follow, max-snippet:-1, max-image-preview:large, max-video-preview:-1\" \/>\n<link rel=\"canonical\" href=\"https:\/\/hudo.com\/si\/aktualno\/vlada-jemlje-opozorila-resno\/\" \/>\n<meta property=\"og:locale\" content=\"sl_SI\" \/>\n<meta property=\"og:type\" content=\"article\" \/>\n<meta property=\"og:title\" content=\"Vlada jemlje opozorila resno - Hudo Slovenija\" \/>\n<meta property=\"og:description\" content=\"Osnutka nacionalnega reformnega programa in programa stabilnosti ter predlog odloka o okviru za pripravo prora\u010dunov sektorja dr\u017eave od leta 2018 do 2020 sta odbor za finance in monetarno politiko zaposlila do poznega popoldneva. \u010clani odbora iz vrst opozicijskih SDS, NSi in Alenka Bratu\u0161ek iz poslanske skupine nepovezanih poslancev se namre\u010d niso bili pripravljeni o tako pomembnih dokumentih pogovarjati brez pisnega mnenja vlade o prvi oceni vzdr\u017enosti in skladnosti javnofinan\u010dne politike s fiskalnimi pravili. Novoustanovljeni fiskalni svet je namre\u010d oceno pripravil - prvi\u010d doslej - in v njej od vlade pri\u010dakoval, da bo \u017ee za leto\u0161nje leto pripravila dodatne ukrepe, te\u017eke 0,2 odstotka bruto doma\u010dega proizvoda, s katerimi bo pove\u010dala strukturni napor ter se z omejitvijo javnih izdatkov takoj pripravila na znatna zunanja in doma\u010da tveganja. Vlada trdi, da dosega srednjero\u010dni cilj Fiskalni svet je menil, da bo le z dodatnimi ukrepi vlada v tem in prihodnjem letu dosegla povpre\u010dni strukturni napor, ki bo dosegel 0,6 odstotka bruto doma\u010dega proizvoda ali, kot so zapisali, vsaj &quot;ustrezno pove\u010dan fiskalni napor za leti 2018 in 2019 za 0,2 odstotka bruto doma\u010dega proizvoda v dveh letih&quot;. Parlamentarce in vlado je fiskalni svet pri tem spomnil, da je dr\u017eava lani znaten del strukturnega napora dosegla z velikim zni\u017eanjem porabe evropskih sredstev oziroma na ra\u010dun investicij, to pa ne zagotavlja trajne podlage za uravnote\u017eenje javnih financ. Javne izdatke bi po mnenju fiskalnega sveta morali v programu stabilnosti in tudi v okviru za pripravo prora\u010dunov v naslednjih letih omejiti. In sicer tako, so zapisali, &quot;da bo cilj izravnanega strukturnega salda dose\u017een \u017ee sredi programskega obdobja in ohranjen v naslednjih letih, ko mora biti upo\u0161tevana zgornja meja izdatkov, ki jih dolo\u010da 3. \u010dlen Zakona o fiskalnem pravilu&quot;.  \u010ce bo treba, bo vlada poskrbela za potrebne spremembe pri pripravi prora\u010duna 2018  Vlada je na dopisni seji do popoldneva sprejela stali\u0161\u010de o predlogih fiskalneg\" \/>\n<meta property=\"og:url\" content=\"https:\/\/hudo.com\/si\/aktualno\/vlada-jemlje-opozorila-resno\/\" \/>\n<meta property=\"og:site_name\" content=\"Hudo Slovenija\" \/>\n<meta property=\"article:publisher\" content=\"https:\/\/www.facebook.com\/hudo.si\" \/>\n<meta property=\"article:published_time\" content=\"2017-04-12T20:02:00+00:00\" \/>\n<meta property=\"article:modified_time\" content=\"2017-04-13T04:21:45+00:00\" \/>\n<meta property=\"og:image\" content=\"https:\/\/hudo.com\/si\/wp-content\/uploads\/sites\/2\/2017\/04\/01141356F-300.jpg\" \/>\n\t<meta property=\"og:image:width\" content=\"450\" \/>\n\t<meta property=\"og:image:height\" content=\"301\" \/>\n\t<meta property=\"og:image:type\" content=\"image\/jpeg\" \/>\n<meta name=\"author\" content=\"hudo\" \/>\n<meta name=\"twitter:card\" content=\"summary_large_image\" \/>\n<meta name=\"twitter:creator\" content=\"@hudo_si\" \/>\n<meta name=\"twitter:site\" content=\"@hudo_si\" \/>\n<meta name=\"twitter:label1\" content=\"Written by\" \/>\n\t<meta name=\"twitter:data1\" content=\"hudo\" \/>\n\t<meta name=\"twitter:label2\" content=\"Est. reading time\" \/>\n\t<meta name=\"twitter:data2\" content=\"2 minuti\" \/>\n<script type=\"application\/ld+json\" class=\"yoast-schema-graph\">{\"@context\":\"https:\/\/schema.org\",\"@graph\":[{\"@type\":\"Article\",\"@id\":\"https:\/\/hudo.com\/si\/aktualno\/vlada-jemlje-opozorila-resno\/#article\",\"isPartOf\":{\"@id\":\"https:\/\/hudo.com\/si\/aktualno\/vlada-jemlje-opozorila-resno\/\"},\"author\":{\"name\":\"hudo\",\"@id\":\"https:\/\/hudo.com\/si\/#\/schema\/person\/601cf3379633985b20f7e50f2bb47707\"},\"headline\":\"Vlada jemlje opozorila resno\",\"datePublished\":\"2017-04-12T20:02:00+00:00\",\"dateModified\":\"2017-04-13T04:21:45+00:00\",\"mainEntityOfPage\":{\"@id\":\"https:\/\/hudo.com\/si\/aktualno\/vlada-jemlje-opozorila-resno\/\"},\"wordCount\":325,\"publisher\":{\"@id\":\"https:\/\/hudo.com\/si\/#organization\"},\"articleSection\":[\"Aktualno\"],\"inLanguage\":\"sl-SI\"},{\"@type\":\"WebPage\",\"@id\":\"https:\/\/hudo.com\/si\/aktualno\/vlada-jemlje-opozorila-resno\/\",\"url\":\"https:\/\/hudo.com\/si\/aktualno\/vlada-jemlje-opozorila-resno\/\",\"name\":\"Vlada jemlje opozorila resno - Hudo Slovenija\",\"isPartOf\":{\"@id\":\"https:\/\/hudo.com\/si\/#website\"},\"datePublished\":\"2017-04-12T20:02:00+00:00\",\"dateModified\":\"2017-04-13T04:21:45+00:00\",\"breadcrumb\":{\"@id\":\"https:\/\/hudo.com\/si\/aktualno\/vlada-jemlje-opozorila-resno\/#breadcrumb\"},\"inLanguage\":\"sl-SI\",\"potentialAction\":[{\"@type\":\"ReadAction\",\"target\":[\"https:\/\/hudo.com\/si\/aktualno\/vlada-jemlje-opozorila-resno\/\"]}]},{\"@type\":\"BreadcrumbList\",\"@id\":\"https:\/\/hudo.com\/si\/aktualno\/vlada-jemlje-opozorila-resno\/#breadcrumb\",\"itemListElement\":[{\"@type\":\"ListItem\",\"position\":1,\"name\":\"Home\",\"item\":\"https:\/\/hudo.com\/si\/\"},{\"@type\":\"ListItem\",\"position\":2,\"name\":\"Vlada jemlje opozorila resno\"}]},{\"@type\":\"WebSite\",\"@id\":\"https:\/\/hudo.com\/si\/#website\",\"url\":\"https:\/\/hudo.com\/si\/\",\"name\":\"Hudo Slovenija\",\"description\":\"Vse novice iz Slovenije in sveta\",\"publisher\":{\"@id\":\"https:\/\/hudo.com\/si\/#organization\"},\"potentialAction\":[{\"@type\":\"SearchAction\",\"target\":{\"@type\":\"EntryPoint\",\"urlTemplate\":\"https:\/\/hudo.com\/si\/?s={search_term_string}\"},\"query-input\":\"required name=search_term_string\"}],\"inLanguage\":\"sl-SI\"},{\"@type\":\"Organization\",\"@id\":\"https:\/\/hudo.com\/si\/#organization\",\"name\":\"VSN Media\",\"url\":\"https:\/\/hudo.com\/si\/\",\"logo\":{\"@type\":\"ImageObject\",\"inLanguage\":\"sl-SI\",\"@id\":\"https:\/\/hudo.com\/si\/#\/schema\/logo\/image\/\",\"url\":\"https:\/\/hudo.com\/si\/wp-content\/uploads\/sites\/2\/2021\/03\/hudo-app-2.png\",\"contentUrl\":\"https:\/\/hudo.com\/si\/wp-content\/uploads\/sites\/2\/2021\/03\/hudo-app-2.png\",\"width\":2185,\"height\":2167,\"caption\":\"VSN Media\"},\"image\":{\"@id\":\"https:\/\/hudo.com\/si\/#\/schema\/logo\/image\/\"},\"sameAs\":[\"https:\/\/www.facebook.com\/hudo.si\",\"https:\/\/twitter.com\/hudo_si\"]},{\"@type\":\"Person\",\"@id\":\"https:\/\/hudo.com\/si\/#\/schema\/person\/601cf3379633985b20f7e50f2bb47707\",\"name\":\"hudo\",\"image\":{\"@type\":\"ImageObject\",\"inLanguage\":\"sl-SI\",\"@id\":\"https:\/\/hudo.com\/si\/#\/schema\/person\/image\/\",\"url\":\"https:\/\/secure.gravatar.com\/avatar\/c4ca25fa72cace7a696b52ff5db9e095?s=96&d=mm&r=g\",\"contentUrl\":\"https:\/\/secure.gravatar.com\/avatar\/c4ca25fa72cace7a696b52ff5db9e095?s=96&d=mm&r=g\",\"caption\":\"hudo\"},\"url\":\"https:\/\/hudo.com\/si\/author\/hudo\/\"}]}<\/script>\n<!-- \/ Yoast SEO plugin. -->","yoast_head_json":{"title":"Vlada jemlje opozorila resno - Hudo Slovenija","robots":{"index":"index","follow":"follow","max-snippet":"max-snippet:-1","max-image-preview":"max-image-preview:large","max-video-preview":"max-video-preview:-1"},"canonical":"https:\/\/hudo.com\/si\/aktualno\/vlada-jemlje-opozorila-resno\/","og_locale":"sl_SI","og_type":"article","og_title":"Vlada jemlje opozorila resno - Hudo Slovenija","og_description":"Osnutka nacionalnega reformnega programa in programa stabilnosti ter predlog odloka o okviru za pripravo prora\u010dunov sektorja dr\u017eave od leta 2018 do 2020 sta odbor za finance in monetarno politiko zaposlila do poznega popoldneva. \u010clani odbora iz vrst opozicijskih SDS, NSi in Alenka Bratu\u0161ek iz poslanske skupine nepovezanih poslancev se namre\u010d niso bili pripravljeni o tako pomembnih dokumentih pogovarjati brez pisnega mnenja vlade o prvi oceni vzdr\u017enosti in skladnosti javnofinan\u010dne politike s fiskalnimi pravili. Novoustanovljeni fiskalni svet je namre\u010d oceno pripravil - prvi\u010d doslej - in v njej od vlade pri\u010dakoval, da bo \u017ee za leto\u0161nje leto pripravila dodatne ukrepe, te\u017eke 0,2 odstotka bruto doma\u010dega proizvoda, s katerimi bo pove\u010dala strukturni napor ter se z omejitvijo javnih izdatkov takoj pripravila na znatna zunanja in doma\u010da tveganja. Vlada trdi, da dosega srednjero\u010dni cilj Fiskalni svet je menil, da bo le z dodatnimi ukrepi vlada v tem in prihodnjem letu dosegla povpre\u010dni strukturni napor, ki bo dosegel 0,6 odstotka bruto doma\u010dega proizvoda ali, kot so zapisali, vsaj \"ustrezno pove\u010dan fiskalni napor za leti 2018 in 2019 za 0,2 odstotka bruto doma\u010dega proizvoda v dveh letih\". Parlamentarce in vlado je fiskalni svet pri tem spomnil, da je dr\u017eava lani znaten del strukturnega napora dosegla z velikim zni\u017eanjem porabe evropskih sredstev oziroma na ra\u010dun investicij, to pa ne zagotavlja trajne podlage za uravnote\u017eenje javnih financ. Javne izdatke bi po mnenju fiskalnega sveta morali v programu stabilnosti in tudi v okviru za pripravo prora\u010dunov v naslednjih letih omejiti. In sicer tako, so zapisali, \"da bo cilj izravnanega strukturnega salda dose\u017een \u017ee sredi programskega obdobja in ohranjen v naslednjih letih, ko mora biti upo\u0161tevana zgornja meja izdatkov, ki jih dolo\u010da 3. \u010dlen Zakona o fiskalnem pravilu\".  \u010ce bo treba, bo vlada poskrbela za potrebne spremembe pri pripravi prora\u010duna 2018  Vlada je na dopisni seji do popoldneva sprejela stali\u0161\u010de o predlogih fiskalneg","og_url":"https:\/\/hudo.com\/si\/aktualno\/vlada-jemlje-opozorila-resno\/","og_site_name":"Hudo Slovenija","article_publisher":"https:\/\/www.facebook.com\/hudo.si","article_published_time":"2017-04-12T20:02:00+00:00","article_modified_time":"2017-04-13T04:21:45+00:00","og_image":[{"width":450,"height":301,"url":"https:\/\/hudo.com\/si\/wp-content\/uploads\/sites\/2\/2017\/04\/01141356F-300.jpg","type":"image\/jpeg"}],"author":"hudo","twitter_card":"summary_large_image","twitter_creator":"@hudo_si","twitter_site":"@hudo_si","twitter_misc":{"Written by":"hudo","Est. reading time":"2 minuti"},"schema":{"@context":"https:\/\/schema.org","@graph":[{"@type":"Article","@id":"https:\/\/hudo.com\/si\/aktualno\/vlada-jemlje-opozorila-resno\/#article","isPartOf":{"@id":"https:\/\/hudo.com\/si\/aktualno\/vlada-jemlje-opozorila-resno\/"},"author":{"name":"hudo","@id":"https:\/\/hudo.com\/si\/#\/schema\/person\/601cf3379633985b20f7e50f2bb47707"},"headline":"Vlada jemlje opozorila resno","datePublished":"2017-04-12T20:02:00+00:00","dateModified":"2017-04-13T04:21:45+00:00","mainEntityOfPage":{"@id":"https:\/\/hudo.com\/si\/aktualno\/vlada-jemlje-opozorila-resno\/"},"wordCount":325,"publisher":{"@id":"https:\/\/hudo.com\/si\/#organization"},"articleSection":["Aktualno"],"inLanguage":"sl-SI"},{"@type":"WebPage","@id":"https:\/\/hudo.com\/si\/aktualno\/vlada-jemlje-opozorila-resno\/","url":"https:\/\/hudo.com\/si\/aktualno\/vlada-jemlje-opozorila-resno\/","name":"Vlada jemlje opozorila resno - Hudo Slovenija","isPartOf":{"@id":"https:\/\/hudo.com\/si\/#website"},"datePublished":"2017-04-12T20:02:00+00:00","dateModified":"2017-04-13T04:21:45+00:00","breadcrumb":{"@id":"https:\/\/hudo.com\/si\/aktualno\/vlada-jemlje-opozorila-resno\/#breadcrumb"},"inLanguage":"sl-SI","potentialAction":[{"@type":"ReadAction","target":["https:\/\/hudo.com\/si\/aktualno\/vlada-jemlje-opozorila-resno\/"]}]},{"@type":"BreadcrumbList","@id":"https:\/\/hudo.com\/si\/aktualno\/vlada-jemlje-opozorila-resno\/#breadcrumb","itemListElement":[{"@type":"ListItem","position":1,"name":"Home","item":"https:\/\/hudo.com\/si\/"},{"@type":"ListItem","position":2,"name":"Vlada jemlje opozorila resno"}]},{"@type":"WebSite","@id":"https:\/\/hudo.com\/si\/#website","url":"https:\/\/hudo.com\/si\/","name":"Hudo Slovenija","description":"Vse novice iz Slovenije in sveta","publisher":{"@id":"https:\/\/hudo.com\/si\/#organization"},"potentialAction":[{"@type":"SearchAction","target":{"@type":"EntryPoint","urlTemplate":"https:\/\/hudo.com\/si\/?s={search_term_string}"},"query-input":"required name=search_term_string"}],"inLanguage":"sl-SI"},{"@type":"Organization","@id":"https:\/\/hudo.com\/si\/#organization","name":"VSN Media","url":"https:\/\/hudo.com\/si\/","logo":{"@type":"ImageObject","inLanguage":"sl-SI","@id":"https:\/\/hudo.com\/si\/#\/schema\/logo\/image\/","url":"https:\/\/hudo.com\/si\/wp-content\/uploads\/sites\/2\/2021\/03\/hudo-app-2.png","contentUrl":"https:\/\/hudo.com\/si\/wp-content\/uploads\/sites\/2\/2021\/03\/hudo-app-2.png","width":2185,"height":2167,"caption":"VSN Media"},"image":{"@id":"https:\/\/hudo.com\/si\/#\/schema\/logo\/image\/"},"sameAs":["https:\/\/www.facebook.com\/hudo.si","https:\/\/twitter.com\/hudo_si"]},{"@type":"Person","@id":"https:\/\/hudo.com\/si\/#\/schema\/person\/601cf3379633985b20f7e50f2bb47707","name":"hudo","image":{"@type":"ImageObject","inLanguage":"sl-SI","@id":"https:\/\/hudo.com\/si\/#\/schema\/person\/image\/","url":"https:\/\/secure.gravatar.com\/avatar\/c4ca25fa72cace7a696b52ff5db9e095?s=96&d=mm&r=g","contentUrl":"https:\/\/secure.gravatar.com\/avatar\/c4ca25fa72cace7a696b52ff5db9e095?s=96&d=mm&r=g","caption":"hudo"},"url":"https:\/\/hudo.com\/si\/author\/hudo\/"}]}},"amp_enabled":true,"_links":{"self":[{"href":"https:\/\/hudo.com\/si\/wp-json\/wp\/v2\/posts\/240921"}],"collection":[{"href":"https:\/\/hudo.com\/si\/wp-json\/wp\/v2\/posts"}],"about":[{"href":"https:\/\/hudo.com\/si\/wp-json\/wp\/v2\/types\/post"}],"author":[{"embeddable":true,"href":"https:\/\/hudo.com\/si\/wp-json\/wp\/v2\/users\/1"}],"replies":[{"embeddable":true,"href":"https:\/\/hudo.com\/si\/wp-json\/wp\/v2\/comments?post=240921"}],"version-history":[{"count":1,"href":"https:\/\/hudo.com\/si\/wp-json\/wp\/v2\/posts\/240921\/revisions"}],"predecessor-version":[{"id":240985,"href":"https:\/\/hudo.com\/si\/wp-json\/wp\/v2\/posts\/240921\/revisions\/240985"}],"wp:attachment":[{"href":"https:\/\/hudo.com\/si\/wp-json\/wp\/v2\/media?parent=240921"}],"wp:term":[{"taxonomy":"category","embeddable":true,"href":"https:\/\/hudo.com\/si\/wp-json\/wp\/v2\/categories?post=240921"},{"taxonomy":"post_tag","embeddable":true,"href":"https:\/\/hudo.com\/si\/wp-json\/wp\/v2\/tags?post=240921"},{"taxonomy":"source","embeddable":true,"href":"https:\/\/hudo.com\/si\/wp-json\/wp\/v2\/source?post=240921"},{"taxonomy":"supertag","embeddable":true,"href":"https:\/\/hudo.com\/si\/wp-json\/wp\/v2\/supertag?post=240921"}],"curies":[{"name":"wp","href":"https:\/\/api.w.org\/{rel}","templated":true}]}}