{"id":240923,"date":"2017-04-12T22:01:00","date_gmt":"2017-04-12T20:01:00","guid":{"rendered":"http:\/\/hudo.com\/si\/2017\/04\/12\/evropske-mladinske-delovne-brigade\/"},"modified":"2017-04-13T06:21:50","modified_gmt":"2017-04-13T04:21:50","slug":"evropske-mladinske-delovne-brigade","status":"publish","type":"post","link":"https:\/\/hudo.com\/si\/aktualno\/evropske-mladinske-delovne-brigade\/","title":{"rendered":"Evropske mladinske delovne brigade"},"content":{"rendered":"<p>Na Evropsko unijo leti vse ve\u010d kritik, da ostaja oddaljena od ljudi. Vpra\u0161anje je, \u010de je lanski referendum o izstopu Velike Britanije iz \u010dlanstva \u017ee dovolj streznil bruseljske birokrate. \u010ce je sklepati po ne\u017eivljenjskih varnostnih ukrepih na zunanjih \u0161engenskih mejah, morda \u0161e ne. A te\u017eko bi rekli, da se v Bruslju ne trudijo. Predsednik Evropske komisije Jean Claude Juncker je lani septembra spro\u017eil pobudo za Evropske solidarnostne enote. Na prvi pogled se vsaj nam, biv\u0161im Jugoslovanom, zdi, kot da bo EU izna\u0161la mladinske delovne brigade. Kako naj bi solidarnostne enote bile videti, je v\u010deraj v prostorih Evropske komisije v Bruslju razpravljalo skoraj tiso\u010d prete\u017eno mladih iz cele unije. Udele\u017eence sta pozdravila evropska komisarja za prora\u010dun G\u00fcnther Oettinger in za izobra\u017eevanje, kulturo, mladino in \u0161port Tibor Navracsics. Prvi je dejal, da bo komisija projektu, za katerega se je prijavilo \u017ee 27 tiso\u010d mladih, v naslednjih treh letih namenila 114 milijonov evrov. Drugi pa je solidarnostne enote primerjal s \u0161tudijskimi izmenjevalnimi programi: &#8220;Erasmus plus je individualna izbira, solidarnostne enote pa bodo skupnostna izbira, saj se za izvajanje teh programov zanima \u017ee 4200 organizacij po Evropi.&#8221; Popoldan je udele\u017eence nagovoril predsednik evropske komisije Juncker, ki je nenehno menjaval jezike, v katerih je govoril. S tem je na svoj na\u010din poudarjal razli\u010dnost Evrope in nujnost, da jo mladi bolje spoznajo s pomo\u010djo solidarnostnega dela. Ker EU ni samo skupni trg ali banke, kot je dejal tudi njegov predhodnik, predsednik evropskega parlamenta Antonio Tajani. Pred tem so dele\u017eniki, kot so si rekli, v treh panelih razpravljali o podrobnostih Evropskih solidarnostnih enot, ki naj bi na prostovoljstvo, pripravni\u0161tvo in delo do leta 2020 po Evropi razposlale okoli sto tiso\u010d mladih. Iz Slovenije je v debati sodeloval \u0160tefan Simon\u010di\u010d iz zdru\u017eenja Epeka iz Maribora. Zavzel se je, da bi v enote jemali predvsem prikraj\u0161ane skupine ljudi, naj gre za invalide, pripadnike etni<\/p>\n","protected":false},"excerpt":{"rendered":"<p>Na Evropsko unijo leti vse ve\u010d kritik, da ostaja oddaljena od ljudi. Vpra\u0161anje je, \u010de je lanski referendum o izstopu Velike Britanije iz \u010dlanstva \u017ee dovolj streznil bruseljske birokrate. \u010ce je sklepati po ne\u017eivljenjskih varnostnih ukrepih na zunanjih \u0161engenskih mejah, morda \u0161e ne. A te\u017eko bi rekli, da se v Bruslju ne trudijo. Predsednik Evropske komisije Jean Claude Juncker je lani septembra spro\u017eil pobudo za Evropske solidarnostne enote. Na prvi pogled se vsaj nam, biv\u0161im Jugoslovanom, zdi, kot da bo EU izna\u0161la mladinske delovne brigade. Kako naj bi solidarnostne enote bile videti, je v\u010deraj v prostorih Evropske komisije v Bruslju razpravljalo skoraj tiso\u010d prete\u017eno mladih iz cele unije. Udele\u017eence sta pozdravila evropska komisarja za prora\u010dun G\u00fcnther Oettinger in za izobra\u017eevanje, kulturo, mladino in \u0161port Tibor Navracsics. Prvi je dejal, da bo komisija projektu, za katerega se je prijavilo \u017ee 27 tiso\u010d mladih, v naslednjih treh letih namenila 114 milijonov evrov. Drugi pa je solidarnostne enote primerjal s \u0161tudijskimi izmenjevalnimi programi: &#8220;Erasmus plus je individualna izbira, solidarnostne enote pa bodo skupnostna izbira, saj se za izvajanje teh programov zanima \u017ee 4200 organizacij po Evropi.&#8221; Popoldan je udele\u017eence nagovoril predsednik evropske komisije Juncker, ki je nenehno menjaval jezike, v katerih je govoril. S tem je na svoj na\u010din poudarjal razli\u010dnost Evrope in nujnost, da jo mladi bolje spoznajo s pomo\u010djo solidarnostnega dela. Ker EU ni samo skupni trg ali banke, kot je dejal tudi njegov predhodnik, predsednik evropskega parlamenta Antonio Tajani. Pred tem so dele\u017eniki, kot so si rekli, v treh panelih razpravljali o podrobnostih Evropskih solidarnostnih enot, ki naj bi na prostovoljstvo, pripravni\u0161tvo in delo do leta 2020 po Evropi razposlale okoli sto tiso\u010d mladih. Iz Slovenije je v debati sodeloval \u0160tefan Simon\u010di\u010d iz zdru\u017eenja Epeka iz Maribora. Zavzel se je, da bi v enote jemali predvsem prikraj\u0161ane skupine ljudi, naj gre za invalide, pripadnike etni<\/p>\n","protected":false},"author":1,"featured_media":0,"comment_status":"closed","ping_status":"closed","sticky":false,"template":"","format":"standard","meta":{"footnotes":""},"categories":[1179],"tags":[],"source":[1711],"supertag":[],"acf":[],"yoast_head":"<!-- This site is optimized with the Yoast SEO plugin v21.3 - https:\/\/yoast.com\/wordpress\/plugins\/seo\/ -->\n<title>Evropske mladinske delovne brigade - Hudo Slovenija<\/title>\n<meta name=\"robots\" content=\"index, follow, max-snippet:-1, max-image-preview:large, max-video-preview:-1\" \/>\n<link rel=\"canonical\" href=\"https:\/\/hudo.com\/si\/aktualno\/evropske-mladinske-delovne-brigade\/\" \/>\n<meta property=\"og:locale\" content=\"sl_SI\" \/>\n<meta property=\"og:type\" content=\"article\" \/>\n<meta property=\"og:title\" content=\"Evropske mladinske delovne brigade - Hudo Slovenija\" \/>\n<meta property=\"og:description\" content=\"Na Evropsko unijo leti vse ve\u010d kritik, da ostaja oddaljena od ljudi. Vpra\u0161anje je, \u010de je lanski referendum o izstopu Velike Britanije iz \u010dlanstva \u017ee dovolj streznil bruseljske birokrate. \u010ce je sklepati po ne\u017eivljenjskih varnostnih ukrepih na zunanjih \u0161engenskih mejah, morda \u0161e ne. A te\u017eko bi rekli, da se v Bruslju ne trudijo. Predsednik Evropske komisije Jean Claude Juncker je lani septembra spro\u017eil pobudo za Evropske solidarnostne enote. Na prvi pogled se vsaj nam, biv\u0161im Jugoslovanom, zdi, kot da bo EU izna\u0161la mladinske delovne brigade. Kako naj bi solidarnostne enote bile videti, je v\u010deraj v prostorih Evropske komisije v Bruslju razpravljalo skoraj tiso\u010d prete\u017eno mladih iz cele unije. Udele\u017eence sta pozdravila evropska komisarja za prora\u010dun G\u00fcnther Oettinger in za izobra\u017eevanje, kulturo, mladino in \u0161port Tibor Navracsics. Prvi je dejal, da bo komisija projektu, za katerega se je prijavilo \u017ee 27 tiso\u010d mladih, v naslednjih treh letih namenila 114 milijonov evrov. Drugi pa je solidarnostne enote primerjal s \u0161tudijskimi izmenjevalnimi programi: &quot;Erasmus plus je individualna izbira, solidarnostne enote pa bodo skupnostna izbira, saj se za izvajanje teh programov zanima \u017ee 4200 organizacij po Evropi.&quot; Popoldan je udele\u017eence nagovoril predsednik evropske komisije Juncker, ki je nenehno menjaval jezike, v katerih je govoril. S tem je na svoj na\u010din poudarjal razli\u010dnost Evrope in nujnost, da jo mladi bolje spoznajo s pomo\u010djo solidarnostnega dela. Ker EU ni samo skupni trg ali banke, kot je dejal tudi njegov predhodnik, predsednik evropskega parlamenta Antonio Tajani. Pred tem so dele\u017eniki, kot so si rekli, v treh panelih razpravljali o podrobnostih Evropskih solidarnostnih enot, ki naj bi na prostovoljstvo, pripravni\u0161tvo in delo do leta 2020 po Evropi razposlale okoli sto tiso\u010d mladih. Iz Slovenije je v debati sodeloval \u0160tefan Simon\u010di\u010d iz zdru\u017eenja Epeka iz Maribora. Zavzel se je, da bi v enote jemali predvsem prikraj\u0161ane skupine ljudi, naj gre za invalide, pripadnike etni\" \/>\n<meta property=\"og:url\" content=\"https:\/\/hudo.com\/si\/aktualno\/evropske-mladinske-delovne-brigade\/\" \/>\n<meta property=\"og:site_name\" content=\"Hudo Slovenija\" \/>\n<meta property=\"article:publisher\" content=\"https:\/\/www.facebook.com\/hudo.si\" \/>\n<meta property=\"article:published_time\" content=\"2017-04-12T20:01:00+00:00\" \/>\n<meta property=\"article:modified_time\" content=\"2017-04-13T04:21:50+00:00\" \/>\n<meta property=\"og:image\" content=\"https:\/\/hudo.com\/si\/wp-content\/uploads\/sites\/2\/2017\/04\/unnamed2-300.jpg\" \/>\n\t<meta property=\"og:image:width\" content=\"450\" \/>\n\t<meta property=\"og:image:height\" content=\"599\" \/>\n\t<meta property=\"og:image:type\" content=\"image\/jpeg\" \/>\n<meta name=\"author\" content=\"hudo\" \/>\n<meta name=\"twitter:card\" content=\"summary_large_image\" \/>\n<meta name=\"twitter:creator\" content=\"@hudo_si\" \/>\n<meta name=\"twitter:site\" content=\"@hudo_si\" \/>\n<meta name=\"twitter:label1\" content=\"Written by\" \/>\n\t<meta name=\"twitter:data1\" content=\"hudo\" \/>\n\t<meta name=\"twitter:label2\" content=\"Est. reading time\" \/>\n\t<meta name=\"twitter:data2\" content=\"2 minuti\" \/>\n<script type=\"application\/ld+json\" class=\"yoast-schema-graph\">{\"@context\":\"https:\/\/schema.org\",\"@graph\":[{\"@type\":\"Article\",\"@id\":\"https:\/\/hudo.com\/si\/aktualno\/evropske-mladinske-delovne-brigade\/#article\",\"isPartOf\":{\"@id\":\"https:\/\/hudo.com\/si\/aktualno\/evropske-mladinske-delovne-brigade\/\"},\"author\":{\"name\":\"hudo\",\"@id\":\"https:\/\/hudo.com\/si\/#\/schema\/person\/601cf3379633985b20f7e50f2bb47707\"},\"headline\":\"Evropske mladinske delovne brigade\",\"datePublished\":\"2017-04-12T20:01:00+00:00\",\"dateModified\":\"2017-04-13T04:21:50+00:00\",\"mainEntityOfPage\":{\"@id\":\"https:\/\/hudo.com\/si\/aktualno\/evropske-mladinske-delovne-brigade\/\"},\"wordCount\":326,\"publisher\":{\"@id\":\"https:\/\/hudo.com\/si\/#organization\"},\"articleSection\":[\"Aktualno\"],\"inLanguage\":\"sl-SI\"},{\"@type\":\"WebPage\",\"@id\":\"https:\/\/hudo.com\/si\/aktualno\/evropske-mladinske-delovne-brigade\/\",\"url\":\"https:\/\/hudo.com\/si\/aktualno\/evropske-mladinske-delovne-brigade\/\",\"name\":\"Evropske mladinske delovne brigade - Hudo Slovenija\",\"isPartOf\":{\"@id\":\"https:\/\/hudo.com\/si\/#website\"},\"datePublished\":\"2017-04-12T20:01:00+00:00\",\"dateModified\":\"2017-04-13T04:21:50+00:00\",\"breadcrumb\":{\"@id\":\"https:\/\/hudo.com\/si\/aktualno\/evropske-mladinske-delovne-brigade\/#breadcrumb\"},\"inLanguage\":\"sl-SI\",\"potentialAction\":[{\"@type\":\"ReadAction\",\"target\":[\"https:\/\/hudo.com\/si\/aktualno\/evropske-mladinske-delovne-brigade\/\"]}]},{\"@type\":\"BreadcrumbList\",\"@id\":\"https:\/\/hudo.com\/si\/aktualno\/evropske-mladinske-delovne-brigade\/#breadcrumb\",\"itemListElement\":[{\"@type\":\"ListItem\",\"position\":1,\"name\":\"Home\",\"item\":\"https:\/\/hudo.com\/si\/\"},{\"@type\":\"ListItem\",\"position\":2,\"name\":\"Evropske mladinske delovne brigade\"}]},{\"@type\":\"WebSite\",\"@id\":\"https:\/\/hudo.com\/si\/#website\",\"url\":\"https:\/\/hudo.com\/si\/\",\"name\":\"Hudo Slovenija\",\"description\":\"Vse novice iz Slovenije in sveta\",\"publisher\":{\"@id\":\"https:\/\/hudo.com\/si\/#organization\"},\"potentialAction\":[{\"@type\":\"SearchAction\",\"target\":{\"@type\":\"EntryPoint\",\"urlTemplate\":\"https:\/\/hudo.com\/si\/?s={search_term_string}\"},\"query-input\":\"required name=search_term_string\"}],\"inLanguage\":\"sl-SI\"},{\"@type\":\"Organization\",\"@id\":\"https:\/\/hudo.com\/si\/#organization\",\"name\":\"VSN Media\",\"url\":\"https:\/\/hudo.com\/si\/\",\"logo\":{\"@type\":\"ImageObject\",\"inLanguage\":\"sl-SI\",\"@id\":\"https:\/\/hudo.com\/si\/#\/schema\/logo\/image\/\",\"url\":\"https:\/\/hudo.com\/si\/wp-content\/uploads\/sites\/2\/2021\/03\/hudo-app-2.png\",\"contentUrl\":\"https:\/\/hudo.com\/si\/wp-content\/uploads\/sites\/2\/2021\/03\/hudo-app-2.png\",\"width\":2185,\"height\":2167,\"caption\":\"VSN Media\"},\"image\":{\"@id\":\"https:\/\/hudo.com\/si\/#\/schema\/logo\/image\/\"},\"sameAs\":[\"https:\/\/www.facebook.com\/hudo.si\",\"https:\/\/twitter.com\/hudo_si\"]},{\"@type\":\"Person\",\"@id\":\"https:\/\/hudo.com\/si\/#\/schema\/person\/601cf3379633985b20f7e50f2bb47707\",\"name\":\"hudo\",\"image\":{\"@type\":\"ImageObject\",\"inLanguage\":\"sl-SI\",\"@id\":\"https:\/\/hudo.com\/si\/#\/schema\/person\/image\/\",\"url\":\"https:\/\/secure.gravatar.com\/avatar\/c4ca25fa72cace7a696b52ff5db9e095?s=96&d=mm&r=g\",\"contentUrl\":\"https:\/\/secure.gravatar.com\/avatar\/c4ca25fa72cace7a696b52ff5db9e095?s=96&d=mm&r=g\",\"caption\":\"hudo\"},\"url\":\"https:\/\/hudo.com\/si\/author\/hudo\/\"}]}<\/script>\n<!-- \/ Yoast SEO plugin. -->","yoast_head_json":{"title":"Evropske mladinske delovne brigade - Hudo Slovenija","robots":{"index":"index","follow":"follow","max-snippet":"max-snippet:-1","max-image-preview":"max-image-preview:large","max-video-preview":"max-video-preview:-1"},"canonical":"https:\/\/hudo.com\/si\/aktualno\/evropske-mladinske-delovne-brigade\/","og_locale":"sl_SI","og_type":"article","og_title":"Evropske mladinske delovne brigade - Hudo Slovenija","og_description":"Na Evropsko unijo leti vse ve\u010d kritik, da ostaja oddaljena od ljudi. Vpra\u0161anje je, \u010de je lanski referendum o izstopu Velike Britanije iz \u010dlanstva \u017ee dovolj streznil bruseljske birokrate. \u010ce je sklepati po ne\u017eivljenjskih varnostnih ukrepih na zunanjih \u0161engenskih mejah, morda \u0161e ne. A te\u017eko bi rekli, da se v Bruslju ne trudijo. Predsednik Evropske komisije Jean Claude Juncker je lani septembra spro\u017eil pobudo za Evropske solidarnostne enote. Na prvi pogled se vsaj nam, biv\u0161im Jugoslovanom, zdi, kot da bo EU izna\u0161la mladinske delovne brigade. Kako naj bi solidarnostne enote bile videti, je v\u010deraj v prostorih Evropske komisije v Bruslju razpravljalo skoraj tiso\u010d prete\u017eno mladih iz cele unije. Udele\u017eence sta pozdravila evropska komisarja za prora\u010dun G\u00fcnther Oettinger in za izobra\u017eevanje, kulturo, mladino in \u0161port Tibor Navracsics. Prvi je dejal, da bo komisija projektu, za katerega se je prijavilo \u017ee 27 tiso\u010d mladih, v naslednjih treh letih namenila 114 milijonov evrov. Drugi pa je solidarnostne enote primerjal s \u0161tudijskimi izmenjevalnimi programi: \"Erasmus plus je individualna izbira, solidarnostne enote pa bodo skupnostna izbira, saj se za izvajanje teh programov zanima \u017ee 4200 organizacij po Evropi.\" Popoldan je udele\u017eence nagovoril predsednik evropske komisije Juncker, ki je nenehno menjaval jezike, v katerih je govoril. S tem je na svoj na\u010din poudarjal razli\u010dnost Evrope in nujnost, da jo mladi bolje spoznajo s pomo\u010djo solidarnostnega dela. Ker EU ni samo skupni trg ali banke, kot je dejal tudi njegov predhodnik, predsednik evropskega parlamenta Antonio Tajani. Pred tem so dele\u017eniki, kot so si rekli, v treh panelih razpravljali o podrobnostih Evropskih solidarnostnih enot, ki naj bi na prostovoljstvo, pripravni\u0161tvo in delo do leta 2020 po Evropi razposlale okoli sto tiso\u010d mladih. Iz Slovenije je v debati sodeloval \u0160tefan Simon\u010di\u010d iz zdru\u017eenja Epeka iz Maribora. Zavzel se je, da bi v enote jemali predvsem prikraj\u0161ane skupine ljudi, naj gre za invalide, pripadnike etni","og_url":"https:\/\/hudo.com\/si\/aktualno\/evropske-mladinske-delovne-brigade\/","og_site_name":"Hudo Slovenija","article_publisher":"https:\/\/www.facebook.com\/hudo.si","article_published_time":"2017-04-12T20:01:00+00:00","article_modified_time":"2017-04-13T04:21:50+00:00","og_image":[{"width":450,"height":599,"url":"https:\/\/hudo.com\/si\/wp-content\/uploads\/sites\/2\/2017\/04\/unnamed2-300.jpg","type":"image\/jpeg"}],"author":"hudo","twitter_card":"summary_large_image","twitter_creator":"@hudo_si","twitter_site":"@hudo_si","twitter_misc":{"Written by":"hudo","Est. reading time":"2 minuti"},"schema":{"@context":"https:\/\/schema.org","@graph":[{"@type":"Article","@id":"https:\/\/hudo.com\/si\/aktualno\/evropske-mladinske-delovne-brigade\/#article","isPartOf":{"@id":"https:\/\/hudo.com\/si\/aktualno\/evropske-mladinske-delovne-brigade\/"},"author":{"name":"hudo","@id":"https:\/\/hudo.com\/si\/#\/schema\/person\/601cf3379633985b20f7e50f2bb47707"},"headline":"Evropske mladinske delovne brigade","datePublished":"2017-04-12T20:01:00+00:00","dateModified":"2017-04-13T04:21:50+00:00","mainEntityOfPage":{"@id":"https:\/\/hudo.com\/si\/aktualno\/evropske-mladinske-delovne-brigade\/"},"wordCount":326,"publisher":{"@id":"https:\/\/hudo.com\/si\/#organization"},"articleSection":["Aktualno"],"inLanguage":"sl-SI"},{"@type":"WebPage","@id":"https:\/\/hudo.com\/si\/aktualno\/evropske-mladinske-delovne-brigade\/","url":"https:\/\/hudo.com\/si\/aktualno\/evropske-mladinske-delovne-brigade\/","name":"Evropske mladinske delovne brigade - Hudo Slovenija","isPartOf":{"@id":"https:\/\/hudo.com\/si\/#website"},"datePublished":"2017-04-12T20:01:00+00:00","dateModified":"2017-04-13T04:21:50+00:00","breadcrumb":{"@id":"https:\/\/hudo.com\/si\/aktualno\/evropske-mladinske-delovne-brigade\/#breadcrumb"},"inLanguage":"sl-SI","potentialAction":[{"@type":"ReadAction","target":["https:\/\/hudo.com\/si\/aktualno\/evropske-mladinske-delovne-brigade\/"]}]},{"@type":"BreadcrumbList","@id":"https:\/\/hudo.com\/si\/aktualno\/evropske-mladinske-delovne-brigade\/#breadcrumb","itemListElement":[{"@type":"ListItem","position":1,"name":"Home","item":"https:\/\/hudo.com\/si\/"},{"@type":"ListItem","position":2,"name":"Evropske mladinske delovne brigade"}]},{"@type":"WebSite","@id":"https:\/\/hudo.com\/si\/#website","url":"https:\/\/hudo.com\/si\/","name":"Hudo Slovenija","description":"Vse novice iz Slovenije in sveta","publisher":{"@id":"https:\/\/hudo.com\/si\/#organization"},"potentialAction":[{"@type":"SearchAction","target":{"@type":"EntryPoint","urlTemplate":"https:\/\/hudo.com\/si\/?s={search_term_string}"},"query-input":"required name=search_term_string"}],"inLanguage":"sl-SI"},{"@type":"Organization","@id":"https:\/\/hudo.com\/si\/#organization","name":"VSN Media","url":"https:\/\/hudo.com\/si\/","logo":{"@type":"ImageObject","inLanguage":"sl-SI","@id":"https:\/\/hudo.com\/si\/#\/schema\/logo\/image\/","url":"https:\/\/hudo.com\/si\/wp-content\/uploads\/sites\/2\/2021\/03\/hudo-app-2.png","contentUrl":"https:\/\/hudo.com\/si\/wp-content\/uploads\/sites\/2\/2021\/03\/hudo-app-2.png","width":2185,"height":2167,"caption":"VSN Media"},"image":{"@id":"https:\/\/hudo.com\/si\/#\/schema\/logo\/image\/"},"sameAs":["https:\/\/www.facebook.com\/hudo.si","https:\/\/twitter.com\/hudo_si"]},{"@type":"Person","@id":"https:\/\/hudo.com\/si\/#\/schema\/person\/601cf3379633985b20f7e50f2bb47707","name":"hudo","image":{"@type":"ImageObject","inLanguage":"sl-SI","@id":"https:\/\/hudo.com\/si\/#\/schema\/person\/image\/","url":"https:\/\/secure.gravatar.com\/avatar\/c4ca25fa72cace7a696b52ff5db9e095?s=96&d=mm&r=g","contentUrl":"https:\/\/secure.gravatar.com\/avatar\/c4ca25fa72cace7a696b52ff5db9e095?s=96&d=mm&r=g","caption":"hudo"},"url":"https:\/\/hudo.com\/si\/author\/hudo\/"}]}},"amp_enabled":true,"_links":{"self":[{"href":"https:\/\/hudo.com\/si\/wp-json\/wp\/v2\/posts\/240923"}],"collection":[{"href":"https:\/\/hudo.com\/si\/wp-json\/wp\/v2\/posts"}],"about":[{"href":"https:\/\/hudo.com\/si\/wp-json\/wp\/v2\/types\/post"}],"author":[{"embeddable":true,"href":"https:\/\/hudo.com\/si\/wp-json\/wp\/v2\/users\/1"}],"replies":[{"embeddable":true,"href":"https:\/\/hudo.com\/si\/wp-json\/wp\/v2\/comments?post=240923"}],"version-history":[{"count":1,"href":"https:\/\/hudo.com\/si\/wp-json\/wp\/v2\/posts\/240923\/revisions"}],"predecessor-version":[{"id":240986,"href":"https:\/\/hudo.com\/si\/wp-json\/wp\/v2\/posts\/240923\/revisions\/240986"}],"wp:attachment":[{"href":"https:\/\/hudo.com\/si\/wp-json\/wp\/v2\/media?parent=240923"}],"wp:term":[{"taxonomy":"category","embeddable":true,"href":"https:\/\/hudo.com\/si\/wp-json\/wp\/v2\/categories?post=240923"},{"taxonomy":"post_tag","embeddable":true,"href":"https:\/\/hudo.com\/si\/wp-json\/wp\/v2\/tags?post=240923"},{"taxonomy":"source","embeddable":true,"href":"https:\/\/hudo.com\/si\/wp-json\/wp\/v2\/source?post=240923"},{"taxonomy":"supertag","embeddable":true,"href":"https:\/\/hudo.com\/si\/wp-json\/wp\/v2\/supertag?post=240923"}],"curies":[{"name":"wp","href":"https:\/\/api.w.org\/{rel}","templated":true}]}}