{"id":241014,"date":"2017-04-13T03:00:00","date_gmt":"2017-04-13T01:00:00","guid":{"rendered":"http:\/\/hudo.com\/si\/2017\/04\/13\/vecko-castni-obcan\/"},"modified":"2017-04-13T03:00:00","modified_gmt":"2017-04-13T01:00:00","slug":"vecko-castni-obcan","status":"publish","type":"post","link":"https:\/\/hudo.com\/si\/aktualno\/vecko-castni-obcan\/","title":{"rendered":"Ve\u010dko \u010dastni ob\u010dan"},"content":{"rendered":"<p>Na v\u010deraj\u0161nji slovesni seji ravenskega ob\u010dinskega sveta ob ob\u010dinskem prazniku so podelili priznanja ob\u010dine. \u010castni ob\u010dan je postal nekdanji \u017eupan Maksimiljan Ve\u010dko. Naziv je prejel kot priznanje za dolgoletno odgovorno dru\u017ebeno in politi\u010dno delo, za izjemen prispevek k razvoju mesta Ravne, ob\u010dine in Me\u017ei\u0161ke doline, za afirmacijo koro\u0161ke in slovenske \u017eelezarske zgodovine v srednjeevropskem prostoru ter za prispevek k ugledu ob\u010dine in njene prepoznavnosti v svetu. Ob\u010dinska nagrada je \u0161la v roke Suzani Vodnjov za dolgoletno delo v dru\u0161tvu proti mu\u010denju \u017eivali. Veliko plaketo ob\u010dine sta prejela Jo\u017eef Kotnik za vsestransko udejstvovanje za razli\u010dnih humanitarnih podro\u010djih in Koro\u0161ki gasilski zavod ob 70-letnici delovanja. Veliko Klan\u010dnikovo plaketo so podelili Alfonzu Polajnerju za prispevek k uspehom koro\u0161kega alpskega smu\u010danja in Zvezi \u0161portnih dru\u0161tev Ravne na Koro\u0161kem za ve\u010d kot 50-letno poslanstvo pri povezovanju \u0161portnih dru\u0161tev v u\u010dinkovito zvezo in posthumno Franju Je\u017eu za prispevek k uspehom ravenskega \u0161porta. Veliko Pre\u017eihovo plaketo so namenili Mariji Apohal v zahvalo za delo, ki ga je opravila s prenosom znanja na \u0161tevilne ljubiteljice klekljanja. Pre\u017eihovo plaketo za kulturne dose\u017eke pa so podelili zavodu Zvo\u010dni vrt za anga\u017eiran pristop k organiziranju prireditev v lokalnem in \u0161ir\u0161em prostoru. (jd)<\/p>\n","protected":false},"excerpt":{"rendered":"<p>Na v\u010deraj\u0161nji slovesni seji ravenskega ob\u010dinskega sveta ob ob\u010dinskem prazniku so podelili priznanja ob\u010dine. \u010castni ob\u010dan je postal nekdanji \u017eupan Maksimiljan Ve\u010dko. Naziv je prejel kot priznanje za dolgoletno odgovorno dru\u017ebeno in politi\u010dno delo, za izjemen prispevek k razvoju mesta Ravne, ob\u010dine in Me\u017ei\u0161ke doline, za afirmacijo koro\u0161ke in slovenske \u017eelezarske zgodovine v srednjeevropskem prostoru ter za prispevek k ugledu ob\u010dine in njene prepoznavnosti v svetu. Ob\u010dinska nagrada je \u0161la v roke Suzani Vodnjov za dolgoletno delo v dru\u0161tvu proti mu\u010denju \u017eivali. Veliko plaketo ob\u010dine sta prejela Jo\u017eef Kotnik za vsestransko udejstvovanje za razli\u010dnih humanitarnih podro\u010djih in Koro\u0161ki gasilski zavod ob 70-letnici delovanja. Veliko Klan\u010dnikovo plaketo so podelili Alfonzu Polajnerju za prispevek k uspehom koro\u0161kega alpskega smu\u010danja in Zvezi \u0161portnih dru\u0161tev Ravne na Koro\u0161kem za ve\u010d kot 50-letno poslanstvo pri povezovanju \u0161portnih dru\u0161tev v u\u010dinkovito zvezo in posthumno Franju Je\u017eu za prispevek k uspehom ravenskega \u0161porta. Veliko Pre\u017eihovo plaketo so namenili Mariji Apohal v zahvalo za delo, ki ga je opravila s prenosom znanja na \u0161tevilne ljubiteljice klekljanja. Pre\u017eihovo plaketo za kulturne dose\u017eke pa so podelili zavodu Zvo\u010dni vrt za anga\u017eiran pristop k organiziranju prireditev v lokalnem in \u0161ir\u0161em prostoru. (jd)<\/p>\n","protected":false},"author":1,"featured_media":0,"comment_status":"closed","ping_status":"closed","sticky":false,"template":"","format":"standard","meta":{"footnotes":""},"categories":[1179],"tags":[],"source":[1711],"supertag":[],"acf":[],"yoast_head":"<!-- This site is optimized with the Yoast SEO plugin v21.3 - https:\/\/yoast.com\/wordpress\/plugins\/seo\/ -->\n<title>Ve\u010dko \u010dastni ob\u010dan - Hudo Slovenija<\/title>\n<meta name=\"robots\" content=\"index, follow, max-snippet:-1, max-image-preview:large, max-video-preview:-1\" \/>\n<link rel=\"canonical\" href=\"https:\/\/hudo.com\/si\/aktualno\/vecko-castni-obcan\/\" \/>\n<meta property=\"og:locale\" content=\"sl_SI\" \/>\n<meta property=\"og:type\" content=\"article\" \/>\n<meta property=\"og:title\" content=\"Ve\u010dko \u010dastni ob\u010dan - Hudo Slovenija\" \/>\n<meta property=\"og:description\" content=\"Na v\u010deraj\u0161nji slovesni seji ravenskega ob\u010dinskega sveta ob ob\u010dinskem prazniku so podelili priznanja ob\u010dine. \u010castni ob\u010dan je postal nekdanji \u017eupan Maksimiljan Ve\u010dko. Naziv je prejel kot priznanje za dolgoletno odgovorno dru\u017ebeno in politi\u010dno delo, za izjemen prispevek k razvoju mesta Ravne, ob\u010dine in Me\u017ei\u0161ke doline, za afirmacijo koro\u0161ke in slovenske \u017eelezarske zgodovine v srednjeevropskem prostoru ter za prispevek k ugledu ob\u010dine in njene prepoznavnosti v svetu. Ob\u010dinska nagrada je \u0161la v roke Suzani Vodnjov za dolgoletno delo v dru\u0161tvu proti mu\u010denju \u017eivali. Veliko plaketo ob\u010dine sta prejela Jo\u017eef Kotnik za vsestransko udejstvovanje za razli\u010dnih humanitarnih podro\u010djih in Koro\u0161ki gasilski zavod ob 70-letnici delovanja. Veliko Klan\u010dnikovo plaketo so podelili Alfonzu Polajnerju za prispevek k uspehom koro\u0161kega alpskega smu\u010danja in Zvezi \u0161portnih dru\u0161tev Ravne na Koro\u0161kem za ve\u010d kot 50-letno poslanstvo pri povezovanju \u0161portnih dru\u0161tev v u\u010dinkovito zvezo in posthumno Franju Je\u017eu za prispevek k uspehom ravenskega \u0161porta. Veliko Pre\u017eihovo plaketo so namenili Mariji Apohal v zahvalo za delo, ki ga je opravila s prenosom znanja na \u0161tevilne ljubiteljice klekljanja. Pre\u017eihovo plaketo za kulturne dose\u017eke pa so podelili zavodu Zvo\u010dni vrt za anga\u017eiran pristop k organiziranju prireditev v lokalnem in \u0161ir\u0161em prostoru. (jd)\" \/>\n<meta property=\"og:url\" content=\"https:\/\/hudo.com\/si\/aktualno\/vecko-castni-obcan\/\" \/>\n<meta property=\"og:site_name\" content=\"Hudo Slovenija\" \/>\n<meta property=\"article:publisher\" content=\"https:\/\/www.facebook.com\/hudo.si\" \/>\n<meta property=\"article:published_time\" content=\"2017-04-13T01:00:00+00:00\" \/>\n<meta property=\"og:image\" content=\"https:\/\/hudo.com\/si\/wp-content\/uploads\/sites\/2\/2017\/04\/00422260F-300.jpg\" \/>\n\t<meta property=\"og:image:width\" content=\"450\" \/>\n\t<meta property=\"og:image:height\" content=\"342\" \/>\n\t<meta property=\"og:image:type\" content=\"image\/jpeg\" \/>\n<meta name=\"author\" content=\"hudo\" \/>\n<meta name=\"twitter:card\" content=\"summary_large_image\" \/>\n<meta name=\"twitter:creator\" content=\"@hudo_si\" \/>\n<meta name=\"twitter:site\" content=\"@hudo_si\" \/>\n<meta name=\"twitter:label1\" content=\"Written by\" \/>\n\t<meta name=\"twitter:data1\" content=\"hudo\" \/>\n\t<meta name=\"twitter:label2\" content=\"Est. reading time\" \/>\n\t<meta name=\"twitter:data2\" content=\"1 minuta\" \/>\n<script type=\"application\/ld+json\" class=\"yoast-schema-graph\">{\"@context\":\"https:\/\/schema.org\",\"@graph\":[{\"@type\":\"Article\",\"@id\":\"https:\/\/hudo.com\/si\/aktualno\/vecko-castni-obcan\/#article\",\"isPartOf\":{\"@id\":\"https:\/\/hudo.com\/si\/aktualno\/vecko-castni-obcan\/\"},\"author\":{\"name\":\"hudo\",\"@id\":\"https:\/\/hudo.com\/si\/#\/schema\/person\/601cf3379633985b20f7e50f2bb47707\"},\"headline\":\"Ve\u010dko \u010dastni ob\u010dan\",\"datePublished\":\"2017-04-13T01:00:00+00:00\",\"dateModified\":\"2017-04-13T01:00:00+00:00\",\"mainEntityOfPage\":{\"@id\":\"https:\/\/hudo.com\/si\/aktualno\/vecko-castni-obcan\/\"},\"wordCount\":232,\"publisher\":{\"@id\":\"https:\/\/hudo.com\/si\/#organization\"},\"articleSection\":[\"Aktualno\"],\"inLanguage\":\"sl-SI\"},{\"@type\":\"WebPage\",\"@id\":\"https:\/\/hudo.com\/si\/aktualno\/vecko-castni-obcan\/\",\"url\":\"https:\/\/hudo.com\/si\/aktualno\/vecko-castni-obcan\/\",\"name\":\"Ve\u010dko \u010dastni ob\u010dan - Hudo Slovenija\",\"isPartOf\":{\"@id\":\"https:\/\/hudo.com\/si\/#website\"},\"datePublished\":\"2017-04-13T01:00:00+00:00\",\"dateModified\":\"2017-04-13T01:00:00+00:00\",\"breadcrumb\":{\"@id\":\"https:\/\/hudo.com\/si\/aktualno\/vecko-castni-obcan\/#breadcrumb\"},\"inLanguage\":\"sl-SI\",\"potentialAction\":[{\"@type\":\"ReadAction\",\"target\":[\"https:\/\/hudo.com\/si\/aktualno\/vecko-castni-obcan\/\"]}]},{\"@type\":\"BreadcrumbList\",\"@id\":\"https:\/\/hudo.com\/si\/aktualno\/vecko-castni-obcan\/#breadcrumb\",\"itemListElement\":[{\"@type\":\"ListItem\",\"position\":1,\"name\":\"Home\",\"item\":\"https:\/\/hudo.com\/si\/\"},{\"@type\":\"ListItem\",\"position\":2,\"name\":\"Ve\u010dko \u010dastni ob\u010dan\"}]},{\"@type\":\"WebSite\",\"@id\":\"https:\/\/hudo.com\/si\/#website\",\"url\":\"https:\/\/hudo.com\/si\/\",\"name\":\"Hudo Slovenija\",\"description\":\"Vse novice iz Slovenije in sveta\",\"publisher\":{\"@id\":\"https:\/\/hudo.com\/si\/#organization\"},\"potentialAction\":[{\"@type\":\"SearchAction\",\"target\":{\"@type\":\"EntryPoint\",\"urlTemplate\":\"https:\/\/hudo.com\/si\/?s={search_term_string}\"},\"query-input\":\"required name=search_term_string\"}],\"inLanguage\":\"sl-SI\"},{\"@type\":\"Organization\",\"@id\":\"https:\/\/hudo.com\/si\/#organization\",\"name\":\"VSN Media\",\"url\":\"https:\/\/hudo.com\/si\/\",\"logo\":{\"@type\":\"ImageObject\",\"inLanguage\":\"sl-SI\",\"@id\":\"https:\/\/hudo.com\/si\/#\/schema\/logo\/image\/\",\"url\":\"https:\/\/hudo.com\/si\/wp-content\/uploads\/sites\/2\/2021\/03\/hudo-app-2.png\",\"contentUrl\":\"https:\/\/hudo.com\/si\/wp-content\/uploads\/sites\/2\/2021\/03\/hudo-app-2.png\",\"width\":2185,\"height\":2167,\"caption\":\"VSN Media\"},\"image\":{\"@id\":\"https:\/\/hudo.com\/si\/#\/schema\/logo\/image\/\"},\"sameAs\":[\"https:\/\/www.facebook.com\/hudo.si\",\"https:\/\/twitter.com\/hudo_si\"]},{\"@type\":\"Person\",\"@id\":\"https:\/\/hudo.com\/si\/#\/schema\/person\/601cf3379633985b20f7e50f2bb47707\",\"name\":\"hudo\",\"image\":{\"@type\":\"ImageObject\",\"inLanguage\":\"sl-SI\",\"@id\":\"https:\/\/hudo.com\/si\/#\/schema\/person\/image\/\",\"url\":\"https:\/\/secure.gravatar.com\/avatar\/c4ca25fa72cace7a696b52ff5db9e095?s=96&d=mm&r=g\",\"contentUrl\":\"https:\/\/secure.gravatar.com\/avatar\/c4ca25fa72cace7a696b52ff5db9e095?s=96&d=mm&r=g\",\"caption\":\"hudo\"},\"url\":\"https:\/\/hudo.com\/si\/author\/hudo\/\"}]}<\/script>\n<!-- \/ Yoast SEO plugin. -->","yoast_head_json":{"title":"Ve\u010dko \u010dastni ob\u010dan - Hudo Slovenija","robots":{"index":"index","follow":"follow","max-snippet":"max-snippet:-1","max-image-preview":"max-image-preview:large","max-video-preview":"max-video-preview:-1"},"canonical":"https:\/\/hudo.com\/si\/aktualno\/vecko-castni-obcan\/","og_locale":"sl_SI","og_type":"article","og_title":"Ve\u010dko \u010dastni ob\u010dan - Hudo Slovenija","og_description":"Na v\u010deraj\u0161nji slovesni seji ravenskega ob\u010dinskega sveta ob ob\u010dinskem prazniku so podelili priznanja ob\u010dine. \u010castni ob\u010dan je postal nekdanji \u017eupan Maksimiljan Ve\u010dko. Naziv je prejel kot priznanje za dolgoletno odgovorno dru\u017ebeno in politi\u010dno delo, za izjemen prispevek k razvoju mesta Ravne, ob\u010dine in Me\u017ei\u0161ke doline, za afirmacijo koro\u0161ke in slovenske \u017eelezarske zgodovine v srednjeevropskem prostoru ter za prispevek k ugledu ob\u010dine in njene prepoznavnosti v svetu. Ob\u010dinska nagrada je \u0161la v roke Suzani Vodnjov za dolgoletno delo v dru\u0161tvu proti mu\u010denju \u017eivali. Veliko plaketo ob\u010dine sta prejela Jo\u017eef Kotnik za vsestransko udejstvovanje za razli\u010dnih humanitarnih podro\u010djih in Koro\u0161ki gasilski zavod ob 70-letnici delovanja. Veliko Klan\u010dnikovo plaketo so podelili Alfonzu Polajnerju za prispevek k uspehom koro\u0161kega alpskega smu\u010danja in Zvezi \u0161portnih dru\u0161tev Ravne na Koro\u0161kem za ve\u010d kot 50-letno poslanstvo pri povezovanju \u0161portnih dru\u0161tev v u\u010dinkovito zvezo in posthumno Franju Je\u017eu za prispevek k uspehom ravenskega \u0161porta. Veliko Pre\u017eihovo plaketo so namenili Mariji Apohal v zahvalo za delo, ki ga je opravila s prenosom znanja na \u0161tevilne ljubiteljice klekljanja. Pre\u017eihovo plaketo za kulturne dose\u017eke pa so podelili zavodu Zvo\u010dni vrt za anga\u017eiran pristop k organiziranju prireditev v lokalnem in \u0161ir\u0161em prostoru. (jd)","og_url":"https:\/\/hudo.com\/si\/aktualno\/vecko-castni-obcan\/","og_site_name":"Hudo Slovenija","article_publisher":"https:\/\/www.facebook.com\/hudo.si","article_published_time":"2017-04-13T01:00:00+00:00","og_image":[{"width":450,"height":342,"url":"https:\/\/hudo.com\/si\/wp-content\/uploads\/sites\/2\/2017\/04\/00422260F-300.jpg","type":"image\/jpeg"}],"author":"hudo","twitter_card":"summary_large_image","twitter_creator":"@hudo_si","twitter_site":"@hudo_si","twitter_misc":{"Written by":"hudo","Est. reading time":"1 minuta"},"schema":{"@context":"https:\/\/schema.org","@graph":[{"@type":"Article","@id":"https:\/\/hudo.com\/si\/aktualno\/vecko-castni-obcan\/#article","isPartOf":{"@id":"https:\/\/hudo.com\/si\/aktualno\/vecko-castni-obcan\/"},"author":{"name":"hudo","@id":"https:\/\/hudo.com\/si\/#\/schema\/person\/601cf3379633985b20f7e50f2bb47707"},"headline":"Ve\u010dko \u010dastni ob\u010dan","datePublished":"2017-04-13T01:00:00+00:00","dateModified":"2017-04-13T01:00:00+00:00","mainEntityOfPage":{"@id":"https:\/\/hudo.com\/si\/aktualno\/vecko-castni-obcan\/"},"wordCount":232,"publisher":{"@id":"https:\/\/hudo.com\/si\/#organization"},"articleSection":["Aktualno"],"inLanguage":"sl-SI"},{"@type":"WebPage","@id":"https:\/\/hudo.com\/si\/aktualno\/vecko-castni-obcan\/","url":"https:\/\/hudo.com\/si\/aktualno\/vecko-castni-obcan\/","name":"Ve\u010dko \u010dastni ob\u010dan - Hudo Slovenija","isPartOf":{"@id":"https:\/\/hudo.com\/si\/#website"},"datePublished":"2017-04-13T01:00:00+00:00","dateModified":"2017-04-13T01:00:00+00:00","breadcrumb":{"@id":"https:\/\/hudo.com\/si\/aktualno\/vecko-castni-obcan\/#breadcrumb"},"inLanguage":"sl-SI","potentialAction":[{"@type":"ReadAction","target":["https:\/\/hudo.com\/si\/aktualno\/vecko-castni-obcan\/"]}]},{"@type":"BreadcrumbList","@id":"https:\/\/hudo.com\/si\/aktualno\/vecko-castni-obcan\/#breadcrumb","itemListElement":[{"@type":"ListItem","position":1,"name":"Home","item":"https:\/\/hudo.com\/si\/"},{"@type":"ListItem","position":2,"name":"Ve\u010dko \u010dastni ob\u010dan"}]},{"@type":"WebSite","@id":"https:\/\/hudo.com\/si\/#website","url":"https:\/\/hudo.com\/si\/","name":"Hudo Slovenija","description":"Vse novice iz Slovenije in sveta","publisher":{"@id":"https:\/\/hudo.com\/si\/#organization"},"potentialAction":[{"@type":"SearchAction","target":{"@type":"EntryPoint","urlTemplate":"https:\/\/hudo.com\/si\/?s={search_term_string}"},"query-input":"required name=search_term_string"}],"inLanguage":"sl-SI"},{"@type":"Organization","@id":"https:\/\/hudo.com\/si\/#organization","name":"VSN Media","url":"https:\/\/hudo.com\/si\/","logo":{"@type":"ImageObject","inLanguage":"sl-SI","@id":"https:\/\/hudo.com\/si\/#\/schema\/logo\/image\/","url":"https:\/\/hudo.com\/si\/wp-content\/uploads\/sites\/2\/2021\/03\/hudo-app-2.png","contentUrl":"https:\/\/hudo.com\/si\/wp-content\/uploads\/sites\/2\/2021\/03\/hudo-app-2.png","width":2185,"height":2167,"caption":"VSN Media"},"image":{"@id":"https:\/\/hudo.com\/si\/#\/schema\/logo\/image\/"},"sameAs":["https:\/\/www.facebook.com\/hudo.si","https:\/\/twitter.com\/hudo_si"]},{"@type":"Person","@id":"https:\/\/hudo.com\/si\/#\/schema\/person\/601cf3379633985b20f7e50f2bb47707","name":"hudo","image":{"@type":"ImageObject","inLanguage":"sl-SI","@id":"https:\/\/hudo.com\/si\/#\/schema\/person\/image\/","url":"https:\/\/secure.gravatar.com\/avatar\/c4ca25fa72cace7a696b52ff5db9e095?s=96&d=mm&r=g","contentUrl":"https:\/\/secure.gravatar.com\/avatar\/c4ca25fa72cace7a696b52ff5db9e095?s=96&d=mm&r=g","caption":"hudo"},"url":"https:\/\/hudo.com\/si\/author\/hudo\/"}]}},"amp_enabled":true,"_links":{"self":[{"href":"https:\/\/hudo.com\/si\/wp-json\/wp\/v2\/posts\/241014"}],"collection":[{"href":"https:\/\/hudo.com\/si\/wp-json\/wp\/v2\/posts"}],"about":[{"href":"https:\/\/hudo.com\/si\/wp-json\/wp\/v2\/types\/post"}],"author":[{"embeddable":true,"href":"https:\/\/hudo.com\/si\/wp-json\/wp\/v2\/users\/1"}],"replies":[{"embeddable":true,"href":"https:\/\/hudo.com\/si\/wp-json\/wp\/v2\/comments?post=241014"}],"version-history":[{"count":0,"href":"https:\/\/hudo.com\/si\/wp-json\/wp\/v2\/posts\/241014\/revisions"}],"wp:attachment":[{"href":"https:\/\/hudo.com\/si\/wp-json\/wp\/v2\/media?parent=241014"}],"wp:term":[{"taxonomy":"category","embeddable":true,"href":"https:\/\/hudo.com\/si\/wp-json\/wp\/v2\/categories?post=241014"},{"taxonomy":"post_tag","embeddable":true,"href":"https:\/\/hudo.com\/si\/wp-json\/wp\/v2\/tags?post=241014"},{"taxonomy":"source","embeddable":true,"href":"https:\/\/hudo.com\/si\/wp-json\/wp\/v2\/source?post=241014"},{"taxonomy":"supertag","embeddable":true,"href":"https:\/\/hudo.com\/si\/wp-json\/wp\/v2\/supertag?post=241014"}],"curies":[{"name":"wp","href":"https:\/\/api.w.org\/{rel}","templated":true}]}}