{"id":241060,"date":"2017-04-13T07:33:00","date_gmt":"2017-04-13T05:33:00","guid":{"rendered":"http:\/\/hudo.com\/si\/2017\/04\/13\/dragic-tako-slabo-se-nisem-pocutil-ze-vse-od-2013\/"},"modified":"2017-04-13T14:42:51","modified_gmt":"2017-04-13T12:42:51","slug":"dragic-tako-slabo-se-nisem-pocutil-ze-vse-od-2013","status":"publish","type":"post","link":"https:\/\/hudo.com\/si\/aktualno\/dragic-tako-slabo-se-nisem-pocutil-ze-vse-od-2013\/","title":{"rendered":"Dragi\u0107: Tako slabo se nisem po\u010dutil \u017ee vse od 2013"},"content":{"rendered":"<p>Slovenski ko\u0161arkar Goran Dragi\u0107, eden klju\u010dnih mo\u017e severnoameri\u0161ke ekipe NBA Miami Heat, je v zadnjem krogu rednega dela sezone s soigralci doma gostil Washington Wizards in zmagal s 110:102, a vseeno \u017ee kon\u010dal sezono. Zmagali sta namre\u010d tudi ekipi Chicaga in Indiane, ki sta tako zasedli zadnji dve prosti mesti v kon\u010dnici vzhodne konference. Ko\u0161arkarji Miami Heat so sicer zadnjo tekmo rednega dela sezone dobili, a vseeno ostali brez nadaljevanja, saj so v troboju ekip za zadnji dve prosti mesti v kon\u010dnici potegnili kratko in kon\u010dali na devetem mestu. Dragi\u0107 je bil prvi mo\u017e vro\u010dice z 28 to\u010dkami, po tekmi pa ni mogel skriti velikega razo\u010daranja. \u0160e dolgo po zadnjem pisku sirene je namre\u010d Dragi\u0107 obsedel v sla\u010dilnici z rde\u010de obrobljenimi o\u010dmi, preplavljen s \u010dustvi, nekateri soigralci so na veliko to\u010dili solze, drugi jezno kri\u010dali v znak razo\u010daranja. &#8220;Ne vem, \u010de sem si \u017ee kdaj v \u017eivljenju kaj \u017eelel bolj, kot kon\u010dnico za te fante, ki so v drugem delu rednega dela sezone res dali vse od sebe in pokazali, da se lahko enakovredno merijo prav z vsako ekipo. Postali so tim v pravem pomenu besede,&#8221; je po porazu \u010dustveno dejal trener vro\u010dice Erik Spoelstra: &#8220;Najte\u017eje bo sprejeti dejstvo, da se jutri ob 12. uri ne bomo zbrali na treningu. To se ne zdi prav. O\u010ditno nam ko\u0161arkarski bogovi niso bili naklonjeni. Nimam druge razlage.&#8221; Miami je na prvih 41 tekmah vknji\u017eil 11 zmag in 30 porazov, kar je bil drugi najslab\u0161i izkupi\u010dek v ligi, na drugih 41 tekmah pa 30 zmag in 11 porazov, kar je bil drugi najbolj\u0161i izkupi\u010dek v ligi. A izjemnega niza ne bodo nadaljevali, saj so skupno tako sezono kon\u010dali z 41:41. Dragi\u0107 je dejal, da se po\u010duti najslab\u0161e v karieri vse od leta 2013, ko je Slovenija kot gostiteljica evropskega prvenstva izgubila v \u010detrtfinalu. &#8220;Takrat sem igral za domovino. Zdaj pa za ekipo, s katero smo dihali kot eno sedem mesecev. \u010ce bi nam uspelo priti v \u2018playoff\u2018, bi bili izjemno te\u017eak nasprotnik za vsakega,&#8221; je dejal slovenski zvezdnik vro\u010dice, ki je bil spet prvi strelec<\/p>\n","protected":false},"excerpt":{"rendered":"<p>Slovenski ko\u0161arkar Goran Dragi\u0107, eden klju\u010dnih mo\u017e severnoameri\u0161ke ekipe NBA Miami Heat, je v zadnjem krogu rednega dela sezone s soigralci doma gostil Washington Wizards in zmagal s 110:102, a vseeno \u017ee kon\u010dal sezono. Zmagali sta namre\u010d tudi ekipi Chicaga in Indiane, ki sta tako zasedli zadnji dve prosti mesti v kon\u010dnici vzhodne konference. Ko\u0161arkarji Miami Heat so sicer zadnjo tekmo rednega dela sezone dobili, a vseeno ostali brez nadaljevanja, saj so v troboju ekip za zadnji dve prosti mesti v kon\u010dnici potegnili kratko in kon\u010dali na devetem mestu. Dragi\u0107 je bil prvi mo\u017e vro\u010dice z 28 to\u010dkami, po tekmi pa ni mogel skriti velikega razo\u010daranja. \u0160e dolgo po zadnjem pisku sirene je namre\u010d Dragi\u0107 obsedel v sla\u010dilnici z rde\u010de obrobljenimi o\u010dmi, preplavljen s \u010dustvi, nekateri soigralci so na veliko to\u010dili solze, drugi jezno kri\u010dali v znak razo\u010daranja. &#8220;Ne vem, \u010de sem si \u017ee kdaj v \u017eivljenju kaj \u017eelel bolj, kot kon\u010dnico za te fante, ki so v drugem delu rednega dela sezone res dali vse od sebe in pokazali, da se lahko enakovredno merijo prav z vsako ekipo. Postali so tim v pravem pomenu besede,&#8221; je po porazu \u010dustveno dejal trener vro\u010dice Erik Spoelstra: &#8220;Najte\u017eje bo sprejeti dejstvo, da se jutri ob 12. uri ne bomo zbrali na treningu. To se ne zdi prav. O\u010ditno nam ko\u0161arkarski bogovi niso bili naklonjeni. Nimam druge razlage.&#8221; Miami je na prvih 41 tekmah vknji\u017eil 11 zmag in 30 porazov, kar je bil drugi najslab\u0161i izkupi\u010dek v ligi, na drugih 41 tekmah pa 30 zmag in 11 porazov, kar je bil drugi najbolj\u0161i izkupi\u010dek v ligi. A izjemnega niza ne bodo nadaljevali, saj so skupno tako sezono kon\u010dali z 41:41. Dragi\u0107 je dejal, da se po\u010duti najslab\u0161e v karieri vse od leta 2013, ko je Slovenija kot gostiteljica evropskega prvenstva izgubila v \u010detrtfinalu. &#8220;Takrat sem igral za domovino. Zdaj pa za ekipo, s katero smo dihali kot eno sedem mesecev. \u010ce bi nam uspelo priti v \u2018playoff\u2018, bi bili izjemno te\u017eak nasprotnik za vsakega,&#8221; je dejal slovenski zvezdnik vro\u010dice, ki je bil spet prvi strelec<\/p>\n","protected":false},"author":1,"featured_media":0,"comment_status":"closed","ping_status":"closed","sticky":false,"template":"","format":"standard","meta":{"footnotes":""},"categories":[1179],"tags":[],"source":[1711],"supertag":[],"acf":[],"yoast_head":"<!-- This site is optimized with the Yoast SEO plugin v21.3 - https:\/\/yoast.com\/wordpress\/plugins\/seo\/ -->\n<title>Dragi\u0107: Tako slabo se nisem po\u010dutil \u017ee vse od 2013 - Hudo Slovenija<\/title>\n<meta name=\"robots\" content=\"index, follow, max-snippet:-1, max-image-preview:large, max-video-preview:-1\" \/>\n<link rel=\"canonical\" href=\"https:\/\/hudo.com\/si\/aktualno\/dragic-tako-slabo-se-nisem-pocutil-ze-vse-od-2013\/\" \/>\n<meta property=\"og:locale\" content=\"sl_SI\" \/>\n<meta property=\"og:type\" content=\"article\" \/>\n<meta property=\"og:title\" content=\"Dragi\u0107: Tako slabo se nisem po\u010dutil \u017ee vse od 2013 - Hudo Slovenija\" \/>\n<meta property=\"og:description\" content=\"Slovenski ko\u0161arkar Goran Dragi\u0107, eden klju\u010dnih mo\u017e severnoameri\u0161ke ekipe NBA Miami Heat, je v zadnjem krogu rednega dela sezone s soigralci doma gostil Washington Wizards in zmagal s 110:102, a vseeno \u017ee kon\u010dal sezono. Zmagali sta namre\u010d tudi ekipi Chicaga in Indiane, ki sta tako zasedli zadnji dve prosti mesti v kon\u010dnici vzhodne konference. Ko\u0161arkarji Miami Heat so sicer zadnjo tekmo rednega dela sezone dobili, a vseeno ostali brez nadaljevanja, saj so v troboju ekip za zadnji dve prosti mesti v kon\u010dnici potegnili kratko in kon\u010dali na devetem mestu. Dragi\u0107 je bil prvi mo\u017e vro\u010dice z 28 to\u010dkami, po tekmi pa ni mogel skriti velikega razo\u010daranja. \u0160e dolgo po zadnjem pisku sirene je namre\u010d Dragi\u0107 obsedel v sla\u010dilnici z rde\u010de obrobljenimi o\u010dmi, preplavljen s \u010dustvi, nekateri soigralci so na veliko to\u010dili solze, drugi jezno kri\u010dali v znak razo\u010daranja. &quot;Ne vem, \u010de sem si \u017ee kdaj v \u017eivljenju kaj \u017eelel bolj, kot kon\u010dnico za te fante, ki so v drugem delu rednega dela sezone res dali vse od sebe in pokazali, da se lahko enakovredno merijo prav z vsako ekipo. Postali so tim v pravem pomenu besede,&quot; je po porazu \u010dustveno dejal trener vro\u010dice Erik Spoelstra: &quot;Najte\u017eje bo sprejeti dejstvo, da se jutri ob 12. uri ne bomo zbrali na treningu. To se ne zdi prav. O\u010ditno nam ko\u0161arkarski bogovi niso bili naklonjeni. Nimam druge razlage.&quot; Miami je na prvih 41 tekmah vknji\u017eil 11 zmag in 30 porazov, kar je bil drugi najslab\u0161i izkupi\u010dek v ligi, na drugih 41 tekmah pa 30 zmag in 11 porazov, kar je bil drugi najbolj\u0161i izkupi\u010dek v ligi. A izjemnega niza ne bodo nadaljevali, saj so skupno tako sezono kon\u010dali z 41:41. Dragi\u0107 je dejal, da se po\u010duti najslab\u0161e v karieri vse od leta 2013, ko je Slovenija kot gostiteljica evropskega prvenstva izgubila v \u010detrtfinalu. &quot;Takrat sem igral za domovino. Zdaj pa za ekipo, s katero smo dihali kot eno sedem mesecev. \u010ce bi nam uspelo priti v \u2018playoff\u2018, bi bili izjemno te\u017eak nasprotnik za vsakega,&quot; je dejal slovenski zvezdnik vro\u010dice, ki je bil spet prvi strelec\" \/>\n<meta property=\"og:url\" content=\"https:\/\/hudo.com\/si\/aktualno\/dragic-tako-slabo-se-nisem-pocutil-ze-vse-od-2013\/\" \/>\n<meta property=\"og:site_name\" content=\"Hudo Slovenija\" \/>\n<meta property=\"article:publisher\" content=\"https:\/\/www.facebook.com\/hudo.si\" \/>\n<meta property=\"article:published_time\" content=\"2017-04-13T05:33:00+00:00\" \/>\n<meta property=\"article:modified_time\" content=\"2017-04-13T12:42:51+00:00\" \/>\n<meta property=\"og:image\" content=\"https:\/\/hudo.com\/si\/wp-content\/uploads\/sites\/2\/2017\/04\/MDF86605-300.jpg\" \/>\n\t<meta property=\"og:image:width\" content=\"450\" \/>\n\t<meta property=\"og:image:height\" content=\"321\" \/>\n\t<meta property=\"og:image:type\" content=\"image\/jpeg\" \/>\n<meta name=\"author\" content=\"hudo\" \/>\n<meta name=\"twitter:card\" content=\"summary_large_image\" \/>\n<meta name=\"twitter:creator\" content=\"@hudo_si\" \/>\n<meta name=\"twitter:site\" content=\"@hudo_si\" \/>\n<meta name=\"twitter:label1\" content=\"Written by\" \/>\n\t<meta name=\"twitter:data1\" content=\"hudo\" \/>\n\t<meta name=\"twitter:label2\" content=\"Est. reading time\" \/>\n\t<meta name=\"twitter:data2\" content=\"2 minuti\" \/>\n<script type=\"application\/ld+json\" class=\"yoast-schema-graph\">{\"@context\":\"https:\/\/schema.org\",\"@graph\":[{\"@type\":\"Article\",\"@id\":\"https:\/\/hudo.com\/si\/aktualno\/dragic-tako-slabo-se-nisem-pocutil-ze-vse-od-2013\/#article\",\"isPartOf\":{\"@id\":\"https:\/\/hudo.com\/si\/aktualno\/dragic-tako-slabo-se-nisem-pocutil-ze-vse-od-2013\/\"},\"author\":{\"name\":\"hudo\",\"@id\":\"https:\/\/hudo.com\/si\/#\/schema\/person\/601cf3379633985b20f7e50f2bb47707\"},\"headline\":\"Dragi\u0107: Tako slabo se nisem po\u010dutil \u017ee vse od 2013\",\"datePublished\":\"2017-04-13T05:33:00+00:00\",\"dateModified\":\"2017-04-13T12:42:51+00:00\",\"mainEntityOfPage\":{\"@id\":\"https:\/\/hudo.com\/si\/aktualno\/dragic-tako-slabo-se-nisem-pocutil-ze-vse-od-2013\/\"},\"wordCount\":373,\"publisher\":{\"@id\":\"https:\/\/hudo.com\/si\/#organization\"},\"articleSection\":[\"Aktualno\"],\"inLanguage\":\"sl-SI\"},{\"@type\":\"WebPage\",\"@id\":\"https:\/\/hudo.com\/si\/aktualno\/dragic-tako-slabo-se-nisem-pocutil-ze-vse-od-2013\/\",\"url\":\"https:\/\/hudo.com\/si\/aktualno\/dragic-tako-slabo-se-nisem-pocutil-ze-vse-od-2013\/\",\"name\":\"Dragi\u0107: Tako slabo se nisem po\u010dutil \u017ee vse od 2013 - Hudo Slovenija\",\"isPartOf\":{\"@id\":\"https:\/\/hudo.com\/si\/#website\"},\"datePublished\":\"2017-04-13T05:33:00+00:00\",\"dateModified\":\"2017-04-13T12:42:51+00:00\",\"breadcrumb\":{\"@id\":\"https:\/\/hudo.com\/si\/aktualno\/dragic-tako-slabo-se-nisem-pocutil-ze-vse-od-2013\/#breadcrumb\"},\"inLanguage\":\"sl-SI\",\"potentialAction\":[{\"@type\":\"ReadAction\",\"target\":[\"https:\/\/hudo.com\/si\/aktualno\/dragic-tako-slabo-se-nisem-pocutil-ze-vse-od-2013\/\"]}]},{\"@type\":\"BreadcrumbList\",\"@id\":\"https:\/\/hudo.com\/si\/aktualno\/dragic-tako-slabo-se-nisem-pocutil-ze-vse-od-2013\/#breadcrumb\",\"itemListElement\":[{\"@type\":\"ListItem\",\"position\":1,\"name\":\"Home\",\"item\":\"https:\/\/hudo.com\/si\/\"},{\"@type\":\"ListItem\",\"position\":2,\"name\":\"Dragi\u0107: Tako slabo se nisem po\u010dutil \u017ee vse od 2013\"}]},{\"@type\":\"WebSite\",\"@id\":\"https:\/\/hudo.com\/si\/#website\",\"url\":\"https:\/\/hudo.com\/si\/\",\"name\":\"Hudo Slovenija\",\"description\":\"Vse novice iz Slovenije in sveta\",\"publisher\":{\"@id\":\"https:\/\/hudo.com\/si\/#organization\"},\"potentialAction\":[{\"@type\":\"SearchAction\",\"target\":{\"@type\":\"EntryPoint\",\"urlTemplate\":\"https:\/\/hudo.com\/si\/?s={search_term_string}\"},\"query-input\":\"required name=search_term_string\"}],\"inLanguage\":\"sl-SI\"},{\"@type\":\"Organization\",\"@id\":\"https:\/\/hudo.com\/si\/#organization\",\"name\":\"VSN Media\",\"url\":\"https:\/\/hudo.com\/si\/\",\"logo\":{\"@type\":\"ImageObject\",\"inLanguage\":\"sl-SI\",\"@id\":\"https:\/\/hudo.com\/si\/#\/schema\/logo\/image\/\",\"url\":\"https:\/\/hudo.com\/si\/wp-content\/uploads\/sites\/2\/2021\/03\/hudo-app-2.png\",\"contentUrl\":\"https:\/\/hudo.com\/si\/wp-content\/uploads\/sites\/2\/2021\/03\/hudo-app-2.png\",\"width\":2185,\"height\":2167,\"caption\":\"VSN Media\"},\"image\":{\"@id\":\"https:\/\/hudo.com\/si\/#\/schema\/logo\/image\/\"},\"sameAs\":[\"https:\/\/www.facebook.com\/hudo.si\",\"https:\/\/twitter.com\/hudo_si\"]},{\"@type\":\"Person\",\"@id\":\"https:\/\/hudo.com\/si\/#\/schema\/person\/601cf3379633985b20f7e50f2bb47707\",\"name\":\"hudo\",\"image\":{\"@type\":\"ImageObject\",\"inLanguage\":\"sl-SI\",\"@id\":\"https:\/\/hudo.com\/si\/#\/schema\/person\/image\/\",\"url\":\"https:\/\/secure.gravatar.com\/avatar\/c4ca25fa72cace7a696b52ff5db9e095?s=96&d=mm&r=g\",\"contentUrl\":\"https:\/\/secure.gravatar.com\/avatar\/c4ca25fa72cace7a696b52ff5db9e095?s=96&d=mm&r=g\",\"caption\":\"hudo\"},\"url\":\"https:\/\/hudo.com\/si\/author\/hudo\/\"}]}<\/script>\n<!-- \/ Yoast SEO plugin. -->","yoast_head_json":{"title":"Dragi\u0107: Tako slabo se nisem po\u010dutil \u017ee vse od 2013 - Hudo Slovenija","robots":{"index":"index","follow":"follow","max-snippet":"max-snippet:-1","max-image-preview":"max-image-preview:large","max-video-preview":"max-video-preview:-1"},"canonical":"https:\/\/hudo.com\/si\/aktualno\/dragic-tako-slabo-se-nisem-pocutil-ze-vse-od-2013\/","og_locale":"sl_SI","og_type":"article","og_title":"Dragi\u0107: Tako slabo se nisem po\u010dutil \u017ee vse od 2013 - Hudo Slovenija","og_description":"Slovenski ko\u0161arkar Goran Dragi\u0107, eden klju\u010dnih mo\u017e severnoameri\u0161ke ekipe NBA Miami Heat, je v zadnjem krogu rednega dela sezone s soigralci doma gostil Washington Wizards in zmagal s 110:102, a vseeno \u017ee kon\u010dal sezono. Zmagali sta namre\u010d tudi ekipi Chicaga in Indiane, ki sta tako zasedli zadnji dve prosti mesti v kon\u010dnici vzhodne konference. Ko\u0161arkarji Miami Heat so sicer zadnjo tekmo rednega dela sezone dobili, a vseeno ostali brez nadaljevanja, saj so v troboju ekip za zadnji dve prosti mesti v kon\u010dnici potegnili kratko in kon\u010dali na devetem mestu. Dragi\u0107 je bil prvi mo\u017e vro\u010dice z 28 to\u010dkami, po tekmi pa ni mogel skriti velikega razo\u010daranja. \u0160e dolgo po zadnjem pisku sirene je namre\u010d Dragi\u0107 obsedel v sla\u010dilnici z rde\u010de obrobljenimi o\u010dmi, preplavljen s \u010dustvi, nekateri soigralci so na veliko to\u010dili solze, drugi jezno kri\u010dali v znak razo\u010daranja. \"Ne vem, \u010de sem si \u017ee kdaj v \u017eivljenju kaj \u017eelel bolj, kot kon\u010dnico za te fante, ki so v drugem delu rednega dela sezone res dali vse od sebe in pokazali, da se lahko enakovredno merijo prav z vsako ekipo. Postali so tim v pravem pomenu besede,\" je po porazu \u010dustveno dejal trener vro\u010dice Erik Spoelstra: \"Najte\u017eje bo sprejeti dejstvo, da se jutri ob 12. uri ne bomo zbrali na treningu. To se ne zdi prav. O\u010ditno nam ko\u0161arkarski bogovi niso bili naklonjeni. Nimam druge razlage.\" Miami je na prvih 41 tekmah vknji\u017eil 11 zmag in 30 porazov, kar je bil drugi najslab\u0161i izkupi\u010dek v ligi, na drugih 41 tekmah pa 30 zmag in 11 porazov, kar je bil drugi najbolj\u0161i izkupi\u010dek v ligi. A izjemnega niza ne bodo nadaljevali, saj so skupno tako sezono kon\u010dali z 41:41. Dragi\u0107 je dejal, da se po\u010duti najslab\u0161e v karieri vse od leta 2013, ko je Slovenija kot gostiteljica evropskega prvenstva izgubila v \u010detrtfinalu. \"Takrat sem igral za domovino. Zdaj pa za ekipo, s katero smo dihali kot eno sedem mesecev. \u010ce bi nam uspelo priti v \u2018playoff\u2018, bi bili izjemno te\u017eak nasprotnik za vsakega,\" je dejal slovenski zvezdnik vro\u010dice, ki je bil spet prvi strelec","og_url":"https:\/\/hudo.com\/si\/aktualno\/dragic-tako-slabo-se-nisem-pocutil-ze-vse-od-2013\/","og_site_name":"Hudo Slovenija","article_publisher":"https:\/\/www.facebook.com\/hudo.si","article_published_time":"2017-04-13T05:33:00+00:00","article_modified_time":"2017-04-13T12:42:51+00:00","og_image":[{"width":450,"height":321,"url":"https:\/\/hudo.com\/si\/wp-content\/uploads\/sites\/2\/2017\/04\/MDF86605-300.jpg","type":"image\/jpeg"}],"author":"hudo","twitter_card":"summary_large_image","twitter_creator":"@hudo_si","twitter_site":"@hudo_si","twitter_misc":{"Written by":"hudo","Est. reading time":"2 minuti"},"schema":{"@context":"https:\/\/schema.org","@graph":[{"@type":"Article","@id":"https:\/\/hudo.com\/si\/aktualno\/dragic-tako-slabo-se-nisem-pocutil-ze-vse-od-2013\/#article","isPartOf":{"@id":"https:\/\/hudo.com\/si\/aktualno\/dragic-tako-slabo-se-nisem-pocutil-ze-vse-od-2013\/"},"author":{"name":"hudo","@id":"https:\/\/hudo.com\/si\/#\/schema\/person\/601cf3379633985b20f7e50f2bb47707"},"headline":"Dragi\u0107: Tako slabo se nisem po\u010dutil \u017ee vse od 2013","datePublished":"2017-04-13T05:33:00+00:00","dateModified":"2017-04-13T12:42:51+00:00","mainEntityOfPage":{"@id":"https:\/\/hudo.com\/si\/aktualno\/dragic-tako-slabo-se-nisem-pocutil-ze-vse-od-2013\/"},"wordCount":373,"publisher":{"@id":"https:\/\/hudo.com\/si\/#organization"},"articleSection":["Aktualno"],"inLanguage":"sl-SI"},{"@type":"WebPage","@id":"https:\/\/hudo.com\/si\/aktualno\/dragic-tako-slabo-se-nisem-pocutil-ze-vse-od-2013\/","url":"https:\/\/hudo.com\/si\/aktualno\/dragic-tako-slabo-se-nisem-pocutil-ze-vse-od-2013\/","name":"Dragi\u0107: Tako slabo se nisem po\u010dutil \u017ee vse od 2013 - Hudo Slovenija","isPartOf":{"@id":"https:\/\/hudo.com\/si\/#website"},"datePublished":"2017-04-13T05:33:00+00:00","dateModified":"2017-04-13T12:42:51+00:00","breadcrumb":{"@id":"https:\/\/hudo.com\/si\/aktualno\/dragic-tako-slabo-se-nisem-pocutil-ze-vse-od-2013\/#breadcrumb"},"inLanguage":"sl-SI","potentialAction":[{"@type":"ReadAction","target":["https:\/\/hudo.com\/si\/aktualno\/dragic-tako-slabo-se-nisem-pocutil-ze-vse-od-2013\/"]}]},{"@type":"BreadcrumbList","@id":"https:\/\/hudo.com\/si\/aktualno\/dragic-tako-slabo-se-nisem-pocutil-ze-vse-od-2013\/#breadcrumb","itemListElement":[{"@type":"ListItem","position":1,"name":"Home","item":"https:\/\/hudo.com\/si\/"},{"@type":"ListItem","position":2,"name":"Dragi\u0107: Tako slabo se nisem po\u010dutil \u017ee vse od 2013"}]},{"@type":"WebSite","@id":"https:\/\/hudo.com\/si\/#website","url":"https:\/\/hudo.com\/si\/","name":"Hudo Slovenija","description":"Vse novice iz Slovenije in sveta","publisher":{"@id":"https:\/\/hudo.com\/si\/#organization"},"potentialAction":[{"@type":"SearchAction","target":{"@type":"EntryPoint","urlTemplate":"https:\/\/hudo.com\/si\/?s={search_term_string}"},"query-input":"required name=search_term_string"}],"inLanguage":"sl-SI"},{"@type":"Organization","@id":"https:\/\/hudo.com\/si\/#organization","name":"VSN Media","url":"https:\/\/hudo.com\/si\/","logo":{"@type":"ImageObject","inLanguage":"sl-SI","@id":"https:\/\/hudo.com\/si\/#\/schema\/logo\/image\/","url":"https:\/\/hudo.com\/si\/wp-content\/uploads\/sites\/2\/2021\/03\/hudo-app-2.png","contentUrl":"https:\/\/hudo.com\/si\/wp-content\/uploads\/sites\/2\/2021\/03\/hudo-app-2.png","width":2185,"height":2167,"caption":"VSN Media"},"image":{"@id":"https:\/\/hudo.com\/si\/#\/schema\/logo\/image\/"},"sameAs":["https:\/\/www.facebook.com\/hudo.si","https:\/\/twitter.com\/hudo_si"]},{"@type":"Person","@id":"https:\/\/hudo.com\/si\/#\/schema\/person\/601cf3379633985b20f7e50f2bb47707","name":"hudo","image":{"@type":"ImageObject","inLanguage":"sl-SI","@id":"https:\/\/hudo.com\/si\/#\/schema\/person\/image\/","url":"https:\/\/secure.gravatar.com\/avatar\/c4ca25fa72cace7a696b52ff5db9e095?s=96&d=mm&r=g","contentUrl":"https:\/\/secure.gravatar.com\/avatar\/c4ca25fa72cace7a696b52ff5db9e095?s=96&d=mm&r=g","caption":"hudo"},"url":"https:\/\/hudo.com\/si\/author\/hudo\/"}]}},"amp_enabled":true,"_links":{"self":[{"href":"https:\/\/hudo.com\/si\/wp-json\/wp\/v2\/posts\/241060"}],"collection":[{"href":"https:\/\/hudo.com\/si\/wp-json\/wp\/v2\/posts"}],"about":[{"href":"https:\/\/hudo.com\/si\/wp-json\/wp\/v2\/types\/post"}],"author":[{"embeddable":true,"href":"https:\/\/hudo.com\/si\/wp-json\/wp\/v2\/users\/1"}],"replies":[{"embeddable":true,"href":"https:\/\/hudo.com\/si\/wp-json\/wp\/v2\/comments?post=241060"}],"version-history":[{"count":1,"href":"https:\/\/hudo.com\/si\/wp-json\/wp\/v2\/posts\/241060\/revisions"}],"predecessor-version":[{"id":241266,"href":"https:\/\/hudo.com\/si\/wp-json\/wp\/v2\/posts\/241060\/revisions\/241266"}],"wp:attachment":[{"href":"https:\/\/hudo.com\/si\/wp-json\/wp\/v2\/media?parent=241060"}],"wp:term":[{"taxonomy":"category","embeddable":true,"href":"https:\/\/hudo.com\/si\/wp-json\/wp\/v2\/categories?post=241060"},{"taxonomy":"post_tag","embeddable":true,"href":"https:\/\/hudo.com\/si\/wp-json\/wp\/v2\/tags?post=241060"},{"taxonomy":"source","embeddable":true,"href":"https:\/\/hudo.com\/si\/wp-json\/wp\/v2\/source?post=241060"},{"taxonomy":"supertag","embeddable":true,"href":"https:\/\/hudo.com\/si\/wp-json\/wp\/v2\/supertag?post=241060"}],"curies":[{"name":"wp","href":"https:\/\/api.w.org\/{rel}","templated":true}]}}