{"id":241094,"date":"2017-04-13T06:00:00","date_gmt":"2017-04-13T04:00:00","guid":{"rendered":"http:\/\/hudo.com\/si\/2017\/04\/13\/komaj-vseljeni-pa-ze-osem-novorojencev\/"},"modified":"2017-04-13T06:00:00","modified_gmt":"2017-04-13T04:00:00","slug":"komaj-vseljeni-pa-ze-osem-novorojencev","status":"publish","type":"post","link":"https:\/\/hudo.com\/si\/aktualno\/komaj-vseljeni-pa-ze-osem-novorojencev\/","title":{"rendered":"Komaj vseljeni, pa \u017ee osem novorojencev"},"content":{"rendered":"<p>Kategorija: Slovenija Thu, 13 Apr 2017 08:00:00 +0200  Slovenj Gradec \u2013\u00a0\u017denske v slovenjgra\u0161ki bolni\u0161nici ne rojevajo ve\u010d druga ob drugi, temve\u010d od tega tedna vsaka v svoji porodni sobi, v novem porodnem bloku, ki njim in njihovim partnerjem zagotavlja neprimerno ve\u010d zasebnosti in udobja kot prej pol stoletja stara kirur\u0161ka stolpnica.\u00a0\u00a0\u00bbSelitev, ki smo jo te\u017eko \u010dakali, je potekala hitro in brez zapletov,\u00ab je povedala dr. Katja Juvan, predstojnica oddelka za ginekologijo in porodni\u0161tvo, za katerega je bila to zadnja selitev. Prvo so opravili po novem letu, ko so pacientke iz ginekolo\u0161kega oddelka selili kar na bolni\u0161kih posteljah. Tri mesece in pol so morali porodnice po porodu iz starega kirur\u0161kega objekta na posteljah preme\u0161\u010dati v svetle, prostorne in s sanitarijami opremljene bolni\u0161ke sobe v novem prizidku. \u00bb\u017de novica, da smo oddelek preselili, je privabila veliko \u017eensk, ki so se\u00a0&#8230;<\/p>\n","protected":false},"excerpt":{"rendered":"<p>Kategorija: Slovenija Thu, 13 Apr 2017 08:00:00 +0200  Slovenj Gradec \u2013\u00a0\u017denske v slovenjgra\u0161ki bolni\u0161nici ne rojevajo ve\u010d druga ob drugi, temve\u010d od tega tedna vsaka v svoji porodni sobi, v novem porodnem bloku, ki njim in njihovim partnerjem zagotavlja neprimerno ve\u010d zasebnosti in udobja kot prej pol stoletja stara kirur\u0161ka stolpnica.\u00a0\u00a0\u00bbSelitev, ki smo jo te\u017eko \u010dakali, je potekala hitro in brez zapletov,\u00ab je povedala dr. Katja Juvan, predstojnica oddelka za ginekologijo in porodni\u0161tvo, za katerega je bila to zadnja selitev. Prvo so opravili po novem letu, ko so pacientke iz ginekolo\u0161kega oddelka selili kar na bolni\u0161kih posteljah. Tri mesece in pol so morali porodnice po porodu iz starega kirur\u0161kega objekta na posteljah preme\u0161\u010dati v svetle, prostorne in s sanitarijami opremljene bolni\u0161ke sobe v novem prizidku. \u00bb\u017de novica, da smo oddelek preselili, je privabila veliko \u017eensk, ki so se\u00a0&#8230;<\/p>\n","protected":false},"author":1,"featured_media":0,"comment_status":"closed","ping_status":"closed","sticky":false,"template":"","format":"standard","meta":{"footnotes":""},"categories":[1179],"tags":[],"source":[1703],"supertag":[],"acf":[],"yoast_head":"<!-- This site is optimized with the Yoast SEO plugin v21.3 - https:\/\/yoast.com\/wordpress\/plugins\/seo\/ -->\n<title>Komaj vseljeni, pa \u017ee osem novorojencev - Hudo Slovenija<\/title>\n<meta name=\"robots\" content=\"index, follow, max-snippet:-1, max-image-preview:large, max-video-preview:-1\" \/>\n<link rel=\"canonical\" href=\"https:\/\/hudo.com\/si\/aktualno\/komaj-vseljeni-pa-ze-osem-novorojencev\/\" \/>\n<meta property=\"og:locale\" content=\"sl_SI\" \/>\n<meta property=\"og:type\" content=\"article\" \/>\n<meta property=\"og:title\" content=\"Komaj vseljeni, pa \u017ee osem novorojencev - Hudo Slovenija\" \/>\n<meta property=\"og:description\" content=\"Kategorija: Slovenija Thu, 13 Apr 2017 08:00:00 +0200 Slovenj Gradec \u2013\u00a0\u017denske v slovenjgra\u0161ki bolni\u0161nici ne rojevajo ve\u010d druga ob drugi, temve\u010d od tega tedna vsaka v svoji porodni sobi, v novem porodnem bloku, ki njim in njihovim partnerjem zagotavlja neprimerno ve\u010d zasebnosti in udobja kot prej pol stoletja stara kirur\u0161ka stolpnica.\u00a0\u00a0\u00bbSelitev, ki smo jo te\u017eko \u010dakali, je potekala hitro in brez zapletov,\u00ab je povedala dr. Katja Juvan, predstojnica oddelka za ginekologijo in porodni\u0161tvo, za katerega je bila to zadnja selitev. Prvo so opravili po novem letu, ko so pacientke iz ginekolo\u0161kega oddelka selili kar na bolni\u0161kih posteljah. Tri mesece in pol so morali porodnice po porodu iz starega kirur\u0161kega objekta na posteljah preme\u0161\u010dati v svetle, prostorne in s sanitarijami opremljene bolni\u0161ke sobe v novem prizidku. \u00bb\u017de novica, da smo oddelek preselili, je privabila veliko \u017eensk, ki so se\u00a0...\" \/>\n<meta property=\"og:url\" content=\"https:\/\/hudo.com\/si\/aktualno\/komaj-vseljeni-pa-ze-osem-novorojencev\/\" \/>\n<meta property=\"og:site_name\" content=\"Hudo Slovenija\" \/>\n<meta property=\"article:publisher\" content=\"https:\/\/www.facebook.com\/hudo.si\" \/>\n<meta property=\"article:published_time\" content=\"2017-04-13T04:00:00+00:00\" \/>\n<meta property=\"og:image\" content=\"https:\/\/hudo.com\/si\/wp-content\/uploads\/sites\/2\/2017\/04\/480x290_Sl_dopisnistvo__Delo_Foto_2.18_hires0.jpeg\" \/>\n\t<meta property=\"og:image:width\" content=\"480\" \/>\n\t<meta property=\"og:image:height\" content=\"290\" \/>\n\t<meta property=\"og:image:type\" content=\"image\/jpeg\" \/>\n<meta name=\"author\" content=\"hudo\" \/>\n<meta name=\"twitter:card\" content=\"summary_large_image\" \/>\n<meta name=\"twitter:creator\" content=\"@hudo_si\" \/>\n<meta name=\"twitter:site\" content=\"@hudo_si\" \/>\n<meta name=\"twitter:label1\" content=\"Written by\" \/>\n\t<meta name=\"twitter:data1\" content=\"hudo\" \/>\n\t<meta name=\"twitter:label2\" content=\"Est. reading time\" \/>\n\t<meta name=\"twitter:data2\" content=\"1 minuta\" \/>\n<script type=\"application\/ld+json\" class=\"yoast-schema-graph\">{\"@context\":\"https:\/\/schema.org\",\"@graph\":[{\"@type\":\"Article\",\"@id\":\"https:\/\/hudo.com\/si\/aktualno\/komaj-vseljeni-pa-ze-osem-novorojencev\/#article\",\"isPartOf\":{\"@id\":\"https:\/\/hudo.com\/si\/aktualno\/komaj-vseljeni-pa-ze-osem-novorojencev\/\"},\"author\":{\"name\":\"hudo\",\"@id\":\"https:\/\/hudo.com\/si\/#\/schema\/person\/601cf3379633985b20f7e50f2bb47707\"},\"headline\":\"Komaj vseljeni, pa \u017ee osem novorojencev\",\"datePublished\":\"2017-04-13T04:00:00+00:00\",\"dateModified\":\"2017-04-13T04:00:00+00:00\",\"mainEntityOfPage\":{\"@id\":\"https:\/\/hudo.com\/si\/aktualno\/komaj-vseljeni-pa-ze-osem-novorojencev\/\"},\"wordCount\":151,\"publisher\":{\"@id\":\"https:\/\/hudo.com\/si\/#organization\"},\"articleSection\":[\"Aktualno\"],\"inLanguage\":\"sl-SI\"},{\"@type\":\"WebPage\",\"@id\":\"https:\/\/hudo.com\/si\/aktualno\/komaj-vseljeni-pa-ze-osem-novorojencev\/\",\"url\":\"https:\/\/hudo.com\/si\/aktualno\/komaj-vseljeni-pa-ze-osem-novorojencev\/\",\"name\":\"Komaj vseljeni, pa \u017ee osem novorojencev - Hudo Slovenija\",\"isPartOf\":{\"@id\":\"https:\/\/hudo.com\/si\/#website\"},\"datePublished\":\"2017-04-13T04:00:00+00:00\",\"dateModified\":\"2017-04-13T04:00:00+00:00\",\"breadcrumb\":{\"@id\":\"https:\/\/hudo.com\/si\/aktualno\/komaj-vseljeni-pa-ze-osem-novorojencev\/#breadcrumb\"},\"inLanguage\":\"sl-SI\",\"potentialAction\":[{\"@type\":\"ReadAction\",\"target\":[\"https:\/\/hudo.com\/si\/aktualno\/komaj-vseljeni-pa-ze-osem-novorojencev\/\"]}]},{\"@type\":\"BreadcrumbList\",\"@id\":\"https:\/\/hudo.com\/si\/aktualno\/komaj-vseljeni-pa-ze-osem-novorojencev\/#breadcrumb\",\"itemListElement\":[{\"@type\":\"ListItem\",\"position\":1,\"name\":\"Home\",\"item\":\"https:\/\/hudo.com\/si\/\"},{\"@type\":\"ListItem\",\"position\":2,\"name\":\"Komaj vseljeni, pa \u017ee osem novorojencev\"}]},{\"@type\":\"WebSite\",\"@id\":\"https:\/\/hudo.com\/si\/#website\",\"url\":\"https:\/\/hudo.com\/si\/\",\"name\":\"Hudo Slovenija\",\"description\":\"Vse novice iz Slovenije in sveta\",\"publisher\":{\"@id\":\"https:\/\/hudo.com\/si\/#organization\"},\"potentialAction\":[{\"@type\":\"SearchAction\",\"target\":{\"@type\":\"EntryPoint\",\"urlTemplate\":\"https:\/\/hudo.com\/si\/?s={search_term_string}\"},\"query-input\":\"required name=search_term_string\"}],\"inLanguage\":\"sl-SI\"},{\"@type\":\"Organization\",\"@id\":\"https:\/\/hudo.com\/si\/#organization\",\"name\":\"VSN Media\",\"url\":\"https:\/\/hudo.com\/si\/\",\"logo\":{\"@type\":\"ImageObject\",\"inLanguage\":\"sl-SI\",\"@id\":\"https:\/\/hudo.com\/si\/#\/schema\/logo\/image\/\",\"url\":\"https:\/\/hudo.com\/si\/wp-content\/uploads\/sites\/2\/2021\/03\/hudo-app-2.png\",\"contentUrl\":\"https:\/\/hudo.com\/si\/wp-content\/uploads\/sites\/2\/2021\/03\/hudo-app-2.png\",\"width\":2185,\"height\":2167,\"caption\":\"VSN Media\"},\"image\":{\"@id\":\"https:\/\/hudo.com\/si\/#\/schema\/logo\/image\/\"},\"sameAs\":[\"https:\/\/www.facebook.com\/hudo.si\",\"https:\/\/twitter.com\/hudo_si\"]},{\"@type\":\"Person\",\"@id\":\"https:\/\/hudo.com\/si\/#\/schema\/person\/601cf3379633985b20f7e50f2bb47707\",\"name\":\"hudo\",\"image\":{\"@type\":\"ImageObject\",\"inLanguage\":\"sl-SI\",\"@id\":\"https:\/\/hudo.com\/si\/#\/schema\/person\/image\/\",\"url\":\"https:\/\/secure.gravatar.com\/avatar\/c4ca25fa72cace7a696b52ff5db9e095?s=96&d=mm&r=g\",\"contentUrl\":\"https:\/\/secure.gravatar.com\/avatar\/c4ca25fa72cace7a696b52ff5db9e095?s=96&d=mm&r=g\",\"caption\":\"hudo\"},\"url\":\"https:\/\/hudo.com\/si\/author\/hudo\/\"}]}<\/script>\n<!-- \/ Yoast SEO plugin. -->","yoast_head_json":{"title":"Komaj vseljeni, pa \u017ee osem novorojencev - Hudo Slovenija","robots":{"index":"index","follow":"follow","max-snippet":"max-snippet:-1","max-image-preview":"max-image-preview:large","max-video-preview":"max-video-preview:-1"},"canonical":"https:\/\/hudo.com\/si\/aktualno\/komaj-vseljeni-pa-ze-osem-novorojencev\/","og_locale":"sl_SI","og_type":"article","og_title":"Komaj vseljeni, pa \u017ee osem novorojencev - Hudo Slovenija","og_description":"Kategorija: Slovenija Thu, 13 Apr 2017 08:00:00 +0200 Slovenj Gradec \u2013\u00a0\u017denske v slovenjgra\u0161ki bolni\u0161nici ne rojevajo ve\u010d druga ob drugi, temve\u010d od tega tedna vsaka v svoji porodni sobi, v novem porodnem bloku, ki njim in njihovim partnerjem zagotavlja neprimerno ve\u010d zasebnosti in udobja kot prej pol stoletja stara kirur\u0161ka stolpnica.\u00a0\u00a0\u00bbSelitev, ki smo jo te\u017eko \u010dakali, je potekala hitro in brez zapletov,\u00ab je povedala dr. Katja Juvan, predstojnica oddelka za ginekologijo in porodni\u0161tvo, za katerega je bila to zadnja selitev. Prvo so opravili po novem letu, ko so pacientke iz ginekolo\u0161kega oddelka selili kar na bolni\u0161kih posteljah. Tri mesece in pol so morali porodnice po porodu iz starega kirur\u0161kega objekta na posteljah preme\u0161\u010dati v svetle, prostorne in s sanitarijami opremljene bolni\u0161ke sobe v novem prizidku. \u00bb\u017de novica, da smo oddelek preselili, je privabila veliko \u017eensk, ki so se\u00a0...","og_url":"https:\/\/hudo.com\/si\/aktualno\/komaj-vseljeni-pa-ze-osem-novorojencev\/","og_site_name":"Hudo Slovenija","article_publisher":"https:\/\/www.facebook.com\/hudo.si","article_published_time":"2017-04-13T04:00:00+00:00","og_image":[{"width":480,"height":290,"url":"https:\/\/hudo.com\/si\/wp-content\/uploads\/sites\/2\/2017\/04\/480x290_Sl_dopisnistvo__Delo_Foto_2.18_hires0.jpeg","type":"image\/jpeg"}],"author":"hudo","twitter_card":"summary_large_image","twitter_creator":"@hudo_si","twitter_site":"@hudo_si","twitter_misc":{"Written by":"hudo","Est. reading time":"1 minuta"},"schema":{"@context":"https:\/\/schema.org","@graph":[{"@type":"Article","@id":"https:\/\/hudo.com\/si\/aktualno\/komaj-vseljeni-pa-ze-osem-novorojencev\/#article","isPartOf":{"@id":"https:\/\/hudo.com\/si\/aktualno\/komaj-vseljeni-pa-ze-osem-novorojencev\/"},"author":{"name":"hudo","@id":"https:\/\/hudo.com\/si\/#\/schema\/person\/601cf3379633985b20f7e50f2bb47707"},"headline":"Komaj vseljeni, pa \u017ee osem novorojencev","datePublished":"2017-04-13T04:00:00+00:00","dateModified":"2017-04-13T04:00:00+00:00","mainEntityOfPage":{"@id":"https:\/\/hudo.com\/si\/aktualno\/komaj-vseljeni-pa-ze-osem-novorojencev\/"},"wordCount":151,"publisher":{"@id":"https:\/\/hudo.com\/si\/#organization"},"articleSection":["Aktualno"],"inLanguage":"sl-SI"},{"@type":"WebPage","@id":"https:\/\/hudo.com\/si\/aktualno\/komaj-vseljeni-pa-ze-osem-novorojencev\/","url":"https:\/\/hudo.com\/si\/aktualno\/komaj-vseljeni-pa-ze-osem-novorojencev\/","name":"Komaj vseljeni, pa \u017ee osem novorojencev - Hudo Slovenija","isPartOf":{"@id":"https:\/\/hudo.com\/si\/#website"},"datePublished":"2017-04-13T04:00:00+00:00","dateModified":"2017-04-13T04:00:00+00:00","breadcrumb":{"@id":"https:\/\/hudo.com\/si\/aktualno\/komaj-vseljeni-pa-ze-osem-novorojencev\/#breadcrumb"},"inLanguage":"sl-SI","potentialAction":[{"@type":"ReadAction","target":["https:\/\/hudo.com\/si\/aktualno\/komaj-vseljeni-pa-ze-osem-novorojencev\/"]}]},{"@type":"BreadcrumbList","@id":"https:\/\/hudo.com\/si\/aktualno\/komaj-vseljeni-pa-ze-osem-novorojencev\/#breadcrumb","itemListElement":[{"@type":"ListItem","position":1,"name":"Home","item":"https:\/\/hudo.com\/si\/"},{"@type":"ListItem","position":2,"name":"Komaj vseljeni, pa \u017ee osem novorojencev"}]},{"@type":"WebSite","@id":"https:\/\/hudo.com\/si\/#website","url":"https:\/\/hudo.com\/si\/","name":"Hudo Slovenija","description":"Vse novice iz Slovenije in sveta","publisher":{"@id":"https:\/\/hudo.com\/si\/#organization"},"potentialAction":[{"@type":"SearchAction","target":{"@type":"EntryPoint","urlTemplate":"https:\/\/hudo.com\/si\/?s={search_term_string}"},"query-input":"required name=search_term_string"}],"inLanguage":"sl-SI"},{"@type":"Organization","@id":"https:\/\/hudo.com\/si\/#organization","name":"VSN Media","url":"https:\/\/hudo.com\/si\/","logo":{"@type":"ImageObject","inLanguage":"sl-SI","@id":"https:\/\/hudo.com\/si\/#\/schema\/logo\/image\/","url":"https:\/\/hudo.com\/si\/wp-content\/uploads\/sites\/2\/2021\/03\/hudo-app-2.png","contentUrl":"https:\/\/hudo.com\/si\/wp-content\/uploads\/sites\/2\/2021\/03\/hudo-app-2.png","width":2185,"height":2167,"caption":"VSN Media"},"image":{"@id":"https:\/\/hudo.com\/si\/#\/schema\/logo\/image\/"},"sameAs":["https:\/\/www.facebook.com\/hudo.si","https:\/\/twitter.com\/hudo_si"]},{"@type":"Person","@id":"https:\/\/hudo.com\/si\/#\/schema\/person\/601cf3379633985b20f7e50f2bb47707","name":"hudo","image":{"@type":"ImageObject","inLanguage":"sl-SI","@id":"https:\/\/hudo.com\/si\/#\/schema\/person\/image\/","url":"https:\/\/secure.gravatar.com\/avatar\/c4ca25fa72cace7a696b52ff5db9e095?s=96&d=mm&r=g","contentUrl":"https:\/\/secure.gravatar.com\/avatar\/c4ca25fa72cace7a696b52ff5db9e095?s=96&d=mm&r=g","caption":"hudo"},"url":"https:\/\/hudo.com\/si\/author\/hudo\/"}]}},"amp_enabled":true,"_links":{"self":[{"href":"https:\/\/hudo.com\/si\/wp-json\/wp\/v2\/posts\/241094"}],"collection":[{"href":"https:\/\/hudo.com\/si\/wp-json\/wp\/v2\/posts"}],"about":[{"href":"https:\/\/hudo.com\/si\/wp-json\/wp\/v2\/types\/post"}],"author":[{"embeddable":true,"href":"https:\/\/hudo.com\/si\/wp-json\/wp\/v2\/users\/1"}],"replies":[{"embeddable":true,"href":"https:\/\/hudo.com\/si\/wp-json\/wp\/v2\/comments?post=241094"}],"version-history":[{"count":0,"href":"https:\/\/hudo.com\/si\/wp-json\/wp\/v2\/posts\/241094\/revisions"}],"wp:attachment":[{"href":"https:\/\/hudo.com\/si\/wp-json\/wp\/v2\/media?parent=241094"}],"wp:term":[{"taxonomy":"category","embeddable":true,"href":"https:\/\/hudo.com\/si\/wp-json\/wp\/v2\/categories?post=241094"},{"taxonomy":"post_tag","embeddable":true,"href":"https:\/\/hudo.com\/si\/wp-json\/wp\/v2\/tags?post=241094"},{"taxonomy":"source","embeddable":true,"href":"https:\/\/hudo.com\/si\/wp-json\/wp\/v2\/source?post=241094"},{"taxonomy":"supertag","embeddable":true,"href":"https:\/\/hudo.com\/si\/wp-json\/wp\/v2\/supertag?post=241094"}],"curies":[{"name":"wp","href":"https:\/\/api.w.org\/{rel}","templated":true}]}}