{"id":241102,"date":"2017-04-13T05:31:00","date_gmt":"2017-04-13T03:31:00","guid":{"rendered":"http:\/\/hudo.com\/si\/2017\/04\/13\/grad-turnisce-pri-ptuju-je-prisel-z-dezja-pod-kap\/"},"modified":"2017-04-13T05:31:00","modified_gmt":"2017-04-13T03:31:00","slug":"grad-turnisce-pri-ptuju-je-prisel-z-dezja-pod-kap","status":"publish","type":"post","link":"https:\/\/hudo.com\/si\/aktualno\/grad-turnisce-pri-ptuju-je-prisel-z-dezja-pod-kap\/","title":{"rendered":"Grad Turni\u0161\u010de pri Ptuju je pri\u0161el z de\u017eja pod kap"},"content":{"rendered":"<p>Kategorija: Slovenija Thu, 13 Apr 2017 07:31:00 +0200  V zadnjih letih je dr\u017eava podarila ob\u010dinam\u00a0nekaj gradov, hkrati pa jih obvezala, do kdaj jih morajo obnoviti in o\u017eiviti. Roki se neizprosno bli\u017eajo, ob\u010dine pa obljub ne morejo izpolnjevati, zaradi \u010desar bi jih lahko dr\u017eava zahtevala\u00a0nazaj.\u00a0\u00a0Ptujska ob\u010dina ji je \u017ee morala vrniti eno od tako podarjenih stavb ptujske voja\u0161nice, ker je ni uspela pravo\u010dasno urediti.\u00a0Prihodnje leto se bo tej ob\u010dini iztekel rok za obnovo in odprtje gradu Turni\u0161\u010de pri Ptuju, ki pa se ga \u0161e niti dotaknila ni. Ga bo morala vrniti dr\u017eavi? &#8220;Mestna ob\u010dina Ptuj gradu ne bo vrnila. Z njim ima resne na\u010drte. Pred letom je mestni svet sprejel kulturni program do 2019 &#8211; vodilna ideja za grad\u00a0je \u0161e vedno Muzej uspehov Slovenije,&#8221; zagotavlja vodstvo ptujske ob\u010dine. Ministrstvo za kulturo pa se tola\u017ei: &#8220;Ministrstvo\u00a0vsako leto prejme letno poro\u010dilo ob\u010dine\u00a0&#8230;<\/p>\n","protected":false},"excerpt":{"rendered":"<p>Kategorija: Slovenija Thu, 13 Apr 2017 07:31:00 +0200  V zadnjih letih je dr\u017eava podarila ob\u010dinam\u00a0nekaj gradov, hkrati pa jih obvezala, do kdaj jih morajo obnoviti in o\u017eiviti. Roki se neizprosno bli\u017eajo, ob\u010dine pa obljub ne morejo izpolnjevati, zaradi \u010desar bi jih lahko dr\u017eava zahtevala\u00a0nazaj.\u00a0\u00a0Ptujska ob\u010dina ji je \u017ee morala vrniti eno od tako podarjenih stavb ptujske voja\u0161nice, ker je ni uspela pravo\u010dasno urediti.\u00a0Prihodnje leto se bo tej ob\u010dini iztekel rok za obnovo in odprtje gradu Turni\u0161\u010de pri Ptuju, ki pa se ga \u0161e niti dotaknila ni. Ga bo morala vrniti dr\u017eavi? &#8220;Mestna ob\u010dina Ptuj gradu ne bo vrnila. Z njim ima resne na\u010drte. Pred letom je mestni svet sprejel kulturni program do 2019 &#8211; vodilna ideja za grad\u00a0je \u0161e vedno Muzej uspehov Slovenije,&#8221; zagotavlja vodstvo ptujske ob\u010dine. Ministrstvo za kulturo pa se tola\u017ei: &#8220;Ministrstvo\u00a0vsako leto prejme letno poro\u010dilo ob\u010dine\u00a0&#8230;<\/p>\n","protected":false},"author":1,"featured_media":0,"comment_status":"closed","ping_status":"closed","sticky":false,"template":"","format":"standard","meta":{"footnotes":""},"categories":[1179],"tags":[],"source":[1703],"supertag":[],"acf":[],"yoast_head":"<!-- This site is optimized with the Yoast SEO plugin v21.3 - https:\/\/yoast.com\/wordpress\/plugins\/seo\/ -->\n<title>Grad Turni\u0161\u010de pri Ptuju je pri\u0161el z de\u017eja pod kap - Hudo Slovenija<\/title>\n<meta name=\"robots\" content=\"index, follow, max-snippet:-1, max-image-preview:large, max-video-preview:-1\" \/>\n<link rel=\"canonical\" href=\"https:\/\/hudo.com\/si\/aktualno\/grad-turnisce-pri-ptuju-je-prisel-z-dezja-pod-kap\/\" \/>\n<meta property=\"og:locale\" content=\"sl_SI\" \/>\n<meta property=\"og:type\" content=\"article\" \/>\n<meta property=\"og:title\" content=\"Grad Turni\u0161\u010de pri Ptuju je pri\u0161el z de\u017eja pod kap - Hudo Slovenija\" \/>\n<meta property=\"og:description\" content=\"Kategorija: Slovenija Thu, 13 Apr 2017 07:31:00 +0200 V zadnjih letih je dr\u017eava podarila ob\u010dinam\u00a0nekaj gradov, hkrati pa jih obvezala, do kdaj jih morajo obnoviti in o\u017eiviti. Roki se neizprosno bli\u017eajo, ob\u010dine pa obljub ne morejo izpolnjevati, zaradi \u010desar bi jih lahko dr\u017eava zahtevala\u00a0nazaj.\u00a0\u00a0Ptujska ob\u010dina ji je \u017ee morala vrniti eno od tako podarjenih stavb ptujske voja\u0161nice, ker je ni uspela pravo\u010dasno urediti.\u00a0Prihodnje leto se bo tej ob\u010dini iztekel rok za obnovo in odprtje gradu Turni\u0161\u010de pri Ptuju, ki pa se ga \u0161e niti dotaknila ni. Ga bo morala vrniti dr\u017eavi? &quot;Mestna ob\u010dina Ptuj gradu ne bo vrnila. Z njim ima resne na\u010drte. Pred letom je mestni svet sprejel kulturni program do 2019 - vodilna ideja za grad\u00a0je \u0161e vedno Muzej uspehov Slovenije,&quot; zagotavlja vodstvo ptujske ob\u010dine. Ministrstvo za kulturo pa se tola\u017ei: &quot;Ministrstvo\u00a0vsako leto prejme letno poro\u010dilo ob\u010dine\u00a0...\" \/>\n<meta property=\"og:url\" content=\"https:\/\/hudo.com\/si\/aktualno\/grad-turnisce-pri-ptuju-je-prisel-z-dezja-pod-kap\/\" \/>\n<meta property=\"og:site_name\" content=\"Hudo Slovenija\" \/>\n<meta property=\"article:publisher\" content=\"https:\/\/www.facebook.com\/hudo.si\" \/>\n<meta property=\"article:published_time\" content=\"2017-04-13T03:31:00+00:00\" \/>\n<meta property=\"og:image\" content=\"https:\/\/hudo.com\/si\/wp-content\/uploads\/sites\/2\/2017\/04\/480x290_milox161x10Di-turnix161x10De.gif\" \/>\n\t<meta property=\"og:image:width\" content=\"158\" \/>\n\t<meta property=\"og:image:height\" content=\"42\" \/>\n\t<meta property=\"og:image:type\" content=\"image\/gif\" \/>\n<meta name=\"author\" content=\"hudo\" \/>\n<meta name=\"twitter:card\" content=\"summary_large_image\" \/>\n<meta name=\"twitter:creator\" content=\"@hudo_si\" \/>\n<meta name=\"twitter:site\" content=\"@hudo_si\" \/>\n<meta name=\"twitter:label1\" content=\"Written by\" \/>\n\t<meta name=\"twitter:data1\" content=\"hudo\" \/>\n\t<meta name=\"twitter:label2\" content=\"Est. reading time\" \/>\n\t<meta name=\"twitter:data2\" content=\"1 minuta\" \/>\n<script type=\"application\/ld+json\" class=\"yoast-schema-graph\">{\"@context\":\"https:\/\/schema.org\",\"@graph\":[{\"@type\":\"Article\",\"@id\":\"https:\/\/hudo.com\/si\/aktualno\/grad-turnisce-pri-ptuju-je-prisel-z-dezja-pod-kap\/#article\",\"isPartOf\":{\"@id\":\"https:\/\/hudo.com\/si\/aktualno\/grad-turnisce-pri-ptuju-je-prisel-z-dezja-pod-kap\/\"},\"author\":{\"name\":\"hudo\",\"@id\":\"https:\/\/hudo.com\/si\/#\/schema\/person\/601cf3379633985b20f7e50f2bb47707\"},\"headline\":\"Grad Turni\u0161\u010de pri Ptuju je pri\u0161el z de\u017eja pod kap\",\"datePublished\":\"2017-04-13T03:31:00+00:00\",\"dateModified\":\"2017-04-13T03:31:00+00:00\",\"mainEntityOfPage\":{\"@id\":\"https:\/\/hudo.com\/si\/aktualno\/grad-turnisce-pri-ptuju-je-prisel-z-dezja-pod-kap\/\"},\"wordCount\":171,\"publisher\":{\"@id\":\"https:\/\/hudo.com\/si\/#organization\"},\"articleSection\":[\"Aktualno\"],\"inLanguage\":\"sl-SI\"},{\"@type\":\"WebPage\",\"@id\":\"https:\/\/hudo.com\/si\/aktualno\/grad-turnisce-pri-ptuju-je-prisel-z-dezja-pod-kap\/\",\"url\":\"https:\/\/hudo.com\/si\/aktualno\/grad-turnisce-pri-ptuju-je-prisel-z-dezja-pod-kap\/\",\"name\":\"Grad Turni\u0161\u010de pri Ptuju je pri\u0161el z de\u017eja pod kap - Hudo Slovenija\",\"isPartOf\":{\"@id\":\"https:\/\/hudo.com\/si\/#website\"},\"datePublished\":\"2017-04-13T03:31:00+00:00\",\"dateModified\":\"2017-04-13T03:31:00+00:00\",\"breadcrumb\":{\"@id\":\"https:\/\/hudo.com\/si\/aktualno\/grad-turnisce-pri-ptuju-je-prisel-z-dezja-pod-kap\/#breadcrumb\"},\"inLanguage\":\"sl-SI\",\"potentialAction\":[{\"@type\":\"ReadAction\",\"target\":[\"https:\/\/hudo.com\/si\/aktualno\/grad-turnisce-pri-ptuju-je-prisel-z-dezja-pod-kap\/\"]}]},{\"@type\":\"BreadcrumbList\",\"@id\":\"https:\/\/hudo.com\/si\/aktualno\/grad-turnisce-pri-ptuju-je-prisel-z-dezja-pod-kap\/#breadcrumb\",\"itemListElement\":[{\"@type\":\"ListItem\",\"position\":1,\"name\":\"Home\",\"item\":\"https:\/\/hudo.com\/si\/\"},{\"@type\":\"ListItem\",\"position\":2,\"name\":\"Grad Turni\u0161\u010de pri Ptuju je pri\u0161el z de\u017eja pod kap\"}]},{\"@type\":\"WebSite\",\"@id\":\"https:\/\/hudo.com\/si\/#website\",\"url\":\"https:\/\/hudo.com\/si\/\",\"name\":\"Hudo Slovenija\",\"description\":\"Vse novice iz Slovenije in sveta\",\"publisher\":{\"@id\":\"https:\/\/hudo.com\/si\/#organization\"},\"potentialAction\":[{\"@type\":\"SearchAction\",\"target\":{\"@type\":\"EntryPoint\",\"urlTemplate\":\"https:\/\/hudo.com\/si\/?s={search_term_string}\"},\"query-input\":\"required name=search_term_string\"}],\"inLanguage\":\"sl-SI\"},{\"@type\":\"Organization\",\"@id\":\"https:\/\/hudo.com\/si\/#organization\",\"name\":\"VSN Media\",\"url\":\"https:\/\/hudo.com\/si\/\",\"logo\":{\"@type\":\"ImageObject\",\"inLanguage\":\"sl-SI\",\"@id\":\"https:\/\/hudo.com\/si\/#\/schema\/logo\/image\/\",\"url\":\"https:\/\/hudo.com\/si\/wp-content\/uploads\/sites\/2\/2021\/03\/hudo-app-2.png\",\"contentUrl\":\"https:\/\/hudo.com\/si\/wp-content\/uploads\/sites\/2\/2021\/03\/hudo-app-2.png\",\"width\":2185,\"height\":2167,\"caption\":\"VSN Media\"},\"image\":{\"@id\":\"https:\/\/hudo.com\/si\/#\/schema\/logo\/image\/\"},\"sameAs\":[\"https:\/\/www.facebook.com\/hudo.si\",\"https:\/\/twitter.com\/hudo_si\"]},{\"@type\":\"Person\",\"@id\":\"https:\/\/hudo.com\/si\/#\/schema\/person\/601cf3379633985b20f7e50f2bb47707\",\"name\":\"hudo\",\"image\":{\"@type\":\"ImageObject\",\"inLanguage\":\"sl-SI\",\"@id\":\"https:\/\/hudo.com\/si\/#\/schema\/person\/image\/\",\"url\":\"https:\/\/secure.gravatar.com\/avatar\/c4ca25fa72cace7a696b52ff5db9e095?s=96&d=mm&r=g\",\"contentUrl\":\"https:\/\/secure.gravatar.com\/avatar\/c4ca25fa72cace7a696b52ff5db9e095?s=96&d=mm&r=g\",\"caption\":\"hudo\"},\"url\":\"https:\/\/hudo.com\/si\/author\/hudo\/\"}]}<\/script>\n<!-- \/ Yoast SEO plugin. -->","yoast_head_json":{"title":"Grad Turni\u0161\u010de pri Ptuju je pri\u0161el z de\u017eja pod kap - Hudo Slovenija","robots":{"index":"index","follow":"follow","max-snippet":"max-snippet:-1","max-image-preview":"max-image-preview:large","max-video-preview":"max-video-preview:-1"},"canonical":"https:\/\/hudo.com\/si\/aktualno\/grad-turnisce-pri-ptuju-je-prisel-z-dezja-pod-kap\/","og_locale":"sl_SI","og_type":"article","og_title":"Grad Turni\u0161\u010de pri Ptuju je pri\u0161el z de\u017eja pod kap - Hudo Slovenija","og_description":"Kategorija: Slovenija Thu, 13 Apr 2017 07:31:00 +0200 V zadnjih letih je dr\u017eava podarila ob\u010dinam\u00a0nekaj gradov, hkrati pa jih obvezala, do kdaj jih morajo obnoviti in o\u017eiviti. Roki se neizprosno bli\u017eajo, ob\u010dine pa obljub ne morejo izpolnjevati, zaradi \u010desar bi jih lahko dr\u017eava zahtevala\u00a0nazaj.\u00a0\u00a0Ptujska ob\u010dina ji je \u017ee morala vrniti eno od tako podarjenih stavb ptujske voja\u0161nice, ker je ni uspela pravo\u010dasno urediti.\u00a0Prihodnje leto se bo tej ob\u010dini iztekel rok za obnovo in odprtje gradu Turni\u0161\u010de pri Ptuju, ki pa se ga \u0161e niti dotaknila ni. Ga bo morala vrniti dr\u017eavi? \"Mestna ob\u010dina Ptuj gradu ne bo vrnila. Z njim ima resne na\u010drte. Pred letom je mestni svet sprejel kulturni program do 2019 - vodilna ideja za grad\u00a0je \u0161e vedno Muzej uspehov Slovenije,\" zagotavlja vodstvo ptujske ob\u010dine. Ministrstvo za kulturo pa se tola\u017ei: \"Ministrstvo\u00a0vsako leto prejme letno poro\u010dilo ob\u010dine\u00a0...","og_url":"https:\/\/hudo.com\/si\/aktualno\/grad-turnisce-pri-ptuju-je-prisel-z-dezja-pod-kap\/","og_site_name":"Hudo Slovenija","article_publisher":"https:\/\/www.facebook.com\/hudo.si","article_published_time":"2017-04-13T03:31:00+00:00","og_image":[{"width":158,"height":42,"url":"https:\/\/hudo.com\/si\/wp-content\/uploads\/sites\/2\/2017\/04\/480x290_milox161x10Di-turnix161x10De.gif","type":"image\/gif"}],"author":"hudo","twitter_card":"summary_large_image","twitter_creator":"@hudo_si","twitter_site":"@hudo_si","twitter_misc":{"Written by":"hudo","Est. reading time":"1 minuta"},"schema":{"@context":"https:\/\/schema.org","@graph":[{"@type":"Article","@id":"https:\/\/hudo.com\/si\/aktualno\/grad-turnisce-pri-ptuju-je-prisel-z-dezja-pod-kap\/#article","isPartOf":{"@id":"https:\/\/hudo.com\/si\/aktualno\/grad-turnisce-pri-ptuju-je-prisel-z-dezja-pod-kap\/"},"author":{"name":"hudo","@id":"https:\/\/hudo.com\/si\/#\/schema\/person\/601cf3379633985b20f7e50f2bb47707"},"headline":"Grad Turni\u0161\u010de pri Ptuju je pri\u0161el z de\u017eja pod kap","datePublished":"2017-04-13T03:31:00+00:00","dateModified":"2017-04-13T03:31:00+00:00","mainEntityOfPage":{"@id":"https:\/\/hudo.com\/si\/aktualno\/grad-turnisce-pri-ptuju-je-prisel-z-dezja-pod-kap\/"},"wordCount":171,"publisher":{"@id":"https:\/\/hudo.com\/si\/#organization"},"articleSection":["Aktualno"],"inLanguage":"sl-SI"},{"@type":"WebPage","@id":"https:\/\/hudo.com\/si\/aktualno\/grad-turnisce-pri-ptuju-je-prisel-z-dezja-pod-kap\/","url":"https:\/\/hudo.com\/si\/aktualno\/grad-turnisce-pri-ptuju-je-prisel-z-dezja-pod-kap\/","name":"Grad Turni\u0161\u010de pri Ptuju je pri\u0161el z de\u017eja pod kap - Hudo Slovenija","isPartOf":{"@id":"https:\/\/hudo.com\/si\/#website"},"datePublished":"2017-04-13T03:31:00+00:00","dateModified":"2017-04-13T03:31:00+00:00","breadcrumb":{"@id":"https:\/\/hudo.com\/si\/aktualno\/grad-turnisce-pri-ptuju-je-prisel-z-dezja-pod-kap\/#breadcrumb"},"inLanguage":"sl-SI","potentialAction":[{"@type":"ReadAction","target":["https:\/\/hudo.com\/si\/aktualno\/grad-turnisce-pri-ptuju-je-prisel-z-dezja-pod-kap\/"]}]},{"@type":"BreadcrumbList","@id":"https:\/\/hudo.com\/si\/aktualno\/grad-turnisce-pri-ptuju-je-prisel-z-dezja-pod-kap\/#breadcrumb","itemListElement":[{"@type":"ListItem","position":1,"name":"Home","item":"https:\/\/hudo.com\/si\/"},{"@type":"ListItem","position":2,"name":"Grad Turni\u0161\u010de pri Ptuju je pri\u0161el z de\u017eja pod kap"}]},{"@type":"WebSite","@id":"https:\/\/hudo.com\/si\/#website","url":"https:\/\/hudo.com\/si\/","name":"Hudo Slovenija","description":"Vse novice iz Slovenije in sveta","publisher":{"@id":"https:\/\/hudo.com\/si\/#organization"},"potentialAction":[{"@type":"SearchAction","target":{"@type":"EntryPoint","urlTemplate":"https:\/\/hudo.com\/si\/?s={search_term_string}"},"query-input":"required name=search_term_string"}],"inLanguage":"sl-SI"},{"@type":"Organization","@id":"https:\/\/hudo.com\/si\/#organization","name":"VSN Media","url":"https:\/\/hudo.com\/si\/","logo":{"@type":"ImageObject","inLanguage":"sl-SI","@id":"https:\/\/hudo.com\/si\/#\/schema\/logo\/image\/","url":"https:\/\/hudo.com\/si\/wp-content\/uploads\/sites\/2\/2021\/03\/hudo-app-2.png","contentUrl":"https:\/\/hudo.com\/si\/wp-content\/uploads\/sites\/2\/2021\/03\/hudo-app-2.png","width":2185,"height":2167,"caption":"VSN Media"},"image":{"@id":"https:\/\/hudo.com\/si\/#\/schema\/logo\/image\/"},"sameAs":["https:\/\/www.facebook.com\/hudo.si","https:\/\/twitter.com\/hudo_si"]},{"@type":"Person","@id":"https:\/\/hudo.com\/si\/#\/schema\/person\/601cf3379633985b20f7e50f2bb47707","name":"hudo","image":{"@type":"ImageObject","inLanguage":"sl-SI","@id":"https:\/\/hudo.com\/si\/#\/schema\/person\/image\/","url":"https:\/\/secure.gravatar.com\/avatar\/c4ca25fa72cace7a696b52ff5db9e095?s=96&d=mm&r=g","contentUrl":"https:\/\/secure.gravatar.com\/avatar\/c4ca25fa72cace7a696b52ff5db9e095?s=96&d=mm&r=g","caption":"hudo"},"url":"https:\/\/hudo.com\/si\/author\/hudo\/"}]}},"amp_enabled":true,"_links":{"self":[{"href":"https:\/\/hudo.com\/si\/wp-json\/wp\/v2\/posts\/241102"}],"collection":[{"href":"https:\/\/hudo.com\/si\/wp-json\/wp\/v2\/posts"}],"about":[{"href":"https:\/\/hudo.com\/si\/wp-json\/wp\/v2\/types\/post"}],"author":[{"embeddable":true,"href":"https:\/\/hudo.com\/si\/wp-json\/wp\/v2\/users\/1"}],"replies":[{"embeddable":true,"href":"https:\/\/hudo.com\/si\/wp-json\/wp\/v2\/comments?post=241102"}],"version-history":[{"count":0,"href":"https:\/\/hudo.com\/si\/wp-json\/wp\/v2\/posts\/241102\/revisions"}],"wp:attachment":[{"href":"https:\/\/hudo.com\/si\/wp-json\/wp\/v2\/media?parent=241102"}],"wp:term":[{"taxonomy":"category","embeddable":true,"href":"https:\/\/hudo.com\/si\/wp-json\/wp\/v2\/categories?post=241102"},{"taxonomy":"post_tag","embeddable":true,"href":"https:\/\/hudo.com\/si\/wp-json\/wp\/v2\/tags?post=241102"},{"taxonomy":"source","embeddable":true,"href":"https:\/\/hudo.com\/si\/wp-json\/wp\/v2\/source?post=241102"},{"taxonomy":"supertag","embeddable":true,"href":"https:\/\/hudo.com\/si\/wp-json\/wp\/v2\/supertag?post=241102"}],"curies":[{"name":"wp","href":"https:\/\/api.w.org\/{rel}","templated":true}]}}