{"id":241129,"date":"2017-04-13T05:00:00","date_gmt":"2017-04-13T03:00:00","guid":{"rendered":"http:\/\/hudo.com\/si\/2017\/04\/13\/iz-casopisa-izvedela-za-nacrte-ministrstva\/"},"modified":"2017-04-13T05:00:00","modified_gmt":"2017-04-13T03:00:00","slug":"iz-casopisa-izvedela-za-nacrte-ministrstva","status":"publish","type":"post","link":"https:\/\/hudo.com\/si\/aktualno\/iz-casopisa-izvedela-za-nacrte-ministrstva\/","title":{"rendered":"Iz \u010dasopisa izvedela za na\u010drte ministrstva"},"content":{"rendered":"<p>Kategorija: Slovenija Thu, 13 Apr 2017 07:00:00 +0200  Topol\u0161ica \u2013 Vr\u0161ilec dol\u017enosti direktorja Bolni\u0161nice Topol\u0161ica Jurij \u0160orli in direktor Splo\u0161ne bolni\u0161nice Celje Marjan Ferjanc sta v\u010deraj iz \u010dasopisa izvedela, da ministrstvo za zdravje na\u010drtuje pripojitev topol\u0161ke bolni\u0161nice k celjski do konca junija. Oba pravita, da pravih analiz \u0161e ni bilo, in poudarjata, da bo bolni\u0161nico morala re\u0161evati dr\u017eava.Bolni\u0161nica Topol\u0161ica ima ob pribli\u017eno 10,5 milijona evrov prihodkov na leto \u0161est milijonov evrov dolga, od tega je 2,2 milijona evrov zapadlih obveznosti. \u0160ele po odlogu izvr\u0161be enega od upnikov so lahko izpla\u010dali neto pla\u010de 240 zaposlenim, prispevke bodo poravnali pravo\u010dasno, zagotavlja Jurij \u0160orli: \u00bbIz lastnih vsakodnevnih prilivov bomo poravnali prispevke. Seveda pa lahko pri\u010dakujemo nove izvr\u0161be.\u00ab Kako bodo poskrbeli za pla\u010de prihodnji mesec, \u0161e ni jasno. Ministrstvo za zdravje konkretnih in predvsem hitrih re\u0161itev za zdaj ni dalo. Dr\u017eavni zakladnici\u00a0&#8230;<\/p>\n","protected":false},"excerpt":{"rendered":"<p>Kategorija: Slovenija Thu, 13 Apr 2017 07:00:00 +0200  Topol\u0161ica \u2013 Vr\u0161ilec dol\u017enosti direktorja Bolni\u0161nice Topol\u0161ica Jurij \u0160orli in direktor Splo\u0161ne bolni\u0161nice Celje Marjan Ferjanc sta v\u010deraj iz \u010dasopisa izvedela, da ministrstvo za zdravje na\u010drtuje pripojitev topol\u0161ke bolni\u0161nice k celjski do konca junija. Oba pravita, da pravih analiz \u0161e ni bilo, in poudarjata, da bo bolni\u0161nico morala re\u0161evati dr\u017eava.Bolni\u0161nica Topol\u0161ica ima ob pribli\u017eno 10,5 milijona evrov prihodkov na leto \u0161est milijonov evrov dolga, od tega je 2,2 milijona evrov zapadlih obveznosti. \u0160ele po odlogu izvr\u0161be enega od upnikov so lahko izpla\u010dali neto pla\u010de 240 zaposlenim, prispevke bodo poravnali pravo\u010dasno, zagotavlja Jurij \u0160orli: \u00bbIz lastnih vsakodnevnih prilivov bomo poravnali prispevke. Seveda pa lahko pri\u010dakujemo nove izvr\u0161be.\u00ab Kako bodo poskrbeli za pla\u010de prihodnji mesec, \u0161e ni jasno. Ministrstvo za zdravje konkretnih in predvsem hitrih re\u0161itev za zdaj ni dalo. Dr\u017eavni zakladnici\u00a0&#8230;<\/p>\n","protected":false},"author":1,"featured_media":0,"comment_status":"closed","ping_status":"closed","sticky":false,"template":"","format":"standard","meta":{"footnotes":""},"categories":[1179],"tags":[],"source":[1703],"supertag":[],"acf":[],"yoast_head":"<!-- This site is optimized with the Yoast SEO plugin v21.3 - https:\/\/yoast.com\/wordpress\/plugins\/seo\/ -->\n<title>Iz \u010dasopisa izvedela za na\u010drte ministrstva - Hudo Slovenija<\/title>\n<meta name=\"robots\" content=\"index, follow, max-snippet:-1, max-image-preview:large, max-video-preview:-1\" \/>\n<link rel=\"canonical\" href=\"https:\/\/hudo.com\/si\/aktualno\/iz-casopisa-izvedela-za-nacrte-ministrstva\/\" \/>\n<meta property=\"og:locale\" content=\"sl_SI\" \/>\n<meta property=\"og:type\" content=\"article\" \/>\n<meta property=\"og:title\" content=\"Iz \u010dasopisa izvedela za na\u010drte ministrstva - Hudo Slovenija\" \/>\n<meta property=\"og:description\" content=\"Kategorija: Slovenija Thu, 13 Apr 2017 07:00:00 +0200 Topol\u0161ica \u2013 Vr\u0161ilec dol\u017enosti direktorja Bolni\u0161nice Topol\u0161ica Jurij \u0160orli in direktor Splo\u0161ne bolni\u0161nice Celje Marjan Ferjanc sta v\u010deraj iz \u010dasopisa izvedela, da ministrstvo za zdravje na\u010drtuje pripojitev topol\u0161ke bolni\u0161nice k celjski do konca junija. Oba pravita, da pravih analiz \u0161e ni bilo, in poudarjata, da bo bolni\u0161nico morala re\u0161evati dr\u017eava.Bolni\u0161nica Topol\u0161ica ima ob pribli\u017eno 10,5 milijona evrov prihodkov na leto \u0161est milijonov evrov dolga, od tega je 2,2 milijona evrov zapadlih obveznosti. \u0160ele po odlogu izvr\u0161be enega od upnikov so lahko izpla\u010dali neto pla\u010de 240 zaposlenim, prispevke bodo poravnali pravo\u010dasno, zagotavlja Jurij \u0160orli: \u00bbIz lastnih vsakodnevnih prilivov bomo poravnali prispevke. Seveda pa lahko pri\u010dakujemo nove izvr\u0161be.\u00ab Kako bodo poskrbeli za pla\u010de prihodnji mesec, \u0161e ni jasno. Ministrstvo za zdravje konkretnih in predvsem hitrih re\u0161itev za zdaj ni dalo. Dr\u017eavni zakladnici\u00a0...\" \/>\n<meta property=\"og:url\" content=\"https:\/\/hudo.com\/si\/aktualno\/iz-casopisa-izvedela-za-nacrte-ministrstva\/\" \/>\n<meta property=\"og:site_name\" content=\"Hudo Slovenija\" \/>\n<meta property=\"article:publisher\" content=\"https:\/\/www.facebook.com\/hudo.si\" \/>\n<meta property=\"article:published_time\" content=\"2017-04-13T03:00:00+00:00\" \/>\n<meta property=\"og:image\" content=\"https:\/\/hudo.com\/si\/wp-content\/uploads\/sites\/2\/2017\/04\/480x290_4_stran__djvu_1641904_arkom_hires0.jpeg\" \/>\n\t<meta property=\"og:image:width\" content=\"480\" \/>\n\t<meta property=\"og:image:height\" content=\"290\" \/>\n\t<meta property=\"og:image:type\" content=\"image\/jpeg\" \/>\n<meta name=\"author\" content=\"hudo\" \/>\n<meta name=\"twitter:card\" content=\"summary_large_image\" \/>\n<meta name=\"twitter:creator\" content=\"@hudo_si\" \/>\n<meta name=\"twitter:site\" content=\"@hudo_si\" \/>\n<meta name=\"twitter:label1\" content=\"Written by\" \/>\n\t<meta name=\"twitter:data1\" content=\"hudo\" \/>\n\t<meta name=\"twitter:label2\" content=\"Est. reading time\" \/>\n\t<meta name=\"twitter:data2\" content=\"1 minuta\" \/>\n<script type=\"application\/ld+json\" class=\"yoast-schema-graph\">{\"@context\":\"https:\/\/schema.org\",\"@graph\":[{\"@type\":\"Article\",\"@id\":\"https:\/\/hudo.com\/si\/aktualno\/iz-casopisa-izvedela-za-nacrte-ministrstva\/#article\",\"isPartOf\":{\"@id\":\"https:\/\/hudo.com\/si\/aktualno\/iz-casopisa-izvedela-za-nacrte-ministrstva\/\"},\"author\":{\"name\":\"hudo\",\"@id\":\"https:\/\/hudo.com\/si\/#\/schema\/person\/601cf3379633985b20f7e50f2bb47707\"},\"headline\":\"Iz \u010dasopisa izvedela za na\u010drte ministrstva\",\"datePublished\":\"2017-04-13T03:00:00+00:00\",\"dateModified\":\"2017-04-13T03:00:00+00:00\",\"mainEntityOfPage\":{\"@id\":\"https:\/\/hudo.com\/si\/aktualno\/iz-casopisa-izvedela-za-nacrte-ministrstva\/\"},\"wordCount\":164,\"publisher\":{\"@id\":\"https:\/\/hudo.com\/si\/#organization\"},\"articleSection\":[\"Aktualno\"],\"inLanguage\":\"sl-SI\"},{\"@type\":\"WebPage\",\"@id\":\"https:\/\/hudo.com\/si\/aktualno\/iz-casopisa-izvedela-za-nacrte-ministrstva\/\",\"url\":\"https:\/\/hudo.com\/si\/aktualno\/iz-casopisa-izvedela-za-nacrte-ministrstva\/\",\"name\":\"Iz \u010dasopisa izvedela za na\u010drte ministrstva - Hudo Slovenija\",\"isPartOf\":{\"@id\":\"https:\/\/hudo.com\/si\/#website\"},\"datePublished\":\"2017-04-13T03:00:00+00:00\",\"dateModified\":\"2017-04-13T03:00:00+00:00\",\"breadcrumb\":{\"@id\":\"https:\/\/hudo.com\/si\/aktualno\/iz-casopisa-izvedela-za-nacrte-ministrstva\/#breadcrumb\"},\"inLanguage\":\"sl-SI\",\"potentialAction\":[{\"@type\":\"ReadAction\",\"target\":[\"https:\/\/hudo.com\/si\/aktualno\/iz-casopisa-izvedela-za-nacrte-ministrstva\/\"]}]},{\"@type\":\"BreadcrumbList\",\"@id\":\"https:\/\/hudo.com\/si\/aktualno\/iz-casopisa-izvedela-za-nacrte-ministrstva\/#breadcrumb\",\"itemListElement\":[{\"@type\":\"ListItem\",\"position\":1,\"name\":\"Home\",\"item\":\"https:\/\/hudo.com\/si\/\"},{\"@type\":\"ListItem\",\"position\":2,\"name\":\"Iz \u010dasopisa izvedela za na\u010drte ministrstva\"}]},{\"@type\":\"WebSite\",\"@id\":\"https:\/\/hudo.com\/si\/#website\",\"url\":\"https:\/\/hudo.com\/si\/\",\"name\":\"Hudo Slovenija\",\"description\":\"Vse novice iz Slovenije in sveta\",\"publisher\":{\"@id\":\"https:\/\/hudo.com\/si\/#organization\"},\"potentialAction\":[{\"@type\":\"SearchAction\",\"target\":{\"@type\":\"EntryPoint\",\"urlTemplate\":\"https:\/\/hudo.com\/si\/?s={search_term_string}\"},\"query-input\":\"required name=search_term_string\"}],\"inLanguage\":\"sl-SI\"},{\"@type\":\"Organization\",\"@id\":\"https:\/\/hudo.com\/si\/#organization\",\"name\":\"VSN Media\",\"url\":\"https:\/\/hudo.com\/si\/\",\"logo\":{\"@type\":\"ImageObject\",\"inLanguage\":\"sl-SI\",\"@id\":\"https:\/\/hudo.com\/si\/#\/schema\/logo\/image\/\",\"url\":\"https:\/\/hudo.com\/si\/wp-content\/uploads\/sites\/2\/2021\/03\/hudo-app-2.png\",\"contentUrl\":\"https:\/\/hudo.com\/si\/wp-content\/uploads\/sites\/2\/2021\/03\/hudo-app-2.png\",\"width\":2185,\"height\":2167,\"caption\":\"VSN Media\"},\"image\":{\"@id\":\"https:\/\/hudo.com\/si\/#\/schema\/logo\/image\/\"},\"sameAs\":[\"https:\/\/www.facebook.com\/hudo.si\",\"https:\/\/twitter.com\/hudo_si\"]},{\"@type\":\"Person\",\"@id\":\"https:\/\/hudo.com\/si\/#\/schema\/person\/601cf3379633985b20f7e50f2bb47707\",\"name\":\"hudo\",\"image\":{\"@type\":\"ImageObject\",\"inLanguage\":\"sl-SI\",\"@id\":\"https:\/\/hudo.com\/si\/#\/schema\/person\/image\/\",\"url\":\"https:\/\/secure.gravatar.com\/avatar\/c4ca25fa72cace7a696b52ff5db9e095?s=96&d=mm&r=g\",\"contentUrl\":\"https:\/\/secure.gravatar.com\/avatar\/c4ca25fa72cace7a696b52ff5db9e095?s=96&d=mm&r=g\",\"caption\":\"hudo\"},\"url\":\"https:\/\/hudo.com\/si\/author\/hudo\/\"}]}<\/script>\n<!-- \/ Yoast SEO plugin. -->","yoast_head_json":{"title":"Iz \u010dasopisa izvedela za na\u010drte ministrstva - Hudo Slovenija","robots":{"index":"index","follow":"follow","max-snippet":"max-snippet:-1","max-image-preview":"max-image-preview:large","max-video-preview":"max-video-preview:-1"},"canonical":"https:\/\/hudo.com\/si\/aktualno\/iz-casopisa-izvedela-za-nacrte-ministrstva\/","og_locale":"sl_SI","og_type":"article","og_title":"Iz \u010dasopisa izvedela za na\u010drte ministrstva - Hudo Slovenija","og_description":"Kategorija: Slovenija Thu, 13 Apr 2017 07:00:00 +0200 Topol\u0161ica \u2013 Vr\u0161ilec dol\u017enosti direktorja Bolni\u0161nice Topol\u0161ica Jurij \u0160orli in direktor Splo\u0161ne bolni\u0161nice Celje Marjan Ferjanc sta v\u010deraj iz \u010dasopisa izvedela, da ministrstvo za zdravje na\u010drtuje pripojitev topol\u0161ke bolni\u0161nice k celjski do konca junija. Oba pravita, da pravih analiz \u0161e ni bilo, in poudarjata, da bo bolni\u0161nico morala re\u0161evati dr\u017eava.Bolni\u0161nica Topol\u0161ica ima ob pribli\u017eno 10,5 milijona evrov prihodkov na leto \u0161est milijonov evrov dolga, od tega je 2,2 milijona evrov zapadlih obveznosti. \u0160ele po odlogu izvr\u0161be enega od upnikov so lahko izpla\u010dali neto pla\u010de 240 zaposlenim, prispevke bodo poravnali pravo\u010dasno, zagotavlja Jurij \u0160orli: \u00bbIz lastnih vsakodnevnih prilivov bomo poravnali prispevke. Seveda pa lahko pri\u010dakujemo nove izvr\u0161be.\u00ab Kako bodo poskrbeli za pla\u010de prihodnji mesec, \u0161e ni jasno. Ministrstvo za zdravje konkretnih in predvsem hitrih re\u0161itev za zdaj ni dalo. Dr\u017eavni zakladnici\u00a0...","og_url":"https:\/\/hudo.com\/si\/aktualno\/iz-casopisa-izvedela-za-nacrte-ministrstva\/","og_site_name":"Hudo Slovenija","article_publisher":"https:\/\/www.facebook.com\/hudo.si","article_published_time":"2017-04-13T03:00:00+00:00","og_image":[{"width":480,"height":290,"url":"https:\/\/hudo.com\/si\/wp-content\/uploads\/sites\/2\/2017\/04\/480x290_4_stran__djvu_1641904_arkom_hires0.jpeg","type":"image\/jpeg"}],"author":"hudo","twitter_card":"summary_large_image","twitter_creator":"@hudo_si","twitter_site":"@hudo_si","twitter_misc":{"Written by":"hudo","Est. reading time":"1 minuta"},"schema":{"@context":"https:\/\/schema.org","@graph":[{"@type":"Article","@id":"https:\/\/hudo.com\/si\/aktualno\/iz-casopisa-izvedela-za-nacrte-ministrstva\/#article","isPartOf":{"@id":"https:\/\/hudo.com\/si\/aktualno\/iz-casopisa-izvedela-za-nacrte-ministrstva\/"},"author":{"name":"hudo","@id":"https:\/\/hudo.com\/si\/#\/schema\/person\/601cf3379633985b20f7e50f2bb47707"},"headline":"Iz \u010dasopisa izvedela za na\u010drte ministrstva","datePublished":"2017-04-13T03:00:00+00:00","dateModified":"2017-04-13T03:00:00+00:00","mainEntityOfPage":{"@id":"https:\/\/hudo.com\/si\/aktualno\/iz-casopisa-izvedela-za-nacrte-ministrstva\/"},"wordCount":164,"publisher":{"@id":"https:\/\/hudo.com\/si\/#organization"},"articleSection":["Aktualno"],"inLanguage":"sl-SI"},{"@type":"WebPage","@id":"https:\/\/hudo.com\/si\/aktualno\/iz-casopisa-izvedela-za-nacrte-ministrstva\/","url":"https:\/\/hudo.com\/si\/aktualno\/iz-casopisa-izvedela-za-nacrte-ministrstva\/","name":"Iz \u010dasopisa izvedela za na\u010drte ministrstva - Hudo Slovenija","isPartOf":{"@id":"https:\/\/hudo.com\/si\/#website"},"datePublished":"2017-04-13T03:00:00+00:00","dateModified":"2017-04-13T03:00:00+00:00","breadcrumb":{"@id":"https:\/\/hudo.com\/si\/aktualno\/iz-casopisa-izvedela-za-nacrte-ministrstva\/#breadcrumb"},"inLanguage":"sl-SI","potentialAction":[{"@type":"ReadAction","target":["https:\/\/hudo.com\/si\/aktualno\/iz-casopisa-izvedela-za-nacrte-ministrstva\/"]}]},{"@type":"BreadcrumbList","@id":"https:\/\/hudo.com\/si\/aktualno\/iz-casopisa-izvedela-za-nacrte-ministrstva\/#breadcrumb","itemListElement":[{"@type":"ListItem","position":1,"name":"Home","item":"https:\/\/hudo.com\/si\/"},{"@type":"ListItem","position":2,"name":"Iz \u010dasopisa izvedela za na\u010drte ministrstva"}]},{"@type":"WebSite","@id":"https:\/\/hudo.com\/si\/#website","url":"https:\/\/hudo.com\/si\/","name":"Hudo Slovenija","description":"Vse novice iz Slovenije in sveta","publisher":{"@id":"https:\/\/hudo.com\/si\/#organization"},"potentialAction":[{"@type":"SearchAction","target":{"@type":"EntryPoint","urlTemplate":"https:\/\/hudo.com\/si\/?s={search_term_string}"},"query-input":"required name=search_term_string"}],"inLanguage":"sl-SI"},{"@type":"Organization","@id":"https:\/\/hudo.com\/si\/#organization","name":"VSN Media","url":"https:\/\/hudo.com\/si\/","logo":{"@type":"ImageObject","inLanguage":"sl-SI","@id":"https:\/\/hudo.com\/si\/#\/schema\/logo\/image\/","url":"https:\/\/hudo.com\/si\/wp-content\/uploads\/sites\/2\/2021\/03\/hudo-app-2.png","contentUrl":"https:\/\/hudo.com\/si\/wp-content\/uploads\/sites\/2\/2021\/03\/hudo-app-2.png","width":2185,"height":2167,"caption":"VSN Media"},"image":{"@id":"https:\/\/hudo.com\/si\/#\/schema\/logo\/image\/"},"sameAs":["https:\/\/www.facebook.com\/hudo.si","https:\/\/twitter.com\/hudo_si"]},{"@type":"Person","@id":"https:\/\/hudo.com\/si\/#\/schema\/person\/601cf3379633985b20f7e50f2bb47707","name":"hudo","image":{"@type":"ImageObject","inLanguage":"sl-SI","@id":"https:\/\/hudo.com\/si\/#\/schema\/person\/image\/","url":"https:\/\/secure.gravatar.com\/avatar\/c4ca25fa72cace7a696b52ff5db9e095?s=96&d=mm&r=g","contentUrl":"https:\/\/secure.gravatar.com\/avatar\/c4ca25fa72cace7a696b52ff5db9e095?s=96&d=mm&r=g","caption":"hudo"},"url":"https:\/\/hudo.com\/si\/author\/hudo\/"}]}},"amp_enabled":true,"_links":{"self":[{"href":"https:\/\/hudo.com\/si\/wp-json\/wp\/v2\/posts\/241129"}],"collection":[{"href":"https:\/\/hudo.com\/si\/wp-json\/wp\/v2\/posts"}],"about":[{"href":"https:\/\/hudo.com\/si\/wp-json\/wp\/v2\/types\/post"}],"author":[{"embeddable":true,"href":"https:\/\/hudo.com\/si\/wp-json\/wp\/v2\/users\/1"}],"replies":[{"embeddable":true,"href":"https:\/\/hudo.com\/si\/wp-json\/wp\/v2\/comments?post=241129"}],"version-history":[{"count":0,"href":"https:\/\/hudo.com\/si\/wp-json\/wp\/v2\/posts\/241129\/revisions"}],"wp:attachment":[{"href":"https:\/\/hudo.com\/si\/wp-json\/wp\/v2\/media?parent=241129"}],"wp:term":[{"taxonomy":"category","embeddable":true,"href":"https:\/\/hudo.com\/si\/wp-json\/wp\/v2\/categories?post=241129"},{"taxonomy":"post_tag","embeddable":true,"href":"https:\/\/hudo.com\/si\/wp-json\/wp\/v2\/tags?post=241129"},{"taxonomy":"source","embeddable":true,"href":"https:\/\/hudo.com\/si\/wp-json\/wp\/v2\/source?post=241129"},{"taxonomy":"supertag","embeddable":true,"href":"https:\/\/hudo.com\/si\/wp-json\/wp\/v2\/supertag?post=241129"}],"curies":[{"name":"wp","href":"https:\/\/api.w.org\/{rel}","templated":true}]}}