{"id":241671,"date":"2017-04-14T09:40:00","date_gmt":"2017-04-14T07:40:00","guid":{"rendered":"http:\/\/hudo.com\/si\/2017\/04\/14\/marca-visji-proracunski-primanjkljaj\/"},"modified":"2017-04-14T14:12:07","modified_gmt":"2017-04-14T12:12:07","slug":"marca-visji-proracunski-primanjkljaj","status":"publish","type":"post","link":"https:\/\/hudo.com\/si\/aktualno\/marca-visji-proracunski-primanjkljaj\/","title":{"rendered":"Marca vi\u0161ji prora\u010dunski primanjkljaj"},"content":{"rendered":"<p>Kategorija: Finance Fri, 14 Apr 2017 11:40:00 +0200  Ljubljana \u2212 Dr\u017eavni prora\u010dun je marca ustvaril 243,3 milijona evrov primanjkljaja, kar je najve\u010d letos, a za 80,3 milijona evrov manj kot marca lani, ka\u017eejo najnovej\u0161i podatki o prora\u010dunski realizaciji. Po treh mesecih je skupni primanjkljaj pri 397,8 milijona evrov, kar je ve\u010d od polovice na\u010drtovanega letnega. V prvem delu leta je primanjkljaj obi\u010dajno vi\u0161ji. Kot so najnovej\u0161e podatke komentirali na finan\u010dnem ministrstvu, je primanjkljaj v tem delu leta obi\u010dajno vi\u0161ji kot v drugi polovici leta predvsem zaradi izpla\u010dil kmetijskih subvencij in pla\u010dila obresti. V celotnem letu 2017 je sicer prora\u010dunski primanjkljaj na\u010drtovan v vi\u0161ini 681 milijonov evrov. Prihodkov je bilo marca za 643,2 milijona evrov, kar je 70,3 milijona evrov oziroma 12,2 odstotka ve\u010d kot marca lani, odhodkov pa je bilo za 886,5 milijona evrov, kar je 10,1 milijona evrov oziroma 1,1\u00a0&#8230;<\/p>\n","protected":false},"excerpt":{"rendered":"<p>Kategorija: Finance Fri, 14 Apr 2017 11:40:00 +0200  Ljubljana \u2212 Dr\u017eavni prora\u010dun je marca ustvaril 243,3 milijona evrov primanjkljaja, kar je najve\u010d letos, a za 80,3 milijona evrov manj kot marca lani, ka\u017eejo najnovej\u0161i podatki o prora\u010dunski realizaciji. Po treh mesecih je skupni primanjkljaj pri 397,8 milijona evrov, kar je ve\u010d od polovice na\u010drtovanega letnega. V prvem delu leta je primanjkljaj obi\u010dajno vi\u0161ji. Kot so najnovej\u0161e podatke komentirali na finan\u010dnem ministrstvu, je primanjkljaj v tem delu leta obi\u010dajno vi\u0161ji kot v drugi polovici leta predvsem zaradi izpla\u010dil kmetijskih subvencij in pla\u010dila obresti. V celotnem letu 2017 je sicer prora\u010dunski primanjkljaj na\u010drtovan v vi\u0161ini 681 milijonov evrov. Prihodkov je bilo marca za 643,2 milijona evrov, kar je 70,3 milijona evrov oziroma 12,2 odstotka ve\u010d kot marca lani, odhodkov pa je bilo za 886,5 milijona evrov, kar je 10,1 milijona evrov oziroma 1,1\u00a0&#8230;<\/p>\n","protected":false},"author":1,"featured_media":0,"comment_status":"closed","ping_status":"closed","sticky":false,"template":"","format":"standard","meta":{"footnotes":""},"categories":[1179],"tags":[],"source":[1703],"supertag":[],"acf":[],"yoast_head":"<!-- This site is optimized with the Yoast SEO plugin v21.3 - https:\/\/yoast.com\/wordpress\/plugins\/seo\/ -->\n<title>Marca vi\u0161ji prora\u010dunski primanjkljaj - Hudo Slovenija<\/title>\n<meta name=\"robots\" content=\"index, follow, max-snippet:-1, max-image-preview:large, max-video-preview:-1\" \/>\n<link rel=\"canonical\" href=\"https:\/\/hudo.com\/si\/aktualno\/marca-visji-proracunski-primanjkljaj\/\" \/>\n<meta property=\"og:locale\" content=\"sl_SI\" \/>\n<meta property=\"og:type\" content=\"article\" \/>\n<meta property=\"og:title\" content=\"Marca vi\u0161ji prora\u010dunski primanjkljaj - Hudo Slovenija\" \/>\n<meta property=\"og:description\" content=\"Kategorija: Finance Fri, 14 Apr 2017 11:40:00 +0200 Ljubljana \u2212 Dr\u017eavni prora\u010dun je marca ustvaril 243,3 milijona evrov primanjkljaja, kar je najve\u010d letos, a za 80,3 milijona evrov manj kot marca lani, ka\u017eejo najnovej\u0161i podatki o prora\u010dunski realizaciji. Po treh mesecih je skupni primanjkljaj pri 397,8 milijona evrov, kar je ve\u010d od polovice na\u010drtovanega letnega. V prvem delu leta je primanjkljaj obi\u010dajno vi\u0161ji. Kot so najnovej\u0161e podatke komentirali na finan\u010dnem ministrstvu, je primanjkljaj v tem delu leta obi\u010dajno vi\u0161ji kot v drugi polovici leta predvsem zaradi izpla\u010dil kmetijskih subvencij in pla\u010dila obresti. V celotnem letu 2017 je sicer prora\u010dunski primanjkljaj na\u010drtovan v vi\u0161ini 681 milijonov evrov. Prihodkov je bilo marca za 643,2 milijona evrov, kar je 70,3 milijona evrov oziroma 12,2 odstotka ve\u010d kot marca lani, odhodkov pa je bilo za 886,5 milijona evrov, kar je 10,1 milijona evrov oziroma 1,1\u00a0...\" \/>\n<meta property=\"og:url\" content=\"https:\/\/hudo.com\/si\/aktualno\/marca-visji-proracunski-primanjkljaj\/\" \/>\n<meta property=\"og:site_name\" content=\"Hudo Slovenija\" \/>\n<meta property=\"article:publisher\" content=\"https:\/\/www.facebook.com\/hudo.si\" \/>\n<meta property=\"article:published_time\" content=\"2017-04-14T07:40:00+00:00\" \/>\n<meta property=\"article:modified_time\" content=\"2017-04-14T12:12:07+00:00\" \/>\n<meta property=\"og:image\" content=\"https:\/\/hudo.com\/si\/wp-content\/uploads\/sites\/2\/2017\/04\/480x290_djvu_1726507_andrejm_reut-evri.jpeg\" \/>\n\t<meta property=\"og:image:width\" content=\"480\" \/>\n\t<meta property=\"og:image:height\" content=\"290\" \/>\n\t<meta property=\"og:image:type\" content=\"image\/jpeg\" \/>\n<meta name=\"author\" content=\"hudo\" \/>\n<meta name=\"twitter:card\" content=\"summary_large_image\" \/>\n<meta name=\"twitter:creator\" content=\"@hudo_si\" \/>\n<meta name=\"twitter:site\" content=\"@hudo_si\" \/>\n<meta name=\"twitter:label1\" content=\"Written by\" \/>\n\t<meta name=\"twitter:data1\" content=\"hudo\" \/>\n\t<meta name=\"twitter:label2\" content=\"Est. reading time\" \/>\n\t<meta name=\"twitter:data2\" content=\"1 minuta\" \/>\n<script type=\"application\/ld+json\" class=\"yoast-schema-graph\">{\"@context\":\"https:\/\/schema.org\",\"@graph\":[{\"@type\":\"Article\",\"@id\":\"https:\/\/hudo.com\/si\/aktualno\/marca-visji-proracunski-primanjkljaj\/#article\",\"isPartOf\":{\"@id\":\"https:\/\/hudo.com\/si\/aktualno\/marca-visji-proracunski-primanjkljaj\/\"},\"author\":{\"name\":\"hudo\",\"@id\":\"https:\/\/hudo.com\/si\/#\/schema\/person\/601cf3379633985b20f7e50f2bb47707\"},\"headline\":\"Marca vi\u0161ji prora\u010dunski primanjkljaj\",\"datePublished\":\"2017-04-14T07:40:00+00:00\",\"dateModified\":\"2017-04-14T12:12:07+00:00\",\"mainEntityOfPage\":{\"@id\":\"https:\/\/hudo.com\/si\/aktualno\/marca-visji-proracunski-primanjkljaj\/\"},\"wordCount\":148,\"publisher\":{\"@id\":\"https:\/\/hudo.com\/si\/#organization\"},\"articleSection\":[\"Aktualno\"],\"inLanguage\":\"sl-SI\"},{\"@type\":\"WebPage\",\"@id\":\"https:\/\/hudo.com\/si\/aktualno\/marca-visji-proracunski-primanjkljaj\/\",\"url\":\"https:\/\/hudo.com\/si\/aktualno\/marca-visji-proracunski-primanjkljaj\/\",\"name\":\"Marca vi\u0161ji prora\u010dunski primanjkljaj - Hudo Slovenija\",\"isPartOf\":{\"@id\":\"https:\/\/hudo.com\/si\/#website\"},\"datePublished\":\"2017-04-14T07:40:00+00:00\",\"dateModified\":\"2017-04-14T12:12:07+00:00\",\"breadcrumb\":{\"@id\":\"https:\/\/hudo.com\/si\/aktualno\/marca-visji-proracunski-primanjkljaj\/#breadcrumb\"},\"inLanguage\":\"sl-SI\",\"potentialAction\":[{\"@type\":\"ReadAction\",\"target\":[\"https:\/\/hudo.com\/si\/aktualno\/marca-visji-proracunski-primanjkljaj\/\"]}]},{\"@type\":\"BreadcrumbList\",\"@id\":\"https:\/\/hudo.com\/si\/aktualno\/marca-visji-proracunski-primanjkljaj\/#breadcrumb\",\"itemListElement\":[{\"@type\":\"ListItem\",\"position\":1,\"name\":\"Home\",\"item\":\"https:\/\/hudo.com\/si\/\"},{\"@type\":\"ListItem\",\"position\":2,\"name\":\"Marca vi\u0161ji prora\u010dunski primanjkljaj\"}]},{\"@type\":\"WebSite\",\"@id\":\"https:\/\/hudo.com\/si\/#website\",\"url\":\"https:\/\/hudo.com\/si\/\",\"name\":\"Hudo Slovenija\",\"description\":\"Vse novice iz Slovenije in sveta\",\"publisher\":{\"@id\":\"https:\/\/hudo.com\/si\/#organization\"},\"potentialAction\":[{\"@type\":\"SearchAction\",\"target\":{\"@type\":\"EntryPoint\",\"urlTemplate\":\"https:\/\/hudo.com\/si\/?s={search_term_string}\"},\"query-input\":\"required name=search_term_string\"}],\"inLanguage\":\"sl-SI\"},{\"@type\":\"Organization\",\"@id\":\"https:\/\/hudo.com\/si\/#organization\",\"name\":\"VSN Media\",\"url\":\"https:\/\/hudo.com\/si\/\",\"logo\":{\"@type\":\"ImageObject\",\"inLanguage\":\"sl-SI\",\"@id\":\"https:\/\/hudo.com\/si\/#\/schema\/logo\/image\/\",\"url\":\"https:\/\/hudo.com\/si\/wp-content\/uploads\/sites\/2\/2021\/03\/hudo-app-2.png\",\"contentUrl\":\"https:\/\/hudo.com\/si\/wp-content\/uploads\/sites\/2\/2021\/03\/hudo-app-2.png\",\"width\":2185,\"height\":2167,\"caption\":\"VSN Media\"},\"image\":{\"@id\":\"https:\/\/hudo.com\/si\/#\/schema\/logo\/image\/\"},\"sameAs\":[\"https:\/\/www.facebook.com\/hudo.si\",\"https:\/\/twitter.com\/hudo_si\"]},{\"@type\":\"Person\",\"@id\":\"https:\/\/hudo.com\/si\/#\/schema\/person\/601cf3379633985b20f7e50f2bb47707\",\"name\":\"hudo\",\"image\":{\"@type\":\"ImageObject\",\"inLanguage\":\"sl-SI\",\"@id\":\"https:\/\/hudo.com\/si\/#\/schema\/person\/image\/\",\"url\":\"https:\/\/secure.gravatar.com\/avatar\/c4ca25fa72cace7a696b52ff5db9e095?s=96&d=mm&r=g\",\"contentUrl\":\"https:\/\/secure.gravatar.com\/avatar\/c4ca25fa72cace7a696b52ff5db9e095?s=96&d=mm&r=g\",\"caption\":\"hudo\"},\"url\":\"https:\/\/hudo.com\/si\/author\/hudo\/\"}]}<\/script>\n<!-- \/ Yoast SEO plugin. -->","yoast_head_json":{"title":"Marca vi\u0161ji prora\u010dunski primanjkljaj - Hudo Slovenija","robots":{"index":"index","follow":"follow","max-snippet":"max-snippet:-1","max-image-preview":"max-image-preview:large","max-video-preview":"max-video-preview:-1"},"canonical":"https:\/\/hudo.com\/si\/aktualno\/marca-visji-proracunski-primanjkljaj\/","og_locale":"sl_SI","og_type":"article","og_title":"Marca vi\u0161ji prora\u010dunski primanjkljaj - Hudo Slovenija","og_description":"Kategorija: Finance Fri, 14 Apr 2017 11:40:00 +0200 Ljubljana \u2212 Dr\u017eavni prora\u010dun je marca ustvaril 243,3 milijona evrov primanjkljaja, kar je najve\u010d letos, a za 80,3 milijona evrov manj kot marca lani, ka\u017eejo najnovej\u0161i podatki o prora\u010dunski realizaciji. Po treh mesecih je skupni primanjkljaj pri 397,8 milijona evrov, kar je ve\u010d od polovice na\u010drtovanega letnega. V prvem delu leta je primanjkljaj obi\u010dajno vi\u0161ji. Kot so najnovej\u0161e podatke komentirali na finan\u010dnem ministrstvu, je primanjkljaj v tem delu leta obi\u010dajno vi\u0161ji kot v drugi polovici leta predvsem zaradi izpla\u010dil kmetijskih subvencij in pla\u010dila obresti. V celotnem letu 2017 je sicer prora\u010dunski primanjkljaj na\u010drtovan v vi\u0161ini 681 milijonov evrov. Prihodkov je bilo marca za 643,2 milijona evrov, kar je 70,3 milijona evrov oziroma 12,2 odstotka ve\u010d kot marca lani, odhodkov pa je bilo za 886,5 milijona evrov, kar je 10,1 milijona evrov oziroma 1,1\u00a0...","og_url":"https:\/\/hudo.com\/si\/aktualno\/marca-visji-proracunski-primanjkljaj\/","og_site_name":"Hudo Slovenija","article_publisher":"https:\/\/www.facebook.com\/hudo.si","article_published_time":"2017-04-14T07:40:00+00:00","article_modified_time":"2017-04-14T12:12:07+00:00","og_image":[{"width":480,"height":290,"url":"https:\/\/hudo.com\/si\/wp-content\/uploads\/sites\/2\/2017\/04\/480x290_djvu_1726507_andrejm_reut-evri.jpeg","type":"image\/jpeg"}],"author":"hudo","twitter_card":"summary_large_image","twitter_creator":"@hudo_si","twitter_site":"@hudo_si","twitter_misc":{"Written by":"hudo","Est. reading time":"1 minuta"},"schema":{"@context":"https:\/\/schema.org","@graph":[{"@type":"Article","@id":"https:\/\/hudo.com\/si\/aktualno\/marca-visji-proracunski-primanjkljaj\/#article","isPartOf":{"@id":"https:\/\/hudo.com\/si\/aktualno\/marca-visji-proracunski-primanjkljaj\/"},"author":{"name":"hudo","@id":"https:\/\/hudo.com\/si\/#\/schema\/person\/601cf3379633985b20f7e50f2bb47707"},"headline":"Marca vi\u0161ji prora\u010dunski primanjkljaj","datePublished":"2017-04-14T07:40:00+00:00","dateModified":"2017-04-14T12:12:07+00:00","mainEntityOfPage":{"@id":"https:\/\/hudo.com\/si\/aktualno\/marca-visji-proracunski-primanjkljaj\/"},"wordCount":148,"publisher":{"@id":"https:\/\/hudo.com\/si\/#organization"},"articleSection":["Aktualno"],"inLanguage":"sl-SI"},{"@type":"WebPage","@id":"https:\/\/hudo.com\/si\/aktualno\/marca-visji-proracunski-primanjkljaj\/","url":"https:\/\/hudo.com\/si\/aktualno\/marca-visji-proracunski-primanjkljaj\/","name":"Marca vi\u0161ji prora\u010dunski primanjkljaj - Hudo Slovenija","isPartOf":{"@id":"https:\/\/hudo.com\/si\/#website"},"datePublished":"2017-04-14T07:40:00+00:00","dateModified":"2017-04-14T12:12:07+00:00","breadcrumb":{"@id":"https:\/\/hudo.com\/si\/aktualno\/marca-visji-proracunski-primanjkljaj\/#breadcrumb"},"inLanguage":"sl-SI","potentialAction":[{"@type":"ReadAction","target":["https:\/\/hudo.com\/si\/aktualno\/marca-visji-proracunski-primanjkljaj\/"]}]},{"@type":"BreadcrumbList","@id":"https:\/\/hudo.com\/si\/aktualno\/marca-visji-proracunski-primanjkljaj\/#breadcrumb","itemListElement":[{"@type":"ListItem","position":1,"name":"Home","item":"https:\/\/hudo.com\/si\/"},{"@type":"ListItem","position":2,"name":"Marca vi\u0161ji prora\u010dunski primanjkljaj"}]},{"@type":"WebSite","@id":"https:\/\/hudo.com\/si\/#website","url":"https:\/\/hudo.com\/si\/","name":"Hudo Slovenija","description":"Vse novice iz Slovenije in sveta","publisher":{"@id":"https:\/\/hudo.com\/si\/#organization"},"potentialAction":[{"@type":"SearchAction","target":{"@type":"EntryPoint","urlTemplate":"https:\/\/hudo.com\/si\/?s={search_term_string}"},"query-input":"required name=search_term_string"}],"inLanguage":"sl-SI"},{"@type":"Organization","@id":"https:\/\/hudo.com\/si\/#organization","name":"VSN Media","url":"https:\/\/hudo.com\/si\/","logo":{"@type":"ImageObject","inLanguage":"sl-SI","@id":"https:\/\/hudo.com\/si\/#\/schema\/logo\/image\/","url":"https:\/\/hudo.com\/si\/wp-content\/uploads\/sites\/2\/2021\/03\/hudo-app-2.png","contentUrl":"https:\/\/hudo.com\/si\/wp-content\/uploads\/sites\/2\/2021\/03\/hudo-app-2.png","width":2185,"height":2167,"caption":"VSN Media"},"image":{"@id":"https:\/\/hudo.com\/si\/#\/schema\/logo\/image\/"},"sameAs":["https:\/\/www.facebook.com\/hudo.si","https:\/\/twitter.com\/hudo_si"]},{"@type":"Person","@id":"https:\/\/hudo.com\/si\/#\/schema\/person\/601cf3379633985b20f7e50f2bb47707","name":"hudo","image":{"@type":"ImageObject","inLanguage":"sl-SI","@id":"https:\/\/hudo.com\/si\/#\/schema\/person\/image\/","url":"https:\/\/secure.gravatar.com\/avatar\/c4ca25fa72cace7a696b52ff5db9e095?s=96&d=mm&r=g","contentUrl":"https:\/\/secure.gravatar.com\/avatar\/c4ca25fa72cace7a696b52ff5db9e095?s=96&d=mm&r=g","caption":"hudo"},"url":"https:\/\/hudo.com\/si\/author\/hudo\/"}]}},"amp_enabled":true,"_links":{"self":[{"href":"https:\/\/hudo.com\/si\/wp-json\/wp\/v2\/posts\/241671"}],"collection":[{"href":"https:\/\/hudo.com\/si\/wp-json\/wp\/v2\/posts"}],"about":[{"href":"https:\/\/hudo.com\/si\/wp-json\/wp\/v2\/types\/post"}],"author":[{"embeddable":true,"href":"https:\/\/hudo.com\/si\/wp-json\/wp\/v2\/users\/1"}],"replies":[{"embeddable":true,"href":"https:\/\/hudo.com\/si\/wp-json\/wp\/v2\/comments?post=241671"}],"version-history":[{"count":1,"href":"https:\/\/hudo.com\/si\/wp-json\/wp\/v2\/posts\/241671\/revisions"}],"predecessor-version":[{"id":241775,"href":"https:\/\/hudo.com\/si\/wp-json\/wp\/v2\/posts\/241671\/revisions\/241775"}],"wp:attachment":[{"href":"https:\/\/hudo.com\/si\/wp-json\/wp\/v2\/media?parent=241671"}],"wp:term":[{"taxonomy":"category","embeddable":true,"href":"https:\/\/hudo.com\/si\/wp-json\/wp\/v2\/categories?post=241671"},{"taxonomy":"post_tag","embeddable":true,"href":"https:\/\/hudo.com\/si\/wp-json\/wp\/v2\/tags?post=241671"},{"taxonomy":"source","embeddable":true,"href":"https:\/\/hudo.com\/si\/wp-json\/wp\/v2\/source?post=241671"},{"taxonomy":"supertag","embeddable":true,"href":"https:\/\/hudo.com\/si\/wp-json\/wp\/v2\/supertag?post=241671"}],"curies":[{"name":"wp","href":"https:\/\/api.w.org\/{rel}","templated":true}]}}