{"id":243841,"date":"2017-04-19T13:12:07","date_gmt":"2017-04-19T11:12:07","guid":{"rendered":"http:\/\/hudo.com\/si\/?p=243841"},"modified":"2017-04-19T13:12:07","modified_gmt":"2017-04-19T11:12:07","slug":"v-turciji-tisoci-protestirali-proti-izidu-referenduma","status":"publish","type":"post","link":"https:\/\/hudo.com\/si\/aktualno\/v-turciji-tisoci-protestirali-proti-izidu-referenduma\/","title":{"rendered":"V Tur\u010diji tiso\u010di protestirali proti izidu referenduma"},"content":{"rendered":"<p>Protestniki so se med drugim zbrali v Istanbulu, Ankari, Izmirju in Eskisehirju. V Istanbulu je protest potekal v \u010detrti Besiktas, kjer so protestniki vzklikali gesla proti Erdoganu in ga med drugim obto\u017eevali, da je tat in morilec. Dr\u017eavno volilno komisijo so obto\u017eevali strankarske pripadnosti.<\/p>\n<p>Posebej kriti\u010dno so bili do odlo\u010ditve komisije, da bodo veljavne tudi ne\u017eigosane glasovnice v ovojnicah, poro\u010da nem\u0161ka tiskovna agencija dpa.<\/p>\n<p>Opozicijski \u010dasnik Birg\u00fcn je poro\u010dal, da je policija po mirnih protestih v Istanbulu prijela 38 ljudi in da je danes zjutraj izvajala racije na domovih aktivistov. Lokalni vodja majhne leve stranke \u00d6DP Mesut Gecgel je na Twitterju sporo\u010dil, da so ga prijeli, ker je spodbujal ljudi k protestom in trdil, da so izidi referenduma nelegitimni, navaja dpa. Gecgel je bil med drugim soorganizator protestov v Istanbulu v minulih dneh.<\/p>\n<p>Glede na \u0161e neuradne izide je v nedeljo 51,4 odstotka volivcev potrdilo ustavne spremembe in Erdogan je \u017ee razglasil zmago. A izidu referenduma ostro nasprotuje opozicija, njegovo veljavnost pa so pod vpra\u0161aj postavili tudi evropski opazovalci.<\/p>\n<p>Ti so ocenili, da referendum na splo\u0161no ni izpolnil standardov Sveta Evrope, ker da je bil zakonski okvir neprimeren za resni\u010dno demokrati\u010den proces, nasprotni strani pa nista imeli enakih mo\u017enosti.<\/p>\n","protected":false},"excerpt":{"rendered":"<p>V tur\u0161kih mestih je v torek zve\u010der ve\u010d tiso\u010d ljudi protestiralo proti izidu nedeljskega referenduma o ustavnih spremembah, ki predsedniku dr\u017eave Recepu Tayyipu Erdoganu podeljujejo dodatna obse\u017ena pooblastila.<\/p>\n","protected":false},"author":8,"featured_media":243842,"comment_status":"closed","ping_status":"closed","sticky":false,"template":"","format":"standard","meta":{"footnotes":""},"categories":[1179],"tags":[2272,5801,1887],"source":[4511],"supertag":[6103],"acf":[],"yoast_head":"<!-- This site is optimized with the Yoast SEO plugin v21.3 - https:\/\/yoast.com\/wordpress\/plugins\/seo\/ -->\n<title>V Tur\u010diji tiso\u010di protestirali proti izidu referenduma - Hudo Slovenija<\/title>\n<meta name=\"robots\" content=\"index, follow, max-snippet:-1, max-image-preview:large, max-video-preview:-1\" \/>\n<link rel=\"canonical\" href=\"https:\/\/hudo.com\/si\/aktualno\/v-turciji-tisoci-protestirali-proti-izidu-referenduma\/\" \/>\n<meta property=\"og:locale\" content=\"sl_SI\" \/>\n<meta property=\"og:type\" content=\"article\" \/>\n<meta property=\"og:title\" content=\"V Tur\u010diji tiso\u010di protestirali proti izidu referenduma - Hudo Slovenija\" \/>\n<meta property=\"og:description\" content=\"V tur\u0161kih mestih je v torek zve\u010der ve\u010d tiso\u010d ljudi protestiralo proti izidu nedeljskega referenduma o ustavnih spremembah, ki predsedniku dr\u017eave Recepu Tayyipu Erdoganu podeljujejo dodatna obse\u017ena pooblastila.\" \/>\n<meta property=\"og:url\" content=\"https:\/\/hudo.com\/si\/aktualno\/v-turciji-tisoci-protestirali-proti-izidu-referenduma\/\" \/>\n<meta property=\"og:site_name\" content=\"Hudo Slovenija\" \/>\n<meta property=\"article:publisher\" content=\"https:\/\/www.facebook.com\/hudo.si\" \/>\n<meta property=\"article:published_time\" content=\"2017-04-19T11:12:07+00:00\" \/>\n<meta property=\"og:image\" content=\"https:\/\/hudo.com\/si\/wp-content\/uploads\/sites\/2\/2017\/04\/profimedia-0329461260.jpg\" \/>\n\t<meta property=\"og:image:width\" content=\"1250\" \/>\n\t<meta property=\"og:image:height\" content=\"833\" \/>\n\t<meta property=\"og:image:type\" content=\"image\/jpeg\" \/>\n<meta name=\"author\" content=\"M. N., STA\" \/>\n<meta name=\"twitter:card\" content=\"summary_large_image\" \/>\n<meta name=\"twitter:creator\" content=\"@hudo_si\" \/>\n<meta name=\"twitter:site\" content=\"@hudo_si\" \/>\n<meta name=\"twitter:label1\" content=\"Written by\" \/>\n\t<meta name=\"twitter:data1\" content=\"M. N., STA\" \/>\n\t<meta name=\"twitter:label2\" content=\"Est. reading time\" \/>\n\t<meta name=\"twitter:data2\" content=\"1 minuta\" \/>\n<script type=\"application\/ld+json\" class=\"yoast-schema-graph\">{\"@context\":\"https:\/\/schema.org\",\"@graph\":[{\"@type\":\"Article\",\"@id\":\"https:\/\/hudo.com\/si\/aktualno\/v-turciji-tisoci-protestirali-proti-izidu-referenduma\/#article\",\"isPartOf\":{\"@id\":\"https:\/\/hudo.com\/si\/aktualno\/v-turciji-tisoci-protestirali-proti-izidu-referenduma\/\"},\"author\":{\"name\":\"M. N., STA\",\"@id\":\"https:\/\/hudo.com\/si\/#\/schema\/person\/c2f10ce65d2e6ede2aeda5be2a0611fa\"},\"headline\":\"V Tur\u010diji tiso\u010di protestirali proti izidu referenduma\",\"datePublished\":\"2017-04-19T11:12:07+00:00\",\"dateModified\":\"2017-04-19T11:12:07+00:00\",\"mainEntityOfPage\":{\"@id\":\"https:\/\/hudo.com\/si\/aktualno\/v-turciji-tisoci-protestirali-proti-izidu-referenduma\/\"},\"wordCount\":222,\"publisher\":{\"@id\":\"https:\/\/hudo.com\/si\/#organization\"},\"keywords\":[\"referendum\",\"Tayyip Recep Erdogan\",\"tur\u010dija\"],\"articleSection\":[\"Aktualno\"],\"inLanguage\":\"sl-SI\"},{\"@type\":\"WebPage\",\"@id\":\"https:\/\/hudo.com\/si\/aktualno\/v-turciji-tisoci-protestirali-proti-izidu-referenduma\/\",\"url\":\"https:\/\/hudo.com\/si\/aktualno\/v-turciji-tisoci-protestirali-proti-izidu-referenduma\/\",\"name\":\"V Tur\u010diji tiso\u010di protestirali proti izidu referenduma - Hudo Slovenija\",\"isPartOf\":{\"@id\":\"https:\/\/hudo.com\/si\/#website\"},\"datePublished\":\"2017-04-19T11:12:07+00:00\",\"dateModified\":\"2017-04-19T11:12:07+00:00\",\"breadcrumb\":{\"@id\":\"https:\/\/hudo.com\/si\/aktualno\/v-turciji-tisoci-protestirali-proti-izidu-referenduma\/#breadcrumb\"},\"inLanguage\":\"sl-SI\",\"potentialAction\":[{\"@type\":\"ReadAction\",\"target\":[\"https:\/\/hudo.com\/si\/aktualno\/v-turciji-tisoci-protestirali-proti-izidu-referenduma\/\"]}]},{\"@type\":\"BreadcrumbList\",\"@id\":\"https:\/\/hudo.com\/si\/aktualno\/v-turciji-tisoci-protestirali-proti-izidu-referenduma\/#breadcrumb\",\"itemListElement\":[{\"@type\":\"ListItem\",\"position\":1,\"name\":\"Home\",\"item\":\"https:\/\/hudo.com\/si\/\"},{\"@type\":\"ListItem\",\"position\":2,\"name\":\"V Tur\u010diji tiso\u010di protestirali proti izidu referenduma\"}]},{\"@type\":\"WebSite\",\"@id\":\"https:\/\/hudo.com\/si\/#website\",\"url\":\"https:\/\/hudo.com\/si\/\",\"name\":\"Hudo Slovenija\",\"description\":\"Vse novice iz Slovenije in sveta\",\"publisher\":{\"@id\":\"https:\/\/hudo.com\/si\/#organization\"},\"potentialAction\":[{\"@type\":\"SearchAction\",\"target\":{\"@type\":\"EntryPoint\",\"urlTemplate\":\"https:\/\/hudo.com\/si\/?s={search_term_string}\"},\"query-input\":\"required name=search_term_string\"}],\"inLanguage\":\"sl-SI\"},{\"@type\":\"Organization\",\"@id\":\"https:\/\/hudo.com\/si\/#organization\",\"name\":\"VSN Media\",\"url\":\"https:\/\/hudo.com\/si\/\",\"logo\":{\"@type\":\"ImageObject\",\"inLanguage\":\"sl-SI\",\"@id\":\"https:\/\/hudo.com\/si\/#\/schema\/logo\/image\/\",\"url\":\"https:\/\/hudo.com\/si\/wp-content\/uploads\/sites\/2\/2021\/03\/hudo-app-2.png\",\"contentUrl\":\"https:\/\/hudo.com\/si\/wp-content\/uploads\/sites\/2\/2021\/03\/hudo-app-2.png\",\"width\":2185,\"height\":2167,\"caption\":\"VSN Media\"},\"image\":{\"@id\":\"https:\/\/hudo.com\/si\/#\/schema\/logo\/image\/\"},\"sameAs\":[\"https:\/\/www.facebook.com\/hudo.si\",\"https:\/\/twitter.com\/hudo_si\"]},{\"@type\":\"Person\",\"@id\":\"https:\/\/hudo.com\/si\/#\/schema\/person\/c2f10ce65d2e6ede2aeda5be2a0611fa\",\"name\":\"M. N., STA\",\"image\":{\"@type\":\"ImageObject\",\"inLanguage\":\"sl-SI\",\"@id\":\"https:\/\/hudo.com\/si\/#\/schema\/person\/image\/\",\"url\":\"https:\/\/secure.gravatar.com\/avatar\/f370d38daa10467f755c5c766a4cac20?s=96&d=mm&r=g\",\"contentUrl\":\"https:\/\/secure.gravatar.com\/avatar\/f370d38daa10467f755c5c766a4cac20?s=96&d=mm&r=g\",\"caption\":\"M. N., STA\"},\"url\":\"https:\/\/hudo.com\/si\/author\/mana\/\"}]}<\/script>\n<!-- \/ Yoast SEO plugin. -->","yoast_head_json":{"title":"V Tur\u010diji tiso\u010di protestirali proti izidu referenduma - Hudo Slovenija","robots":{"index":"index","follow":"follow","max-snippet":"max-snippet:-1","max-image-preview":"max-image-preview:large","max-video-preview":"max-video-preview:-1"},"canonical":"https:\/\/hudo.com\/si\/aktualno\/v-turciji-tisoci-protestirali-proti-izidu-referenduma\/","og_locale":"sl_SI","og_type":"article","og_title":"V Tur\u010diji tiso\u010di protestirali proti izidu referenduma - Hudo Slovenija","og_description":"V tur\u0161kih mestih je v torek zve\u010der ve\u010d tiso\u010d ljudi protestiralo proti izidu nedeljskega referenduma o ustavnih spremembah, ki predsedniku dr\u017eave Recepu Tayyipu Erdoganu podeljujejo dodatna obse\u017ena pooblastila.","og_url":"https:\/\/hudo.com\/si\/aktualno\/v-turciji-tisoci-protestirali-proti-izidu-referenduma\/","og_site_name":"Hudo Slovenija","article_publisher":"https:\/\/www.facebook.com\/hudo.si","article_published_time":"2017-04-19T11:12:07+00:00","og_image":[{"width":1250,"height":833,"url":"https:\/\/hudo.com\/si\/wp-content\/uploads\/sites\/2\/2017\/04\/profimedia-0329461260.jpg","type":"image\/jpeg"}],"author":"M. N., STA","twitter_card":"summary_large_image","twitter_creator":"@hudo_si","twitter_site":"@hudo_si","twitter_misc":{"Written by":"M. N., STA","Est. reading time":"1 minuta"},"schema":{"@context":"https:\/\/schema.org","@graph":[{"@type":"Article","@id":"https:\/\/hudo.com\/si\/aktualno\/v-turciji-tisoci-protestirali-proti-izidu-referenduma\/#article","isPartOf":{"@id":"https:\/\/hudo.com\/si\/aktualno\/v-turciji-tisoci-protestirali-proti-izidu-referenduma\/"},"author":{"name":"M. N., STA","@id":"https:\/\/hudo.com\/si\/#\/schema\/person\/c2f10ce65d2e6ede2aeda5be2a0611fa"},"headline":"V Tur\u010diji tiso\u010di protestirali proti izidu referenduma","datePublished":"2017-04-19T11:12:07+00:00","dateModified":"2017-04-19T11:12:07+00:00","mainEntityOfPage":{"@id":"https:\/\/hudo.com\/si\/aktualno\/v-turciji-tisoci-protestirali-proti-izidu-referenduma\/"},"wordCount":222,"publisher":{"@id":"https:\/\/hudo.com\/si\/#organization"},"keywords":["referendum","Tayyip Recep Erdogan","tur\u010dija"],"articleSection":["Aktualno"],"inLanguage":"sl-SI"},{"@type":"WebPage","@id":"https:\/\/hudo.com\/si\/aktualno\/v-turciji-tisoci-protestirali-proti-izidu-referenduma\/","url":"https:\/\/hudo.com\/si\/aktualno\/v-turciji-tisoci-protestirali-proti-izidu-referenduma\/","name":"V Tur\u010diji tiso\u010di protestirali proti izidu referenduma - Hudo Slovenija","isPartOf":{"@id":"https:\/\/hudo.com\/si\/#website"},"datePublished":"2017-04-19T11:12:07+00:00","dateModified":"2017-04-19T11:12:07+00:00","breadcrumb":{"@id":"https:\/\/hudo.com\/si\/aktualno\/v-turciji-tisoci-protestirali-proti-izidu-referenduma\/#breadcrumb"},"inLanguage":"sl-SI","potentialAction":[{"@type":"ReadAction","target":["https:\/\/hudo.com\/si\/aktualno\/v-turciji-tisoci-protestirali-proti-izidu-referenduma\/"]}]},{"@type":"BreadcrumbList","@id":"https:\/\/hudo.com\/si\/aktualno\/v-turciji-tisoci-protestirali-proti-izidu-referenduma\/#breadcrumb","itemListElement":[{"@type":"ListItem","position":1,"name":"Home","item":"https:\/\/hudo.com\/si\/"},{"@type":"ListItem","position":2,"name":"V Tur\u010diji tiso\u010di protestirali proti izidu referenduma"}]},{"@type":"WebSite","@id":"https:\/\/hudo.com\/si\/#website","url":"https:\/\/hudo.com\/si\/","name":"Hudo Slovenija","description":"Vse novice iz Slovenije in sveta","publisher":{"@id":"https:\/\/hudo.com\/si\/#organization"},"potentialAction":[{"@type":"SearchAction","target":{"@type":"EntryPoint","urlTemplate":"https:\/\/hudo.com\/si\/?s={search_term_string}"},"query-input":"required name=search_term_string"}],"inLanguage":"sl-SI"},{"@type":"Organization","@id":"https:\/\/hudo.com\/si\/#organization","name":"VSN Media","url":"https:\/\/hudo.com\/si\/","logo":{"@type":"ImageObject","inLanguage":"sl-SI","@id":"https:\/\/hudo.com\/si\/#\/schema\/logo\/image\/","url":"https:\/\/hudo.com\/si\/wp-content\/uploads\/sites\/2\/2021\/03\/hudo-app-2.png","contentUrl":"https:\/\/hudo.com\/si\/wp-content\/uploads\/sites\/2\/2021\/03\/hudo-app-2.png","width":2185,"height":2167,"caption":"VSN Media"},"image":{"@id":"https:\/\/hudo.com\/si\/#\/schema\/logo\/image\/"},"sameAs":["https:\/\/www.facebook.com\/hudo.si","https:\/\/twitter.com\/hudo_si"]},{"@type":"Person","@id":"https:\/\/hudo.com\/si\/#\/schema\/person\/c2f10ce65d2e6ede2aeda5be2a0611fa","name":"M. N., STA","image":{"@type":"ImageObject","inLanguage":"sl-SI","@id":"https:\/\/hudo.com\/si\/#\/schema\/person\/image\/","url":"https:\/\/secure.gravatar.com\/avatar\/f370d38daa10467f755c5c766a4cac20?s=96&d=mm&r=g","contentUrl":"https:\/\/secure.gravatar.com\/avatar\/f370d38daa10467f755c5c766a4cac20?s=96&d=mm&r=g","caption":"M. N., STA"},"url":"https:\/\/hudo.com\/si\/author\/mana\/"}]}},"amp_enabled":true,"_links":{"self":[{"href":"https:\/\/hudo.com\/si\/wp-json\/wp\/v2\/posts\/243841"}],"collection":[{"href":"https:\/\/hudo.com\/si\/wp-json\/wp\/v2\/posts"}],"about":[{"href":"https:\/\/hudo.com\/si\/wp-json\/wp\/v2\/types\/post"}],"author":[{"embeddable":true,"href":"https:\/\/hudo.com\/si\/wp-json\/wp\/v2\/users\/8"}],"replies":[{"embeddable":true,"href":"https:\/\/hudo.com\/si\/wp-json\/wp\/v2\/comments?post=243841"}],"version-history":[{"count":1,"href":"https:\/\/hudo.com\/si\/wp-json\/wp\/v2\/posts\/243841\/revisions"}],"predecessor-version":[{"id":243843,"href":"https:\/\/hudo.com\/si\/wp-json\/wp\/v2\/posts\/243841\/revisions\/243843"}],"wp:featuredmedia":[{"embeddable":true,"href":"https:\/\/hudo.com\/si\/wp-json\/wp\/v2\/media\/243842"}],"wp:attachment":[{"href":"https:\/\/hudo.com\/si\/wp-json\/wp\/v2\/media?parent=243841"}],"wp:term":[{"taxonomy":"category","embeddable":true,"href":"https:\/\/hudo.com\/si\/wp-json\/wp\/v2\/categories?post=243841"},{"taxonomy":"post_tag","embeddable":true,"href":"https:\/\/hudo.com\/si\/wp-json\/wp\/v2\/tags?post=243841"},{"taxonomy":"source","embeddable":true,"href":"https:\/\/hudo.com\/si\/wp-json\/wp\/v2\/source?post=243841"},{"taxonomy":"supertag","embeddable":true,"href":"https:\/\/hudo.com\/si\/wp-json\/wp\/v2\/supertag?post=243841"}],"curies":[{"name":"wp","href":"https:\/\/api.w.org\/{rel}","templated":true}]}}