{"id":243985,"date":"2017-04-19T13:38:00","date_gmt":"2017-04-19T11:38:00","guid":{"rendered":"http:\/\/hudo.com\/si\/2017\/04\/19\/robert-begus-sestopil-s-trenerskega-stolcka-v-ribnici\/"},"modified":"2017-04-19T13:38:00","modified_gmt":"2017-04-19T11:38:00","slug":"robert-begus-sestopil-s-trenerskega-stolcka-v-ribnici","status":"publish","type":"post","link":"https:\/\/hudo.com\/si\/aktualno\/robert-begus-sestopil-s-trenerskega-stolcka-v-ribnici\/","title":{"rendered":"Robert Begu\u0161 sestopil s trenerskega stol\u010dka v Ribnici"},"content":{"rendered":"<p>Kategorija: Rokomet Wed, 19 Apr 2017 15:38:00 +0200  Ribnica &#8211; Potem ko so na zaklju\u010dnem turnirju pokala Slovenije vpisali dva poraza in zasedli kon\u010dno \u010detrto mesto, so rokometa\u0161i prvoliga\u0161a Rika Ribnice ostali brez trenerja. Odstop je namre\u010d ponudil dosedanji strateg Robert Begu\u0161, uprava kluba pa ga je na ponedeljkovem izrednem sestanku tudi sprejela in ob tem javnosti sporo\u010dila: \u00bbBegu\u0161u se zahvaljujemo za \u0161tiriletno delo v Ribnici in mu \u017eelimo uspe\u0161no nadaljevanje trenerske poti.\u00ab Do konca sezone bo zasedbo vodil dosedanji pomo\u010dnik Damjan \u0160kaper. Za ribni\u0161ko zasedbo je sicer uspe\u0161na sezona, v kateri je nase opozorila tudi v mednarodnem merilu, saj se je skozi kvalifikacije prebila v skupinski del pokala EHF, v njem pa predvsem nabirala dragocene evropske izku\u0161nje, v \u0161estih dvobojih s F\u00fcchse Berlinom, St. Rapha\u00eblom in GOG Gudmejem pa ostala brez osvojene to\u010dke. V doma\u010dem prvoliga\u0161kem tekmovanju so prvi\u00a0&#8230;<\/p>\n","protected":false},"excerpt":{"rendered":"<p>Kategorija: Rokomet Wed, 19 Apr 2017 15:38:00 +0200  Ribnica &#8211; Potem ko so na zaklju\u010dnem turnirju pokala Slovenije vpisali dva poraza in zasedli kon\u010dno \u010detrto mesto, so rokometa\u0161i prvoliga\u0161a Rika Ribnice ostali brez trenerja. Odstop je namre\u010d ponudil dosedanji strateg Robert Begu\u0161, uprava kluba pa ga je na ponedeljkovem izrednem sestanku tudi sprejela in ob tem javnosti sporo\u010dila: \u00bbBegu\u0161u se zahvaljujemo za \u0161tiriletno delo v Ribnici in mu \u017eelimo uspe\u0161no nadaljevanje trenerske poti.\u00ab Do konca sezone bo zasedbo vodil dosedanji pomo\u010dnik Damjan \u0160kaper. Za ribni\u0161ko zasedbo je sicer uspe\u0161na sezona, v kateri je nase opozorila tudi v mednarodnem merilu, saj se je skozi kvalifikacije prebila v skupinski del pokala EHF, v njem pa predvsem nabirala dragocene evropske izku\u0161nje, v \u0161estih dvobojih s F\u00fcchse Berlinom, St. Rapha\u00eblom in GOG Gudmejem pa ostala brez osvojene to\u010dke. V doma\u010dem prvoliga\u0161kem tekmovanju so prvi\u00a0&#8230;<\/p>\n","protected":false},"author":1,"featured_media":0,"comment_status":"closed","ping_status":"closed","sticky":false,"template":"","format":"standard","meta":{"footnotes":""},"categories":[1179],"tags":[],"source":[1703],"supertag":[],"acf":[],"yoast_head":"<!-- This site is optimized with the Yoast SEO plugin v21.3 - https:\/\/yoast.com\/wordpress\/plugins\/seo\/ -->\n<title>Robert Begu\u0161 sestopil s trenerskega stol\u010dka v Ribnici - Hudo Slovenija<\/title>\n<meta name=\"robots\" content=\"index, follow, max-snippet:-1, max-image-preview:large, max-video-preview:-1\" \/>\n<link rel=\"canonical\" href=\"https:\/\/hudo.com\/si\/aktualno\/robert-begus-sestopil-s-trenerskega-stolcka-v-ribnici\/\" \/>\n<meta property=\"og:locale\" content=\"sl_SI\" \/>\n<meta property=\"og:type\" content=\"article\" \/>\n<meta property=\"og:title\" content=\"Robert Begu\u0161 sestopil s trenerskega stol\u010dka v Ribnici - Hudo Slovenija\" \/>\n<meta property=\"og:description\" content=\"Kategorija: Rokomet Wed, 19 Apr 2017 15:38:00 +0200 Ribnica - Potem ko so na zaklju\u010dnem turnirju pokala Slovenije vpisali dva poraza in zasedli kon\u010dno \u010detrto mesto, so rokometa\u0161i prvoliga\u0161a Rika Ribnice ostali brez trenerja. Odstop je namre\u010d ponudil dosedanji strateg Robert Begu\u0161, uprava kluba pa ga je na ponedeljkovem izrednem sestanku tudi sprejela in ob tem javnosti sporo\u010dila: \u00bbBegu\u0161u se zahvaljujemo za \u0161tiriletno delo v Ribnici in mu \u017eelimo uspe\u0161no nadaljevanje trenerske poti.\u00ab Do konca sezone bo zasedbo vodil dosedanji pomo\u010dnik Damjan \u0160kaper. Za ribni\u0161ko zasedbo je sicer uspe\u0161na sezona, v kateri je nase opozorila tudi v mednarodnem merilu, saj se je skozi kvalifikacije prebila v skupinski del pokala EHF, v njem pa predvsem nabirala dragocene evropske izku\u0161nje, v \u0161estih dvobojih s F\u00fcchse Berlinom, St. Rapha\u00eblom in GOG Gudmejem pa ostala brez osvojene to\u010dke. V doma\u010dem prvoliga\u0161kem tekmovanju so prvi\u00a0...\" \/>\n<meta property=\"og:url\" content=\"https:\/\/hudo.com\/si\/aktualno\/robert-begus-sestopil-s-trenerskega-stolcka-v-ribnici\/\" \/>\n<meta property=\"og:site_name\" content=\"Hudo Slovenija\" \/>\n<meta property=\"article:publisher\" content=\"https:\/\/www.facebook.com\/hudo.si\" \/>\n<meta property=\"article:published_time\" content=\"2017-04-19T11:38:00+00:00\" \/>\n<meta property=\"og:image\" content=\"https:\/\/hudo.com\/si\/wp-content\/uploads\/sites\/2\/2017\/04\/480x290_djvu_2493239_janezp_uho-Begu-ROKOMET-NLB-Liga-NK.jpeg\" \/>\n\t<meta property=\"og:image:width\" content=\"480\" \/>\n\t<meta property=\"og:image:height\" content=\"290\" \/>\n\t<meta property=\"og:image:type\" content=\"image\/jpeg\" \/>\n<meta name=\"author\" content=\"hudo\" \/>\n<meta name=\"twitter:card\" content=\"summary_large_image\" \/>\n<meta name=\"twitter:creator\" content=\"@hudo_si\" \/>\n<meta name=\"twitter:site\" content=\"@hudo_si\" \/>\n<meta name=\"twitter:label1\" content=\"Written by\" \/>\n\t<meta name=\"twitter:data1\" content=\"hudo\" \/>\n\t<meta name=\"twitter:label2\" content=\"Est. reading time\" \/>\n\t<meta name=\"twitter:data2\" content=\"1 minuta\" \/>\n<script type=\"application\/ld+json\" class=\"yoast-schema-graph\">{\"@context\":\"https:\/\/schema.org\",\"@graph\":[{\"@type\":\"Article\",\"@id\":\"https:\/\/hudo.com\/si\/aktualno\/robert-begus-sestopil-s-trenerskega-stolcka-v-ribnici\/#article\",\"isPartOf\":{\"@id\":\"https:\/\/hudo.com\/si\/aktualno\/robert-begus-sestopil-s-trenerskega-stolcka-v-ribnici\/\"},\"author\":{\"name\":\"hudo\",\"@id\":\"https:\/\/hudo.com\/si\/#\/schema\/person\/601cf3379633985b20f7e50f2bb47707\"},\"headline\":\"Robert Begu\u0161 sestopil s trenerskega stol\u010dka v Ribnici\",\"datePublished\":\"2017-04-19T11:38:00+00:00\",\"dateModified\":\"2017-04-19T11:38:00+00:00\",\"mainEntityOfPage\":{\"@id\":\"https:\/\/hudo.com\/si\/aktualno\/robert-begus-sestopil-s-trenerskega-stolcka-v-ribnici\/\"},\"wordCount\":161,\"publisher\":{\"@id\":\"https:\/\/hudo.com\/si\/#organization\"},\"articleSection\":[\"Aktualno\"],\"inLanguage\":\"sl-SI\"},{\"@type\":\"WebPage\",\"@id\":\"https:\/\/hudo.com\/si\/aktualno\/robert-begus-sestopil-s-trenerskega-stolcka-v-ribnici\/\",\"url\":\"https:\/\/hudo.com\/si\/aktualno\/robert-begus-sestopil-s-trenerskega-stolcka-v-ribnici\/\",\"name\":\"Robert Begu\u0161 sestopil s trenerskega stol\u010dka v Ribnici - Hudo Slovenija\",\"isPartOf\":{\"@id\":\"https:\/\/hudo.com\/si\/#website\"},\"datePublished\":\"2017-04-19T11:38:00+00:00\",\"dateModified\":\"2017-04-19T11:38:00+00:00\",\"breadcrumb\":{\"@id\":\"https:\/\/hudo.com\/si\/aktualno\/robert-begus-sestopil-s-trenerskega-stolcka-v-ribnici\/#breadcrumb\"},\"inLanguage\":\"sl-SI\",\"potentialAction\":[{\"@type\":\"ReadAction\",\"target\":[\"https:\/\/hudo.com\/si\/aktualno\/robert-begus-sestopil-s-trenerskega-stolcka-v-ribnici\/\"]}]},{\"@type\":\"BreadcrumbList\",\"@id\":\"https:\/\/hudo.com\/si\/aktualno\/robert-begus-sestopil-s-trenerskega-stolcka-v-ribnici\/#breadcrumb\",\"itemListElement\":[{\"@type\":\"ListItem\",\"position\":1,\"name\":\"Home\",\"item\":\"https:\/\/hudo.com\/si\/\"},{\"@type\":\"ListItem\",\"position\":2,\"name\":\"Robert Begu\u0161 sestopil s trenerskega stol\u010dka v Ribnici\"}]},{\"@type\":\"WebSite\",\"@id\":\"https:\/\/hudo.com\/si\/#website\",\"url\":\"https:\/\/hudo.com\/si\/\",\"name\":\"Hudo Slovenija\",\"description\":\"Vse novice iz Slovenije in sveta\",\"publisher\":{\"@id\":\"https:\/\/hudo.com\/si\/#organization\"},\"potentialAction\":[{\"@type\":\"SearchAction\",\"target\":{\"@type\":\"EntryPoint\",\"urlTemplate\":\"https:\/\/hudo.com\/si\/?s={search_term_string}\"},\"query-input\":\"required name=search_term_string\"}],\"inLanguage\":\"sl-SI\"},{\"@type\":\"Organization\",\"@id\":\"https:\/\/hudo.com\/si\/#organization\",\"name\":\"VSN Media\",\"url\":\"https:\/\/hudo.com\/si\/\",\"logo\":{\"@type\":\"ImageObject\",\"inLanguage\":\"sl-SI\",\"@id\":\"https:\/\/hudo.com\/si\/#\/schema\/logo\/image\/\",\"url\":\"https:\/\/hudo.com\/si\/wp-content\/uploads\/sites\/2\/2021\/03\/hudo-app-2.png\",\"contentUrl\":\"https:\/\/hudo.com\/si\/wp-content\/uploads\/sites\/2\/2021\/03\/hudo-app-2.png\",\"width\":2185,\"height\":2167,\"caption\":\"VSN Media\"},\"image\":{\"@id\":\"https:\/\/hudo.com\/si\/#\/schema\/logo\/image\/\"},\"sameAs\":[\"https:\/\/www.facebook.com\/hudo.si\",\"https:\/\/twitter.com\/hudo_si\"]},{\"@type\":\"Person\",\"@id\":\"https:\/\/hudo.com\/si\/#\/schema\/person\/601cf3379633985b20f7e50f2bb47707\",\"name\":\"hudo\",\"image\":{\"@type\":\"ImageObject\",\"inLanguage\":\"sl-SI\",\"@id\":\"https:\/\/hudo.com\/si\/#\/schema\/person\/image\/\",\"url\":\"https:\/\/secure.gravatar.com\/avatar\/c4ca25fa72cace7a696b52ff5db9e095?s=96&d=mm&r=g\",\"contentUrl\":\"https:\/\/secure.gravatar.com\/avatar\/c4ca25fa72cace7a696b52ff5db9e095?s=96&d=mm&r=g\",\"caption\":\"hudo\"},\"url\":\"https:\/\/hudo.com\/si\/author\/hudo\/\"}]}<\/script>\n<!-- \/ Yoast SEO plugin. -->","yoast_head_json":{"title":"Robert Begu\u0161 sestopil s trenerskega stol\u010dka v Ribnici - Hudo Slovenija","robots":{"index":"index","follow":"follow","max-snippet":"max-snippet:-1","max-image-preview":"max-image-preview:large","max-video-preview":"max-video-preview:-1"},"canonical":"https:\/\/hudo.com\/si\/aktualno\/robert-begus-sestopil-s-trenerskega-stolcka-v-ribnici\/","og_locale":"sl_SI","og_type":"article","og_title":"Robert Begu\u0161 sestopil s trenerskega stol\u010dka v Ribnici - Hudo Slovenija","og_description":"Kategorija: Rokomet Wed, 19 Apr 2017 15:38:00 +0200 Ribnica - Potem ko so na zaklju\u010dnem turnirju pokala Slovenije vpisali dva poraza in zasedli kon\u010dno \u010detrto mesto, so rokometa\u0161i prvoliga\u0161a Rika Ribnice ostali brez trenerja. Odstop je namre\u010d ponudil dosedanji strateg Robert Begu\u0161, uprava kluba pa ga je na ponedeljkovem izrednem sestanku tudi sprejela in ob tem javnosti sporo\u010dila: \u00bbBegu\u0161u se zahvaljujemo za \u0161tiriletno delo v Ribnici in mu \u017eelimo uspe\u0161no nadaljevanje trenerske poti.\u00ab Do konca sezone bo zasedbo vodil dosedanji pomo\u010dnik Damjan \u0160kaper. Za ribni\u0161ko zasedbo je sicer uspe\u0161na sezona, v kateri je nase opozorila tudi v mednarodnem merilu, saj se je skozi kvalifikacije prebila v skupinski del pokala EHF, v njem pa predvsem nabirala dragocene evropske izku\u0161nje, v \u0161estih dvobojih s F\u00fcchse Berlinom, St. Rapha\u00eblom in GOG Gudmejem pa ostala brez osvojene to\u010dke. V doma\u010dem prvoliga\u0161kem tekmovanju so prvi\u00a0...","og_url":"https:\/\/hudo.com\/si\/aktualno\/robert-begus-sestopil-s-trenerskega-stolcka-v-ribnici\/","og_site_name":"Hudo Slovenija","article_publisher":"https:\/\/www.facebook.com\/hudo.si","article_published_time":"2017-04-19T11:38:00+00:00","og_image":[{"width":480,"height":290,"url":"https:\/\/hudo.com\/si\/wp-content\/uploads\/sites\/2\/2017\/04\/480x290_djvu_2493239_janezp_uho-Begu-ROKOMET-NLB-Liga-NK.jpeg","type":"image\/jpeg"}],"author":"hudo","twitter_card":"summary_large_image","twitter_creator":"@hudo_si","twitter_site":"@hudo_si","twitter_misc":{"Written by":"hudo","Est. reading time":"1 minuta"},"schema":{"@context":"https:\/\/schema.org","@graph":[{"@type":"Article","@id":"https:\/\/hudo.com\/si\/aktualno\/robert-begus-sestopil-s-trenerskega-stolcka-v-ribnici\/#article","isPartOf":{"@id":"https:\/\/hudo.com\/si\/aktualno\/robert-begus-sestopil-s-trenerskega-stolcka-v-ribnici\/"},"author":{"name":"hudo","@id":"https:\/\/hudo.com\/si\/#\/schema\/person\/601cf3379633985b20f7e50f2bb47707"},"headline":"Robert Begu\u0161 sestopil s trenerskega stol\u010dka v Ribnici","datePublished":"2017-04-19T11:38:00+00:00","dateModified":"2017-04-19T11:38:00+00:00","mainEntityOfPage":{"@id":"https:\/\/hudo.com\/si\/aktualno\/robert-begus-sestopil-s-trenerskega-stolcka-v-ribnici\/"},"wordCount":161,"publisher":{"@id":"https:\/\/hudo.com\/si\/#organization"},"articleSection":["Aktualno"],"inLanguage":"sl-SI"},{"@type":"WebPage","@id":"https:\/\/hudo.com\/si\/aktualno\/robert-begus-sestopil-s-trenerskega-stolcka-v-ribnici\/","url":"https:\/\/hudo.com\/si\/aktualno\/robert-begus-sestopil-s-trenerskega-stolcka-v-ribnici\/","name":"Robert Begu\u0161 sestopil s trenerskega stol\u010dka v Ribnici - Hudo Slovenija","isPartOf":{"@id":"https:\/\/hudo.com\/si\/#website"},"datePublished":"2017-04-19T11:38:00+00:00","dateModified":"2017-04-19T11:38:00+00:00","breadcrumb":{"@id":"https:\/\/hudo.com\/si\/aktualno\/robert-begus-sestopil-s-trenerskega-stolcka-v-ribnici\/#breadcrumb"},"inLanguage":"sl-SI","potentialAction":[{"@type":"ReadAction","target":["https:\/\/hudo.com\/si\/aktualno\/robert-begus-sestopil-s-trenerskega-stolcka-v-ribnici\/"]}]},{"@type":"BreadcrumbList","@id":"https:\/\/hudo.com\/si\/aktualno\/robert-begus-sestopil-s-trenerskega-stolcka-v-ribnici\/#breadcrumb","itemListElement":[{"@type":"ListItem","position":1,"name":"Home","item":"https:\/\/hudo.com\/si\/"},{"@type":"ListItem","position":2,"name":"Robert Begu\u0161 sestopil s trenerskega stol\u010dka v Ribnici"}]},{"@type":"WebSite","@id":"https:\/\/hudo.com\/si\/#website","url":"https:\/\/hudo.com\/si\/","name":"Hudo Slovenija","description":"Vse novice iz Slovenije in sveta","publisher":{"@id":"https:\/\/hudo.com\/si\/#organization"},"potentialAction":[{"@type":"SearchAction","target":{"@type":"EntryPoint","urlTemplate":"https:\/\/hudo.com\/si\/?s={search_term_string}"},"query-input":"required name=search_term_string"}],"inLanguage":"sl-SI"},{"@type":"Organization","@id":"https:\/\/hudo.com\/si\/#organization","name":"VSN Media","url":"https:\/\/hudo.com\/si\/","logo":{"@type":"ImageObject","inLanguage":"sl-SI","@id":"https:\/\/hudo.com\/si\/#\/schema\/logo\/image\/","url":"https:\/\/hudo.com\/si\/wp-content\/uploads\/sites\/2\/2021\/03\/hudo-app-2.png","contentUrl":"https:\/\/hudo.com\/si\/wp-content\/uploads\/sites\/2\/2021\/03\/hudo-app-2.png","width":2185,"height":2167,"caption":"VSN Media"},"image":{"@id":"https:\/\/hudo.com\/si\/#\/schema\/logo\/image\/"},"sameAs":["https:\/\/www.facebook.com\/hudo.si","https:\/\/twitter.com\/hudo_si"]},{"@type":"Person","@id":"https:\/\/hudo.com\/si\/#\/schema\/person\/601cf3379633985b20f7e50f2bb47707","name":"hudo","image":{"@type":"ImageObject","inLanguage":"sl-SI","@id":"https:\/\/hudo.com\/si\/#\/schema\/person\/image\/","url":"https:\/\/secure.gravatar.com\/avatar\/c4ca25fa72cace7a696b52ff5db9e095?s=96&d=mm&r=g","contentUrl":"https:\/\/secure.gravatar.com\/avatar\/c4ca25fa72cace7a696b52ff5db9e095?s=96&d=mm&r=g","caption":"hudo"},"url":"https:\/\/hudo.com\/si\/author\/hudo\/"}]}},"amp_enabled":true,"_links":{"self":[{"href":"https:\/\/hudo.com\/si\/wp-json\/wp\/v2\/posts\/243985"}],"collection":[{"href":"https:\/\/hudo.com\/si\/wp-json\/wp\/v2\/posts"}],"about":[{"href":"https:\/\/hudo.com\/si\/wp-json\/wp\/v2\/types\/post"}],"author":[{"embeddable":true,"href":"https:\/\/hudo.com\/si\/wp-json\/wp\/v2\/users\/1"}],"replies":[{"embeddable":true,"href":"https:\/\/hudo.com\/si\/wp-json\/wp\/v2\/comments?post=243985"}],"version-history":[{"count":0,"href":"https:\/\/hudo.com\/si\/wp-json\/wp\/v2\/posts\/243985\/revisions"}],"wp:attachment":[{"href":"https:\/\/hudo.com\/si\/wp-json\/wp\/v2\/media?parent=243985"}],"wp:term":[{"taxonomy":"category","embeddable":true,"href":"https:\/\/hudo.com\/si\/wp-json\/wp\/v2\/categories?post=243985"},{"taxonomy":"post_tag","embeddable":true,"href":"https:\/\/hudo.com\/si\/wp-json\/wp\/v2\/tags?post=243985"},{"taxonomy":"source","embeddable":true,"href":"https:\/\/hudo.com\/si\/wp-json\/wp\/v2\/source?post=243985"},{"taxonomy":"supertag","embeddable":true,"href":"https:\/\/hudo.com\/si\/wp-json\/wp\/v2\/supertag?post=243985"}],"curies":[{"name":"wp","href":"https:\/\/api.w.org\/{rel}","templated":true}]}}