{"id":244164,"date":"2017-04-20T04:00:00","date_gmt":"2017-04-20T02:00:00","guid":{"rendered":"http:\/\/hudo.com\/si\/2017\/04\/20\/vujovic-ce-ne-napolnimo-stozic-potem-ne-vem-kaj-se-gremo\/"},"modified":"2017-04-20T10:12:31","modified_gmt":"2017-04-20T08:12:31","slug":"vujovic-ce-ne-napolnimo-stozic-potem-ne-vem-kaj-se-gremo","status":"publish","type":"post","link":"https:\/\/hudo.com\/si\/aktualno\/vujovic-ce-ne-napolnimo-stozic-potem-ne-vem-kaj-se-gremo\/","title":{"rendered":"Vujovi\u0107: \u010ce ne napolnimo Sto\u017eic, potem ne vem, kaj se gremo"},"content":{"rendered":"<p>Kategorija: Rokomet Thu, 20 Apr 2017 06:00:00 +0200  Ljubljana \u2013 Slavje po osvojitvi brona na SP je bilo sladko, a kratko. Dobre tri mesece od zgodovinskega podviga proti Hrva\u0161ki v Parizu se bodo slovenski rokometa\u0161i v Sto\u017eicah prvi\u010d predstavili navija\u010dem \u0161e na igri\u0161\u010du; 3. maja bodo tekmeci evropski prvaki iz Nem\u010dije in selektor Veselin Vujovi\u0107 napoveduje, da bodo njegovi fantje prvi\u010d strli \u0161e ta oreh. Kako je spet priti v Ljubljano? Od SP je evforija malce popustila, toda \u017ee \u010dutim, da se ozra\u010dje spet ogreva. Nemci so imenitna vaba in \u010de nismo reprezentanca, ki bi napolnila Sto\u017eice, potem se lahko vpra\u0161amo, kaj sploh po\u010dnemo. Nem\u010dija vam je vzela mero na lanskem EP in OI, Slovenija je v zgodovini \u0161e ni premagala &#8230; Saj tudi \u0160panije do mojega prihoda \u0161e ni premagala, pa smo se prek nje uvrstili v\u00a0&#8230;<\/p>\n","protected":false},"excerpt":{"rendered":"<p>Kategorija: Rokomet Thu, 20 Apr 2017 06:00:00 +0200  Ljubljana \u2013 Slavje po osvojitvi brona na SP je bilo sladko, a kratko. Dobre tri mesece od zgodovinskega podviga proti Hrva\u0161ki v Parizu se bodo slovenski rokometa\u0161i v Sto\u017eicah prvi\u010d predstavili navija\u010dem \u0161e na igri\u0161\u010du; 3. maja bodo tekmeci evropski prvaki iz Nem\u010dije in selektor Veselin Vujovi\u0107 napoveduje, da bodo njegovi fantje prvi\u010d strli \u0161e ta oreh. Kako je spet priti v Ljubljano? Od SP je evforija malce popustila, toda \u017ee \u010dutim, da se ozra\u010dje spet ogreva. Nemci so imenitna vaba in \u010de nismo reprezentanca, ki bi napolnila Sto\u017eice, potem se lahko vpra\u0161amo, kaj sploh po\u010dnemo. Nem\u010dija vam je vzela mero na lanskem EP in OI, Slovenija je v zgodovini \u0161e ni premagala &#8230; Saj tudi \u0160panije do mojega prihoda \u0161e ni premagala, pa smo se prek nje uvrstili v\u00a0&#8230;<\/p>\n","protected":false},"author":1,"featured_media":0,"comment_status":"closed","ping_status":"closed","sticky":false,"template":"","format":"standard","meta":{"footnotes":""},"categories":[1179],"tags":[],"source":[1703],"supertag":[],"acf":[],"yoast_head":"<!-- This site is optimized with the Yoast SEO plugin v21.3 - https:\/\/yoast.com\/wordpress\/plugins\/seo\/ -->\n<title>Vujovi\u0107: \u010ce ne napolnimo Sto\u017eic, potem ne vem, kaj se gremo - Hudo Slovenija<\/title>\n<meta name=\"robots\" content=\"index, follow, max-snippet:-1, max-image-preview:large, max-video-preview:-1\" \/>\n<link rel=\"canonical\" href=\"https:\/\/hudo.com\/si\/aktualno\/vujovic-ce-ne-napolnimo-stozic-potem-ne-vem-kaj-se-gremo\/\" \/>\n<meta property=\"og:locale\" content=\"sl_SI\" \/>\n<meta property=\"og:type\" content=\"article\" \/>\n<meta property=\"og:title\" content=\"Vujovi\u0107: \u010ce ne napolnimo Sto\u017eic, potem ne vem, kaj se gremo - Hudo Slovenija\" \/>\n<meta property=\"og:description\" content=\"Kategorija: Rokomet Thu, 20 Apr 2017 06:00:00 +0200 Ljubljana \u2013 Slavje po osvojitvi brona na SP je bilo sladko, a kratko. Dobre tri mesece od zgodovinskega podviga proti Hrva\u0161ki v Parizu se bodo slovenski rokometa\u0161i v Sto\u017eicah prvi\u010d predstavili navija\u010dem \u0161e na igri\u0161\u010du; 3. maja bodo tekmeci evropski prvaki iz Nem\u010dije in selektor Veselin Vujovi\u0107 napoveduje, da bodo njegovi fantje prvi\u010d strli \u0161e ta oreh. Kako je spet priti v Ljubljano? Od SP je evforija malce popustila, toda \u017ee \u010dutim, da se ozra\u010dje spet ogreva. Nemci so imenitna vaba in \u010de nismo reprezentanca, ki bi napolnila Sto\u017eice, potem se lahko vpra\u0161amo, kaj sploh po\u010dnemo. Nem\u010dija vam je vzela mero na lanskem EP in OI, Slovenija je v zgodovini \u0161e ni premagala ... Saj tudi \u0160panije do mojega prihoda \u0161e ni premagala, pa smo se prek nje uvrstili v\u00a0...\" \/>\n<meta property=\"og:url\" content=\"https:\/\/hudo.com\/si\/aktualno\/vujovic-ce-ne-napolnimo-stozic-potem-ne-vem-kaj-se-gremo\/\" \/>\n<meta property=\"og:site_name\" content=\"Hudo Slovenija\" \/>\n<meta property=\"article:publisher\" content=\"https:\/\/www.facebook.com\/hudo.si\" \/>\n<meta property=\"article:published_time\" content=\"2017-04-20T02:00:00+00:00\" \/>\n<meta property=\"article:modified_time\" content=\"2017-04-20T08:12:31+00:00\" \/>\n<meta property=\"og:image\" content=\"https:\/\/hudo.com\/si\/wp-content\/uploads\/sites\/2\/2017\/04\/480x290_Sport__djvu_2465182_zalokar_hires0.jpeg\" \/>\n\t<meta property=\"og:image:width\" content=\"480\" \/>\n\t<meta property=\"og:image:height\" content=\"290\" \/>\n\t<meta property=\"og:image:type\" content=\"image\/jpeg\" \/>\n<meta name=\"author\" content=\"hudo\" \/>\n<meta name=\"twitter:card\" content=\"summary_large_image\" \/>\n<meta name=\"twitter:creator\" content=\"@hudo_si\" \/>\n<meta name=\"twitter:site\" content=\"@hudo_si\" \/>\n<meta name=\"twitter:label1\" content=\"Written by\" \/>\n\t<meta name=\"twitter:data1\" content=\"hudo\" \/>\n\t<meta name=\"twitter:label2\" content=\"Est. reading time\" \/>\n\t<meta name=\"twitter:data2\" content=\"1 minuta\" \/>\n<script type=\"application\/ld+json\" class=\"yoast-schema-graph\">{\"@context\":\"https:\/\/schema.org\",\"@graph\":[{\"@type\":\"Article\",\"@id\":\"https:\/\/hudo.com\/si\/aktualno\/vujovic-ce-ne-napolnimo-stozic-potem-ne-vem-kaj-se-gremo\/#article\",\"isPartOf\":{\"@id\":\"https:\/\/hudo.com\/si\/aktualno\/vujovic-ce-ne-napolnimo-stozic-potem-ne-vem-kaj-se-gremo\/\"},\"author\":{\"name\":\"hudo\",\"@id\":\"https:\/\/hudo.com\/si\/#\/schema\/person\/601cf3379633985b20f7e50f2bb47707\"},\"headline\":\"Vujovi\u0107: \u010ce ne napolnimo Sto\u017eic, potem ne vem, kaj se gremo\",\"datePublished\":\"2017-04-20T02:00:00+00:00\",\"dateModified\":\"2017-04-20T08:12:31+00:00\",\"mainEntityOfPage\":{\"@id\":\"https:\/\/hudo.com\/si\/aktualno\/vujovic-ce-ne-napolnimo-stozic-potem-ne-vem-kaj-se-gremo\/\"},\"wordCount\":154,\"publisher\":{\"@id\":\"https:\/\/hudo.com\/si\/#organization\"},\"articleSection\":[\"Aktualno\"],\"inLanguage\":\"sl-SI\"},{\"@type\":\"WebPage\",\"@id\":\"https:\/\/hudo.com\/si\/aktualno\/vujovic-ce-ne-napolnimo-stozic-potem-ne-vem-kaj-se-gremo\/\",\"url\":\"https:\/\/hudo.com\/si\/aktualno\/vujovic-ce-ne-napolnimo-stozic-potem-ne-vem-kaj-se-gremo\/\",\"name\":\"Vujovi\u0107: \u010ce ne napolnimo Sto\u017eic, potem ne vem, kaj se gremo - Hudo Slovenija\",\"isPartOf\":{\"@id\":\"https:\/\/hudo.com\/si\/#website\"},\"datePublished\":\"2017-04-20T02:00:00+00:00\",\"dateModified\":\"2017-04-20T08:12:31+00:00\",\"breadcrumb\":{\"@id\":\"https:\/\/hudo.com\/si\/aktualno\/vujovic-ce-ne-napolnimo-stozic-potem-ne-vem-kaj-se-gremo\/#breadcrumb\"},\"inLanguage\":\"sl-SI\",\"potentialAction\":[{\"@type\":\"ReadAction\",\"target\":[\"https:\/\/hudo.com\/si\/aktualno\/vujovic-ce-ne-napolnimo-stozic-potem-ne-vem-kaj-se-gremo\/\"]}]},{\"@type\":\"BreadcrumbList\",\"@id\":\"https:\/\/hudo.com\/si\/aktualno\/vujovic-ce-ne-napolnimo-stozic-potem-ne-vem-kaj-se-gremo\/#breadcrumb\",\"itemListElement\":[{\"@type\":\"ListItem\",\"position\":1,\"name\":\"Home\",\"item\":\"https:\/\/hudo.com\/si\/\"},{\"@type\":\"ListItem\",\"position\":2,\"name\":\"Vujovi\u0107: \u010ce ne napolnimo Sto\u017eic, potem ne vem, kaj se gremo\"}]},{\"@type\":\"WebSite\",\"@id\":\"https:\/\/hudo.com\/si\/#website\",\"url\":\"https:\/\/hudo.com\/si\/\",\"name\":\"Hudo Slovenija\",\"description\":\"Vse novice iz Slovenije in sveta\",\"publisher\":{\"@id\":\"https:\/\/hudo.com\/si\/#organization\"},\"potentialAction\":[{\"@type\":\"SearchAction\",\"target\":{\"@type\":\"EntryPoint\",\"urlTemplate\":\"https:\/\/hudo.com\/si\/?s={search_term_string}\"},\"query-input\":\"required name=search_term_string\"}],\"inLanguage\":\"sl-SI\"},{\"@type\":\"Organization\",\"@id\":\"https:\/\/hudo.com\/si\/#organization\",\"name\":\"VSN Media\",\"url\":\"https:\/\/hudo.com\/si\/\",\"logo\":{\"@type\":\"ImageObject\",\"inLanguage\":\"sl-SI\",\"@id\":\"https:\/\/hudo.com\/si\/#\/schema\/logo\/image\/\",\"url\":\"https:\/\/hudo.com\/si\/wp-content\/uploads\/sites\/2\/2021\/03\/hudo-app-2.png\",\"contentUrl\":\"https:\/\/hudo.com\/si\/wp-content\/uploads\/sites\/2\/2021\/03\/hudo-app-2.png\",\"width\":2185,\"height\":2167,\"caption\":\"VSN Media\"},\"image\":{\"@id\":\"https:\/\/hudo.com\/si\/#\/schema\/logo\/image\/\"},\"sameAs\":[\"https:\/\/www.facebook.com\/hudo.si\",\"https:\/\/twitter.com\/hudo_si\"]},{\"@type\":\"Person\",\"@id\":\"https:\/\/hudo.com\/si\/#\/schema\/person\/601cf3379633985b20f7e50f2bb47707\",\"name\":\"hudo\",\"image\":{\"@type\":\"ImageObject\",\"inLanguage\":\"sl-SI\",\"@id\":\"https:\/\/hudo.com\/si\/#\/schema\/person\/image\/\",\"url\":\"https:\/\/secure.gravatar.com\/avatar\/c4ca25fa72cace7a696b52ff5db9e095?s=96&d=mm&r=g\",\"contentUrl\":\"https:\/\/secure.gravatar.com\/avatar\/c4ca25fa72cace7a696b52ff5db9e095?s=96&d=mm&r=g\",\"caption\":\"hudo\"},\"url\":\"https:\/\/hudo.com\/si\/author\/hudo\/\"}]}<\/script>\n<!-- \/ Yoast SEO plugin. -->","yoast_head_json":{"title":"Vujovi\u0107: \u010ce ne napolnimo Sto\u017eic, potem ne vem, kaj se gremo - Hudo Slovenija","robots":{"index":"index","follow":"follow","max-snippet":"max-snippet:-1","max-image-preview":"max-image-preview:large","max-video-preview":"max-video-preview:-1"},"canonical":"https:\/\/hudo.com\/si\/aktualno\/vujovic-ce-ne-napolnimo-stozic-potem-ne-vem-kaj-se-gremo\/","og_locale":"sl_SI","og_type":"article","og_title":"Vujovi\u0107: \u010ce ne napolnimo Sto\u017eic, potem ne vem, kaj se gremo - Hudo Slovenija","og_description":"Kategorija: Rokomet Thu, 20 Apr 2017 06:00:00 +0200 Ljubljana \u2013 Slavje po osvojitvi brona na SP je bilo sladko, a kratko. Dobre tri mesece od zgodovinskega podviga proti Hrva\u0161ki v Parizu se bodo slovenski rokometa\u0161i v Sto\u017eicah prvi\u010d predstavili navija\u010dem \u0161e na igri\u0161\u010du; 3. maja bodo tekmeci evropski prvaki iz Nem\u010dije in selektor Veselin Vujovi\u0107 napoveduje, da bodo njegovi fantje prvi\u010d strli \u0161e ta oreh. Kako je spet priti v Ljubljano? Od SP je evforija malce popustila, toda \u017ee \u010dutim, da se ozra\u010dje spet ogreva. Nemci so imenitna vaba in \u010de nismo reprezentanca, ki bi napolnila Sto\u017eice, potem se lahko vpra\u0161amo, kaj sploh po\u010dnemo. Nem\u010dija vam je vzela mero na lanskem EP in OI, Slovenija je v zgodovini \u0161e ni premagala ... Saj tudi \u0160panije do mojega prihoda \u0161e ni premagala, pa smo se prek nje uvrstili v\u00a0...","og_url":"https:\/\/hudo.com\/si\/aktualno\/vujovic-ce-ne-napolnimo-stozic-potem-ne-vem-kaj-se-gremo\/","og_site_name":"Hudo Slovenija","article_publisher":"https:\/\/www.facebook.com\/hudo.si","article_published_time":"2017-04-20T02:00:00+00:00","article_modified_time":"2017-04-20T08:12:31+00:00","og_image":[{"width":480,"height":290,"url":"https:\/\/hudo.com\/si\/wp-content\/uploads\/sites\/2\/2017\/04\/480x290_Sport__djvu_2465182_zalokar_hires0.jpeg","type":"image\/jpeg"}],"author":"hudo","twitter_card":"summary_large_image","twitter_creator":"@hudo_si","twitter_site":"@hudo_si","twitter_misc":{"Written by":"hudo","Est. reading time":"1 minuta"},"schema":{"@context":"https:\/\/schema.org","@graph":[{"@type":"Article","@id":"https:\/\/hudo.com\/si\/aktualno\/vujovic-ce-ne-napolnimo-stozic-potem-ne-vem-kaj-se-gremo\/#article","isPartOf":{"@id":"https:\/\/hudo.com\/si\/aktualno\/vujovic-ce-ne-napolnimo-stozic-potem-ne-vem-kaj-se-gremo\/"},"author":{"name":"hudo","@id":"https:\/\/hudo.com\/si\/#\/schema\/person\/601cf3379633985b20f7e50f2bb47707"},"headline":"Vujovi\u0107: \u010ce ne napolnimo Sto\u017eic, potem ne vem, kaj se gremo","datePublished":"2017-04-20T02:00:00+00:00","dateModified":"2017-04-20T08:12:31+00:00","mainEntityOfPage":{"@id":"https:\/\/hudo.com\/si\/aktualno\/vujovic-ce-ne-napolnimo-stozic-potem-ne-vem-kaj-se-gremo\/"},"wordCount":154,"publisher":{"@id":"https:\/\/hudo.com\/si\/#organization"},"articleSection":["Aktualno"],"inLanguage":"sl-SI"},{"@type":"WebPage","@id":"https:\/\/hudo.com\/si\/aktualno\/vujovic-ce-ne-napolnimo-stozic-potem-ne-vem-kaj-se-gremo\/","url":"https:\/\/hudo.com\/si\/aktualno\/vujovic-ce-ne-napolnimo-stozic-potem-ne-vem-kaj-se-gremo\/","name":"Vujovi\u0107: \u010ce ne napolnimo Sto\u017eic, potem ne vem, kaj se gremo - Hudo Slovenija","isPartOf":{"@id":"https:\/\/hudo.com\/si\/#website"},"datePublished":"2017-04-20T02:00:00+00:00","dateModified":"2017-04-20T08:12:31+00:00","breadcrumb":{"@id":"https:\/\/hudo.com\/si\/aktualno\/vujovic-ce-ne-napolnimo-stozic-potem-ne-vem-kaj-se-gremo\/#breadcrumb"},"inLanguage":"sl-SI","potentialAction":[{"@type":"ReadAction","target":["https:\/\/hudo.com\/si\/aktualno\/vujovic-ce-ne-napolnimo-stozic-potem-ne-vem-kaj-se-gremo\/"]}]},{"@type":"BreadcrumbList","@id":"https:\/\/hudo.com\/si\/aktualno\/vujovic-ce-ne-napolnimo-stozic-potem-ne-vem-kaj-se-gremo\/#breadcrumb","itemListElement":[{"@type":"ListItem","position":1,"name":"Home","item":"https:\/\/hudo.com\/si\/"},{"@type":"ListItem","position":2,"name":"Vujovi\u0107: \u010ce ne napolnimo Sto\u017eic, potem ne vem, kaj se gremo"}]},{"@type":"WebSite","@id":"https:\/\/hudo.com\/si\/#website","url":"https:\/\/hudo.com\/si\/","name":"Hudo Slovenija","description":"Vse novice iz Slovenije in sveta","publisher":{"@id":"https:\/\/hudo.com\/si\/#organization"},"potentialAction":[{"@type":"SearchAction","target":{"@type":"EntryPoint","urlTemplate":"https:\/\/hudo.com\/si\/?s={search_term_string}"},"query-input":"required name=search_term_string"}],"inLanguage":"sl-SI"},{"@type":"Organization","@id":"https:\/\/hudo.com\/si\/#organization","name":"VSN Media","url":"https:\/\/hudo.com\/si\/","logo":{"@type":"ImageObject","inLanguage":"sl-SI","@id":"https:\/\/hudo.com\/si\/#\/schema\/logo\/image\/","url":"https:\/\/hudo.com\/si\/wp-content\/uploads\/sites\/2\/2021\/03\/hudo-app-2.png","contentUrl":"https:\/\/hudo.com\/si\/wp-content\/uploads\/sites\/2\/2021\/03\/hudo-app-2.png","width":2185,"height":2167,"caption":"VSN Media"},"image":{"@id":"https:\/\/hudo.com\/si\/#\/schema\/logo\/image\/"},"sameAs":["https:\/\/www.facebook.com\/hudo.si","https:\/\/twitter.com\/hudo_si"]},{"@type":"Person","@id":"https:\/\/hudo.com\/si\/#\/schema\/person\/601cf3379633985b20f7e50f2bb47707","name":"hudo","image":{"@type":"ImageObject","inLanguage":"sl-SI","@id":"https:\/\/hudo.com\/si\/#\/schema\/person\/image\/","url":"https:\/\/secure.gravatar.com\/avatar\/c4ca25fa72cace7a696b52ff5db9e095?s=96&d=mm&r=g","contentUrl":"https:\/\/secure.gravatar.com\/avatar\/c4ca25fa72cace7a696b52ff5db9e095?s=96&d=mm&r=g","caption":"hudo"},"url":"https:\/\/hudo.com\/si\/author\/hudo\/"}]}},"amp_enabled":true,"_links":{"self":[{"href":"https:\/\/hudo.com\/si\/wp-json\/wp\/v2\/posts\/244164"}],"collection":[{"href":"https:\/\/hudo.com\/si\/wp-json\/wp\/v2\/posts"}],"about":[{"href":"https:\/\/hudo.com\/si\/wp-json\/wp\/v2\/types\/post"}],"author":[{"embeddable":true,"href":"https:\/\/hudo.com\/si\/wp-json\/wp\/v2\/users\/1"}],"replies":[{"embeddable":true,"href":"https:\/\/hudo.com\/si\/wp-json\/wp\/v2\/comments?post=244164"}],"version-history":[{"count":1,"href":"https:\/\/hudo.com\/si\/wp-json\/wp\/v2\/posts\/244164\/revisions"}],"predecessor-version":[{"id":244195,"href":"https:\/\/hudo.com\/si\/wp-json\/wp\/v2\/posts\/244164\/revisions\/244195"}],"wp:attachment":[{"href":"https:\/\/hudo.com\/si\/wp-json\/wp\/v2\/media?parent=244164"}],"wp:term":[{"taxonomy":"category","embeddable":true,"href":"https:\/\/hudo.com\/si\/wp-json\/wp\/v2\/categories?post=244164"},{"taxonomy":"post_tag","embeddable":true,"href":"https:\/\/hudo.com\/si\/wp-json\/wp\/v2\/tags?post=244164"},{"taxonomy":"source","embeddable":true,"href":"https:\/\/hudo.com\/si\/wp-json\/wp\/v2\/source?post=244164"},{"taxonomy":"supertag","embeddable":true,"href":"https:\/\/hudo.com\/si\/wp-json\/wp\/v2\/supertag?post=244164"}],"curies":[{"name":"wp","href":"https:\/\/api.w.org\/{rel}","templated":true}]}}