{"id":244203,"date":"2017-04-20T03:34:00","date_gmt":"2017-04-20T01:34:00","guid":{"rendered":"http:\/\/hudo.com\/si\/2017\/04\/20\/dobrodosli-v-stajercu\/"},"modified":"2017-04-20T10:12:40","modified_gmt":"2017-04-20T08:12:40","slug":"dobrodosli-v-stajercu","status":"publish","type":"post","link":"https:\/\/hudo.com\/si\/aktualno\/dobrodosli-v-stajercu\/","title":{"rendered":"Dobrodo\u0161li v \u0160tajercu!"},"content":{"rendered":"<p>Tednik \u0160tajer\u2018c je od danes z bralci Ve\u010dera na obmo\u010dju Podravja. Tedensko ga bomo pripravljali, ker se zavedamo pomena mikrolokalnih zgodb, tistih, ki so blizu ljudem. Za prvo \u0161tevilko smo se pogovarjali s \u0160tajerko Ilko \u0160tuhec, ki smo jo ujeli med kratkim oddihom v Mariboru. Pi\u0161emo o frizerjih s Ptuja, ki se poleg frizerstva ukvarjata \u0161e z marsi\u010dim. Friderik Kramberger &#8211; Fridjo in Aleksander Sa\u0161o Fenos menita, da bi lahko bili Ptuj\u010dani pri barvanju in stri\u017eenju \u0161e bolj drzni. Bili smo tudi na ponovni otvoritvi Yucatana, neko\u010d legendarne diskoteke v \u0160entilju. Preberite, kak\u0161ni so bili vtisi obiskovalcev in kaj pravi lastnik, \u0161entiljski podjetnik Bojan Belna. Kako je v Slovenski Bistrici minil pozdrav pomladi, smo \u0161e preverili. In kako je znova bolj dosegljiv muzej Pohorskemu bataljonu na Osankarici\u00a0&#8230;         Naslovnica tednika \u0160tajer\u2018c   To je le nekaj zgodb, ki jih danes objavljamo v novem Ve\u010derovem tedniku, ki bo izhajal ob \u010detrtkih. Kje vse? Zanimale nas bodo zgodbe iz \u017ee omenjenih krajev. Iz Maribora, njegovih krajevnih in \u010detrtnih skupnostih, okoli\u0161kih ob\u010din \u0161tajerske prestolnice, Slovenske Bistrice, ob\u010din pod Bo\u010dem, Haloz, Slovenskih goric, Ormo\u017ea, Ptuja in njegove \u0161ir\u0161e okolice\u00a0&#8230; Zanimalo nas bo vse, kar pri\u010da o utripu in \u017eivljenju v teh krajih. Dogodki, zanimivi ljudje, odlo\u010ditve, ki jih sprejemajo ob\u010dinski veljaki. Od informacij do zgodb torej. Tudi dobrodelni bomo in sku\u0161ali po na\u0161ih mo\u010deh narediti tudi kaj dobrega, danes pi\u0161emo o dvanajstletniku Mihi, ki potrebuje operacijo v tujini, da bi lahko shodil. V prenovljenem Ve\u010deru smo z januarjem, kar ste lahko \u017ee opazili, \u0161tevilo lokalnih strani \u017ee nekoliko raz\u0161irili. V Ve\u010deru smo se ves \u010das zavedali pomena lokalnih informacij, tega, da se je z zgodbami treba pribli\u017eati ljudem. S tednikom \u0160tajer\u2018c, ki bo vsak teden iz\u0161el na 32 straneh, pa lokalnim temam sedaj dajemo \u0161e ve\u010dji pomen. Vsebine za na\u0161 novi tednik ustvarjajo tako na\u0161i novinarji kot novi sodelavci, ki kraje, iz katerih pi\u0161ejo, dobro poznajo in tam<\/p>\n","protected":false},"excerpt":{"rendered":"<p>Tednik \u0160tajer\u2018c je od danes z bralci Ve\u010dera na obmo\u010dju Podravja. Tedensko ga bomo pripravljali, ker se zavedamo pomena mikrolokalnih zgodb, tistih, ki so blizu ljudem. Za prvo \u0161tevilko smo se pogovarjali s \u0160tajerko Ilko \u0160tuhec, ki smo jo ujeli med kratkim oddihom v Mariboru. Pi\u0161emo o frizerjih s Ptuja, ki se poleg frizerstva ukvarjata \u0161e z marsi\u010dim. Friderik Kramberger &#8211; Fridjo in Aleksander Sa\u0161o Fenos menita, da bi lahko bili Ptuj\u010dani pri barvanju in stri\u017eenju \u0161e bolj drzni. Bili smo tudi na ponovni otvoritvi Yucatana, neko\u010d legendarne diskoteke v \u0160entilju. Preberite, kak\u0161ni so bili vtisi obiskovalcev in kaj pravi lastnik, \u0161entiljski podjetnik Bojan Belna. Kako je v Slovenski Bistrici minil pozdrav pomladi, smo \u0161e preverili. In kako je znova bolj dosegljiv muzej Pohorskemu bataljonu na Osankarici\u00a0&#8230;         Naslovnica tednika \u0160tajer\u2018c   To je le nekaj zgodb, ki jih danes objavljamo v novem Ve\u010derovem tedniku, ki bo izhajal ob \u010detrtkih. Kje vse? Zanimale nas bodo zgodbe iz \u017ee omenjenih krajev. Iz Maribora, njegovih krajevnih in \u010detrtnih skupnostih, okoli\u0161kih ob\u010din \u0161tajerske prestolnice, Slovenske Bistrice, ob\u010din pod Bo\u010dem, Haloz, Slovenskih goric, Ormo\u017ea, Ptuja in njegove \u0161ir\u0161e okolice\u00a0&#8230; Zanimalo nas bo vse, kar pri\u010da o utripu in \u017eivljenju v teh krajih. Dogodki, zanimivi ljudje, odlo\u010ditve, ki jih sprejemajo ob\u010dinski veljaki. Od informacij do zgodb torej. Tudi dobrodelni bomo in sku\u0161ali po na\u0161ih mo\u010deh narediti tudi kaj dobrega, danes pi\u0161emo o dvanajstletniku Mihi, ki potrebuje operacijo v tujini, da bi lahko shodil. V prenovljenem Ve\u010deru smo z januarjem, kar ste lahko \u017ee opazili, \u0161tevilo lokalnih strani \u017ee nekoliko raz\u0161irili. V Ve\u010deru smo se ves \u010das zavedali pomena lokalnih informacij, tega, da se je z zgodbami treba pribli\u017eati ljudem. S tednikom \u0160tajer\u2018c, ki bo vsak teden iz\u0161el na 32 straneh, pa lokalnim temam sedaj dajemo \u0161e ve\u010dji pomen. Vsebine za na\u0161 novi tednik ustvarjajo tako na\u0161i novinarji kot novi sodelavci, ki kraje, iz katerih pi\u0161ejo, dobro poznajo in tam<\/p>\n","protected":false},"author":1,"featured_media":0,"comment_status":"closed","ping_status":"closed","sticky":false,"template":"","format":"standard","meta":{"footnotes":""},"categories":[1179],"tags":[],"source":[1711],"supertag":[],"acf":[],"yoast_head":"<!-- This site is optimized with the Yoast SEO plugin v21.3 - https:\/\/yoast.com\/wordpress\/plugins\/seo\/ -->\n<title>Dobrodo\u0161li v \u0160tajercu! - Hudo Slovenija<\/title>\n<meta name=\"robots\" content=\"index, follow, max-snippet:-1, max-image-preview:large, max-video-preview:-1\" \/>\n<link rel=\"canonical\" href=\"https:\/\/hudo.com\/si\/aktualno\/dobrodosli-v-stajercu\/\" \/>\n<meta property=\"og:locale\" content=\"sl_SI\" \/>\n<meta property=\"og:type\" content=\"article\" \/>\n<meta property=\"og:title\" content=\"Dobrodo\u0161li v \u0160tajercu! - Hudo Slovenija\" \/>\n<meta property=\"og:description\" content=\"Tednik \u0160tajer\u2018c je od danes z bralci Ve\u010dera na obmo\u010dju Podravja. Tedensko ga bomo pripravljali, ker se zavedamo pomena mikrolokalnih zgodb, tistih, ki so blizu ljudem. Za prvo \u0161tevilko smo se pogovarjali s \u0160tajerko Ilko \u0160tuhec, ki smo jo ujeli med kratkim oddihom v Mariboru. Pi\u0161emo o frizerjih s Ptuja, ki se poleg frizerstva ukvarjata \u0161e z marsi\u010dim. Friderik Kramberger - Fridjo in Aleksander Sa\u0161o Fenos menita, da bi lahko bili Ptuj\u010dani pri barvanju in stri\u017eenju \u0161e bolj drzni. Bili smo tudi na ponovni otvoritvi Yucatana, neko\u010d legendarne diskoteke v \u0160entilju. Preberite, kak\u0161ni so bili vtisi obiskovalcev in kaj pravi lastnik, \u0161entiljski podjetnik Bojan Belna. Kako je v Slovenski Bistrici minil pozdrav pomladi, smo \u0161e preverili. In kako je znova bolj dosegljiv muzej Pohorskemu bataljonu na Osankarici\u00a0...     Naslovnica tednika \u0160tajer\u2018c  To je le nekaj zgodb, ki jih danes objavljamo v novem Ve\u010derovem tedniku, ki bo izhajal ob \u010detrtkih. Kje vse? Zanimale nas bodo zgodbe iz \u017ee omenjenih krajev. Iz Maribora, njegovih krajevnih in \u010detrtnih skupnostih, okoli\u0161kih ob\u010din \u0161tajerske prestolnice, Slovenske Bistrice, ob\u010din pod Bo\u010dem, Haloz, Slovenskih goric, Ormo\u017ea, Ptuja in njegove \u0161ir\u0161e okolice\u00a0... Zanimalo nas bo vse, kar pri\u010da o utripu in \u017eivljenju v teh krajih. Dogodki, zanimivi ljudje, odlo\u010ditve, ki jih sprejemajo ob\u010dinski veljaki. Od informacij do zgodb torej. Tudi dobrodelni bomo in sku\u0161ali po na\u0161ih mo\u010deh narediti tudi kaj dobrega, danes pi\u0161emo o dvanajstletniku Mihi, ki potrebuje operacijo v tujini, da bi lahko shodil. V prenovljenem Ve\u010deru smo z januarjem, kar ste lahko \u017ee opazili, \u0161tevilo lokalnih strani \u017ee nekoliko raz\u0161irili. V Ve\u010deru smo se ves \u010das zavedali pomena lokalnih informacij, tega, da se je z zgodbami treba pribli\u017eati ljudem. S tednikom \u0160tajer\u2018c, ki bo vsak teden iz\u0161el na 32 straneh, pa lokalnim temam sedaj dajemo \u0161e ve\u010dji pomen. Vsebine za na\u0161 novi tednik ustvarjajo tako na\u0161i novinarji kot novi sodelavci, ki kraje, iz katerih pi\u0161ejo, dobro poznajo in tam\" \/>\n<meta property=\"og:url\" content=\"https:\/\/hudo.com\/si\/aktualno\/dobrodosli-v-stajercu\/\" \/>\n<meta property=\"og:site_name\" content=\"Hudo Slovenija\" \/>\n<meta property=\"article:publisher\" content=\"https:\/\/www.facebook.com\/hudo.si\" \/>\n<meta property=\"article:published_time\" content=\"2017-04-20T01:34:00+00:00\" \/>\n<meta property=\"article:modified_time\" content=\"2017-04-20T08:12:40+00:00\" \/>\n<meta property=\"og:image\" content=\"https:\/\/hudo.com\/si\/wp-content\/uploads\/sites\/2\/2017\/04\/0418Stajerc2-300-1.jpg\" \/>\n\t<meta property=\"og:image:width\" content=\"450\" \/>\n\t<meta property=\"og:image:height\" content=\"300\" \/>\n\t<meta property=\"og:image:type\" content=\"image\/jpeg\" \/>\n<meta name=\"author\" content=\"hudo\" \/>\n<meta name=\"twitter:card\" content=\"summary_large_image\" \/>\n<meta name=\"twitter:creator\" content=\"@hudo_si\" \/>\n<meta name=\"twitter:site\" content=\"@hudo_si\" \/>\n<meta name=\"twitter:label1\" content=\"Written by\" \/>\n\t<meta name=\"twitter:data1\" content=\"hudo\" \/>\n\t<meta name=\"twitter:label2\" content=\"Est. reading time\" \/>\n\t<meta name=\"twitter:data2\" content=\"2 minuti\" \/>\n<script type=\"application\/ld+json\" class=\"yoast-schema-graph\">{\"@context\":\"https:\/\/schema.org\",\"@graph\":[{\"@type\":\"Article\",\"@id\":\"https:\/\/hudo.com\/si\/aktualno\/dobrodosli-v-stajercu\/#article\",\"isPartOf\":{\"@id\":\"https:\/\/hudo.com\/si\/aktualno\/dobrodosli-v-stajercu\/\"},\"author\":{\"name\":\"hudo\",\"@id\":\"https:\/\/hudo.com\/si\/#\/schema\/person\/601cf3379633985b20f7e50f2bb47707\"},\"headline\":\"Dobrodo\u0161li v \u0160tajercu!\",\"datePublished\":\"2017-04-20T01:34:00+00:00\",\"dateModified\":\"2017-04-20T08:12:40+00:00\",\"mainEntityOfPage\":{\"@id\":\"https:\/\/hudo.com\/si\/aktualno\/dobrodosli-v-stajercu\/\"},\"wordCount\":348,\"publisher\":{\"@id\":\"https:\/\/hudo.com\/si\/#organization\"},\"articleSection\":[\"Aktualno\"],\"inLanguage\":\"sl-SI\"},{\"@type\":\"WebPage\",\"@id\":\"https:\/\/hudo.com\/si\/aktualno\/dobrodosli-v-stajercu\/\",\"url\":\"https:\/\/hudo.com\/si\/aktualno\/dobrodosli-v-stajercu\/\",\"name\":\"Dobrodo\u0161li v \u0160tajercu! - Hudo Slovenija\",\"isPartOf\":{\"@id\":\"https:\/\/hudo.com\/si\/#website\"},\"datePublished\":\"2017-04-20T01:34:00+00:00\",\"dateModified\":\"2017-04-20T08:12:40+00:00\",\"breadcrumb\":{\"@id\":\"https:\/\/hudo.com\/si\/aktualno\/dobrodosli-v-stajercu\/#breadcrumb\"},\"inLanguage\":\"sl-SI\",\"potentialAction\":[{\"@type\":\"ReadAction\",\"target\":[\"https:\/\/hudo.com\/si\/aktualno\/dobrodosli-v-stajercu\/\"]}]},{\"@type\":\"BreadcrumbList\",\"@id\":\"https:\/\/hudo.com\/si\/aktualno\/dobrodosli-v-stajercu\/#breadcrumb\",\"itemListElement\":[{\"@type\":\"ListItem\",\"position\":1,\"name\":\"Home\",\"item\":\"https:\/\/hudo.com\/si\/\"},{\"@type\":\"ListItem\",\"position\":2,\"name\":\"Dobrodo\u0161li v \u0160tajercu!\"}]},{\"@type\":\"WebSite\",\"@id\":\"https:\/\/hudo.com\/si\/#website\",\"url\":\"https:\/\/hudo.com\/si\/\",\"name\":\"Hudo Slovenija\",\"description\":\"Vse novice iz Slovenije in sveta\",\"publisher\":{\"@id\":\"https:\/\/hudo.com\/si\/#organization\"},\"potentialAction\":[{\"@type\":\"SearchAction\",\"target\":{\"@type\":\"EntryPoint\",\"urlTemplate\":\"https:\/\/hudo.com\/si\/?s={search_term_string}\"},\"query-input\":\"required name=search_term_string\"}],\"inLanguage\":\"sl-SI\"},{\"@type\":\"Organization\",\"@id\":\"https:\/\/hudo.com\/si\/#organization\",\"name\":\"VSN Media\",\"url\":\"https:\/\/hudo.com\/si\/\",\"logo\":{\"@type\":\"ImageObject\",\"inLanguage\":\"sl-SI\",\"@id\":\"https:\/\/hudo.com\/si\/#\/schema\/logo\/image\/\",\"url\":\"https:\/\/hudo.com\/si\/wp-content\/uploads\/sites\/2\/2021\/03\/hudo-app-2.png\",\"contentUrl\":\"https:\/\/hudo.com\/si\/wp-content\/uploads\/sites\/2\/2021\/03\/hudo-app-2.png\",\"width\":2185,\"height\":2167,\"caption\":\"VSN Media\"},\"image\":{\"@id\":\"https:\/\/hudo.com\/si\/#\/schema\/logo\/image\/\"},\"sameAs\":[\"https:\/\/www.facebook.com\/hudo.si\",\"https:\/\/twitter.com\/hudo_si\"]},{\"@type\":\"Person\",\"@id\":\"https:\/\/hudo.com\/si\/#\/schema\/person\/601cf3379633985b20f7e50f2bb47707\",\"name\":\"hudo\",\"image\":{\"@type\":\"ImageObject\",\"inLanguage\":\"sl-SI\",\"@id\":\"https:\/\/hudo.com\/si\/#\/schema\/person\/image\/\",\"url\":\"https:\/\/secure.gravatar.com\/avatar\/c4ca25fa72cace7a696b52ff5db9e095?s=96&d=mm&r=g\",\"contentUrl\":\"https:\/\/secure.gravatar.com\/avatar\/c4ca25fa72cace7a696b52ff5db9e095?s=96&d=mm&r=g\",\"caption\":\"hudo\"},\"url\":\"https:\/\/hudo.com\/si\/author\/hudo\/\"}]}<\/script>\n<!-- \/ Yoast SEO plugin. -->","yoast_head_json":{"title":"Dobrodo\u0161li v \u0160tajercu! - Hudo Slovenija","robots":{"index":"index","follow":"follow","max-snippet":"max-snippet:-1","max-image-preview":"max-image-preview:large","max-video-preview":"max-video-preview:-1"},"canonical":"https:\/\/hudo.com\/si\/aktualno\/dobrodosli-v-stajercu\/","og_locale":"sl_SI","og_type":"article","og_title":"Dobrodo\u0161li v \u0160tajercu! - Hudo Slovenija","og_description":"Tednik \u0160tajer\u2018c je od danes z bralci Ve\u010dera na obmo\u010dju Podravja. Tedensko ga bomo pripravljali, ker se zavedamo pomena mikrolokalnih zgodb, tistih, ki so blizu ljudem. Za prvo \u0161tevilko smo se pogovarjali s \u0160tajerko Ilko \u0160tuhec, ki smo jo ujeli med kratkim oddihom v Mariboru. Pi\u0161emo o frizerjih s Ptuja, ki se poleg frizerstva ukvarjata \u0161e z marsi\u010dim. Friderik Kramberger - Fridjo in Aleksander Sa\u0161o Fenos menita, da bi lahko bili Ptuj\u010dani pri barvanju in stri\u017eenju \u0161e bolj drzni. Bili smo tudi na ponovni otvoritvi Yucatana, neko\u010d legendarne diskoteke v \u0160entilju. Preberite, kak\u0161ni so bili vtisi obiskovalcev in kaj pravi lastnik, \u0161entiljski podjetnik Bojan Belna. Kako je v Slovenski Bistrici minil pozdrav pomladi, smo \u0161e preverili. In kako je znova bolj dosegljiv muzej Pohorskemu bataljonu na Osankarici\u00a0...     Naslovnica tednika \u0160tajer\u2018c  To je le nekaj zgodb, ki jih danes objavljamo v novem Ve\u010derovem tedniku, ki bo izhajal ob \u010detrtkih. Kje vse? Zanimale nas bodo zgodbe iz \u017ee omenjenih krajev. Iz Maribora, njegovih krajevnih in \u010detrtnih skupnostih, okoli\u0161kih ob\u010din \u0161tajerske prestolnice, Slovenske Bistrice, ob\u010din pod Bo\u010dem, Haloz, Slovenskih goric, Ormo\u017ea, Ptuja in njegove \u0161ir\u0161e okolice\u00a0... Zanimalo nas bo vse, kar pri\u010da o utripu in \u017eivljenju v teh krajih. Dogodki, zanimivi ljudje, odlo\u010ditve, ki jih sprejemajo ob\u010dinski veljaki. Od informacij do zgodb torej. Tudi dobrodelni bomo in sku\u0161ali po na\u0161ih mo\u010deh narediti tudi kaj dobrega, danes pi\u0161emo o dvanajstletniku Mihi, ki potrebuje operacijo v tujini, da bi lahko shodil. V prenovljenem Ve\u010deru smo z januarjem, kar ste lahko \u017ee opazili, \u0161tevilo lokalnih strani \u017ee nekoliko raz\u0161irili. V Ve\u010deru smo se ves \u010das zavedali pomena lokalnih informacij, tega, da se je z zgodbami treba pribli\u017eati ljudem. S tednikom \u0160tajer\u2018c, ki bo vsak teden iz\u0161el na 32 straneh, pa lokalnim temam sedaj dajemo \u0161e ve\u010dji pomen. Vsebine za na\u0161 novi tednik ustvarjajo tako na\u0161i novinarji kot novi sodelavci, ki kraje, iz katerih pi\u0161ejo, dobro poznajo in tam","og_url":"https:\/\/hudo.com\/si\/aktualno\/dobrodosli-v-stajercu\/","og_site_name":"Hudo Slovenija","article_publisher":"https:\/\/www.facebook.com\/hudo.si","article_published_time":"2017-04-20T01:34:00+00:00","article_modified_time":"2017-04-20T08:12:40+00:00","og_image":[{"width":450,"height":300,"url":"https:\/\/hudo.com\/si\/wp-content\/uploads\/sites\/2\/2017\/04\/0418Stajerc2-300-1.jpg","type":"image\/jpeg"}],"author":"hudo","twitter_card":"summary_large_image","twitter_creator":"@hudo_si","twitter_site":"@hudo_si","twitter_misc":{"Written by":"hudo","Est. reading time":"2 minuti"},"schema":{"@context":"https:\/\/schema.org","@graph":[{"@type":"Article","@id":"https:\/\/hudo.com\/si\/aktualno\/dobrodosli-v-stajercu\/#article","isPartOf":{"@id":"https:\/\/hudo.com\/si\/aktualno\/dobrodosli-v-stajercu\/"},"author":{"name":"hudo","@id":"https:\/\/hudo.com\/si\/#\/schema\/person\/601cf3379633985b20f7e50f2bb47707"},"headline":"Dobrodo\u0161li v \u0160tajercu!","datePublished":"2017-04-20T01:34:00+00:00","dateModified":"2017-04-20T08:12:40+00:00","mainEntityOfPage":{"@id":"https:\/\/hudo.com\/si\/aktualno\/dobrodosli-v-stajercu\/"},"wordCount":348,"publisher":{"@id":"https:\/\/hudo.com\/si\/#organization"},"articleSection":["Aktualno"],"inLanguage":"sl-SI"},{"@type":"WebPage","@id":"https:\/\/hudo.com\/si\/aktualno\/dobrodosli-v-stajercu\/","url":"https:\/\/hudo.com\/si\/aktualno\/dobrodosli-v-stajercu\/","name":"Dobrodo\u0161li v \u0160tajercu! - Hudo Slovenija","isPartOf":{"@id":"https:\/\/hudo.com\/si\/#website"},"datePublished":"2017-04-20T01:34:00+00:00","dateModified":"2017-04-20T08:12:40+00:00","breadcrumb":{"@id":"https:\/\/hudo.com\/si\/aktualno\/dobrodosli-v-stajercu\/#breadcrumb"},"inLanguage":"sl-SI","potentialAction":[{"@type":"ReadAction","target":["https:\/\/hudo.com\/si\/aktualno\/dobrodosli-v-stajercu\/"]}]},{"@type":"BreadcrumbList","@id":"https:\/\/hudo.com\/si\/aktualno\/dobrodosli-v-stajercu\/#breadcrumb","itemListElement":[{"@type":"ListItem","position":1,"name":"Home","item":"https:\/\/hudo.com\/si\/"},{"@type":"ListItem","position":2,"name":"Dobrodo\u0161li v \u0160tajercu!"}]},{"@type":"WebSite","@id":"https:\/\/hudo.com\/si\/#website","url":"https:\/\/hudo.com\/si\/","name":"Hudo Slovenija","description":"Vse novice iz Slovenije in sveta","publisher":{"@id":"https:\/\/hudo.com\/si\/#organization"},"potentialAction":[{"@type":"SearchAction","target":{"@type":"EntryPoint","urlTemplate":"https:\/\/hudo.com\/si\/?s={search_term_string}"},"query-input":"required name=search_term_string"}],"inLanguage":"sl-SI"},{"@type":"Organization","@id":"https:\/\/hudo.com\/si\/#organization","name":"VSN Media","url":"https:\/\/hudo.com\/si\/","logo":{"@type":"ImageObject","inLanguage":"sl-SI","@id":"https:\/\/hudo.com\/si\/#\/schema\/logo\/image\/","url":"https:\/\/hudo.com\/si\/wp-content\/uploads\/sites\/2\/2021\/03\/hudo-app-2.png","contentUrl":"https:\/\/hudo.com\/si\/wp-content\/uploads\/sites\/2\/2021\/03\/hudo-app-2.png","width":2185,"height":2167,"caption":"VSN Media"},"image":{"@id":"https:\/\/hudo.com\/si\/#\/schema\/logo\/image\/"},"sameAs":["https:\/\/www.facebook.com\/hudo.si","https:\/\/twitter.com\/hudo_si"]},{"@type":"Person","@id":"https:\/\/hudo.com\/si\/#\/schema\/person\/601cf3379633985b20f7e50f2bb47707","name":"hudo","image":{"@type":"ImageObject","inLanguage":"sl-SI","@id":"https:\/\/hudo.com\/si\/#\/schema\/person\/image\/","url":"https:\/\/secure.gravatar.com\/avatar\/c4ca25fa72cace7a696b52ff5db9e095?s=96&d=mm&r=g","contentUrl":"https:\/\/secure.gravatar.com\/avatar\/c4ca25fa72cace7a696b52ff5db9e095?s=96&d=mm&r=g","caption":"hudo"},"url":"https:\/\/hudo.com\/si\/author\/hudo\/"}]}},"amp_enabled":true,"_links":{"self":[{"href":"https:\/\/hudo.com\/si\/wp-json\/wp\/v2\/posts\/244203"}],"collection":[{"href":"https:\/\/hudo.com\/si\/wp-json\/wp\/v2\/posts"}],"about":[{"href":"https:\/\/hudo.com\/si\/wp-json\/wp\/v2\/types\/post"}],"author":[{"embeddable":true,"href":"https:\/\/hudo.com\/si\/wp-json\/wp\/v2\/users\/1"}],"replies":[{"embeddable":true,"href":"https:\/\/hudo.com\/si\/wp-json\/wp\/v2\/comments?post=244203"}],"version-history":[{"count":1,"href":"https:\/\/hudo.com\/si\/wp-json\/wp\/v2\/posts\/244203\/revisions"}],"predecessor-version":[{"id":244237,"href":"https:\/\/hudo.com\/si\/wp-json\/wp\/v2\/posts\/244203\/revisions\/244237"}],"wp:attachment":[{"href":"https:\/\/hudo.com\/si\/wp-json\/wp\/v2\/media?parent=244203"}],"wp:term":[{"taxonomy":"category","embeddable":true,"href":"https:\/\/hudo.com\/si\/wp-json\/wp\/v2\/categories?post=244203"},{"taxonomy":"post_tag","embeddable":true,"href":"https:\/\/hudo.com\/si\/wp-json\/wp\/v2\/tags?post=244203"},{"taxonomy":"source","embeddable":true,"href":"https:\/\/hudo.com\/si\/wp-json\/wp\/v2\/source?post=244203"},{"taxonomy":"supertag","embeddable":true,"href":"https:\/\/hudo.com\/si\/wp-json\/wp\/v2\/supertag?post=244203"}],"curies":[{"name":"wp","href":"https:\/\/api.w.org\/{rel}","templated":true}]}}