{"id":244701,"date":"2017-04-20T16:56:00","date_gmt":"2017-04-20T14:56:00","guid":{"rendered":"http:\/\/hudo.com\/si\/2017\/04\/20\/med-materjo-vseh-protestov-umrli-trije-ljudje\/"},"modified":"2017-04-20T21:21:29","modified_gmt":"2017-04-20T19:21:29","slug":"med-materjo-vseh-protestov-umrli-trije-ljudje","status":"publish","type":"post","link":"https:\/\/hudo.com\/si\/aktualno\/med-materjo-vseh-protestov-umrli-trije-ljudje\/","title":{"rendered":"Med \u00bbmaterjo vseh protestov\u00ab umrli trije ljudje"},"content":{"rendered":"<p>Kategorija: Globalno Thu, 20 Apr 2017 18:56:00 +0200  Med mno\u017ei\u010dnimi protesti proti\u00ad predsedniku Nicol\u00e1su Maduru\u00ad v Venezueli so v sredo umrli\u00ad najmanj trije ljudje. Opozicija,\u00ad spodbujena z ve\u010d sto tiso\u010d \u00adnezadovoljnimi protestniki, je napovedala, da se bo \u00bbmati vseh protestov\u00ab nadaljevala tudi v \u010detrtek, in to \u0161e v ve\u010djem \u0161tevilu. \u00bbZbrali se bomo na istem mestu ob istem \u010dasu,\u00ab je v sredo zve\u010der s solznimi o\u010dmi zaradi solzivca, ki ga je policija uporabila na protestih, pozival voditelj opozicije Henrique Capriles. \u00bb\u010ce nas je bilo danes ve\u010d kot milijon, nas bo jutri \u0161e ve\u010d,\u00ab je optimisti\u010dno napovedal. Stotiso\u010dem prebivalcev Venezuele, ki so se v\u010deraj udele\u017eili protestnega pohoda, je dovolj pomanjkanja in po njihovem nesposobne vlade \u00adsocialisti\u010dnega predsednika Nico\u00adl\u00e1sa Madura, zato zahtevajo volitve. Med protestniki je tudi precej nekdanjih privr\u017eencev Huga Ch\u00e1veza.\u00ad \u00bbObupani smo in dovolj nam je \u017eivljenja v\u00a0&#8230;<\/p>\n","protected":false},"excerpt":{"rendered":"<p>Kategorija: Globalno Thu, 20 Apr 2017 18:56:00 +0200  Med mno\u017ei\u010dnimi protesti proti\u00ad predsedniku Nicol\u00e1su Maduru\u00ad v Venezueli so v sredo umrli\u00ad najmanj trije ljudje. Opozicija,\u00ad spodbujena z ve\u010d sto tiso\u010d \u00adnezadovoljnimi protestniki, je napovedala, da se bo \u00bbmati vseh protestov\u00ab nadaljevala tudi v \u010detrtek, in to \u0161e v ve\u010djem \u0161tevilu. \u00bbZbrali se bomo na istem mestu ob istem \u010dasu,\u00ab je v sredo zve\u010der s solznimi o\u010dmi zaradi solzivca, ki ga je policija uporabila na protestih, pozival voditelj opozicije Henrique Capriles. \u00bb\u010ce nas je bilo danes ve\u010d kot milijon, nas bo jutri \u0161e ve\u010d,\u00ab je optimisti\u010dno napovedal. Stotiso\u010dem prebivalcev Venezuele, ki so se v\u010deraj udele\u017eili protestnega pohoda, je dovolj pomanjkanja in po njihovem nesposobne vlade \u00adsocialisti\u010dnega predsednika Nico\u00adl\u00e1sa Madura, zato zahtevajo volitve. Med protestniki je tudi precej nekdanjih privr\u017eencev Huga Ch\u00e1veza.\u00ad \u00bbObupani smo in dovolj nam je \u017eivljenja v\u00a0&#8230;<\/p>\n","protected":false},"author":1,"featured_media":0,"comment_status":"closed","ping_status":"closed","sticky":false,"template":"","format":"standard","meta":{"footnotes":""},"categories":[1179],"tags":[],"source":[1703],"supertag":[],"acf":[],"yoast_head":"<!-- This site is optimized with the Yoast SEO plugin v21.3 - https:\/\/yoast.com\/wordpress\/plugins\/seo\/ -->\n<title>Med \u00bbmaterjo vseh protestov\u00ab umrli trije ljudje - Hudo Slovenija<\/title>\n<meta name=\"robots\" content=\"index, follow, max-snippet:-1, max-image-preview:large, max-video-preview:-1\" \/>\n<link rel=\"canonical\" href=\"https:\/\/hudo.com\/si\/aktualno\/med-materjo-vseh-protestov-umrli-trije-ljudje\/\" \/>\n<meta property=\"og:locale\" content=\"sl_SI\" \/>\n<meta property=\"og:type\" content=\"article\" \/>\n<meta property=\"og:title\" content=\"Med \u00bbmaterjo vseh protestov\u00ab umrli trije ljudje - Hudo Slovenija\" \/>\n<meta property=\"og:description\" content=\"Kategorija: Globalno Thu, 20 Apr 2017 18:56:00 +0200 Med mno\u017ei\u010dnimi protesti proti\u00ad predsedniku Nicol\u00e1su Maduru\u00ad v Venezueli so v sredo umrli\u00ad najmanj trije ljudje. Opozicija,\u00ad spodbujena z ve\u010d sto tiso\u010d \u00adnezadovoljnimi protestniki, je napovedala, da se bo \u00bbmati vseh protestov\u00ab nadaljevala tudi v \u010detrtek, in to \u0161e v ve\u010djem \u0161tevilu. \u00bbZbrali se bomo na istem mestu ob istem \u010dasu,\u00ab je v sredo zve\u010der s solznimi o\u010dmi zaradi solzivca, ki ga je policija uporabila na protestih, pozival voditelj opozicije Henrique Capriles. \u00bb\u010ce nas je bilo danes ve\u010d kot milijon, nas bo jutri \u0161e ve\u010d,\u00ab je optimisti\u010dno napovedal. Stotiso\u010dem prebivalcev Venezuele, ki so se v\u010deraj udele\u017eili protestnega pohoda, je dovolj pomanjkanja in po njihovem nesposobne vlade \u00adsocialisti\u010dnega predsednika Nico\u00adl\u00e1sa Madura, zato zahtevajo volitve. Med protestniki je tudi precej nekdanjih privr\u017eencev Huga Ch\u00e1veza.\u00ad \u00bbObupani smo in dovolj nam je \u017eivljenja v\u00a0...\" \/>\n<meta property=\"og:url\" content=\"https:\/\/hudo.com\/si\/aktualno\/med-materjo-vseh-protestov-umrli-trije-ljudje\/\" \/>\n<meta property=\"og:site_name\" content=\"Hudo Slovenija\" \/>\n<meta property=\"article:publisher\" content=\"https:\/\/www.facebook.com\/hudo.si\" \/>\n<meta property=\"article:published_time\" content=\"2017-04-20T14:56:00+00:00\" \/>\n<meta property=\"article:modified_time\" content=\"2017-04-20T19:21:29+00:00\" \/>\n<meta property=\"og:image\" content=\"https:\/\/hudo.com\/si\/wp-content\/uploads\/sites\/2\/2017\/04\/480x290_Zunanja__AFP_Photo_20170420_hires0.jpeg\" \/>\n\t<meta property=\"og:image:width\" content=\"480\" \/>\n\t<meta property=\"og:image:height\" content=\"290\" \/>\n\t<meta property=\"og:image:type\" content=\"image\/jpeg\" \/>\n<meta name=\"author\" content=\"hudo\" \/>\n<meta name=\"twitter:card\" content=\"summary_large_image\" \/>\n<meta name=\"twitter:creator\" content=\"@hudo_si\" \/>\n<meta name=\"twitter:site\" content=\"@hudo_si\" \/>\n<meta name=\"twitter:label1\" content=\"Written by\" \/>\n\t<meta name=\"twitter:data1\" content=\"hudo\" \/>\n\t<meta name=\"twitter:label2\" content=\"Est. reading time\" \/>\n\t<meta name=\"twitter:data2\" content=\"1 minuta\" \/>\n<script type=\"application\/ld+json\" class=\"yoast-schema-graph\">{\"@context\":\"https:\/\/schema.org\",\"@graph\":[{\"@type\":\"Article\",\"@id\":\"https:\/\/hudo.com\/si\/aktualno\/med-materjo-vseh-protestov-umrli-trije-ljudje\/#article\",\"isPartOf\":{\"@id\":\"https:\/\/hudo.com\/si\/aktualno\/med-materjo-vseh-protestov-umrli-trije-ljudje\/\"},\"author\":{\"name\":\"hudo\",\"@id\":\"https:\/\/hudo.com\/si\/#\/schema\/person\/601cf3379633985b20f7e50f2bb47707\"},\"headline\":\"Med \u00bbmaterjo vseh protestov\u00ab umrli trije ljudje\",\"datePublished\":\"2017-04-20T14:56:00+00:00\",\"dateModified\":\"2017-04-20T19:21:29+00:00\",\"mainEntityOfPage\":{\"@id\":\"https:\/\/hudo.com\/si\/aktualno\/med-materjo-vseh-protestov-umrli-trije-ljudje\/\"},\"wordCount\":156,\"publisher\":{\"@id\":\"https:\/\/hudo.com\/si\/#organization\"},\"articleSection\":[\"Aktualno\"],\"inLanguage\":\"sl-SI\"},{\"@type\":\"WebPage\",\"@id\":\"https:\/\/hudo.com\/si\/aktualno\/med-materjo-vseh-protestov-umrli-trije-ljudje\/\",\"url\":\"https:\/\/hudo.com\/si\/aktualno\/med-materjo-vseh-protestov-umrli-trije-ljudje\/\",\"name\":\"Med \u00bbmaterjo vseh protestov\u00ab umrli trije ljudje - Hudo Slovenija\",\"isPartOf\":{\"@id\":\"https:\/\/hudo.com\/si\/#website\"},\"datePublished\":\"2017-04-20T14:56:00+00:00\",\"dateModified\":\"2017-04-20T19:21:29+00:00\",\"breadcrumb\":{\"@id\":\"https:\/\/hudo.com\/si\/aktualno\/med-materjo-vseh-protestov-umrli-trije-ljudje\/#breadcrumb\"},\"inLanguage\":\"sl-SI\",\"potentialAction\":[{\"@type\":\"ReadAction\",\"target\":[\"https:\/\/hudo.com\/si\/aktualno\/med-materjo-vseh-protestov-umrli-trije-ljudje\/\"]}]},{\"@type\":\"BreadcrumbList\",\"@id\":\"https:\/\/hudo.com\/si\/aktualno\/med-materjo-vseh-protestov-umrli-trije-ljudje\/#breadcrumb\",\"itemListElement\":[{\"@type\":\"ListItem\",\"position\":1,\"name\":\"Home\",\"item\":\"https:\/\/hudo.com\/si\/\"},{\"@type\":\"ListItem\",\"position\":2,\"name\":\"Med \u00bbmaterjo vseh protestov\u00ab umrli trije ljudje\"}]},{\"@type\":\"WebSite\",\"@id\":\"https:\/\/hudo.com\/si\/#website\",\"url\":\"https:\/\/hudo.com\/si\/\",\"name\":\"Hudo Slovenija\",\"description\":\"Vse novice iz Slovenije in sveta\",\"publisher\":{\"@id\":\"https:\/\/hudo.com\/si\/#organization\"},\"potentialAction\":[{\"@type\":\"SearchAction\",\"target\":{\"@type\":\"EntryPoint\",\"urlTemplate\":\"https:\/\/hudo.com\/si\/?s={search_term_string}\"},\"query-input\":\"required name=search_term_string\"}],\"inLanguage\":\"sl-SI\"},{\"@type\":\"Organization\",\"@id\":\"https:\/\/hudo.com\/si\/#organization\",\"name\":\"VSN Media\",\"url\":\"https:\/\/hudo.com\/si\/\",\"logo\":{\"@type\":\"ImageObject\",\"inLanguage\":\"sl-SI\",\"@id\":\"https:\/\/hudo.com\/si\/#\/schema\/logo\/image\/\",\"url\":\"https:\/\/hudo.com\/si\/wp-content\/uploads\/sites\/2\/2021\/03\/hudo-app-2.png\",\"contentUrl\":\"https:\/\/hudo.com\/si\/wp-content\/uploads\/sites\/2\/2021\/03\/hudo-app-2.png\",\"width\":2185,\"height\":2167,\"caption\":\"VSN Media\"},\"image\":{\"@id\":\"https:\/\/hudo.com\/si\/#\/schema\/logo\/image\/\"},\"sameAs\":[\"https:\/\/www.facebook.com\/hudo.si\",\"https:\/\/twitter.com\/hudo_si\"]},{\"@type\":\"Person\",\"@id\":\"https:\/\/hudo.com\/si\/#\/schema\/person\/601cf3379633985b20f7e50f2bb47707\",\"name\":\"hudo\",\"image\":{\"@type\":\"ImageObject\",\"inLanguage\":\"sl-SI\",\"@id\":\"https:\/\/hudo.com\/si\/#\/schema\/person\/image\/\",\"url\":\"https:\/\/secure.gravatar.com\/avatar\/c4ca25fa72cace7a696b52ff5db9e095?s=96&d=mm&r=g\",\"contentUrl\":\"https:\/\/secure.gravatar.com\/avatar\/c4ca25fa72cace7a696b52ff5db9e095?s=96&d=mm&r=g\",\"caption\":\"hudo\"},\"url\":\"https:\/\/hudo.com\/si\/author\/hudo\/\"}]}<\/script>\n<!-- \/ Yoast SEO plugin. -->","yoast_head_json":{"title":"Med \u00bbmaterjo vseh protestov\u00ab umrli trije ljudje - Hudo Slovenija","robots":{"index":"index","follow":"follow","max-snippet":"max-snippet:-1","max-image-preview":"max-image-preview:large","max-video-preview":"max-video-preview:-1"},"canonical":"https:\/\/hudo.com\/si\/aktualno\/med-materjo-vseh-protestov-umrli-trije-ljudje\/","og_locale":"sl_SI","og_type":"article","og_title":"Med \u00bbmaterjo vseh protestov\u00ab umrli trije ljudje - Hudo Slovenija","og_description":"Kategorija: Globalno Thu, 20 Apr 2017 18:56:00 +0200 Med mno\u017ei\u010dnimi protesti proti\u00ad predsedniku Nicol\u00e1su Maduru\u00ad v Venezueli so v sredo umrli\u00ad najmanj trije ljudje. Opozicija,\u00ad spodbujena z ve\u010d sto tiso\u010d \u00adnezadovoljnimi protestniki, je napovedala, da se bo \u00bbmati vseh protestov\u00ab nadaljevala tudi v \u010detrtek, in to \u0161e v ve\u010djem \u0161tevilu. \u00bbZbrali se bomo na istem mestu ob istem \u010dasu,\u00ab je v sredo zve\u010der s solznimi o\u010dmi zaradi solzivca, ki ga je policija uporabila na protestih, pozival voditelj opozicije Henrique Capriles. \u00bb\u010ce nas je bilo danes ve\u010d kot milijon, nas bo jutri \u0161e ve\u010d,\u00ab je optimisti\u010dno napovedal. Stotiso\u010dem prebivalcev Venezuele, ki so se v\u010deraj udele\u017eili protestnega pohoda, je dovolj pomanjkanja in po njihovem nesposobne vlade \u00adsocialisti\u010dnega predsednika Nico\u00adl\u00e1sa Madura, zato zahtevajo volitve. Med protestniki je tudi precej nekdanjih privr\u017eencev Huga Ch\u00e1veza.\u00ad \u00bbObupani smo in dovolj nam je \u017eivljenja v\u00a0...","og_url":"https:\/\/hudo.com\/si\/aktualno\/med-materjo-vseh-protestov-umrli-trije-ljudje\/","og_site_name":"Hudo Slovenija","article_publisher":"https:\/\/www.facebook.com\/hudo.si","article_published_time":"2017-04-20T14:56:00+00:00","article_modified_time":"2017-04-20T19:21:29+00:00","og_image":[{"width":480,"height":290,"url":"https:\/\/hudo.com\/si\/wp-content\/uploads\/sites\/2\/2017\/04\/480x290_Zunanja__AFP_Photo_20170420_hires0.jpeg","type":"image\/jpeg"}],"author":"hudo","twitter_card":"summary_large_image","twitter_creator":"@hudo_si","twitter_site":"@hudo_si","twitter_misc":{"Written by":"hudo","Est. reading time":"1 minuta"},"schema":{"@context":"https:\/\/schema.org","@graph":[{"@type":"Article","@id":"https:\/\/hudo.com\/si\/aktualno\/med-materjo-vseh-protestov-umrli-trije-ljudje\/#article","isPartOf":{"@id":"https:\/\/hudo.com\/si\/aktualno\/med-materjo-vseh-protestov-umrli-trije-ljudje\/"},"author":{"name":"hudo","@id":"https:\/\/hudo.com\/si\/#\/schema\/person\/601cf3379633985b20f7e50f2bb47707"},"headline":"Med \u00bbmaterjo vseh protestov\u00ab umrli trije ljudje","datePublished":"2017-04-20T14:56:00+00:00","dateModified":"2017-04-20T19:21:29+00:00","mainEntityOfPage":{"@id":"https:\/\/hudo.com\/si\/aktualno\/med-materjo-vseh-protestov-umrli-trije-ljudje\/"},"wordCount":156,"publisher":{"@id":"https:\/\/hudo.com\/si\/#organization"},"articleSection":["Aktualno"],"inLanguage":"sl-SI"},{"@type":"WebPage","@id":"https:\/\/hudo.com\/si\/aktualno\/med-materjo-vseh-protestov-umrli-trije-ljudje\/","url":"https:\/\/hudo.com\/si\/aktualno\/med-materjo-vseh-protestov-umrli-trije-ljudje\/","name":"Med \u00bbmaterjo vseh protestov\u00ab umrli trije ljudje - Hudo Slovenija","isPartOf":{"@id":"https:\/\/hudo.com\/si\/#website"},"datePublished":"2017-04-20T14:56:00+00:00","dateModified":"2017-04-20T19:21:29+00:00","breadcrumb":{"@id":"https:\/\/hudo.com\/si\/aktualno\/med-materjo-vseh-protestov-umrli-trije-ljudje\/#breadcrumb"},"inLanguage":"sl-SI","potentialAction":[{"@type":"ReadAction","target":["https:\/\/hudo.com\/si\/aktualno\/med-materjo-vseh-protestov-umrli-trije-ljudje\/"]}]},{"@type":"BreadcrumbList","@id":"https:\/\/hudo.com\/si\/aktualno\/med-materjo-vseh-protestov-umrli-trije-ljudje\/#breadcrumb","itemListElement":[{"@type":"ListItem","position":1,"name":"Home","item":"https:\/\/hudo.com\/si\/"},{"@type":"ListItem","position":2,"name":"Med \u00bbmaterjo vseh protestov\u00ab umrli trije ljudje"}]},{"@type":"WebSite","@id":"https:\/\/hudo.com\/si\/#website","url":"https:\/\/hudo.com\/si\/","name":"Hudo Slovenija","description":"Vse novice iz Slovenije in sveta","publisher":{"@id":"https:\/\/hudo.com\/si\/#organization"},"potentialAction":[{"@type":"SearchAction","target":{"@type":"EntryPoint","urlTemplate":"https:\/\/hudo.com\/si\/?s={search_term_string}"},"query-input":"required name=search_term_string"}],"inLanguage":"sl-SI"},{"@type":"Organization","@id":"https:\/\/hudo.com\/si\/#organization","name":"VSN Media","url":"https:\/\/hudo.com\/si\/","logo":{"@type":"ImageObject","inLanguage":"sl-SI","@id":"https:\/\/hudo.com\/si\/#\/schema\/logo\/image\/","url":"https:\/\/hudo.com\/si\/wp-content\/uploads\/sites\/2\/2021\/03\/hudo-app-2.png","contentUrl":"https:\/\/hudo.com\/si\/wp-content\/uploads\/sites\/2\/2021\/03\/hudo-app-2.png","width":2185,"height":2167,"caption":"VSN Media"},"image":{"@id":"https:\/\/hudo.com\/si\/#\/schema\/logo\/image\/"},"sameAs":["https:\/\/www.facebook.com\/hudo.si","https:\/\/twitter.com\/hudo_si"]},{"@type":"Person","@id":"https:\/\/hudo.com\/si\/#\/schema\/person\/601cf3379633985b20f7e50f2bb47707","name":"hudo","image":{"@type":"ImageObject","inLanguage":"sl-SI","@id":"https:\/\/hudo.com\/si\/#\/schema\/person\/image\/","url":"https:\/\/secure.gravatar.com\/avatar\/c4ca25fa72cace7a696b52ff5db9e095?s=96&d=mm&r=g","contentUrl":"https:\/\/secure.gravatar.com\/avatar\/c4ca25fa72cace7a696b52ff5db9e095?s=96&d=mm&r=g","caption":"hudo"},"url":"https:\/\/hudo.com\/si\/author\/hudo\/"}]}},"amp_enabled":true,"_links":{"self":[{"href":"https:\/\/hudo.com\/si\/wp-json\/wp\/v2\/posts\/244701"}],"collection":[{"href":"https:\/\/hudo.com\/si\/wp-json\/wp\/v2\/posts"}],"about":[{"href":"https:\/\/hudo.com\/si\/wp-json\/wp\/v2\/types\/post"}],"author":[{"embeddable":true,"href":"https:\/\/hudo.com\/si\/wp-json\/wp\/v2\/users\/1"}],"replies":[{"embeddable":true,"href":"https:\/\/hudo.com\/si\/wp-json\/wp\/v2\/comments?post=244701"}],"version-history":[{"count":1,"href":"https:\/\/hudo.com\/si\/wp-json\/wp\/v2\/posts\/244701\/revisions"}],"predecessor-version":[{"id":244757,"href":"https:\/\/hudo.com\/si\/wp-json\/wp\/v2\/posts\/244701\/revisions\/244757"}],"wp:attachment":[{"href":"https:\/\/hudo.com\/si\/wp-json\/wp\/v2\/media?parent=244701"}],"wp:term":[{"taxonomy":"category","embeddable":true,"href":"https:\/\/hudo.com\/si\/wp-json\/wp\/v2\/categories?post=244701"},{"taxonomy":"post_tag","embeddable":true,"href":"https:\/\/hudo.com\/si\/wp-json\/wp\/v2\/tags?post=244701"},{"taxonomy":"source","embeddable":true,"href":"https:\/\/hudo.com\/si\/wp-json\/wp\/v2\/source?post=244701"},{"taxonomy":"supertag","embeddable":true,"href":"https:\/\/hudo.com\/si\/wp-json\/wp\/v2\/supertag?post=244701"}],"curies":[{"name":"wp","href":"https:\/\/api.w.org\/{rel}","templated":true}]}}