{"id":24580,"date":"2016-04-08T13:00:00","date_gmt":"2016-04-08T11:00:00","guid":{"rendered":"http:\/\/hudo.com\/si\/2016\/04\/08\/vec-tisoc-ljudi-caka-na-vrnitev-v-vojno-in-smrt\/"},"modified":"2016-04-08T13:00:00","modified_gmt":"2016-04-08T11:00:00","slug":"vec-tisoc-ljudi-caka-na-vrnitev-v-vojno-in-smrt","status":"publish","type":"post","link":"https:\/\/hudo.com\/si\/aktualno\/vec-tisoc-ljudi-caka-na-vrnitev-v-vojno-in-smrt\/","title":{"rendered":"Ve\u010d tiso\u010d ljudi \u010daka na vrnitev v vojno in smrt"},"content":{"rendered":"<p>Kategorija: Evropa Fri, 08 Apr 2016 15:00:00 +0200  Danes zjutraj so gr\u0161ke oblasti po treh dneh premora v skladu z dogovorom med Brusljem in Ankaro nadaljevale vra\u010danje beguncev iz gr\u0161kih otokov (Lesbos, Ios, Kos) v Tur\u010dijo. Na otokih so potekali protesti za za\u0161\u010dito beguncev, toda evropska \u00bbre\u0161itev\u00ab begunskega vpra\u0161anja ne pozna milosti. Kaj \u0161ele humanosti.V pristani\u0161\u010du Mitilini so med vkrcavanjem beguncev in migrantov na ladjo, ki je bila namenjena proti Tur\u010diji, aktivisti poskakali v morje in vzklikali, naj se Evropska unija sramuje. Skupina protestnikov v pristani\u0161\u010du je pozivala k osvoboditvi ljudi, ki so jih bile gr\u0161ke oblasti primorane pripreti po tem, ko je 20. marca za\u010del veljati evropsko-tur\u0161ki dogovor, s katerim je EU za \u0161est milijard evrov usodo beguncev in migrantov prodala Tur\u010diji, iz dneva v dan manj stabilni in do ljudi na begu, milo re\u010deno, manj prijazni\u00a0&#8230;<\/p>\n","protected":false},"excerpt":{"rendered":"<p>Kategorija: Evropa Fri, 08 Apr 2016 15:00:00 +0200  Danes zjutraj so gr\u0161ke oblasti po treh dneh premora v skladu z dogovorom med Brusljem in Ankaro nadaljevale vra\u010danje beguncev iz gr\u0161kih otokov (Lesbos, Ios, Kos) v Tur\u010dijo. Na otokih so potekali protesti za za\u0161\u010dito beguncev, toda evropska \u00bbre\u0161itev\u00ab begunskega vpra\u0161anja ne pozna milosti. Kaj \u0161ele humanosti.V pristani\u0161\u010du Mitilini so med vkrcavanjem beguncev in migrantov na ladjo, ki je bila namenjena proti Tur\u010diji, aktivisti poskakali v morje in vzklikali, naj se Evropska unija sramuje. Skupina protestnikov v pristani\u0161\u010du je pozivala k osvoboditvi ljudi, ki so jih bile gr\u0161ke oblasti primorane pripreti po tem, ko je 20. marca za\u010del veljati evropsko-tur\u0161ki dogovor, s katerim je EU za \u0161est milijard evrov usodo beguncev in migrantov prodala Tur\u010diji, iz dneva v dan manj stabilni in do ljudi na begu, milo re\u010deno, manj prijazni\u00a0&#8230;<\/p>\n","protected":false},"author":1,"featured_media":0,"comment_status":"closed","ping_status":"closed","sticky":false,"template":"","format":"standard","meta":{"footnotes":""},"categories":[1179],"tags":[],"source":[4511],"supertag":[],"acf":[],"yoast_head":"<!-- This site is optimized with the Yoast SEO plugin v21.3 - https:\/\/yoast.com\/wordpress\/plugins\/seo\/ -->\n<title>Ve\u010d tiso\u010d ljudi \u010daka na vrnitev v vojno in smrt - Hudo Slovenija<\/title>\n<meta name=\"robots\" content=\"index, follow, max-snippet:-1, max-image-preview:large, max-video-preview:-1\" \/>\n<link rel=\"canonical\" href=\"https:\/\/hudo.com\/si\/aktualno\/vec-tisoc-ljudi-caka-na-vrnitev-v-vojno-in-smrt\/\" \/>\n<meta property=\"og:locale\" content=\"sl_SI\" \/>\n<meta property=\"og:type\" content=\"article\" \/>\n<meta property=\"og:title\" content=\"Ve\u010d tiso\u010d ljudi \u010daka na vrnitev v vojno in smrt - Hudo Slovenija\" \/>\n<meta property=\"og:description\" content=\"Kategorija: Evropa Fri, 08 Apr 2016 15:00:00 +0200 Danes zjutraj so gr\u0161ke oblasti po treh dneh premora v skladu z dogovorom med Brusljem in Ankaro nadaljevale vra\u010danje beguncev iz gr\u0161kih otokov (Lesbos, Ios, Kos) v Tur\u010dijo. Na otokih so potekali protesti za za\u0161\u010dito beguncev, toda evropska \u00bbre\u0161itev\u00ab begunskega vpra\u0161anja ne pozna milosti. Kaj \u0161ele humanosti.V pristani\u0161\u010du Mitilini so med vkrcavanjem beguncev in migrantov na ladjo, ki je bila namenjena proti Tur\u010diji, aktivisti poskakali v morje in vzklikali, naj se Evropska unija sramuje. Skupina protestnikov v pristani\u0161\u010du je pozivala k osvoboditvi ljudi, ki so jih bile gr\u0161ke oblasti primorane pripreti po tem, ko je 20. marca za\u010del veljati evropsko-tur\u0161ki dogovor, s katerim je EU za \u0161est milijard evrov usodo beguncev in migrantov prodala Tur\u010diji, iz dneva v dan manj stabilni in do ljudi na begu, milo re\u010deno, manj prijazni\u00a0...\" \/>\n<meta property=\"og:url\" content=\"https:\/\/hudo.com\/si\/aktualno\/vec-tisoc-ljudi-caka-na-vrnitev-v-vojno-in-smrt\/\" \/>\n<meta property=\"og:site_name\" content=\"Hudo Slovenija\" \/>\n<meta property=\"article:publisher\" content=\"https:\/\/www.facebook.com\/hudo.si\" \/>\n<meta property=\"article:published_time\" content=\"2016-04-08T11:00:00+00:00\" \/>\n<meta property=\"og:image\" content=\"https:\/\/hudo.com\/si\/wp-content\/uploads\/sites\/2\/2016\/04\/480x290_AFP_Photo-20160404122302-42203800-1.jpeg\" \/>\n\t<meta property=\"og:image:width\" content=\"480\" \/>\n\t<meta property=\"og:image:height\" content=\"290\" \/>\n\t<meta property=\"og:image:type\" content=\"image\/jpeg\" \/>\n<meta name=\"author\" content=\"hudo\" \/>\n<meta name=\"twitter:card\" content=\"summary_large_image\" \/>\n<meta name=\"twitter:creator\" content=\"@hudo_si\" \/>\n<meta name=\"twitter:site\" content=\"@hudo_si\" \/>\n<meta name=\"twitter:label1\" content=\"Written by\" \/>\n\t<meta name=\"twitter:data1\" content=\"hudo\" \/>\n\t<meta name=\"twitter:label2\" content=\"Est. reading time\" \/>\n\t<meta name=\"twitter:data2\" content=\"1 minuta\" \/>\n<script type=\"application\/ld+json\" class=\"yoast-schema-graph\">{\"@context\":\"https:\/\/schema.org\",\"@graph\":[{\"@type\":\"Article\",\"@id\":\"https:\/\/hudo.com\/si\/aktualno\/vec-tisoc-ljudi-caka-na-vrnitev-v-vojno-in-smrt\/#article\",\"isPartOf\":{\"@id\":\"https:\/\/hudo.com\/si\/aktualno\/vec-tisoc-ljudi-caka-na-vrnitev-v-vojno-in-smrt\/\"},\"author\":{\"name\":\"hudo\",\"@id\":\"https:\/\/hudo.com\/si\/#\/schema\/person\/601cf3379633985b20f7e50f2bb47707\"},\"headline\":\"Ve\u010d tiso\u010d ljudi \u010daka na vrnitev v vojno in smrt\",\"datePublished\":\"2016-04-08T11:00:00+00:00\",\"dateModified\":\"2016-04-08T11:00:00+00:00\",\"mainEntityOfPage\":{\"@id\":\"https:\/\/hudo.com\/si\/aktualno\/vec-tisoc-ljudi-caka-na-vrnitev-v-vojno-in-smrt\/\"},\"wordCount\":159,\"publisher\":{\"@id\":\"https:\/\/hudo.com\/si\/#organization\"},\"articleSection\":[\"Aktualno\"],\"inLanguage\":\"sl-SI\"},{\"@type\":\"WebPage\",\"@id\":\"https:\/\/hudo.com\/si\/aktualno\/vec-tisoc-ljudi-caka-na-vrnitev-v-vojno-in-smrt\/\",\"url\":\"https:\/\/hudo.com\/si\/aktualno\/vec-tisoc-ljudi-caka-na-vrnitev-v-vojno-in-smrt\/\",\"name\":\"Ve\u010d tiso\u010d ljudi \u010daka na vrnitev v vojno in smrt - Hudo Slovenija\",\"isPartOf\":{\"@id\":\"https:\/\/hudo.com\/si\/#website\"},\"datePublished\":\"2016-04-08T11:00:00+00:00\",\"dateModified\":\"2016-04-08T11:00:00+00:00\",\"breadcrumb\":{\"@id\":\"https:\/\/hudo.com\/si\/aktualno\/vec-tisoc-ljudi-caka-na-vrnitev-v-vojno-in-smrt\/#breadcrumb\"},\"inLanguage\":\"sl-SI\",\"potentialAction\":[{\"@type\":\"ReadAction\",\"target\":[\"https:\/\/hudo.com\/si\/aktualno\/vec-tisoc-ljudi-caka-na-vrnitev-v-vojno-in-smrt\/\"]}]},{\"@type\":\"BreadcrumbList\",\"@id\":\"https:\/\/hudo.com\/si\/aktualno\/vec-tisoc-ljudi-caka-na-vrnitev-v-vojno-in-smrt\/#breadcrumb\",\"itemListElement\":[{\"@type\":\"ListItem\",\"position\":1,\"name\":\"Home\",\"item\":\"https:\/\/hudo.com\/si\/\"},{\"@type\":\"ListItem\",\"position\":2,\"name\":\"Ve\u010d tiso\u010d ljudi \u010daka na vrnitev v vojno in smrt\"}]},{\"@type\":\"WebSite\",\"@id\":\"https:\/\/hudo.com\/si\/#website\",\"url\":\"https:\/\/hudo.com\/si\/\",\"name\":\"Hudo Slovenija\",\"description\":\"Vse novice iz Slovenije in sveta\",\"publisher\":{\"@id\":\"https:\/\/hudo.com\/si\/#organization\"},\"potentialAction\":[{\"@type\":\"SearchAction\",\"target\":{\"@type\":\"EntryPoint\",\"urlTemplate\":\"https:\/\/hudo.com\/si\/?s={search_term_string}\"},\"query-input\":\"required name=search_term_string\"}],\"inLanguage\":\"sl-SI\"},{\"@type\":\"Organization\",\"@id\":\"https:\/\/hudo.com\/si\/#organization\",\"name\":\"VSN Media\",\"url\":\"https:\/\/hudo.com\/si\/\",\"logo\":{\"@type\":\"ImageObject\",\"inLanguage\":\"sl-SI\",\"@id\":\"https:\/\/hudo.com\/si\/#\/schema\/logo\/image\/\",\"url\":\"https:\/\/hudo.com\/si\/wp-content\/uploads\/sites\/2\/2021\/03\/hudo-app-2.png\",\"contentUrl\":\"https:\/\/hudo.com\/si\/wp-content\/uploads\/sites\/2\/2021\/03\/hudo-app-2.png\",\"width\":2185,\"height\":2167,\"caption\":\"VSN Media\"},\"image\":{\"@id\":\"https:\/\/hudo.com\/si\/#\/schema\/logo\/image\/\"},\"sameAs\":[\"https:\/\/www.facebook.com\/hudo.si\",\"https:\/\/twitter.com\/hudo_si\"]},{\"@type\":\"Person\",\"@id\":\"https:\/\/hudo.com\/si\/#\/schema\/person\/601cf3379633985b20f7e50f2bb47707\",\"name\":\"hudo\",\"image\":{\"@type\":\"ImageObject\",\"inLanguage\":\"sl-SI\",\"@id\":\"https:\/\/hudo.com\/si\/#\/schema\/person\/image\/\",\"url\":\"https:\/\/secure.gravatar.com\/avatar\/c4ca25fa72cace7a696b52ff5db9e095?s=96&d=mm&r=g\",\"contentUrl\":\"https:\/\/secure.gravatar.com\/avatar\/c4ca25fa72cace7a696b52ff5db9e095?s=96&d=mm&r=g\",\"caption\":\"hudo\"},\"url\":\"https:\/\/hudo.com\/si\/author\/hudo\/\"}]}<\/script>\n<!-- \/ Yoast SEO plugin. -->","yoast_head_json":{"title":"Ve\u010d tiso\u010d ljudi \u010daka na vrnitev v vojno in smrt - Hudo Slovenija","robots":{"index":"index","follow":"follow","max-snippet":"max-snippet:-1","max-image-preview":"max-image-preview:large","max-video-preview":"max-video-preview:-1"},"canonical":"https:\/\/hudo.com\/si\/aktualno\/vec-tisoc-ljudi-caka-na-vrnitev-v-vojno-in-smrt\/","og_locale":"sl_SI","og_type":"article","og_title":"Ve\u010d tiso\u010d ljudi \u010daka na vrnitev v vojno in smrt - Hudo Slovenija","og_description":"Kategorija: Evropa Fri, 08 Apr 2016 15:00:00 +0200 Danes zjutraj so gr\u0161ke oblasti po treh dneh premora v skladu z dogovorom med Brusljem in Ankaro nadaljevale vra\u010danje beguncev iz gr\u0161kih otokov (Lesbos, Ios, Kos) v Tur\u010dijo. Na otokih so potekali protesti za za\u0161\u010dito beguncev, toda evropska \u00bbre\u0161itev\u00ab begunskega vpra\u0161anja ne pozna milosti. Kaj \u0161ele humanosti.V pristani\u0161\u010du Mitilini so med vkrcavanjem beguncev in migrantov na ladjo, ki je bila namenjena proti Tur\u010diji, aktivisti poskakali v morje in vzklikali, naj se Evropska unija sramuje. Skupina protestnikov v pristani\u0161\u010du je pozivala k osvoboditvi ljudi, ki so jih bile gr\u0161ke oblasti primorane pripreti po tem, ko je 20. marca za\u010del veljati evropsko-tur\u0161ki dogovor, s katerim je EU za \u0161est milijard evrov usodo beguncev in migrantov prodala Tur\u010diji, iz dneva v dan manj stabilni in do ljudi na begu, milo re\u010deno, manj prijazni\u00a0...","og_url":"https:\/\/hudo.com\/si\/aktualno\/vec-tisoc-ljudi-caka-na-vrnitev-v-vojno-in-smrt\/","og_site_name":"Hudo Slovenija","article_publisher":"https:\/\/www.facebook.com\/hudo.si","article_published_time":"2016-04-08T11:00:00+00:00","og_image":[{"width":480,"height":290,"url":"https:\/\/hudo.com\/si\/wp-content\/uploads\/sites\/2\/2016\/04\/480x290_AFP_Photo-20160404122302-42203800-1.jpeg","type":"image\/jpeg"}],"author":"hudo","twitter_card":"summary_large_image","twitter_creator":"@hudo_si","twitter_site":"@hudo_si","twitter_misc":{"Written by":"hudo","Est. reading time":"1 minuta"},"schema":{"@context":"https:\/\/schema.org","@graph":[{"@type":"Article","@id":"https:\/\/hudo.com\/si\/aktualno\/vec-tisoc-ljudi-caka-na-vrnitev-v-vojno-in-smrt\/#article","isPartOf":{"@id":"https:\/\/hudo.com\/si\/aktualno\/vec-tisoc-ljudi-caka-na-vrnitev-v-vojno-in-smrt\/"},"author":{"name":"hudo","@id":"https:\/\/hudo.com\/si\/#\/schema\/person\/601cf3379633985b20f7e50f2bb47707"},"headline":"Ve\u010d tiso\u010d ljudi \u010daka na vrnitev v vojno in smrt","datePublished":"2016-04-08T11:00:00+00:00","dateModified":"2016-04-08T11:00:00+00:00","mainEntityOfPage":{"@id":"https:\/\/hudo.com\/si\/aktualno\/vec-tisoc-ljudi-caka-na-vrnitev-v-vojno-in-smrt\/"},"wordCount":159,"publisher":{"@id":"https:\/\/hudo.com\/si\/#organization"},"articleSection":["Aktualno"],"inLanguage":"sl-SI"},{"@type":"WebPage","@id":"https:\/\/hudo.com\/si\/aktualno\/vec-tisoc-ljudi-caka-na-vrnitev-v-vojno-in-smrt\/","url":"https:\/\/hudo.com\/si\/aktualno\/vec-tisoc-ljudi-caka-na-vrnitev-v-vojno-in-smrt\/","name":"Ve\u010d tiso\u010d ljudi \u010daka na vrnitev v vojno in smrt - Hudo Slovenija","isPartOf":{"@id":"https:\/\/hudo.com\/si\/#website"},"datePublished":"2016-04-08T11:00:00+00:00","dateModified":"2016-04-08T11:00:00+00:00","breadcrumb":{"@id":"https:\/\/hudo.com\/si\/aktualno\/vec-tisoc-ljudi-caka-na-vrnitev-v-vojno-in-smrt\/#breadcrumb"},"inLanguage":"sl-SI","potentialAction":[{"@type":"ReadAction","target":["https:\/\/hudo.com\/si\/aktualno\/vec-tisoc-ljudi-caka-na-vrnitev-v-vojno-in-smrt\/"]}]},{"@type":"BreadcrumbList","@id":"https:\/\/hudo.com\/si\/aktualno\/vec-tisoc-ljudi-caka-na-vrnitev-v-vojno-in-smrt\/#breadcrumb","itemListElement":[{"@type":"ListItem","position":1,"name":"Home","item":"https:\/\/hudo.com\/si\/"},{"@type":"ListItem","position":2,"name":"Ve\u010d tiso\u010d ljudi \u010daka na vrnitev v vojno in smrt"}]},{"@type":"WebSite","@id":"https:\/\/hudo.com\/si\/#website","url":"https:\/\/hudo.com\/si\/","name":"Hudo Slovenija","description":"Vse novice iz Slovenije in sveta","publisher":{"@id":"https:\/\/hudo.com\/si\/#organization"},"potentialAction":[{"@type":"SearchAction","target":{"@type":"EntryPoint","urlTemplate":"https:\/\/hudo.com\/si\/?s={search_term_string}"},"query-input":"required name=search_term_string"}],"inLanguage":"sl-SI"},{"@type":"Organization","@id":"https:\/\/hudo.com\/si\/#organization","name":"VSN Media","url":"https:\/\/hudo.com\/si\/","logo":{"@type":"ImageObject","inLanguage":"sl-SI","@id":"https:\/\/hudo.com\/si\/#\/schema\/logo\/image\/","url":"https:\/\/hudo.com\/si\/wp-content\/uploads\/sites\/2\/2021\/03\/hudo-app-2.png","contentUrl":"https:\/\/hudo.com\/si\/wp-content\/uploads\/sites\/2\/2021\/03\/hudo-app-2.png","width":2185,"height":2167,"caption":"VSN Media"},"image":{"@id":"https:\/\/hudo.com\/si\/#\/schema\/logo\/image\/"},"sameAs":["https:\/\/www.facebook.com\/hudo.si","https:\/\/twitter.com\/hudo_si"]},{"@type":"Person","@id":"https:\/\/hudo.com\/si\/#\/schema\/person\/601cf3379633985b20f7e50f2bb47707","name":"hudo","image":{"@type":"ImageObject","inLanguage":"sl-SI","@id":"https:\/\/hudo.com\/si\/#\/schema\/person\/image\/","url":"https:\/\/secure.gravatar.com\/avatar\/c4ca25fa72cace7a696b52ff5db9e095?s=96&d=mm&r=g","contentUrl":"https:\/\/secure.gravatar.com\/avatar\/c4ca25fa72cace7a696b52ff5db9e095?s=96&d=mm&r=g","caption":"hudo"},"url":"https:\/\/hudo.com\/si\/author\/hudo\/"}]}},"amp_enabled":true,"_links":{"self":[{"href":"https:\/\/hudo.com\/si\/wp-json\/wp\/v2\/posts\/24580"}],"collection":[{"href":"https:\/\/hudo.com\/si\/wp-json\/wp\/v2\/posts"}],"about":[{"href":"https:\/\/hudo.com\/si\/wp-json\/wp\/v2\/types\/post"}],"author":[{"embeddable":true,"href":"https:\/\/hudo.com\/si\/wp-json\/wp\/v2\/users\/1"}],"replies":[{"embeddable":true,"href":"https:\/\/hudo.com\/si\/wp-json\/wp\/v2\/comments?post=24580"}],"version-history":[{"count":0,"href":"https:\/\/hudo.com\/si\/wp-json\/wp\/v2\/posts\/24580\/revisions"}],"wp:attachment":[{"href":"https:\/\/hudo.com\/si\/wp-json\/wp\/v2\/media?parent=24580"}],"wp:term":[{"taxonomy":"category","embeddable":true,"href":"https:\/\/hudo.com\/si\/wp-json\/wp\/v2\/categories?post=24580"},{"taxonomy":"post_tag","embeddable":true,"href":"https:\/\/hudo.com\/si\/wp-json\/wp\/v2\/tags?post=24580"},{"taxonomy":"source","embeddable":true,"href":"https:\/\/hudo.com\/si\/wp-json\/wp\/v2\/source?post=24580"},{"taxonomy":"supertag","embeddable":true,"href":"https:\/\/hudo.com\/si\/wp-json\/wp\/v2\/supertag?post=24580"}],"curies":[{"name":"wp","href":"https:\/\/api.w.org\/{rel}","templated":true}]}}