{"id":247176,"date":"2017-04-25T13:20:18","date_gmt":"2017-04-25T11:20:18","guid":{"rendered":"http:\/\/hudo.com\/si\/?p=247176"},"modified":"2017-04-25T13:24:54","modified_gmt":"2017-04-25T11:24:54","slug":"posnetek-star-24-let-tako-se-je-zacela-romanca-francoza-macrona-njegove-srednjesolske-profesorice","status":"publish","type":"post","link":"https:\/\/hudo.com\/si\/vip\/posnetek-star-24-let-tako-se-je-zacela-romanca-francoza-macrona-njegove-srednjesolske-profesorice\/","title":{"rendered":"Posnetek, star 24 let: Tako se je za\u010dela romanca Francoza Macrona in njegove srednje\u0161olske u\u010diteljice"},"content":{"rendered":"<p>Brigitte Trogneux je bila u\u010diteljica franco\u0161\u010dine na zasebni \u0161oli. Vodila je tudi dramski kro\u017eek, v katerem je sodeloval takrat 16-letni Emmanuel Macron. \u0160lo naj bi za ljubezen na prvi pogled.<\/p>\n<p>Posnetek je nastal leta 1993, na njem pa lahko vidimo Macrona, kako po uspe\u0161ni predstavi prihaja z odra, nato pa mu Briggite ponudi roko in ga poljubi na obraz. Macron je bil takrat star 16 let.<\/p>\n<p>https:\/\/www.youtube.com\/watch?v=7ktVVtK9UFQ<\/p>\n<p>Javnomnenjske raziskave ka\u017eejo, da bo prav Macron postal novi in najmlaj\u0161i francoski predsednik doslej. Macron se bo v drugem krogu predsedni\u0161kih volitev, ki bo 7. maja, pomeril z Marine Le Pen.<\/p>\n","protected":false},"excerpt":{"rendered":"<p>Zakon Emmanuela Macrona in njegove 24 let starej\u0161e u\u010diteljice iz srednje \u0161ole, Brigitte Trogneux, vse bolj zanima francosko javnost. Zbli\u017eala sta se med \u0161olsko predstavo, katere posnetek se je pojavil tudi na spletu.<\/p>\n","protected":false},"author":6,"featured_media":247187,"comment_status":"closed","ping_status":"closed","sticky":false,"template":"","format":"standard","meta":{"footnotes":""},"categories":[1093],"tags":[8561,8549],"source":[4511],"supertag":[],"acf":[],"yoast_head":"<!-- This site is optimized with the Yoast SEO plugin v21.3 - https:\/\/yoast.com\/wordpress\/plugins\/seo\/ -->\n<title>Posnetek, star 24 let: Tako se je za\u010dela romanca Francoza Macrona in njegove srednje\u0161olske u\u010diteljice - Hudo Slovenija<\/title>\n<meta name=\"robots\" content=\"index, follow, max-snippet:-1, max-image-preview:large, max-video-preview:-1\" \/>\n<link rel=\"canonical\" href=\"https:\/\/hudo.com\/si\/vip\/posnetek-star-24-let-tako-se-je-zacela-romanca-francoza-macrona-njegove-srednjesolske-profesorice\/\" \/>\n<meta property=\"og:locale\" content=\"sl_SI\" \/>\n<meta property=\"og:type\" content=\"article\" \/>\n<meta property=\"og:title\" content=\"Posnetek, star 24 let: Tako se je za\u010dela romanca Francoza Macrona in njegove srednje\u0161olske u\u010diteljice - Hudo Slovenija\" \/>\n<meta property=\"og:description\" content=\"Zakon Emmanuela Macrona in njegove 24 let starej\u0161e u\u010diteljice iz srednje \u0161ole, Brigitte Trogneux, vse bolj zanima francosko javnost. Zbli\u017eala sta se med \u0161olsko predstavo, katere posnetek se je pojavil tudi na spletu.\" \/>\n<meta property=\"og:url\" content=\"https:\/\/hudo.com\/si\/vip\/posnetek-star-24-let-tako-se-je-zacela-romanca-francoza-macrona-njegove-srednjesolske-profesorice\/\" \/>\n<meta property=\"og:site_name\" content=\"Hudo Slovenija\" \/>\n<meta property=\"article:publisher\" content=\"https:\/\/www.facebook.com\/hudo.si\" \/>\n<meta property=\"article:published_time\" content=\"2017-04-25T11:20:18+00:00\" \/>\n<meta property=\"article:modified_time\" content=\"2017-04-25T11:24:54+00:00\" \/>\n<meta property=\"og:image\" content=\"https:\/\/hudo.com\/si\/wp-content\/uploads\/sites\/2\/2017\/04\/macron.jpg\" \/>\n\t<meta property=\"og:image:width\" content=\"625\" \/>\n\t<meta property=\"og:image:height\" content=\"363\" \/>\n\t<meta property=\"og:image:type\" content=\"image\/jpeg\" \/>\n<meta name=\"author\" content=\"A. G.\" \/>\n<meta name=\"twitter:card\" content=\"summary_large_image\" \/>\n<meta name=\"twitter:creator\" content=\"@hudo_si\" \/>\n<meta name=\"twitter:site\" content=\"@hudo_si\" \/>\n<meta name=\"twitter:label1\" content=\"Written by\" \/>\n\t<meta name=\"twitter:data1\" content=\"A. G.\" \/>\n\t<meta name=\"twitter:label2\" content=\"Est. reading time\" \/>\n\t<meta name=\"twitter:data2\" content=\"1 minuta\" \/>\n<script type=\"application\/ld+json\" class=\"yoast-schema-graph\">{\"@context\":\"https:\/\/schema.org\",\"@graph\":[{\"@type\":\"Article\",\"@id\":\"https:\/\/hudo.com\/si\/vip\/posnetek-star-24-let-tako-se-je-zacela-romanca-francoza-macrona-njegove-srednjesolske-profesorice\/#article\",\"isPartOf\":{\"@id\":\"https:\/\/hudo.com\/si\/vip\/posnetek-star-24-let-tako-se-je-zacela-romanca-francoza-macrona-njegove-srednjesolske-profesorice\/\"},\"author\":{\"name\":\"A. G.\",\"@id\":\"https:\/\/hudo.com\/si\/#\/schema\/person\/f95639a66e0dd2c682b0568634e85b8b\"},\"headline\":\"Posnetek, star 24 let: Tako se je za\u010dela romanca Francoza Macrona in njegove srednje\u0161olske u\u010diteljice\",\"datePublished\":\"2017-04-25T11:20:18+00:00\",\"dateModified\":\"2017-04-25T11:24:54+00:00\",\"mainEntityOfPage\":{\"@id\":\"https:\/\/hudo.com\/si\/vip\/posnetek-star-24-let-tako-se-je-zacela-romanca-francoza-macrona-njegove-srednjesolske-profesorice\/\"},\"wordCount\":126,\"publisher\":{\"@id\":\"https:\/\/hudo.com\/si\/#organization\"},\"keywords\":[\"Brigitte Trogneux\",\"Emmanuel Macron\"],\"articleSection\":[\"VIP\"],\"inLanguage\":\"sl-SI\"},{\"@type\":\"WebPage\",\"@id\":\"https:\/\/hudo.com\/si\/vip\/posnetek-star-24-let-tako-se-je-zacela-romanca-francoza-macrona-njegove-srednjesolske-profesorice\/\",\"url\":\"https:\/\/hudo.com\/si\/vip\/posnetek-star-24-let-tako-se-je-zacela-romanca-francoza-macrona-njegove-srednjesolske-profesorice\/\",\"name\":\"Posnetek, star 24 let: Tako se je za\u010dela romanca Francoza Macrona in njegove srednje\u0161olske u\u010diteljice - Hudo Slovenija\",\"isPartOf\":{\"@id\":\"https:\/\/hudo.com\/si\/#website\"},\"datePublished\":\"2017-04-25T11:20:18+00:00\",\"dateModified\":\"2017-04-25T11:24:54+00:00\",\"breadcrumb\":{\"@id\":\"https:\/\/hudo.com\/si\/vip\/posnetek-star-24-let-tako-se-je-zacela-romanca-francoza-macrona-njegove-srednjesolske-profesorice\/#breadcrumb\"},\"inLanguage\":\"sl-SI\",\"potentialAction\":[{\"@type\":\"ReadAction\",\"target\":[\"https:\/\/hudo.com\/si\/vip\/posnetek-star-24-let-tako-se-je-zacela-romanca-francoza-macrona-njegove-srednjesolske-profesorice\/\"]}]},{\"@type\":\"BreadcrumbList\",\"@id\":\"https:\/\/hudo.com\/si\/vip\/posnetek-star-24-let-tako-se-je-zacela-romanca-francoza-macrona-njegove-srednjesolske-profesorice\/#breadcrumb\",\"itemListElement\":[{\"@type\":\"ListItem\",\"position\":1,\"name\":\"Home\",\"item\":\"https:\/\/hudo.com\/si\/\"},{\"@type\":\"ListItem\",\"position\":2,\"name\":\"Posnetek, star 24 let: Tako se je za\u010dela romanca Francoza Macrona in njegove srednje\u0161olske u\u010diteljice\"}]},{\"@type\":\"WebSite\",\"@id\":\"https:\/\/hudo.com\/si\/#website\",\"url\":\"https:\/\/hudo.com\/si\/\",\"name\":\"Hudo Slovenija\",\"description\":\"Vse novice iz Slovenije in sveta\",\"publisher\":{\"@id\":\"https:\/\/hudo.com\/si\/#organization\"},\"potentialAction\":[{\"@type\":\"SearchAction\",\"target\":{\"@type\":\"EntryPoint\",\"urlTemplate\":\"https:\/\/hudo.com\/si\/?s={search_term_string}\"},\"query-input\":\"required name=search_term_string\"}],\"inLanguage\":\"sl-SI\"},{\"@type\":\"Organization\",\"@id\":\"https:\/\/hudo.com\/si\/#organization\",\"name\":\"VSN Media\",\"url\":\"https:\/\/hudo.com\/si\/\",\"logo\":{\"@type\":\"ImageObject\",\"inLanguage\":\"sl-SI\",\"@id\":\"https:\/\/hudo.com\/si\/#\/schema\/logo\/image\/\",\"url\":\"https:\/\/hudo.com\/si\/wp-content\/uploads\/sites\/2\/2021\/03\/hudo-app-2.png\",\"contentUrl\":\"https:\/\/hudo.com\/si\/wp-content\/uploads\/sites\/2\/2021\/03\/hudo-app-2.png\",\"width\":2185,\"height\":2167,\"caption\":\"VSN Media\"},\"image\":{\"@id\":\"https:\/\/hudo.com\/si\/#\/schema\/logo\/image\/\"},\"sameAs\":[\"https:\/\/www.facebook.com\/hudo.si\",\"https:\/\/twitter.com\/hudo_si\"]},{\"@type\":\"Person\",\"@id\":\"https:\/\/hudo.com\/si\/#\/schema\/person\/f95639a66e0dd2c682b0568634e85b8b\",\"name\":\"A. G.\",\"image\":{\"@type\":\"ImageObject\",\"inLanguage\":\"sl-SI\",\"@id\":\"https:\/\/hudo.com\/si\/#\/schema\/person\/image\/\",\"url\":\"https:\/\/secure.gravatar.com\/avatar\/9f44de561c70d5d80348d3ed0f4b142d?s=96&d=mm&r=g\",\"contentUrl\":\"https:\/\/secure.gravatar.com\/avatar\/9f44de561c70d5d80348d3ed0f4b142d?s=96&d=mm&r=g\",\"caption\":\"A. G.\"},\"url\":\"https:\/\/hudo.com\/si\/author\/alenkagrmek\/\"}]}<\/script>\n<!-- \/ Yoast SEO plugin. -->","yoast_head_json":{"title":"Posnetek, star 24 let: Tako se je za\u010dela romanca Francoza Macrona in njegove srednje\u0161olske u\u010diteljice - Hudo Slovenija","robots":{"index":"index","follow":"follow","max-snippet":"max-snippet:-1","max-image-preview":"max-image-preview:large","max-video-preview":"max-video-preview:-1"},"canonical":"https:\/\/hudo.com\/si\/vip\/posnetek-star-24-let-tako-se-je-zacela-romanca-francoza-macrona-njegove-srednjesolske-profesorice\/","og_locale":"sl_SI","og_type":"article","og_title":"Posnetek, star 24 let: Tako se je za\u010dela romanca Francoza Macrona in njegove srednje\u0161olske u\u010diteljice - Hudo Slovenija","og_description":"Zakon Emmanuela Macrona in njegove 24 let starej\u0161e u\u010diteljice iz srednje \u0161ole, Brigitte Trogneux, vse bolj zanima francosko javnost. Zbli\u017eala sta se med \u0161olsko predstavo, katere posnetek se je pojavil tudi na spletu.","og_url":"https:\/\/hudo.com\/si\/vip\/posnetek-star-24-let-tako-se-je-zacela-romanca-francoza-macrona-njegove-srednjesolske-profesorice\/","og_site_name":"Hudo Slovenija","article_publisher":"https:\/\/www.facebook.com\/hudo.si","article_published_time":"2017-04-25T11:20:18+00:00","article_modified_time":"2017-04-25T11:24:54+00:00","og_image":[{"width":625,"height":363,"url":"https:\/\/hudo.com\/si\/wp-content\/uploads\/sites\/2\/2017\/04\/macron.jpg","type":"image\/jpeg"}],"author":"A. G.","twitter_card":"summary_large_image","twitter_creator":"@hudo_si","twitter_site":"@hudo_si","twitter_misc":{"Written by":"A. G.","Est. reading time":"1 minuta"},"schema":{"@context":"https:\/\/schema.org","@graph":[{"@type":"Article","@id":"https:\/\/hudo.com\/si\/vip\/posnetek-star-24-let-tako-se-je-zacela-romanca-francoza-macrona-njegove-srednjesolske-profesorice\/#article","isPartOf":{"@id":"https:\/\/hudo.com\/si\/vip\/posnetek-star-24-let-tako-se-je-zacela-romanca-francoza-macrona-njegove-srednjesolske-profesorice\/"},"author":{"name":"A. G.","@id":"https:\/\/hudo.com\/si\/#\/schema\/person\/f95639a66e0dd2c682b0568634e85b8b"},"headline":"Posnetek, star 24 let: Tako se je za\u010dela romanca Francoza Macrona in njegove srednje\u0161olske u\u010diteljice","datePublished":"2017-04-25T11:20:18+00:00","dateModified":"2017-04-25T11:24:54+00:00","mainEntityOfPage":{"@id":"https:\/\/hudo.com\/si\/vip\/posnetek-star-24-let-tako-se-je-zacela-romanca-francoza-macrona-njegove-srednjesolske-profesorice\/"},"wordCount":126,"publisher":{"@id":"https:\/\/hudo.com\/si\/#organization"},"keywords":["Brigitte Trogneux","Emmanuel Macron"],"articleSection":["VIP"],"inLanguage":"sl-SI"},{"@type":"WebPage","@id":"https:\/\/hudo.com\/si\/vip\/posnetek-star-24-let-tako-se-je-zacela-romanca-francoza-macrona-njegove-srednjesolske-profesorice\/","url":"https:\/\/hudo.com\/si\/vip\/posnetek-star-24-let-tako-se-je-zacela-romanca-francoza-macrona-njegove-srednjesolske-profesorice\/","name":"Posnetek, star 24 let: Tako se je za\u010dela romanca Francoza Macrona in njegove srednje\u0161olske u\u010diteljice - Hudo Slovenija","isPartOf":{"@id":"https:\/\/hudo.com\/si\/#website"},"datePublished":"2017-04-25T11:20:18+00:00","dateModified":"2017-04-25T11:24:54+00:00","breadcrumb":{"@id":"https:\/\/hudo.com\/si\/vip\/posnetek-star-24-let-tako-se-je-zacela-romanca-francoza-macrona-njegove-srednjesolske-profesorice\/#breadcrumb"},"inLanguage":"sl-SI","potentialAction":[{"@type":"ReadAction","target":["https:\/\/hudo.com\/si\/vip\/posnetek-star-24-let-tako-se-je-zacela-romanca-francoza-macrona-njegove-srednjesolske-profesorice\/"]}]},{"@type":"BreadcrumbList","@id":"https:\/\/hudo.com\/si\/vip\/posnetek-star-24-let-tako-se-je-zacela-romanca-francoza-macrona-njegove-srednjesolske-profesorice\/#breadcrumb","itemListElement":[{"@type":"ListItem","position":1,"name":"Home","item":"https:\/\/hudo.com\/si\/"},{"@type":"ListItem","position":2,"name":"Posnetek, star 24 let: Tako se je za\u010dela romanca Francoza Macrona in njegove srednje\u0161olske u\u010diteljice"}]},{"@type":"WebSite","@id":"https:\/\/hudo.com\/si\/#website","url":"https:\/\/hudo.com\/si\/","name":"Hudo Slovenija","description":"Vse novice iz Slovenije in sveta","publisher":{"@id":"https:\/\/hudo.com\/si\/#organization"},"potentialAction":[{"@type":"SearchAction","target":{"@type":"EntryPoint","urlTemplate":"https:\/\/hudo.com\/si\/?s={search_term_string}"},"query-input":"required name=search_term_string"}],"inLanguage":"sl-SI"},{"@type":"Organization","@id":"https:\/\/hudo.com\/si\/#organization","name":"VSN Media","url":"https:\/\/hudo.com\/si\/","logo":{"@type":"ImageObject","inLanguage":"sl-SI","@id":"https:\/\/hudo.com\/si\/#\/schema\/logo\/image\/","url":"https:\/\/hudo.com\/si\/wp-content\/uploads\/sites\/2\/2021\/03\/hudo-app-2.png","contentUrl":"https:\/\/hudo.com\/si\/wp-content\/uploads\/sites\/2\/2021\/03\/hudo-app-2.png","width":2185,"height":2167,"caption":"VSN Media"},"image":{"@id":"https:\/\/hudo.com\/si\/#\/schema\/logo\/image\/"},"sameAs":["https:\/\/www.facebook.com\/hudo.si","https:\/\/twitter.com\/hudo_si"]},{"@type":"Person","@id":"https:\/\/hudo.com\/si\/#\/schema\/person\/f95639a66e0dd2c682b0568634e85b8b","name":"A. G.","image":{"@type":"ImageObject","inLanguage":"sl-SI","@id":"https:\/\/hudo.com\/si\/#\/schema\/person\/image\/","url":"https:\/\/secure.gravatar.com\/avatar\/9f44de561c70d5d80348d3ed0f4b142d?s=96&d=mm&r=g","contentUrl":"https:\/\/secure.gravatar.com\/avatar\/9f44de561c70d5d80348d3ed0f4b142d?s=96&d=mm&r=g","caption":"A. G."},"url":"https:\/\/hudo.com\/si\/author\/alenkagrmek\/"}]}},"amp_enabled":true,"_links":{"self":[{"href":"https:\/\/hudo.com\/si\/wp-json\/wp\/v2\/posts\/247176"}],"collection":[{"href":"https:\/\/hudo.com\/si\/wp-json\/wp\/v2\/posts"}],"about":[{"href":"https:\/\/hudo.com\/si\/wp-json\/wp\/v2\/types\/post"}],"author":[{"embeddable":true,"href":"https:\/\/hudo.com\/si\/wp-json\/wp\/v2\/users\/6"}],"replies":[{"embeddable":true,"href":"https:\/\/hudo.com\/si\/wp-json\/wp\/v2\/comments?post=247176"}],"version-history":[{"count":4,"href":"https:\/\/hudo.com\/si\/wp-json\/wp\/v2\/posts\/247176\/revisions"}],"predecessor-version":[{"id":247259,"href":"https:\/\/hudo.com\/si\/wp-json\/wp\/v2\/posts\/247176\/revisions\/247259"}],"wp:featuredmedia":[{"embeddable":true,"href":"https:\/\/hudo.com\/si\/wp-json\/wp\/v2\/media\/247187"}],"wp:attachment":[{"href":"https:\/\/hudo.com\/si\/wp-json\/wp\/v2\/media?parent=247176"}],"wp:term":[{"taxonomy":"category","embeddable":true,"href":"https:\/\/hudo.com\/si\/wp-json\/wp\/v2\/categories?post=247176"},{"taxonomy":"post_tag","embeddable":true,"href":"https:\/\/hudo.com\/si\/wp-json\/wp\/v2\/tags?post=247176"},{"taxonomy":"source","embeddable":true,"href":"https:\/\/hudo.com\/si\/wp-json\/wp\/v2\/source?post=247176"},{"taxonomy":"supertag","embeddable":true,"href":"https:\/\/hudo.com\/si\/wp-json\/wp\/v2\/supertag?post=247176"}],"curies":[{"name":"wp","href":"https:\/\/api.w.org\/{rel}","templated":true}]}}