{"id":24721,"date":"2016-04-08T15:45:00","date_gmt":"2016-04-08T13:45:00","guid":{"rendered":"http:\/\/hudo.com\/si\/2016\/04\/08\/v-streljanju-v-teksaskem-letalskem-oporiscu-smrtne-zrtve\/"},"modified":"2016-04-08T20:11:23","modified_gmt":"2016-04-08T18:11:23","slug":"v-streljanju-v-teksaskem-letalskem-oporiscu-smrtne-zrtve","status":"publish","type":"post","link":"https:\/\/hudo.com\/si\/aktualno\/v-streljanju-v-teksaskem-letalskem-oporiscu-smrtne-zrtve\/","title":{"rendered":"V streljanju v teksa\u0161kem letalskem opori\u0161\u010du smrtne \u017ertve"},"content":{"rendered":"<p>V opori\u0161\u010du ameri\u0161kih letalskih sil v San Antoniu v zvezni dr\u017eavi Teksas je danes pri\u0161lo do streljanja, v katerem sta bili po navedbah tamkaj\u0161njih oblasti ubiti dve osebi. Po poro\u010danju ameri\u0161kih medijev, ki se sklicujejo na navedbe lokalne policije, naj bi \u0161lo za umor in samomor. Bazo Lackland so po streljanju zaprli, poro\u010da francoska tiskovna agencija AFP. Predstavnik ameri\u0161kih letalskih sil je potrdil, da je do streljanja pri\u0161lo in da je zahtevalo \u017ertve. Ameri\u0161ke voja\u0161ke baze so bile \u017ee ve\u010dkrat prizori\u0161\u010de smrtonosnih strelskih napadov. V teksa\u0161kem opori\u0161\u010du Fort Hood je na primer leta 2009 voja\u0161ki psihiater, major Nidal Hasan, ubil 13 in ranil 42 ljudi, preden ga je prijela policija.Kronika<\/p>\n","protected":false},"excerpt":{"rendered":"<p>V opori\u0161\u010du ameri\u0161kih letalskih sil v San Antoniu v zvezni dr\u017eavi Teksas je danes pri\u0161lo do streljanja, v katerem sta bili po navedbah tamkaj\u0161njih oblasti ubiti dve osebi. Po poro\u010danju ameri\u0161kih medijev, ki se sklicujejo na navedbe lokalne policije, naj bi \u0161lo za umor in samomor. Bazo Lackland so po streljanju zaprli, poro\u010da francoska tiskovna agencija AFP. Predstavnik ameri\u0161kih letalskih sil je potrdil, da je do streljanja pri\u0161lo in da je zahtevalo \u017ertve. Ameri\u0161ke voja\u0161ke baze so bile \u017ee ve\u010dkrat prizori\u0161\u010de smrtonosnih strelskih napadov. V teksa\u0161kem opori\u0161\u010du Fort Hood je na primer leta 2009 voja\u0161ki psihiater, major Nidal Hasan, ubil 13 in ranil 42 ljudi, preden ga je prijela policija.Kronika<\/p>\n","protected":false},"author":1,"featured_media":0,"comment_status":"closed","ping_status":"closed","sticky":false,"template":"","format":"standard","meta":{"footnotes":""},"categories":[1179],"tags":[],"source":[1711],"supertag":[],"acf":[],"yoast_head":"<!-- This site is optimized with the Yoast SEO plugin v21.3 - https:\/\/yoast.com\/wordpress\/plugins\/seo\/ -->\n<title>V streljanju v teksa\u0161kem letalskem opori\u0161\u010du smrtne \u017ertve - Hudo Slovenija<\/title>\n<meta name=\"robots\" content=\"index, follow, max-snippet:-1, max-image-preview:large, max-video-preview:-1\" \/>\n<link rel=\"canonical\" href=\"https:\/\/hudo.com\/si\/aktualno\/v-streljanju-v-teksaskem-letalskem-oporiscu-smrtne-zrtve\/\" \/>\n<meta property=\"og:locale\" content=\"sl_SI\" \/>\n<meta property=\"og:type\" content=\"article\" \/>\n<meta property=\"og:title\" content=\"V streljanju v teksa\u0161kem letalskem opori\u0161\u010du smrtne \u017ertve - Hudo Slovenija\" \/>\n<meta property=\"og:description\" content=\"V opori\u0161\u010du ameri\u0161kih letalskih sil v San Antoniu v zvezni dr\u017eavi Teksas je danes pri\u0161lo do streljanja, v katerem sta bili po navedbah tamkaj\u0161njih oblasti ubiti dve osebi. Po poro\u010danju ameri\u0161kih medijev, ki se sklicujejo na navedbe lokalne policije, naj bi \u0161lo za umor in samomor. Bazo Lackland so po streljanju zaprli, poro\u010da francoska tiskovna agencija AFP. Predstavnik ameri\u0161kih letalskih sil je potrdil, da je do streljanja pri\u0161lo in da je zahtevalo \u017ertve. Ameri\u0161ke voja\u0161ke baze so bile \u017ee ve\u010dkrat prizori\u0161\u010de smrtonosnih strelskih napadov. V teksa\u0161kem opori\u0161\u010du Fort Hood je na primer leta 2009 voja\u0161ki psihiater, major Nidal Hasan, ubil 13 in ranil 42 ljudi, preden ga je prijela policija.Kronika\" \/>\n<meta property=\"og:url\" content=\"https:\/\/hudo.com\/si\/aktualno\/v-streljanju-v-teksaskem-letalskem-oporiscu-smrtne-zrtve\/\" \/>\n<meta property=\"og:site_name\" content=\"Hudo Slovenija\" \/>\n<meta property=\"article:publisher\" content=\"https:\/\/www.facebook.com\/hudo.si\" \/>\n<meta property=\"article:published_time\" content=\"2016-04-08T13:45:00+00:00\" \/>\n<meta property=\"article:modified_time\" content=\"2016-04-08T18:11:23+00:00\" \/>\n<meta property=\"og:image\" content=\"https:\/\/hudo.com\/si\/wp-content\/uploads\/sites\/2\/2016\/04\/MDF90378-300.jpg\" \/>\n\t<meta property=\"og:image:width\" content=\"450\" \/>\n\t<meta property=\"og:image:height\" content=\"337\" \/>\n\t<meta property=\"og:image:type\" content=\"image\/jpeg\" \/>\n<meta name=\"author\" content=\"hudo\" \/>\n<meta name=\"twitter:card\" content=\"summary_large_image\" \/>\n<meta name=\"twitter:creator\" content=\"@hudo_si\" \/>\n<meta name=\"twitter:site\" content=\"@hudo_si\" \/>\n<meta name=\"twitter:label1\" content=\"Written by\" \/>\n\t<meta name=\"twitter:data1\" content=\"hudo\" \/>\n\t<meta name=\"twitter:label2\" content=\"Est. reading time\" \/>\n\t<meta name=\"twitter:data2\" content=\"1 minuta\" \/>\n<script type=\"application\/ld+json\" class=\"yoast-schema-graph\">{\"@context\":\"https:\/\/schema.org\",\"@graph\":[{\"@type\":\"Article\",\"@id\":\"https:\/\/hudo.com\/si\/aktualno\/v-streljanju-v-teksaskem-letalskem-oporiscu-smrtne-zrtve\/#article\",\"isPartOf\":{\"@id\":\"https:\/\/hudo.com\/si\/aktualno\/v-streljanju-v-teksaskem-letalskem-oporiscu-smrtne-zrtve\/\"},\"author\":{\"name\":\"hudo\",\"@id\":\"https:\/\/hudo.com\/si\/#\/schema\/person\/601cf3379633985b20f7e50f2bb47707\"},\"headline\":\"V streljanju v teksa\u0161kem letalskem opori\u0161\u010du smrtne \u017ertve\",\"datePublished\":\"2016-04-08T13:45:00+00:00\",\"dateModified\":\"2016-04-08T18:11:23+00:00\",\"mainEntityOfPage\":{\"@id\":\"https:\/\/hudo.com\/si\/aktualno\/v-streljanju-v-teksaskem-letalskem-oporiscu-smrtne-zrtve\/\"},\"wordCount\":135,\"publisher\":{\"@id\":\"https:\/\/hudo.com\/si\/#organization\"},\"articleSection\":[\"Aktualno\"],\"inLanguage\":\"sl-SI\"},{\"@type\":\"WebPage\",\"@id\":\"https:\/\/hudo.com\/si\/aktualno\/v-streljanju-v-teksaskem-letalskem-oporiscu-smrtne-zrtve\/\",\"url\":\"https:\/\/hudo.com\/si\/aktualno\/v-streljanju-v-teksaskem-letalskem-oporiscu-smrtne-zrtve\/\",\"name\":\"V streljanju v teksa\u0161kem letalskem opori\u0161\u010du smrtne \u017ertve - Hudo Slovenija\",\"isPartOf\":{\"@id\":\"https:\/\/hudo.com\/si\/#website\"},\"datePublished\":\"2016-04-08T13:45:00+00:00\",\"dateModified\":\"2016-04-08T18:11:23+00:00\",\"breadcrumb\":{\"@id\":\"https:\/\/hudo.com\/si\/aktualno\/v-streljanju-v-teksaskem-letalskem-oporiscu-smrtne-zrtve\/#breadcrumb\"},\"inLanguage\":\"sl-SI\",\"potentialAction\":[{\"@type\":\"ReadAction\",\"target\":[\"https:\/\/hudo.com\/si\/aktualno\/v-streljanju-v-teksaskem-letalskem-oporiscu-smrtne-zrtve\/\"]}]},{\"@type\":\"BreadcrumbList\",\"@id\":\"https:\/\/hudo.com\/si\/aktualno\/v-streljanju-v-teksaskem-letalskem-oporiscu-smrtne-zrtve\/#breadcrumb\",\"itemListElement\":[{\"@type\":\"ListItem\",\"position\":1,\"name\":\"Home\",\"item\":\"https:\/\/hudo.com\/si\/\"},{\"@type\":\"ListItem\",\"position\":2,\"name\":\"V streljanju v teksa\u0161kem letalskem opori\u0161\u010du smrtne \u017ertve\"}]},{\"@type\":\"WebSite\",\"@id\":\"https:\/\/hudo.com\/si\/#website\",\"url\":\"https:\/\/hudo.com\/si\/\",\"name\":\"Hudo Slovenija\",\"description\":\"Vse novice iz Slovenije in sveta\",\"publisher\":{\"@id\":\"https:\/\/hudo.com\/si\/#organization\"},\"potentialAction\":[{\"@type\":\"SearchAction\",\"target\":{\"@type\":\"EntryPoint\",\"urlTemplate\":\"https:\/\/hudo.com\/si\/?s={search_term_string}\"},\"query-input\":\"required name=search_term_string\"}],\"inLanguage\":\"sl-SI\"},{\"@type\":\"Organization\",\"@id\":\"https:\/\/hudo.com\/si\/#organization\",\"name\":\"VSN Media\",\"url\":\"https:\/\/hudo.com\/si\/\",\"logo\":{\"@type\":\"ImageObject\",\"inLanguage\":\"sl-SI\",\"@id\":\"https:\/\/hudo.com\/si\/#\/schema\/logo\/image\/\",\"url\":\"https:\/\/hudo.com\/si\/wp-content\/uploads\/sites\/2\/2021\/03\/hudo-app-2.png\",\"contentUrl\":\"https:\/\/hudo.com\/si\/wp-content\/uploads\/sites\/2\/2021\/03\/hudo-app-2.png\",\"width\":2185,\"height\":2167,\"caption\":\"VSN Media\"},\"image\":{\"@id\":\"https:\/\/hudo.com\/si\/#\/schema\/logo\/image\/\"},\"sameAs\":[\"https:\/\/www.facebook.com\/hudo.si\",\"https:\/\/twitter.com\/hudo_si\"]},{\"@type\":\"Person\",\"@id\":\"https:\/\/hudo.com\/si\/#\/schema\/person\/601cf3379633985b20f7e50f2bb47707\",\"name\":\"hudo\",\"image\":{\"@type\":\"ImageObject\",\"inLanguage\":\"sl-SI\",\"@id\":\"https:\/\/hudo.com\/si\/#\/schema\/person\/image\/\",\"url\":\"https:\/\/secure.gravatar.com\/avatar\/c4ca25fa72cace7a696b52ff5db9e095?s=96&d=mm&r=g\",\"contentUrl\":\"https:\/\/secure.gravatar.com\/avatar\/c4ca25fa72cace7a696b52ff5db9e095?s=96&d=mm&r=g\",\"caption\":\"hudo\"},\"url\":\"https:\/\/hudo.com\/si\/author\/hudo\/\"}]}<\/script>\n<!-- \/ Yoast SEO plugin. -->","yoast_head_json":{"title":"V streljanju v teksa\u0161kem letalskem opori\u0161\u010du smrtne \u017ertve - Hudo Slovenija","robots":{"index":"index","follow":"follow","max-snippet":"max-snippet:-1","max-image-preview":"max-image-preview:large","max-video-preview":"max-video-preview:-1"},"canonical":"https:\/\/hudo.com\/si\/aktualno\/v-streljanju-v-teksaskem-letalskem-oporiscu-smrtne-zrtve\/","og_locale":"sl_SI","og_type":"article","og_title":"V streljanju v teksa\u0161kem letalskem opori\u0161\u010du smrtne \u017ertve - Hudo Slovenija","og_description":"V opori\u0161\u010du ameri\u0161kih letalskih sil v San Antoniu v zvezni dr\u017eavi Teksas je danes pri\u0161lo do streljanja, v katerem sta bili po navedbah tamkaj\u0161njih oblasti ubiti dve osebi. Po poro\u010danju ameri\u0161kih medijev, ki se sklicujejo na navedbe lokalne policije, naj bi \u0161lo za umor in samomor. Bazo Lackland so po streljanju zaprli, poro\u010da francoska tiskovna agencija AFP. Predstavnik ameri\u0161kih letalskih sil je potrdil, da je do streljanja pri\u0161lo in da je zahtevalo \u017ertve. Ameri\u0161ke voja\u0161ke baze so bile \u017ee ve\u010dkrat prizori\u0161\u010de smrtonosnih strelskih napadov. V teksa\u0161kem opori\u0161\u010du Fort Hood je na primer leta 2009 voja\u0161ki psihiater, major Nidal Hasan, ubil 13 in ranil 42 ljudi, preden ga je prijela policija.Kronika","og_url":"https:\/\/hudo.com\/si\/aktualno\/v-streljanju-v-teksaskem-letalskem-oporiscu-smrtne-zrtve\/","og_site_name":"Hudo Slovenija","article_publisher":"https:\/\/www.facebook.com\/hudo.si","article_published_time":"2016-04-08T13:45:00+00:00","article_modified_time":"2016-04-08T18:11:23+00:00","og_image":[{"width":450,"height":337,"url":"https:\/\/hudo.com\/si\/wp-content\/uploads\/sites\/2\/2016\/04\/MDF90378-300.jpg","type":"image\/jpeg"}],"author":"hudo","twitter_card":"summary_large_image","twitter_creator":"@hudo_si","twitter_site":"@hudo_si","twitter_misc":{"Written by":"hudo","Est. reading time":"1 minuta"},"schema":{"@context":"https:\/\/schema.org","@graph":[{"@type":"Article","@id":"https:\/\/hudo.com\/si\/aktualno\/v-streljanju-v-teksaskem-letalskem-oporiscu-smrtne-zrtve\/#article","isPartOf":{"@id":"https:\/\/hudo.com\/si\/aktualno\/v-streljanju-v-teksaskem-letalskem-oporiscu-smrtne-zrtve\/"},"author":{"name":"hudo","@id":"https:\/\/hudo.com\/si\/#\/schema\/person\/601cf3379633985b20f7e50f2bb47707"},"headline":"V streljanju v teksa\u0161kem letalskem opori\u0161\u010du smrtne \u017ertve","datePublished":"2016-04-08T13:45:00+00:00","dateModified":"2016-04-08T18:11:23+00:00","mainEntityOfPage":{"@id":"https:\/\/hudo.com\/si\/aktualno\/v-streljanju-v-teksaskem-letalskem-oporiscu-smrtne-zrtve\/"},"wordCount":135,"publisher":{"@id":"https:\/\/hudo.com\/si\/#organization"},"articleSection":["Aktualno"],"inLanguage":"sl-SI"},{"@type":"WebPage","@id":"https:\/\/hudo.com\/si\/aktualno\/v-streljanju-v-teksaskem-letalskem-oporiscu-smrtne-zrtve\/","url":"https:\/\/hudo.com\/si\/aktualno\/v-streljanju-v-teksaskem-letalskem-oporiscu-smrtne-zrtve\/","name":"V streljanju v teksa\u0161kem letalskem opori\u0161\u010du smrtne \u017ertve - Hudo Slovenija","isPartOf":{"@id":"https:\/\/hudo.com\/si\/#website"},"datePublished":"2016-04-08T13:45:00+00:00","dateModified":"2016-04-08T18:11:23+00:00","breadcrumb":{"@id":"https:\/\/hudo.com\/si\/aktualno\/v-streljanju-v-teksaskem-letalskem-oporiscu-smrtne-zrtve\/#breadcrumb"},"inLanguage":"sl-SI","potentialAction":[{"@type":"ReadAction","target":["https:\/\/hudo.com\/si\/aktualno\/v-streljanju-v-teksaskem-letalskem-oporiscu-smrtne-zrtve\/"]}]},{"@type":"BreadcrumbList","@id":"https:\/\/hudo.com\/si\/aktualno\/v-streljanju-v-teksaskem-letalskem-oporiscu-smrtne-zrtve\/#breadcrumb","itemListElement":[{"@type":"ListItem","position":1,"name":"Home","item":"https:\/\/hudo.com\/si\/"},{"@type":"ListItem","position":2,"name":"V streljanju v teksa\u0161kem letalskem opori\u0161\u010du smrtne \u017ertve"}]},{"@type":"WebSite","@id":"https:\/\/hudo.com\/si\/#website","url":"https:\/\/hudo.com\/si\/","name":"Hudo Slovenija","description":"Vse novice iz Slovenije in sveta","publisher":{"@id":"https:\/\/hudo.com\/si\/#organization"},"potentialAction":[{"@type":"SearchAction","target":{"@type":"EntryPoint","urlTemplate":"https:\/\/hudo.com\/si\/?s={search_term_string}"},"query-input":"required name=search_term_string"}],"inLanguage":"sl-SI"},{"@type":"Organization","@id":"https:\/\/hudo.com\/si\/#organization","name":"VSN Media","url":"https:\/\/hudo.com\/si\/","logo":{"@type":"ImageObject","inLanguage":"sl-SI","@id":"https:\/\/hudo.com\/si\/#\/schema\/logo\/image\/","url":"https:\/\/hudo.com\/si\/wp-content\/uploads\/sites\/2\/2021\/03\/hudo-app-2.png","contentUrl":"https:\/\/hudo.com\/si\/wp-content\/uploads\/sites\/2\/2021\/03\/hudo-app-2.png","width":2185,"height":2167,"caption":"VSN Media"},"image":{"@id":"https:\/\/hudo.com\/si\/#\/schema\/logo\/image\/"},"sameAs":["https:\/\/www.facebook.com\/hudo.si","https:\/\/twitter.com\/hudo_si"]},{"@type":"Person","@id":"https:\/\/hudo.com\/si\/#\/schema\/person\/601cf3379633985b20f7e50f2bb47707","name":"hudo","image":{"@type":"ImageObject","inLanguage":"sl-SI","@id":"https:\/\/hudo.com\/si\/#\/schema\/person\/image\/","url":"https:\/\/secure.gravatar.com\/avatar\/c4ca25fa72cace7a696b52ff5db9e095?s=96&d=mm&r=g","contentUrl":"https:\/\/secure.gravatar.com\/avatar\/c4ca25fa72cace7a696b52ff5db9e095?s=96&d=mm&r=g","caption":"hudo"},"url":"https:\/\/hudo.com\/si\/author\/hudo\/"}]}},"amp_enabled":true,"_links":{"self":[{"href":"https:\/\/hudo.com\/si\/wp-json\/wp\/v2\/posts\/24721"}],"collection":[{"href":"https:\/\/hudo.com\/si\/wp-json\/wp\/v2\/posts"}],"about":[{"href":"https:\/\/hudo.com\/si\/wp-json\/wp\/v2\/types\/post"}],"author":[{"embeddable":true,"href":"https:\/\/hudo.com\/si\/wp-json\/wp\/v2\/users\/1"}],"replies":[{"embeddable":true,"href":"https:\/\/hudo.com\/si\/wp-json\/wp\/v2\/comments?post=24721"}],"version-history":[{"count":1,"href":"https:\/\/hudo.com\/si\/wp-json\/wp\/v2\/posts\/24721\/revisions"}],"predecessor-version":[{"id":24777,"href":"https:\/\/hudo.com\/si\/wp-json\/wp\/v2\/posts\/24721\/revisions\/24777"}],"wp:attachment":[{"href":"https:\/\/hudo.com\/si\/wp-json\/wp\/v2\/media?parent=24721"}],"wp:term":[{"taxonomy":"category","embeddable":true,"href":"https:\/\/hudo.com\/si\/wp-json\/wp\/v2\/categories?post=24721"},{"taxonomy":"post_tag","embeddable":true,"href":"https:\/\/hudo.com\/si\/wp-json\/wp\/v2\/tags?post=24721"},{"taxonomy":"source","embeddable":true,"href":"https:\/\/hudo.com\/si\/wp-json\/wp\/v2\/source?post=24721"},{"taxonomy":"supertag","embeddable":true,"href":"https:\/\/hudo.com\/si\/wp-json\/wp\/v2\/supertag?post=24721"}],"curies":[{"name":"wp","href":"https:\/\/api.w.org\/{rel}","templated":true}]}}